{"id":5719,"date":"2022-05-09T17:47:10","date_gmt":"2022-05-09T15:47:10","guid":{"rendered":"https:\/\/www.maisonwabisabi.com\/?p=5719"},"modified":"2025-08-09T23:37:57","modified_gmt":"2025-08-09T21:37:57","slug":"hideo-kurata","status":"publish","type":"post","link":"https:\/\/www.maisonwabisabi.com\/en\/hideo-kurata\/","title":{"rendered":"Rencontre avec Hideo KURATA \u5009\u7530\u82f1\u90ce C\u00e9ramiste japonais \u00e0 Tsu"},"content":{"rendered":"<div style=\"height:20px\" aria-hidden=\"true\" class=\"wp-block-spacer\"><\/div>\n\n\n\n<div class=\"wp-block-media-text is-stacked-on-mobile\"><figure class=\"wp-block-media-text__media\"><img loading=\"lazy\" decoding=\"async\" width=\"1024\" height=\"1024\" src=\"https:\/\/www.maisonwabisabi.com\/wp-content\/uploads\/2022\/05\/Hideo-KURATA-Portrait.jpg\" alt=\"Hideo KURATA - Portrait\" class=\"wp-image-5760 size-full\" srcset=\"https:\/\/www.maisonwabisabi.com\/wp-content\/uploads\/2022\/05\/Hideo-KURATA-Portrait.jpg 1024w, https:\/\/www.maisonwabisabi.com\/wp-content\/uploads\/2022\/05\/Hideo-KURATA-Portrait-300x300.jpg 300w, https:\/\/www.maisonwabisabi.com\/wp-content\/uploads\/2022\/05\/Hideo-KURATA-Portrait-100x100.jpg 100w, https:\/\/www.maisonwabisabi.com\/wp-content\/uploads\/2022\/05\/Hideo-KURATA-Portrait-600x600.jpg 600w, https:\/\/www.maisonwabisabi.com\/wp-content\/uploads\/2022\/05\/Hideo-KURATA-Portrait-150x150.jpg 150w, https:\/\/www.maisonwabisabi.com\/wp-content\/uploads\/2022\/05\/Hideo-KURATA-Portrait-768x768.jpg 768w\" sizes=\"auto, (max-width: 1024px) 100vw, 1024px\" \/><\/figure><div class=\"wp-block-media-text__content\">\n<p><\/p>\n\n\n\n<h2 class=\"wp-block-heading has-black-color has-text-color\" style=\"font-size:21px\"><strong><mark style=\"background-color:rgba(0, 0, 0, 0);color:#7d4e2d\" class=\"has-inline-color\">Hideo KURATA et<\/mark> <a href=\"https:\/\/www.maisonwabisabi.com\/en\/product-category\/ceramistes-du-japon\/ceramiste-hideo-kurata\/\" target=\"_blank\" rel=\"noreferrer noopener\">ses cr\u00e9ations<\/a><\/strong><\/h2>\n\n\n\n<p class=\"has-black-color has-text-color\" style=\"font-size:17px\">(1949-)<\/p>\n\n\n\n<p class=\"has-black-color has-text-color\" style=\"font-size:17px\">Originaire de la ville de Tsu, dans la pr\u00e9fecture de Mie. Apr\u00e8s avoir pris sa retraite de la police de la pr\u00e9fecture de Mie, il est retourn\u00e9 dans sa ville natale de Tsu, pour cr\u00e9er son atelier. Il est Artiste c\u00e9ramiste \u9676\u82b8\u5bb6 au Japon.<\/p>\n\n\n\n<p class=\"has-black-color has-text-color\" style=\"font-size:17px\">Le nom de son four est Kamadaigama \u9676\u82b8\u5bb6. Kamadai est le nom du lieu o\u00f9 l&rsquo;atelier est situ\u00e9.<\/p>\n\n\n\n<p class=\"has-black-color has-text-color\" style=\"font-size:17px\">En 1992, \u00e0 Yokkaichi, pr\u00e9fecture de Mie, il s&rsquo;int\u00e9resse \u00e0 la poterie fabriqu\u00e9e \u00e0 partir d&rsquo;un tour de potier dans une \u00e9mission diffus\u00e9e \u00e0 la t\u00e9l\u00e9vision. Il ira suivre un cours de poterie \u00e0 Banko no Sato Kaikan (ancien Banko Kaikan), ville de Yokkaichi dans la pr\u00e9fecture de Mie.<\/p>\n<\/div><\/div>\n\n\n\n<div class=\"wp-block-media-text has-media-on-the-right is-stacked-on-mobile\"><div class=\"wp-block-media-text__content\">\n<p><\/p>\n\n\n\n<p class=\"has-text-align-left has-black-color has-text-color\" style=\"font-size:17px\">En 1996, il entre dans une classe d&rsquo;art c\u00e9ramique.<\/p>\n\n\n\n<p class=\"has-text-align-left has-black-color has-text-color\" style=\"font-size:17px\">En 1998, son instructeur le recommande \u00e0 suivre des cours de c\u00e9ramique au four de Rakuzangama \u3067\u697d\u5c71\u7aaf (ville de Komono, pr\u00e9fecture de Mie). Il a appris les techniques de cuisson au four Anagama et le tournage sous la direction de Hiroshi SHIMIZU \u6e05\u6c34\u65e5\u5442\u5fd7 (1941-?).<\/p>\n\n\n\n<p class=\"has-text-align-left has-black-color has-text-color\" style=\"font-size:17px\">En 2000, il continue son apprentissage de la cuisson dans un four grimpant, du nom de Kaguragama \u795e\u697d\u306e\u7aaf (ville d&rsquo;Ise, pr\u00e9fecture de Mie). En 2002, son apprentissage continue au four dragon ou Noborigama de Keih\u014dgama \u572d\u5cf0\u7aaf (ville de Komono, pr\u00e9fecture de Mie).<\/p>\n\n\n\n<p class=\"has-text-align-left has-black-color has-text-color\" style=\"font-size:17px\">En 2004, il cuit au four \u00e0 trou ou Anagama <strong>\u7a74\u7aaf<\/strong> (le plus ancien four du Japon) de la ville de Komono, dans la pr\u00e9fecture de Mie. Il a explor\u00e9 une m\u00e9thode unique de cuisson et la continue actuellement.<\/p>\n<\/div><figure class=\"wp-block-media-text__media\"><img loading=\"lazy\" decoding=\"async\" width=\"1024\" height=\"1024\" src=\"https:\/\/www.maisonwabisabi.com\/wp-content\/uploads\/2022\/05\/Hideo-KURATA-Table-bois-basse.jpg\" alt=\"Hideo KURATA - Salle de pr\u00e9sentation\" class=\"wp-image-5761 size-full\" srcset=\"https:\/\/www.maisonwabisabi.com\/wp-content\/uploads\/2022\/05\/Hideo-KURATA-Table-bois-basse.jpg 1024w, https:\/\/www.maisonwabisabi.com\/wp-content\/uploads\/2022\/05\/Hideo-KURATA-Table-bois-basse-300x300.jpg 300w, https:\/\/www.maisonwabisabi.com\/wp-content\/uploads\/2022\/05\/Hideo-KURATA-Table-bois-basse-100x100.jpg 100w, https:\/\/www.maisonwabisabi.com\/wp-content\/uploads\/2022\/05\/Hideo-KURATA-Table-bois-basse-600x600.jpg 600w, https:\/\/www.maisonwabisabi.com\/wp-content\/uploads\/2022\/05\/Hideo-KURATA-Table-bois-basse-150x150.jpg 150w, https:\/\/www.maisonwabisabi.com\/wp-content\/uploads\/2022\/05\/Hideo-KURATA-Table-bois-basse-768x768.jpg 768w\" sizes=\"auto, (max-width: 1024px) 100vw, 1024px\" \/><\/figure><\/div>\n\n\n\n<div class=\"wp-block-media-text is-stacked-on-mobile\"><figure class=\"wp-block-media-text__media\"><img loading=\"lazy\" decoding=\"async\" width=\"1024\" height=\"1024\" src=\"https:\/\/www.maisonwabisabi.com\/wp-content\/uploads\/2022\/05\/Hideo-KURATA-Anagama.jpg\" alt=\"Hideo KURATA - Four Anagama\" class=\"wp-image-5759 size-full\" srcset=\"https:\/\/www.maisonwabisabi.com\/wp-content\/uploads\/2022\/05\/Hideo-KURATA-Anagama.jpg 1024w, https:\/\/www.maisonwabisabi.com\/wp-content\/uploads\/2022\/05\/Hideo-KURATA-Anagama-300x300.jpg 300w, https:\/\/www.maisonwabisabi.com\/wp-content\/uploads\/2022\/05\/Hideo-KURATA-Anagama-100x100.jpg 100w, https:\/\/www.maisonwabisabi.com\/wp-content\/uploads\/2022\/05\/Hideo-KURATA-Anagama-600x600.jpg 600w, https:\/\/www.maisonwabisabi.com\/wp-content\/uploads\/2022\/05\/Hideo-KURATA-Anagama-150x150.jpg 150w, https:\/\/www.maisonwabisabi.com\/wp-content\/uploads\/2022\/05\/Hideo-KURATA-Anagama-768x768.jpg 768w\" sizes=\"auto, (max-width: 1024px) 100vw, 1024px\" \/><\/figure><div class=\"wp-block-media-text__content\">\n<p><\/p>\n\n\n\n<p class=\"has-black-color has-text-color\" style=\"font-size:17px\">Son style de c\u00e9ramique est Iga-yaki. L&rsquo;inspiration principale de son travail vient des bols \u00e0 th\u00e9 : \u014cido Chawan \u5927\u4e95\u6238\u8336\u7897 et surtout ceux du tr\u00e9sor national  \u00ab\u00a0Kizaemon \u559c\u5de6\u885b\u9580\u00a0\u00bb.<\/p>\n\n\n\n<p class=\"has-black-color has-text-color\" style=\"font-size:17px\">Il utilise un four Anagama pour les couleurs uniques et la vitrification des cendres sur les c\u00e9ramiques. Il utilise uniquement de la gla\u00e7ure transparente. Le bois utilis\u00e9 est du Pin rouge du japon ou Akamatsu \u8d64\u677e ainsi que d&rsquo;autres arbres. Il r\u00e9alise entre 1 et 4 cuissons par an. La temp\u00e9rature est de 1250\u00b0C et la cuisson dure environ 60 heures. Pour plus de 90\u00a0% des c\u00e9ramiques, le r\u00e9sultat peut \u00eatre pr\u00e9dit, mais il est agr\u00e9able de voir des changements inattendus.<\/p>\n\n\n\n<p class=\"has-black-color has-text-color\" style=\"font-size:17px\">Il organise des cours de poteries \u00e0 son atelier pour plusieurs personnes. Il faut transmettre la technique de l&rsquo;artisan, mais avec le temps, le savoir-faire de l&rsquo;artisan n&rsquo;est plus n\u00e9cessaire. Il faut donc fabriquer des produits qui correspondent \u00e0 l&rsquo;\u00e9poque, et pour cela, il faut h\u00e9riter de l&rsquo;esprit sous-jacent, de la curiosit\u00e9, etc..<\/p>\n<\/div><\/div>\n\n\n\n<div class=\"wp-block-media-text has-media-on-the-right is-stacked-on-mobile\"><div class=\"wp-block-media-text__content\">\n<p><\/p>\n\n\n\n<p class=\"has-text-align-left has-black-color has-text-color\" style=\"font-size:17px\">\u00ab\u00a0J&rsquo;essaie de rendre les pi\u00e8ces les plus l\u00e9g\u00e8res possible. \u00catre l\u00e9ger signifie \u00eatre fin, et il y a un probl\u00e8me avec la puissance du feu. <\/p>\n\n\n\n<p class=\"has-text-align-left has-black-color has-text-color\" style=\"font-size:17px\">Cependant, elles ne se casseront pas si elles sont utilis\u00e9es avec l&rsquo;intention de les casser imm\u00e9diatement. Par cons\u00e9quent, le temps de cuisson peut \u00eatre court (en imaginant que 100 cl d&rsquo;eau devient plus chaud rapidement que 200 cl d&rsquo;eau, avec la m\u00eame puissance de chauffage).<\/p>\n\n\n\n<p class=\"has-text-align-left has-black-color has-text-color\" style=\"font-size:17px\">De plus, si la terre est \u00e9paisse, il y aura une diff\u00e9rence de temp\u00e9rature entre la surface et l&rsquo;int\u00e9rieur, ce qui provoquera des craquelures. La temp\u00e9rature monte progressivement au fil du temps de cuisson, mais mon travail ne craque pas car la temp\u00e9rature monte d&rsquo;un coup.<\/p>\n\n\n\n<p class=\"has-text-align-left has-black-color has-text-color\" style=\"font-size:17px\">C&rsquo;est la raison pour laquelle la cuisson dure pendant 60 heures et que beaucoup de B\u012bdoro \u30d3\u30fc\u30c9\u30ed ou vitrification est produite et d\u00e9veloppe des couleurs magnifiques.\u00a0\u00bb<\/p>\n<\/div><figure class=\"wp-block-media-text__media\"><img loading=\"lazy\" decoding=\"async\" width=\"1024\" height=\"1024\" src=\"https:\/\/www.maisonwabisabi.com\/wp-content\/uploads\/2022\/05\/Hideo-KURATA-Anagama-suite.jpg\" alt=\"Hideo KURATA - Sortie de four Anagama\" class=\"wp-image-5758 size-full\" srcset=\"https:\/\/www.maisonwabisabi.com\/wp-content\/uploads\/2022\/05\/Hideo-KURATA-Anagama-suite.jpg 1024w, https:\/\/www.maisonwabisabi.com\/wp-content\/uploads\/2022\/05\/Hideo-KURATA-Anagama-suite-300x300.jpg 300w, https:\/\/www.maisonwabisabi.com\/wp-content\/uploads\/2022\/05\/Hideo-KURATA-Anagama-suite-100x100.jpg 100w, https:\/\/www.maisonwabisabi.com\/wp-content\/uploads\/2022\/05\/Hideo-KURATA-Anagama-suite-600x600.jpg 600w, https:\/\/www.maisonwabisabi.com\/wp-content\/uploads\/2022\/05\/Hideo-KURATA-Anagama-suite-150x150.jpg 150w, https:\/\/www.maisonwabisabi.com\/wp-content\/uploads\/2022\/05\/Hideo-KURATA-Anagama-suite-768x768.jpg 768w\" sizes=\"auto, (max-width: 1024px) 100vw, 1024px\" \/><\/figure><\/div>\n\n\n\n<div style=\"height:20px\" aria-hidden=\"true\" class=\"wp-block-spacer\"><\/div>\n\n\n\n<p class=\"has-text-align-center has-black-color has-text-color\" style=\"font-size:15px\">Source des photos et des textes : Hideo KURATA et Yann san<\/p>\n\n\n\n<div style=\"height:100px\" aria-hidden=\"true\" class=\"wp-block-spacer\"><\/div>","protected":false},"excerpt":{"rendered":"<p>Hideo KURATA et ses cr\u00e9ations (1949-) Originaire de la ville de Tsu, dans la pr\u00e9fecture de Mie. Apr\u00e8s avoir pris [&hellip;]<\/p>\n","protected":false},"author":1,"featured_media":0,"comment_status":"closed","ping_status":"closed","sticky":false,"template":"","format":"standard","meta":{"site-sidebar-layout":"default","site-content-layout":"","ast-site-content-layout":"default","site-content-style":"default","site-sidebar-style":"default","ast-global-header-display":"","ast-banner-title-visibility":"","ast-main-header-display":"","ast-hfb-above-header-display":"","ast-hfb-below-header-display":"","ast-hfb-mobile-header-display":"","site-post-title":"disabled","ast-breadcrumbs-content":"","ast-featured-img":"","footer-sml-layout":"","ast-disable-related-posts":"","theme-transparent-header-meta":"","adv-header-id-meta":"","stick-header-meta":"","header-above-stick-meta":"","header-main-stick-meta":"","header-below-stick-meta":"","astra-migrate-meta-layouts":"default","ast-page-background-enabled":"default","ast-page-background-meta":{"desktop":{"background-color":"var(--ast-global-color-5)","background-image":"","background-repeat":"repeat","background-position":"center center","background-size":"auto","background-attachment":"scroll","background-type":"","background-media":"","overlay-type":"","overlay-color":"","overlay-opacity":"","overlay-gradient":""},"tablet":{"background-color":"","background-image":"","background-repeat":"repeat","background-position":"center center","background-size":"auto","background-attachment":"scroll","background-type":"","background-media":"","overlay-type":"","overlay-color":"","overlay-opacity":"","overlay-gradient":""},"mobile":{"background-color":"","background-image":"","background-repeat":"repeat","background-position":"center center","background-size":"auto","background-attachment":"scroll","background-type":"","background-media":"","overlay-type":"","overlay-color":"","overlay-opacity":"","overlay-gradient":""}},"ast-content-background-meta":{"desktop":{"background-color":"var(--ast-global-color-4)","background-image":"","background-repeat":"repeat","background-position":"center center","background-size":"auto","background-attachment":"scroll","background-type":"","background-media":"","overlay-type":"","overlay-color":"","overlay-opacity":"","overlay-gradient":""},"tablet":{"background-color":"var(--ast-global-color-4)","background-image":"","background-repeat":"repeat","background-position":"center center","background-size":"auto","background-attachment":"scroll","background-type":"","background-media":"","overlay-type":"","overlay-color":"","overlay-opacity":"","overlay-gradient":""},"mobile":{"background-color":"var(--ast-global-color-4)","background-image":"","background-repeat":"repeat","background-position":"center center","background-size":"auto","background-attachment":"scroll","background-type":"","background-media":"","overlay-type":"","overlay-color":"","overlay-opacity":"","overlay-gradient":""}},"footnotes":""},"categories":[76],"tags":[],"class_list":["post-5719","post","type-post","status-publish","format-standard","hentry","category-ceramistes"],"yoast_head":"<!-- This site is optimized with the Yoast SEO plugin v27.5 - https:\/\/yoast.com\/product\/yoast-seo-wordpress\/ -->\n<title>Hideo KURATA \u5009\u7530\u82f1\u90ce - Maison Wabi-Sabi - C\u00e9ramistes<\/title>\n<meta name=\"description\" content=\"Hideo KURATA est \u00e0 Tsu, dans la r\u00e9fecture de Mie, au Japon. H\u00e2te de vous pr\u00e9senter ses cr\u00e9ations dans la boutique. C\u00e9ramique japonaise\" \/>\n<meta name=\"robots\" content=\"index, follow, max-snippet:-1, max-image-preview:large, max-video-preview:-1\" \/>\n<link rel=\"canonical\" href=\"https:\/\/www.maisonwabisabi.com\/en\/hideo-kurata\/\" \/>\n<meta property=\"og:locale\" content=\"en_GB\" \/>\n<meta property=\"og:type\" content=\"article\" \/>\n<meta property=\"og:title\" content=\"Hideo KURATA \u5009\u7530\u82f1\u90ce - Maison Wabi-Sabi - C\u00e9ramistes\" \/>\n<meta property=\"og:description\" content=\"Hideo KURATA est \u00e0 Tsu, dans la r\u00e9fecture de Mie, au Japon. H\u00e2te de vous pr\u00e9senter ses cr\u00e9ations dans la boutique. C\u00e9ramique japonaise\" \/>\n<meta property=\"og:url\" content=\"https:\/\/www.maisonwabisabi.com\/en\/hideo-kurata\/\" \/>\n<meta property=\"og:site_name\" content=\"Maison Wabi-Sabi\" \/>\n<meta property=\"article:publisher\" content=\"https:\/\/www.facebook.com\/MaisonWabiSabi\" \/>\n<meta property=\"article:author\" content=\"https:\/\/www.facebook.com\/MaisonWabiSabi\" \/>\n<meta property=\"article:published_time\" content=\"2022-05-09T15:47:10+00:00\" \/>\n<meta property=\"article:modified_time\" content=\"2025-08-09T21:37:57+00:00\" \/>\n<meta property=\"og:image\" content=\"https:\/\/www.maisonwabisabi.com\/wp-content\/uploads\/2022\/05\/Hideo-KURATA-Portrait.jpg\" \/>\n\t<meta property=\"og:image:width\" content=\"1024\" \/>\n\t<meta property=\"og:image:height\" content=\"1024\" \/>\n\t<meta property=\"og:image:type\" content=\"image\/jpeg\" \/>\n<meta name=\"author\" content=\"Yann san\" \/>\n<meta name=\"twitter:card\" content=\"summary_large_image\" \/>\n<meta name=\"twitter:label1\" content=\"Written by\" \/>\n\t<meta name=\"twitter:data1\" content=\"Yann san\" \/>\n\t<meta name=\"twitter:label2\" content=\"Estimated reading time\" \/>\n\t<meta name=\"twitter:data2\" content=\"4 minutes\" \/>\n<script type=\"application\/ld+json\" class=\"yoast-schema-graph\">{\"@context\":\"https:\\\/\\\/schema.org\",\"@graph\":[{\"@type\":\"Article\",\"@id\":\"https:\\\/\\\/www.maisonwabisabi.com\\\/hideo-kurata\\\/#article\",\"isPartOf\":{\"@id\":\"https:\\\/\\\/www.maisonwabisabi.com\\\/hideo-kurata\\\/\"},\"author\":{\"name\":\"Yann san\",\"@id\":\"https:\\\/\\\/www.maisonwabisabi.com\\\/#\\\/schema\\\/person\\\/b2458bb9fa2737d1a11eabc63d3aabc9\"},\"headline\":\"Rencontre avec Hideo KURATA \u5009\u7530\u82f1\u90ce C\u00e9ramiste japonais \u00e0 Tsu\",\"datePublished\":\"2022-05-09T15:47:10+00:00\",\"dateModified\":\"2025-08-09T21:37:57+00:00\",\"mainEntityOfPage\":{\"@id\":\"https:\\\/\\\/www.maisonwabisabi.com\\\/hideo-kurata\\\/\"},\"wordCount\":607,\"publisher\":{\"@id\":\"https:\\\/\\\/www.maisonwabisabi.com\\\/#organization\"},\"image\":{\"@id\":\"https:\\\/\\\/www.maisonwabisabi.com\\\/hideo-kurata\\\/#primaryimage\"},\"thumbnailUrl\":\"https:\\\/\\\/www.maisonwabisabi.com\\\/wp-content\\\/uploads\\\/2022\\\/05\\\/Hideo-KURATA-Portrait.jpg\",\"articleSection\":[\"C\u00e9ramistes\"],\"inLanguage\":\"en-GB\"},{\"@type\":\"WebPage\",\"@id\":\"https:\\\/\\\/www.maisonwabisabi.com\\\/hideo-kurata\\\/\",\"url\":\"https:\\\/\\\/www.maisonwabisabi.com\\\/hideo-kurata\\\/\",\"name\":\"Hideo KURATA \u5009\u7530\u82f1\u90ce - Maison Wabi-Sabi - C\u00e9ramistes\",\"isPartOf\":{\"@id\":\"https:\\\/\\\/www.maisonwabisabi.com\\\/#website\"},\"primaryImageOfPage\":{\"@id\":\"https:\\\/\\\/www.maisonwabisabi.com\\\/hideo-kurata\\\/#primaryimage\"},\"image\":{\"@id\":\"https:\\\/\\\/www.maisonwabisabi.com\\\/hideo-kurata\\\/#primaryimage\"},\"thumbnailUrl\":\"https:\\\/\\\/www.maisonwabisabi.com\\\/wp-content\\\/uploads\\\/2022\\\/05\\\/Hideo-KURATA-Portrait.jpg\",\"datePublished\":\"2022-05-09T15:47:10+00:00\",\"dateModified\":\"2025-08-09T21:37:57+00:00\",\"description\":\"Hideo KURATA est \u00e0 Tsu, dans la r\u00e9fecture de Mie, au Japon. H\u00e2te de vous pr\u00e9senter ses cr\u00e9ations dans la boutique. C\u00e9ramique japonaise\",\"breadcrumb\":{\"@id\":\"https:\\\/\\\/www.maisonwabisabi.com\\\/hideo-kurata\\\/#breadcrumb\"},\"inLanguage\":\"en-GB\",\"potentialAction\":[{\"@type\":\"ReadAction\",\"target\":[\"https:\\\/\\\/www.maisonwabisabi.com\\\/hideo-kurata\\\/\"]}]},{\"@type\":\"ImageObject\",\"inLanguage\":\"en-GB\",\"@id\":\"https:\\\/\\\/www.maisonwabisabi.com\\\/hideo-kurata\\\/#primaryimage\",\"url\":\"https:\\\/\\\/www.maisonwabisabi.com\\\/wp-content\\\/uploads\\\/2022\\\/05\\\/Hideo-KURATA-Portrait.jpg\",\"contentUrl\":\"https:\\\/\\\/www.maisonwabisabi.com\\\/wp-content\\\/uploads\\\/2022\\\/05\\\/Hideo-KURATA-Portrait.jpg\"},{\"@type\":\"BreadcrumbList\",\"@id\":\"https:\\\/\\\/www.maisonwabisabi.com\\\/hideo-kurata\\\/#breadcrumb\",\"itemListElement\":[{\"@type\":\"ListItem\",\"position\":1,\"name\":\"Bienvenue\",\"item\":\"https:\\\/\\\/www.maisonwabisabi.com\\\/\"},{\"@type\":\"ListItem\",\"position\":2,\"name\":\"Rencontre avec Hideo KURATA \u5009\u7530\u82f1\u90ce C\u00e9ramiste japonais \u00e0 Tsu\"}]},{\"@type\":\"WebSite\",\"@id\":\"https:\\\/\\\/www.maisonwabisabi.com\\\/#website\",\"url\":\"https:\\\/\\\/www.maisonwabisabi.com\\\/\",\"name\":\"Maison Wabi-Sabi\",\"description\":\"\",\"publisher\":{\"@id\":\"https:\\\/\\\/www.maisonwabisabi.com\\\/#organization\"},\"potentialAction\":[{\"@type\":\"SearchAction\",\"target\":{\"@type\":\"EntryPoint\",\"urlTemplate\":\"https:\\\/\\\/www.maisonwabisabi.com\\\/?s={search_term_string}\"},\"query-input\":{\"@type\":\"PropertyValueSpecification\",\"valueRequired\":true,\"valueName\":\"search_term_string\"}}],\"inLanguage\":\"en-GB\"},{\"@type\":\"Organization\",\"@id\":\"https:\\\/\\\/www.maisonwabisabi.com\\\/#organization\",\"name\":\"Maison Wabi-Sabi\",\"url\":\"https:\\\/\\\/www.maisonwabisabi.com\\\/\",\"logo\":{\"@type\":\"ImageObject\",\"inLanguage\":\"en-GB\",\"@id\":\"https:\\\/\\\/www.maisonwabisabi.com\\\/#\\\/schema\\\/logo\\\/image\\\/\",\"url\":\"https:\\\/\\\/www.maisonwabisabi.com\\\/wp-content\\\/uploads\\\/2021\\\/11\\\/Logo-de-maison-Wabi-Sabi.jpg\",\"contentUrl\":\"https:\\\/\\\/www.maisonwabisabi.com\\\/wp-content\\\/uploads\\\/2021\\\/11\\\/Logo-de-maison-Wabi-Sabi.jpg\",\"width\":1024,\"height\":1024,\"caption\":\"Maison Wabi-Sabi\"},\"image\":{\"@id\":\"https:\\\/\\\/www.maisonwabisabi.com\\\/#\\\/schema\\\/logo\\\/image\\\/\"},\"sameAs\":[\"https:\\\/\\\/www.facebook.com\\\/MaisonWabiSabi\",\"https:\\\/\\\/www.instagram.com\\\/maison.wabi.sabi\\\/?hl=fr\",\"https:\\\/\\\/www.linkedin.com\\\/company\\\/69088467\"]},{\"@type\":\"Person\",\"@id\":\"https:\\\/\\\/www.maisonwabisabi.com\\\/#\\\/schema\\\/person\\\/b2458bb9fa2737d1a11eabc63d3aabc9\",\"name\":\"Yann san\",\"sameAs\":[\"https:\\\/\\\/www.maisonwabisabi.com\",\"https:\\\/\\\/www.facebook.com\\\/MaisonWabiSabi\",\"https:\\\/\\\/www.instagram.com\\\/maison.wabi.sabi\\\/\"],\"url\":\"https:\\\/\\\/www.maisonwabisabi.com\\\/en\\\/author\\\/4729952\\\/\"}]}<\/script>\n<!-- \/ Yoast SEO plugin. -->","yoast_head_json":{"title":"Hideo KURATA \u5009\u7530\u82f1\u90ce - Maison Wabi-Sabi - C\u00e9ramistes","description":"Hideo KURATA est \u00e0 Tsu, dans la r\u00e9fecture de Mie, au Japon. H\u00e2te de vous pr\u00e9senter ses cr\u00e9ations dans la boutique. C\u00e9ramique japonaise","robots":{"index":"index","follow":"follow","max-snippet":"max-snippet:-1","max-image-preview":"max-image-preview:large","max-video-preview":"max-video-preview:-1"},"canonical":"https:\/\/www.maisonwabisabi.com\/en\/hideo-kurata\/","og_locale":"en_GB","og_type":"article","og_title":"Hideo KURATA \u5009\u7530\u82f1\u90ce - Maison Wabi-Sabi - C\u00e9ramistes","og_description":"Hideo KURATA est \u00e0 Tsu, dans la r\u00e9fecture de Mie, au Japon. H\u00e2te de vous pr\u00e9senter ses cr\u00e9ations dans la boutique. C\u00e9ramique japonaise","og_url":"https:\/\/www.maisonwabisabi.com\/en\/hideo-kurata\/","og_site_name":"Maison Wabi-Sabi","article_publisher":"https:\/\/www.facebook.com\/MaisonWabiSabi","article_author":"https:\/\/www.facebook.com\/MaisonWabiSabi","article_published_time":"2022-05-09T15:47:10+00:00","article_modified_time":"2025-08-09T21:37:57+00:00","og_image":[{"width":1024,"height":1024,"url":"https:\/\/www.maisonwabisabi.com\/wp-content\/uploads\/2022\/05\/Hideo-KURATA-Portrait.jpg","type":"image\/jpeg"}],"author":"Yann san","twitter_card":"summary_large_image","twitter_misc":{"Written by":"Yann san","Estimated reading time":"4 minutes"},"schema":{"@context":"https:\/\/schema.org","@graph":[{"@type":"Article","@id":"https:\/\/www.maisonwabisabi.com\/hideo-kurata\/#article","isPartOf":{"@id":"https:\/\/www.maisonwabisabi.com\/hideo-kurata\/"},"author":{"name":"Yann san","@id":"https:\/\/www.maisonwabisabi.com\/#\/schema\/person\/b2458bb9fa2737d1a11eabc63d3aabc9"},"headline":"Rencontre avec Hideo KURATA \u5009\u7530\u82f1\u90ce C\u00e9ramiste japonais \u00e0 Tsu","datePublished":"2022-05-09T15:47:10+00:00","dateModified":"2025-08-09T21:37:57+00:00","mainEntityOfPage":{"@id":"https:\/\/www.maisonwabisabi.com\/hideo-kurata\/"},"wordCount":607,"publisher":{"@id":"https:\/\/www.maisonwabisabi.com\/#organization"},"image":{"@id":"https:\/\/www.maisonwabisabi.com\/hideo-kurata\/#primaryimage"},"thumbnailUrl":"https:\/\/www.maisonwabisabi.com\/wp-content\/uploads\/2022\/05\/Hideo-KURATA-Portrait.jpg","articleSection":["C\u00e9ramistes"],"inLanguage":"en-GB"},{"@type":"WebPage","@id":"https:\/\/www.maisonwabisabi.com\/hideo-kurata\/","url":"https:\/\/www.maisonwabisabi.com\/hideo-kurata\/","name":"Hideo KURATA \u5009\u7530\u82f1\u90ce - Maison Wabi-Sabi - C\u00e9ramistes","isPartOf":{"@id":"https:\/\/www.maisonwabisabi.com\/#website"},"primaryImageOfPage":{"@id":"https:\/\/www.maisonwabisabi.com\/hideo-kurata\/#primaryimage"},"image":{"@id":"https:\/\/www.maisonwabisabi.com\/hideo-kurata\/#primaryimage"},"thumbnailUrl":"https:\/\/www.maisonwabisabi.com\/wp-content\/uploads\/2022\/05\/Hideo-KURATA-Portrait.jpg","datePublished":"2022-05-09T15:47:10+00:00","dateModified":"2025-08-09T21:37:57+00:00","description":"Hideo KURATA est \u00e0 Tsu, dans la r\u00e9fecture de Mie, au Japon. H\u00e2te de vous pr\u00e9senter ses cr\u00e9ations dans la boutique. C\u00e9ramique japonaise","breadcrumb":{"@id":"https:\/\/www.maisonwabisabi.com\/hideo-kurata\/#breadcrumb"},"inLanguage":"en-GB","potentialAction":[{"@type":"ReadAction","target":["https:\/\/www.maisonwabisabi.com\/hideo-kurata\/"]}]},{"@type":"ImageObject","inLanguage":"en-GB","@id":"https:\/\/www.maisonwabisabi.com\/hideo-kurata\/#primaryimage","url":"https:\/\/www.maisonwabisabi.com\/wp-content\/uploads\/2022\/05\/Hideo-KURATA-Portrait.jpg","contentUrl":"https:\/\/www.maisonwabisabi.com\/wp-content\/uploads\/2022\/05\/Hideo-KURATA-Portrait.jpg"},{"@type":"BreadcrumbList","@id":"https:\/\/www.maisonwabisabi.com\/hideo-kurata\/#breadcrumb","itemListElement":[{"@type":"ListItem","position":1,"name":"Bienvenue","item":"https:\/\/www.maisonwabisabi.com\/"},{"@type":"ListItem","position":2,"name":"Rencontre avec Hideo KURATA \u5009\u7530\u82f1\u90ce C\u00e9ramiste japonais \u00e0 Tsu"}]},{"@type":"WebSite","@id":"https:\/\/www.maisonwabisabi.com\/#website","url":"https:\/\/www.maisonwabisabi.com\/","name":"Maison Wabi-Sabi","description":"","publisher":{"@id":"https:\/\/www.maisonwabisabi.com\/#organization"},"potentialAction":[{"@type":"SearchAction","target":{"@type":"EntryPoint","urlTemplate":"https:\/\/www.maisonwabisabi.com\/?s={search_term_string}"},"query-input":{"@type":"PropertyValueSpecification","valueRequired":true,"valueName":"search_term_string"}}],"inLanguage":"en-GB"},{"@type":"Organization","@id":"https:\/\/www.maisonwabisabi.com\/#organization","name":"Maison Wabi-Sabi","url":"https:\/\/www.maisonwabisabi.com\/","logo":{"@type":"ImageObject","inLanguage":"en-GB","@id":"https:\/\/www.maisonwabisabi.com\/#\/schema\/logo\/image\/","url":"https:\/\/www.maisonwabisabi.com\/wp-content\/uploads\/2021\/11\/Logo-de-maison-Wabi-Sabi.jpg","contentUrl":"https:\/\/www.maisonwabisabi.com\/wp-content\/uploads\/2021\/11\/Logo-de-maison-Wabi-Sabi.jpg","width":1024,"height":1024,"caption":"Maison Wabi-Sabi"},"image":{"@id":"https:\/\/www.maisonwabisabi.com\/#\/schema\/logo\/image\/"},"sameAs":["https:\/\/www.facebook.com\/MaisonWabiSabi","https:\/\/www.instagram.com\/maison.wabi.sabi\/?hl=fr","https:\/\/www.linkedin.com\/company\/69088467"]},{"@type":"Person","@id":"https:\/\/www.maisonwabisabi.com\/#\/schema\/person\/b2458bb9fa2737d1a11eabc63d3aabc9","name":"Yann san","sameAs":["https:\/\/www.maisonwabisabi.com","https:\/\/www.facebook.com\/MaisonWabiSabi","https:\/\/www.instagram.com\/maison.wabi.sabi\/"],"url":"https:\/\/www.maisonwabisabi.com\/en\/author\/4729952\/"}]}},"_links":{"self":[{"href":"https:\/\/www.maisonwabisabi.com\/en\/wp-json\/wp\/v2\/posts\/5719","targetHints":{"allow":["GET"]}}],"collection":[{"href":"https:\/\/www.maisonwabisabi.com\/en\/wp-json\/wp\/v2\/posts"}],"about":[{"href":"https:\/\/www.maisonwabisabi.com\/en\/wp-json\/wp\/v2\/types\/post"}],"author":[{"embeddable":true,"href":"https:\/\/www.maisonwabisabi.com\/en\/wp-json\/wp\/v2\/users\/1"}],"replies":[{"embeddable":true,"href":"https:\/\/www.maisonwabisabi.com\/en\/wp-json\/wp\/v2\/comments?post=5719"}],"version-history":[{"count":2,"href":"https:\/\/www.maisonwabisabi.com\/en\/wp-json\/wp\/v2\/posts\/5719\/revisions"}],"predecessor-version":[{"id":36244,"href":"https:\/\/www.maisonwabisabi.com\/en\/wp-json\/wp\/v2\/posts\/5719\/revisions\/36244"}],"wp:attachment":[{"href":"https:\/\/www.maisonwabisabi.com\/en\/wp-json\/wp\/v2\/media?parent=5719"}],"wp:term":[{"taxonomy":"category","embeddable":true,"href":"https:\/\/www.maisonwabisabi.com\/en\/wp-json\/wp\/v2\/categories?post=5719"},{"taxonomy":"post_tag","embeddable":true,"href":"https:\/\/www.maisonwabisabi.com\/en\/wp-json\/wp\/v2\/tags?post=5719"}],"curies":[{"name":"wp","href":"https:\/\/api.w.org\/{rel}","templated":true}]}}