{"id":5686,"date":"2022-05-06T13:41:55","date_gmt":"2022-05-06T11:41:55","guid":{"rendered":"https:\/\/www.maisonwabisabi.com\/?p=5686"},"modified":"2025-08-10T22:32:24","modified_gmt":"2025-08-10T20:32:24","slug":"mael-amemiya-lombard","status":"publish","type":"post","link":"https:\/\/www.maisonwabisabi.com\/en\/mael-amemiya-lombard\/","title":{"rendered":"Rencontre avec Ma\u00ebl AMEMIYA LOMBARD C\u00e9ramiste fran\u00e7ais \u00e0 Gaillac"},"content":{"rendered":"<div style=\"height:20px\" aria-hidden=\"true\" class=\"wp-block-spacer\"><\/div>\n\n\n\n<div class=\"wp-block-media-text is-stacked-on-mobile\"><figure class=\"wp-block-media-text__media\"><img loading=\"lazy\" decoding=\"async\" width=\"1024\" height=\"1024\" src=\"https:\/\/www.maisonwabisabi.com\/wp-content\/uploads\/2022\/05\/Mae\u0308l-AMEMIYA-LOMBARD-Portrait.jpg\" alt=\"Mae\u0308l AMEMIYA LOMBARD - Portrait\" class=\"wp-image-5692 size-full\" srcset=\"https:\/\/www.maisonwabisabi.com\/wp-content\/uploads\/2022\/05\/Mae\u0308l-AMEMIYA-LOMBARD-Portrait.jpg 1024w, https:\/\/www.maisonwabisabi.com\/wp-content\/uploads\/2022\/05\/Mae\u0308l-AMEMIYA-LOMBARD-Portrait-300x300.jpg 300w, https:\/\/www.maisonwabisabi.com\/wp-content\/uploads\/2022\/05\/Mae\u0308l-AMEMIYA-LOMBARD-Portrait-100x100.jpg 100w, https:\/\/www.maisonwabisabi.com\/wp-content\/uploads\/2022\/05\/Mae\u0308l-AMEMIYA-LOMBARD-Portrait-600x600.jpg 600w, https:\/\/www.maisonwabisabi.com\/wp-content\/uploads\/2022\/05\/Mae\u0308l-AMEMIYA-LOMBARD-Portrait-150x150.jpg 150w, https:\/\/www.maisonwabisabi.com\/wp-content\/uploads\/2022\/05\/Mae\u0308l-AMEMIYA-LOMBARD-Portrait-768x768.jpg 768w\" sizes=\"auto, (max-width: 1024px) 100vw, 1024px\" \/><\/figure><div class=\"wp-block-media-text__content\">\n<p><\/p>\n\n\n\n<h2 class=\"wp-block-heading has-black-color has-text-color\" style=\"font-size:21px\"><strong><mark style=\"background-color:rgba(0, 0, 0, 0);color:#7d4e2d\" class=\"has-inline-color\">Ma\u00ebl AMEMIYA LOMBARD et<\/mark> <a href=\"https:\/\/www.maisonwabisabi.com\/en\/product-category\/ceramistes-de-france\/ceramiste-mael-amemiya-lombard\/\" target=\"_blank\" rel=\"noreferrer noopener\">ses cr\u00e9ations<\/a><\/strong><\/h2>\n\n\n\n<p class=\"has-black-color has-text-color\" style=\"font-size:17px\">(1985-)<\/p>\n\n\n\n<p class=\"has-black-color has-text-color\" style=\"font-size:17px\">Originaire de Bretagne, \u00e0 Rennes o\u00f9 il a grandi. Il est Breton par son p\u00e8re et Japonais par sa m\u00e8re. Il vit \u00e0 Gaillac, pr\u00e8s de Toulouse o\u00f9 Il a cr\u00e9\u00e9 l&rsquo;Atelier Y\u016bgen avec sa compagne de vie, Lisa BOMBIN.<\/p>\n\n\n\n<p class=\"has-black-color has-text-color\" style=\"font-size:17px\">Il se d\u00e9finit, en toute simplicit\u00e9, comme un Potier Cuiseur. Il fa\u00e7onne des pots et les cuits.<\/p>\n\n\n\n<p class=\"has-black-color has-text-color\" style=\"font-size:17px\">Il a d\u00e9couvert la c\u00e9ramique d&rsquo;<a href=\"https:\/\/www.maisonwabisabi.com\/en\/echizen-yaki-%E8%B6%8A%E5%89%8D%E7%84%BC\/\"><mark style=\"background-color:rgba(0, 0, 0, 0);color:#8d9a83\" class=\"has-inline-color\">Echizen-yaki<\/mark><\/a>, pour la premi\u00e8re fois dans la <a href=\"https:\/\/www.pref.fukui.lg.jp\/english\/\" target=\"_blank\" rel=\"noreferrer noopener\"><mark style=\"background-color:rgba(0, 0, 0, 0);color:#8d9a83\" class=\"has-inline-color\">pr\u00e9fecture de Fukui<\/mark><\/a>. Ce type de c\u00e9ramique fait partie des <a href=\"https:\/\/www.maisonwabisabi.com\/en\/shiru-wakaru\/6-anciens-fours\/\" target=\"_blank\" rel=\"noreferrer noopener\"><mark style=\"background-color:rgba(0, 0, 0, 0);color:#8d9a83\" class=\"has-inline-color\">Six Anciens Fours du Japon<\/mark><\/a>.<\/p>\n<\/div><\/div>\n\n\n\n<div class=\"wp-block-media-text has-media-on-the-right is-stacked-on-mobile\"><div class=\"wp-block-media-text__content\">\n<p><\/p>\n\n\n\n<p class=\"has-text-align-left has-black-color has-text-color\" style=\"font-size:17px\">\u00ab\u00a0<a href=\"https:\/\/www.victoriabengolea.com\/\" target=\"_blank\" rel=\"noreferrer noopener\"><mark style=\"background-color:rgba(0, 0, 0, 0);color:#8d9a83\" class=\"has-inline-color\">Victoria BENGOL\u00c9A<\/mark><\/a>, c\u00e9ramiste argentine, me met les mains dans la terre \u00e0 Paris. Un mardi, je vais \u00e0 son cours et c\u2019est l\u00e0 que je comprends que la suite se passerait au Japon. Elle venait de r\u00e9veiller le potier japonais qui sommeillait en moi.<\/p>\n\n\n\n<p class=\"has-text-align-left has-black-color has-text-color\" style=\"font-size:17px\">Pendant Le voyage au Japon, je rencontre l\u2019imperfection. Origuchi san, un potier japonais de <a href=\"https:\/\/www.maisonwabisabi.com\/en\/bizen-yaki-%e5%82%99%e5%89%8d%e7%84%bc\/\" target=\"_blank\" rel=\"noreferrer noopener\"><mark style=\"background-color:rgba(0, 0, 0, 0);color:#8d9a83\" class=\"has-inline-color\">Bizen<\/mark><\/a>, me montre des chawan tordus, des vases poreux, des poteries craqu\u00e9es. C\u2019est une surprise qui petit \u00e0 petit va se r\u00e9v\u00e9ler.<\/p>\n\n\n\n<p class=\"has-text-align-left has-black-color has-text-color\" style=\"font-size:17px\">Je d\u00e9couvre l\u2019esth\u00e9tique du <mark style=\"background-color:rgba(0, 0, 0, 0);color:#000000\" class=\"has-inline-color\">Wabi-Sabi<\/mark> et le Kintsugi. Cela m\u2019emplit enti\u00e8rement et je sens une motivation. Je sens que le chemin, la voie est l\u00e0. Cela r\u00e9veille le spirituel en moi : mes mains allaient rentrer en parfait accord avec mon esprit. L\u2019esprit du <a href=\"https:\/\/www.maisonwabisabi.com\/en\/mouvement-mingei\/\" target=\"_blank\" rel=\"noreferrer noopener\"><mark style=\"background-color:rgba(0, 0, 0, 0);color:#8d9a83\" class=\"has-inline-color\">Mingei<\/mark><\/a> finirai de me combler. Kato sensei m\u2019enseigne le tour \u00e0 Tokyo. J\u2019y reste une ann\u00e9e o\u00f9 je parfais ma technique au tour.\u00a0\u00bb<\/p>\n<\/div><figure class=\"wp-block-media-text__media\"><img loading=\"lazy\" decoding=\"async\" width=\"1024\" height=\"1024\" src=\"https:\/\/www.maisonwabisabi.com\/wp-content\/uploads\/2022\/05\/Mae\u0308l-AMEMIYA-LOMBARD-Chawan.jpg\" alt=\"Mae\u0308l AMEMIYA LOMBARD - Chawan\" class=\"wp-image-5690 size-full\" srcset=\"https:\/\/www.maisonwabisabi.com\/wp-content\/uploads\/2022\/05\/Mae\u0308l-AMEMIYA-LOMBARD-Chawan.jpg 1024w, https:\/\/www.maisonwabisabi.com\/wp-content\/uploads\/2022\/05\/Mae\u0308l-AMEMIYA-LOMBARD-Chawan-300x300.jpg 300w, https:\/\/www.maisonwabisabi.com\/wp-content\/uploads\/2022\/05\/Mae\u0308l-AMEMIYA-LOMBARD-Chawan-100x100.jpg 100w, https:\/\/www.maisonwabisabi.com\/wp-content\/uploads\/2022\/05\/Mae\u0308l-AMEMIYA-LOMBARD-Chawan-600x600.jpg 600w, https:\/\/www.maisonwabisabi.com\/wp-content\/uploads\/2022\/05\/Mae\u0308l-AMEMIYA-LOMBARD-Chawan-150x150.jpg 150w, https:\/\/www.maisonwabisabi.com\/wp-content\/uploads\/2022\/05\/Mae\u0308l-AMEMIYA-LOMBARD-Chawan-768x768.jpg 768w\" sizes=\"auto, (max-width: 1024px) 100vw, 1024px\" \/><\/figure><\/div>\n\n\n\n<div class=\"wp-block-media-text is-stacked-on-mobile\"><figure class=\"wp-block-media-text__media\"><img loading=\"lazy\" decoding=\"async\" width=\"1024\" height=\"1024\" src=\"https:\/\/www.maisonwabisabi.com\/wp-content\/uploads\/2022\/05\/Mae\u0308l-AMEMIYA-LOMBARD-Cuisson-chez-Rizu\u0302.jpg\" alt=\"Mae\u0308l AMEMIYA LOMBARD - Cuisson chez Riz\u00fc\" class=\"wp-image-5691 size-full\" srcset=\"https:\/\/www.maisonwabisabi.com\/wp-content\/uploads\/2022\/05\/Mae\u0308l-AMEMIYA-LOMBARD-Cuisson-chez-Rizu\u0302.jpg 1024w, https:\/\/www.maisonwabisabi.com\/wp-content\/uploads\/2022\/05\/Mae\u0308l-AMEMIYA-LOMBARD-Cuisson-chez-Rizu\u0302-300x300.jpg 300w, https:\/\/www.maisonwabisabi.com\/wp-content\/uploads\/2022\/05\/Mae\u0308l-AMEMIYA-LOMBARD-Cuisson-chez-Rizu\u0302-100x100.jpg 100w, https:\/\/www.maisonwabisabi.com\/wp-content\/uploads\/2022\/05\/Mae\u0308l-AMEMIYA-LOMBARD-Cuisson-chez-Rizu\u0302-600x600.jpg 600w, https:\/\/www.maisonwabisabi.com\/wp-content\/uploads\/2022\/05\/Mae\u0308l-AMEMIYA-LOMBARD-Cuisson-chez-Rizu\u0302-150x150.jpg 150w, https:\/\/www.maisonwabisabi.com\/wp-content\/uploads\/2022\/05\/Mae\u0308l-AMEMIYA-LOMBARD-Cuisson-chez-Rizu\u0302-768x768.jpg 768w\" sizes=\"auto, (max-width: 1024px) 100vw, 1024px\" \/><\/figure><div class=\"wp-block-media-text__content\">\n<p><\/p>\n\n\n\n<p class=\"has-black-color has-text-color\" style=\"font-size:17px\">\u00ab\u00a0En Cor\u00e9e, Shin Son Seng Min me plonge dans la vie d\u2019un potier \u00e0 <a href=\"https:\/\/www.google.fr\/maps\/place\/District+de+Goheung,+Jeolla+du+Sud,+Cor\u00e9e+du+Sud\/@34.5558174,126.7383066,9z\/data=!4m5!3m4!1s0x356d8a6606d027eb:0xeb8439341af7c06b!8m2!3d34.6112219!4d127.284978\" target=\"_blank\" rel=\"noreferrer noopener\"><mark style=\"background-color:rgba(0, 0, 0, 0);color:#8d9a83\" class=\"has-inline-color\">Goheung<\/mark><\/a>. J\u2019observe alors la rigueur, la simplicit\u00e9 et l\u2019honn\u00eatet\u00e9 de la poterie cor\u00e9enne. Je cuis sur un four Noborigama. J\u2019avais conscience de vivre quelque chose d\u2019incroyable. Je sentais dans cette exp\u00e9rience toute la tradition cor\u00e9enne autour de la poterie qui se transmet de p\u00e8re en fils depuis des g\u00e9n\u00e9rations.<\/p>\n\n\n\n<p class=\"has-black-color has-text-color\" style=\"font-size:17px\">De retour en France, j\u2019assiste Riz\u00fc TAKAHASHI dans ses enfournements et ses cuissons sur son four Anagama. Cela m\u2019initie, ann\u00e9e apr\u00e8s ann\u00e9e, \u00e0 la subtilit\u00e9 et la beaut\u00e9 des cuissons au bois. \u00ab Si tu peux cuire sur mon four, alors tu pourras cuire sur tous les fours \u00bb aime-t-il dire.<\/p>\n\n\n\n<p class=\"has-black-color has-text-color\" style=\"font-size:17px\">Je d\u00e9finis le style de poterie que je r\u00e9alise comme intemporelle et m\u2019inspire de tout ce qui peut caract\u00e9riser une beaut\u00e9 simple.\u00a0\u00bb<\/p>\n<\/div><\/div>\n\n\n\n<div class=\"wp-block-media-text has-media-on-the-right is-stacked-on-mobile\"><div class=\"wp-block-media-text__content\">\n<p><\/p>\n\n\n\n<p class=\"has-text-align-left has-black-color has-text-color\" style=\"font-size:17px\">\u00ab\u00a0J\u2019utilise le four anagama de Riz\u00fc et je suis en train de construire mon four Anagama. Les cuissons au bois sont complexes et n\u00e9cessitent un savoir-faire particulier, surtout avec du bois bien sec !<\/p>\n\n\n\n<p class=\"has-text-align-left has-black-color has-text-color\" style=\"font-size:17px\">Par ailleurs, j\u2019utilise aussi un four \u00e0 gaz pour sa simplicit\u00e9 et rapidit\u00e9 d\u2019utilisation. Il est tr\u00e8s utile pour tester les \u00e9maux. Je cuis autant que j\u2019ai de pi\u00e8ces \u00e0 cuire et les cuissons r\u00e9v\u00e8lent toujours des surprises. C\u2019est le sel de notre passion.<\/p>\n\n\n\n<p class=\"has-text-align-left has-black-color has-text-color\" style=\"font-size:17px\">J\u2019utilise des \u00e9maux de cendres, des \u00e9maux \u00e0 base de min\u00e9raux de tout ce que je peux r\u00e9duire en poudre. Je me laisse guider par mes envies et ne me limite en rien. Pour l\u2019instant, je ne donne pas de cours. La transmission est importante mais je n\u2019en suis pas \u00e0 cette \u00e9tape. Je continu d\u2019apprendre. Je d\u00e9finis ma relation \u00e0 la c\u00e9ramique comme infiniment nourrissante. Pour tout ce qu\u2019elle m\u2019apporte, je suis pr\u00eat \u00e0 lui consacrer mon \u00e9nergie.\u00a0\u00bb<\/p>\n<\/div><figure class=\"wp-block-media-text__media\"><img loading=\"lazy\" decoding=\"async\" width=\"1024\" height=\"1024\" src=\"https:\/\/www.maisonwabisabi.com\/wp-content\/uploads\/2022\/05\/Mae\u0308l-AMEMIYA-LOMBARD-Geste-et-outils.jpg\" alt=\"Mae\u0308l AMEMIYA LOMBARD - Geste et outils\" class=\"wp-image-5695 size-full\" srcset=\"https:\/\/www.maisonwabisabi.com\/wp-content\/uploads\/2022\/05\/Mae\u0308l-AMEMIYA-LOMBARD-Geste-et-outils.jpg 1024w, https:\/\/www.maisonwabisabi.com\/wp-content\/uploads\/2022\/05\/Mae\u0308l-AMEMIYA-LOMBARD-Geste-et-outils-300x300.jpg 300w, https:\/\/www.maisonwabisabi.com\/wp-content\/uploads\/2022\/05\/Mae\u0308l-AMEMIYA-LOMBARD-Geste-et-outils-100x100.jpg 100w, https:\/\/www.maisonwabisabi.com\/wp-content\/uploads\/2022\/05\/Mae\u0308l-AMEMIYA-LOMBARD-Geste-et-outils-600x600.jpg 600w, https:\/\/www.maisonwabisabi.com\/wp-content\/uploads\/2022\/05\/Mae\u0308l-AMEMIYA-LOMBARD-Geste-et-outils-150x150.jpg 150w, https:\/\/www.maisonwabisabi.com\/wp-content\/uploads\/2022\/05\/Mae\u0308l-AMEMIYA-LOMBARD-Geste-et-outils-768x768.jpg 768w\" sizes=\"auto, (max-width: 1024px) 100vw, 1024px\" \/><\/figure><\/div>\n\n\n\n<div class=\"wp-block-media-text is-stacked-on-mobile\"><figure class=\"wp-block-media-text__media\"><img loading=\"lazy\" decoding=\"async\" width=\"1024\" height=\"1024\" src=\"https:\/\/www.maisonwabisabi.com\/wp-content\/uploads\/2022\/05\/Mae\u0308l-AMEMIYA-LOMBARD-Atelier-Tours.jpg\" alt=\"Mae\u0308l AMEMIYA LOMBARD - Atelier Yu\u0304gen\" class=\"wp-image-5689 size-full\" srcset=\"https:\/\/www.maisonwabisabi.com\/wp-content\/uploads\/2022\/05\/Mae\u0308l-AMEMIYA-LOMBARD-Atelier-Tours.jpg 1024w, https:\/\/www.maisonwabisabi.com\/wp-content\/uploads\/2022\/05\/Mae\u0308l-AMEMIYA-LOMBARD-Atelier-Tours-300x300.jpg 300w, https:\/\/www.maisonwabisabi.com\/wp-content\/uploads\/2022\/05\/Mae\u0308l-AMEMIYA-LOMBARD-Atelier-Tours-100x100.jpg 100w, https:\/\/www.maisonwabisabi.com\/wp-content\/uploads\/2022\/05\/Mae\u0308l-AMEMIYA-LOMBARD-Atelier-Tours-600x600.jpg 600w, https:\/\/www.maisonwabisabi.com\/wp-content\/uploads\/2022\/05\/Mae\u0308l-AMEMIYA-LOMBARD-Atelier-Tours-150x150.jpg 150w, https:\/\/www.maisonwabisabi.com\/wp-content\/uploads\/2022\/05\/Mae\u0308l-AMEMIYA-LOMBARD-Atelier-Tours-768x768.jpg 768w\" sizes=\"auto, (max-width: 1024px) 100vw, 1024px\" \/><\/figure><div class=\"wp-block-media-text__content\">\n<p><\/p>\n\n\n\n<h3 class=\"wp-block-heading has-black-color has-text-color\" style=\"font-size:17px\"><strong><mark style=\"background-color:rgba(0, 0, 0, 0);color:#7d4e2d\" class=\"has-inline-color\">Ma\u00ebl AMEMIYA LOMBARD en 5 dates importantes : <\/mark><\/strong><\/h3>\n\n\n\n<p class=\"has-black-color has-text-color\" style=\"font-size:17px\">2009 : Fukui, je r\u00e9veille le japonais qui sommeil en moi.<\/p>\n\n\n\n<p class=\"has-black-color has-text-color\" style=\"font-size:17px\">2010 : Tokyo \u00ab Oh, j\u2019ai des mains ! \u00bb.<\/p>\n\n\n\n<p class=\"has-black-color has-text-color\" style=\"font-size:17px\">2013 : Paris, besoin de campagne.<\/p>\n\n\n\n<p class=\"has-black-color has-text-color\" style=\"font-size:17px\">2016 : Gaillac, cr\u00e9ation d\u2019un lieu.<\/p>\n\n\n\n<p class=\"has-black-color has-text-color\" style=\"font-size:17px\">2022 : Comme il le dit s&rsquo;y bien : \u00ab\u00a0J&rsquo;avance &#8230;\u00a0\u00bb<\/p>\n\n\n\n<p><\/p>\n\n\n\n<p class=\"has-black-color has-text-color\" style=\"font-size:17px\">\u00ab\u00a0Pour moi, la c\u00e9ramique est un chemin.\u00a0\u00bb<\/p>\n<\/div><\/div>\n\n\n\n<div style=\"height:20px\" aria-hidden=\"true\" class=\"wp-block-spacer\"><\/div>\n\n\n\n<p class=\"has-text-align-center has-black-color has-text-color\" style=\"font-size:15px\">Source des photos et des textes : Ma\u00ebl AMEMIYA LOMBARD et Yann san<\/p>\n\n\n\n<div style=\"height:100px\" aria-hidden=\"true\" class=\"wp-block-spacer\"><\/div>","protected":false},"excerpt":{"rendered":"<p>Ma\u00ebl AMEMIYA LOMBARD et ses cr\u00e9ations (1985-) Originaire de Bretagne, \u00e0 Rennes o\u00f9 il a grandi. Il est Breton par [&hellip;]<\/p>\n","protected":false},"author":1,"featured_media":0,"comment_status":"closed","ping_status":"closed","sticky":false,"template":"","format":"standard","meta":{"site-sidebar-layout":"default","site-content-layout":"","ast-site-content-layout":"default","site-content-style":"default","site-sidebar-style":"default","ast-global-header-display":"","ast-banner-title-visibility":"","ast-main-header-display":"","ast-hfb-above-header-display":"","ast-hfb-below-header-display":"","ast-hfb-mobile-header-display":"","site-post-title":"disabled","ast-breadcrumbs-content":"","ast-featured-img":"","footer-sml-layout":"","ast-disable-related-posts":"","theme-transparent-header-meta":"","adv-header-id-meta":"","stick-header-meta":"","header-above-stick-meta":"","header-main-stick-meta":"","header-below-stick-meta":"","astra-migrate-meta-layouts":"default","ast-page-background-enabled":"default","ast-page-background-meta":{"desktop":{"background-color":"var(--ast-global-color-5)","background-image":"","background-repeat":"repeat","background-position":"center center","background-size":"auto","background-attachment":"scroll","background-type":"","background-media":"","overlay-type":"","overlay-color":"","overlay-opacity":"","overlay-gradient":""},"tablet":{"background-color":"","background-image":"","background-repeat":"repeat","background-position":"center center","background-size":"auto","background-attachment":"scroll","background-type":"","background-media":"","overlay-type":"","overlay-color":"","overlay-opacity":"","overlay-gradient":""},"mobile":{"background-color":"","background-image":"","background-repeat":"repeat","background-position":"center center","background-size":"auto","background-attachment":"scroll","background-type":"","background-media":"","overlay-type":"","overlay-color":"","overlay-opacity":"","overlay-gradient":""}},"ast-content-background-meta":{"desktop":{"background-color":"var(--ast-global-color-4)","background-image":"","background-repeat":"repeat","background-position":"center center","background-size":"auto","background-attachment":"scroll","background-type":"","background-media":"","overlay-type":"","overlay-color":"","overlay-opacity":"","overlay-gradient":""},"tablet":{"background-color":"var(--ast-global-color-4)","background-image":"","background-repeat":"repeat","background-position":"center center","background-size":"auto","background-attachment":"scroll","background-type":"","background-media":"","overlay-type":"","overlay-color":"","overlay-opacity":"","overlay-gradient":""},"mobile":{"background-color":"var(--ast-global-color-4)","background-image":"","background-repeat":"repeat","background-position":"center center","background-size":"auto","background-attachment":"scroll","background-type":"","background-media":"","overlay-type":"","overlay-color":"","overlay-opacity":"","overlay-gradient":""}},"footnotes":""},"categories":[76],"tags":[],"class_list":["post-5686","post","type-post","status-publish","format-standard","hentry","category-ceramistes"],"yoast_head":"<!-- This site is optimized with the Yoast SEO plugin v27.5 - https:\/\/yoast.com\/product\/yoast-seo-wordpress\/ -->\n<title>Ma\u00ebl AMEMIYA LOMBARD - Maison Wabi-Sabi - C\u00e9ramistes<\/title>\n<meta name=\"description\" content=\"Ma\u00ebl AMEMIYA LOMBARD est \u00e0 Gaillac, dans le Tarn, en Occitanie. H\u00e2te de vous pr\u00e9senter ses cr\u00e9ations dans la boutique. C\u00e9ramique fran\u00e7aise.\" \/>\n<meta name=\"robots\" content=\"index, follow, max-snippet:-1, max-image-preview:large, max-video-preview:-1\" \/>\n<link rel=\"canonical\" href=\"https:\/\/www.maisonwabisabi.com\/en\/mael-amemiya-lombard\/\" \/>\n<meta property=\"og:locale\" content=\"en_GB\" \/>\n<meta property=\"og:type\" content=\"article\" \/>\n<meta property=\"og:title\" content=\"Ma\u00ebl AMEMIYA LOMBARD - Maison Wabi-Sabi - C\u00e9ramistes\" \/>\n<meta property=\"og:description\" content=\"Ma\u00ebl AMEMIYA LOMBARD est \u00e0 Gaillac, dans le Tarn, en Occitanie. H\u00e2te de vous pr\u00e9senter ses cr\u00e9ations dans la boutique. C\u00e9ramique fran\u00e7aise.\" \/>\n<meta property=\"og:url\" content=\"https:\/\/www.maisonwabisabi.com\/en\/mael-amemiya-lombard\/\" \/>\n<meta property=\"og:site_name\" content=\"Maison Wabi-Sabi\" \/>\n<meta property=\"article:publisher\" content=\"https:\/\/www.facebook.com\/MaisonWabiSabi\" \/>\n<meta property=\"article:author\" content=\"https:\/\/www.facebook.com\/MaisonWabiSabi\" \/>\n<meta property=\"article:published_time\" content=\"2022-05-06T11:41:55+00:00\" \/>\n<meta property=\"article:modified_time\" content=\"2025-08-10T20:32:24+00:00\" \/>\n<meta name=\"author\" content=\"Yann san\" \/>\n<meta name=\"twitter:card\" content=\"summary_large_image\" \/>\n<meta name=\"twitter:label1\" content=\"Written by\" \/>\n\t<meta name=\"twitter:data1\" content=\"Yann san\" \/>\n\t<meta name=\"twitter:label2\" content=\"Estimated reading time\" \/>\n\t<meta name=\"twitter:data2\" content=\"5 minutes\" \/>\n<script type=\"application\/ld+json\" class=\"yoast-schema-graph\">{\"@context\":\"https:\\\/\\\/schema.org\",\"@graph\":[{\"@type\":\"Article\",\"@id\":\"https:\\\/\\\/www.maisonwabisabi.com\\\/mael-amemiya-lombard\\\/#article\",\"isPartOf\":{\"@id\":\"https:\\\/\\\/www.maisonwabisabi.com\\\/mael-amemiya-lombard\\\/\"},\"author\":{\"name\":\"Yann san\",\"@id\":\"https:\\\/\\\/www.maisonwabisabi.com\\\/#\\\/schema\\\/person\\\/b2458bb9fa2737d1a11eabc63d3aabc9\"},\"headline\":\"Rencontre avec Ma\u00ebl AMEMIYA LOMBARD C\u00e9ramiste fran\u00e7ais \u00e0 Gaillac\",\"datePublished\":\"2022-05-06T11:41:55+00:00\",\"dateModified\":\"2025-08-10T20:32:24+00:00\",\"mainEntityOfPage\":{\"@id\":\"https:\\\/\\\/www.maisonwabisabi.com\\\/mael-amemiya-lombard\\\/\"},\"wordCount\":664,\"publisher\":{\"@id\":\"https:\\\/\\\/www.maisonwabisabi.com\\\/#organization\"},\"articleSection\":[\"C\u00e9ramistes\"],\"inLanguage\":\"en-GB\"},{\"@type\":\"WebPage\",\"@id\":\"https:\\\/\\\/www.maisonwabisabi.com\\\/mael-amemiya-lombard\\\/\",\"url\":\"https:\\\/\\\/www.maisonwabisabi.com\\\/mael-amemiya-lombard\\\/\",\"name\":\"Ma\u00ebl AMEMIYA LOMBARD - Maison Wabi-Sabi - C\u00e9ramistes\",\"isPartOf\":{\"@id\":\"https:\\\/\\\/www.maisonwabisabi.com\\\/#website\"},\"datePublished\":\"2022-05-06T11:41:55+00:00\",\"dateModified\":\"2025-08-10T20:32:24+00:00\",\"description\":\"Ma\u00ebl AMEMIYA LOMBARD est \u00e0 Gaillac, dans le Tarn, en Occitanie. H\u00e2te de vous pr\u00e9senter ses cr\u00e9ations dans la boutique. C\u00e9ramique fran\u00e7aise.\",\"breadcrumb\":{\"@id\":\"https:\\\/\\\/www.maisonwabisabi.com\\\/mael-amemiya-lombard\\\/#breadcrumb\"},\"inLanguage\":\"en-GB\",\"potentialAction\":[{\"@type\":\"ReadAction\",\"target\":[\"https:\\\/\\\/www.maisonwabisabi.com\\\/mael-amemiya-lombard\\\/\"]}]},{\"@type\":\"BreadcrumbList\",\"@id\":\"https:\\\/\\\/www.maisonwabisabi.com\\\/mael-amemiya-lombard\\\/#breadcrumb\",\"itemListElement\":[{\"@type\":\"ListItem\",\"position\":1,\"name\":\"Bienvenue\",\"item\":\"https:\\\/\\\/www.maisonwabisabi.com\\\/\"},{\"@type\":\"ListItem\",\"position\":2,\"name\":\"Rencontre avec Ma\u00ebl AMEMIYA LOMBARD C\u00e9ramiste fran\u00e7ais \u00e0 Gaillac\"}]},{\"@type\":\"WebSite\",\"@id\":\"https:\\\/\\\/www.maisonwabisabi.com\\\/#website\",\"url\":\"https:\\\/\\\/www.maisonwabisabi.com\\\/\",\"name\":\"Maison Wabi-Sabi\",\"description\":\"\",\"publisher\":{\"@id\":\"https:\\\/\\\/www.maisonwabisabi.com\\\/#organization\"},\"potentialAction\":[{\"@type\":\"SearchAction\",\"target\":{\"@type\":\"EntryPoint\",\"urlTemplate\":\"https:\\\/\\\/www.maisonwabisabi.com\\\/?s={search_term_string}\"},\"query-input\":{\"@type\":\"PropertyValueSpecification\",\"valueRequired\":true,\"valueName\":\"search_term_string\"}}],\"inLanguage\":\"en-GB\"},{\"@type\":\"Organization\",\"@id\":\"https:\\\/\\\/www.maisonwabisabi.com\\\/#organization\",\"name\":\"Maison Wabi-Sabi\",\"url\":\"https:\\\/\\\/www.maisonwabisabi.com\\\/\",\"logo\":{\"@type\":\"ImageObject\",\"inLanguage\":\"en-GB\",\"@id\":\"https:\\\/\\\/www.maisonwabisabi.com\\\/#\\\/schema\\\/logo\\\/image\\\/\",\"url\":\"https:\\\/\\\/www.maisonwabisabi.com\\\/wp-content\\\/uploads\\\/2021\\\/11\\\/Logo-de-maison-Wabi-Sabi.jpg\",\"contentUrl\":\"https:\\\/\\\/www.maisonwabisabi.com\\\/wp-content\\\/uploads\\\/2021\\\/11\\\/Logo-de-maison-Wabi-Sabi.jpg\",\"width\":1024,\"height\":1024,\"caption\":\"Maison Wabi-Sabi\"},\"image\":{\"@id\":\"https:\\\/\\\/www.maisonwabisabi.com\\\/#\\\/schema\\\/logo\\\/image\\\/\"},\"sameAs\":[\"https:\\\/\\\/www.facebook.com\\\/MaisonWabiSabi\",\"https:\\\/\\\/www.instagram.com\\\/maison.wabi.sabi\\\/?hl=fr\",\"https:\\\/\\\/www.linkedin.com\\\/company\\\/69088467\"]},{\"@type\":\"Person\",\"@id\":\"https:\\\/\\\/www.maisonwabisabi.com\\\/#\\\/schema\\\/person\\\/b2458bb9fa2737d1a11eabc63d3aabc9\",\"name\":\"Yann san\",\"sameAs\":[\"https:\\\/\\\/www.maisonwabisabi.com\",\"https:\\\/\\\/www.facebook.com\\\/MaisonWabiSabi\",\"https:\\\/\\\/www.instagram.com\\\/maison.wabi.sabi\\\/\"],\"url\":\"https:\\\/\\\/www.maisonwabisabi.com\\\/en\\\/author\\\/4729952\\\/\"}]}<\/script>\n<!-- \/ Yoast SEO plugin. -->","yoast_head_json":{"title":"Ma\u00ebl AMEMIYA LOMBARD - Maison Wabi-Sabi - C\u00e9ramistes","description":"Ma\u00ebl AMEMIYA LOMBARD est \u00e0 Gaillac, dans le Tarn, en Occitanie. H\u00e2te de vous pr\u00e9senter ses cr\u00e9ations dans la boutique. C\u00e9ramique fran\u00e7aise.","robots":{"index":"index","follow":"follow","max-snippet":"max-snippet:-1","max-image-preview":"max-image-preview:large","max-video-preview":"max-video-preview:-1"},"canonical":"https:\/\/www.maisonwabisabi.com\/en\/mael-amemiya-lombard\/","og_locale":"en_GB","og_type":"article","og_title":"Ma\u00ebl AMEMIYA LOMBARD - Maison Wabi-Sabi - C\u00e9ramistes","og_description":"Ma\u00ebl AMEMIYA LOMBARD est \u00e0 Gaillac, dans le Tarn, en Occitanie. H\u00e2te de vous pr\u00e9senter ses cr\u00e9ations dans la boutique. C\u00e9ramique fran\u00e7aise.","og_url":"https:\/\/www.maisonwabisabi.com\/en\/mael-amemiya-lombard\/","og_site_name":"Maison Wabi-Sabi","article_publisher":"https:\/\/www.facebook.com\/MaisonWabiSabi","article_author":"https:\/\/www.facebook.com\/MaisonWabiSabi","article_published_time":"2022-05-06T11:41:55+00:00","article_modified_time":"2025-08-10T20:32:24+00:00","author":"Yann san","twitter_card":"summary_large_image","twitter_misc":{"Written by":"Yann san","Estimated reading time":"5 minutes"},"schema":{"@context":"https:\/\/schema.org","@graph":[{"@type":"Article","@id":"https:\/\/www.maisonwabisabi.com\/mael-amemiya-lombard\/#article","isPartOf":{"@id":"https:\/\/www.maisonwabisabi.com\/mael-amemiya-lombard\/"},"author":{"name":"Yann san","@id":"https:\/\/www.maisonwabisabi.com\/#\/schema\/person\/b2458bb9fa2737d1a11eabc63d3aabc9"},"headline":"Rencontre avec Ma\u00ebl AMEMIYA LOMBARD C\u00e9ramiste fran\u00e7ais \u00e0 Gaillac","datePublished":"2022-05-06T11:41:55+00:00","dateModified":"2025-08-10T20:32:24+00:00","mainEntityOfPage":{"@id":"https:\/\/www.maisonwabisabi.com\/mael-amemiya-lombard\/"},"wordCount":664,"publisher":{"@id":"https:\/\/www.maisonwabisabi.com\/#organization"},"articleSection":["C\u00e9ramistes"],"inLanguage":"en-GB"},{"@type":"WebPage","@id":"https:\/\/www.maisonwabisabi.com\/mael-amemiya-lombard\/","url":"https:\/\/www.maisonwabisabi.com\/mael-amemiya-lombard\/","name":"Ma\u00ebl AMEMIYA LOMBARD - Maison Wabi-Sabi - C\u00e9ramistes","isPartOf":{"@id":"https:\/\/www.maisonwabisabi.com\/#website"},"datePublished":"2022-05-06T11:41:55+00:00","dateModified":"2025-08-10T20:32:24+00:00","description":"Ma\u00ebl AMEMIYA LOMBARD est \u00e0 Gaillac, dans le Tarn, en Occitanie. H\u00e2te de vous pr\u00e9senter ses cr\u00e9ations dans la boutique. C\u00e9ramique fran\u00e7aise.","breadcrumb":{"@id":"https:\/\/www.maisonwabisabi.com\/mael-amemiya-lombard\/#breadcrumb"},"inLanguage":"en-GB","potentialAction":[{"@type":"ReadAction","target":["https:\/\/www.maisonwabisabi.com\/mael-amemiya-lombard\/"]}]},{"@type":"BreadcrumbList","@id":"https:\/\/www.maisonwabisabi.com\/mael-amemiya-lombard\/#breadcrumb","itemListElement":[{"@type":"ListItem","position":1,"name":"Bienvenue","item":"https:\/\/www.maisonwabisabi.com\/"},{"@type":"ListItem","position":2,"name":"Rencontre avec Ma\u00ebl AMEMIYA LOMBARD C\u00e9ramiste fran\u00e7ais \u00e0 Gaillac"}]},{"@type":"WebSite","@id":"https:\/\/www.maisonwabisabi.com\/#website","url":"https:\/\/www.maisonwabisabi.com\/","name":"Maison Wabi-Sabi","description":"","publisher":{"@id":"https:\/\/www.maisonwabisabi.com\/#organization"},"potentialAction":[{"@type":"SearchAction","target":{"@type":"EntryPoint","urlTemplate":"https:\/\/www.maisonwabisabi.com\/?s={search_term_string}"},"query-input":{"@type":"PropertyValueSpecification","valueRequired":true,"valueName":"search_term_string"}}],"inLanguage":"en-GB"},{"@type":"Organization","@id":"https:\/\/www.maisonwabisabi.com\/#organization","name":"Maison Wabi-Sabi","url":"https:\/\/www.maisonwabisabi.com\/","logo":{"@type":"ImageObject","inLanguage":"en-GB","@id":"https:\/\/www.maisonwabisabi.com\/#\/schema\/logo\/image\/","url":"https:\/\/www.maisonwabisabi.com\/wp-content\/uploads\/2021\/11\/Logo-de-maison-Wabi-Sabi.jpg","contentUrl":"https:\/\/www.maisonwabisabi.com\/wp-content\/uploads\/2021\/11\/Logo-de-maison-Wabi-Sabi.jpg","width":1024,"height":1024,"caption":"Maison Wabi-Sabi"},"image":{"@id":"https:\/\/www.maisonwabisabi.com\/#\/schema\/logo\/image\/"},"sameAs":["https:\/\/www.facebook.com\/MaisonWabiSabi","https:\/\/www.instagram.com\/maison.wabi.sabi\/?hl=fr","https:\/\/www.linkedin.com\/company\/69088467"]},{"@type":"Person","@id":"https:\/\/www.maisonwabisabi.com\/#\/schema\/person\/b2458bb9fa2737d1a11eabc63d3aabc9","name":"Yann san","sameAs":["https:\/\/www.maisonwabisabi.com","https:\/\/www.facebook.com\/MaisonWabiSabi","https:\/\/www.instagram.com\/maison.wabi.sabi\/"],"url":"https:\/\/www.maisonwabisabi.com\/en\/author\/4729952\/"}]}},"_links":{"self":[{"href":"https:\/\/www.maisonwabisabi.com\/en\/wp-json\/wp\/v2\/posts\/5686","targetHints":{"allow":["GET"]}}],"collection":[{"href":"https:\/\/www.maisonwabisabi.com\/en\/wp-json\/wp\/v2\/posts"}],"about":[{"href":"https:\/\/www.maisonwabisabi.com\/en\/wp-json\/wp\/v2\/types\/post"}],"author":[{"embeddable":true,"href":"https:\/\/www.maisonwabisabi.com\/en\/wp-json\/wp\/v2\/users\/1"}],"replies":[{"embeddable":true,"href":"https:\/\/www.maisonwabisabi.com\/en\/wp-json\/wp\/v2\/comments?post=5686"}],"version-history":[{"count":2,"href":"https:\/\/www.maisonwabisabi.com\/en\/wp-json\/wp\/v2\/posts\/5686\/revisions"}],"predecessor-version":[{"id":36242,"href":"https:\/\/www.maisonwabisabi.com\/en\/wp-json\/wp\/v2\/posts\/5686\/revisions\/36242"}],"wp:attachment":[{"href":"https:\/\/www.maisonwabisabi.com\/en\/wp-json\/wp\/v2\/media?parent=5686"}],"wp:term":[{"taxonomy":"category","embeddable":true,"href":"https:\/\/www.maisonwabisabi.com\/en\/wp-json\/wp\/v2\/categories?post=5686"},{"taxonomy":"post_tag","embeddable":true,"href":"https:\/\/www.maisonwabisabi.com\/en\/wp-json\/wp\/v2\/tags?post=5686"}],"curies":[{"name":"wp","href":"https:\/\/api.w.org\/{rel}","templated":true}]}}