{"id":5617,"date":"2022-05-04T17:40:53","date_gmt":"2022-05-04T15:40:53","guid":{"rendered":"https:\/\/www.maisonwabisabi.com\/?p=5617"},"modified":"2025-08-09T22:28:09","modified_gmt":"2025-08-09T20:28:09","slug":"lisa-bombin","status":"publish","type":"post","link":"https:\/\/www.maisonwabisabi.com\/en\/lisa-bombin\/","title":{"rendered":"Rencontre avec Lisa BOMBIN C\u00e9ramiste fran\u00e7aise \u00e0 Gaillac"},"content":{"rendered":"<div style=\"height:20px\" aria-hidden=\"true\" class=\"wp-block-spacer\"><\/div>\n\n\n\n<div class=\"wp-block-media-text is-stacked-on-mobile\"><figure class=\"wp-block-media-text__media\"><img loading=\"lazy\" decoding=\"async\" width=\"1024\" height=\"1024\" src=\"https:\/\/www.maisonwabisabi.com\/wp-content\/uploads\/2022\/05\/Lisa-BOMBIN-Portrait.jpg\" alt=\"Lisa BOMBIN -  Portrait Chanoyu\" class=\"wp-image-5622 size-full\" srcset=\"https:\/\/www.maisonwabisabi.com\/wp-content\/uploads\/2022\/05\/Lisa-BOMBIN-Portrait.jpg 1024w, https:\/\/www.maisonwabisabi.com\/wp-content\/uploads\/2022\/05\/Lisa-BOMBIN-Portrait-300x300.jpg 300w, https:\/\/www.maisonwabisabi.com\/wp-content\/uploads\/2022\/05\/Lisa-BOMBIN-Portrait-100x100.jpg 100w, https:\/\/www.maisonwabisabi.com\/wp-content\/uploads\/2022\/05\/Lisa-BOMBIN-Portrait-600x600.jpg 600w, https:\/\/www.maisonwabisabi.com\/wp-content\/uploads\/2022\/05\/Lisa-BOMBIN-Portrait-150x150.jpg 150w, https:\/\/www.maisonwabisabi.com\/wp-content\/uploads\/2022\/05\/Lisa-BOMBIN-Portrait-768x768.jpg 768w\" sizes=\"auto, (max-width: 1024px) 100vw, 1024px\" \/><\/figure><div class=\"wp-block-media-text__content\">\n<h2 class=\"wp-block-heading has-black-color has-text-color\" style=\"font-size:21px\"><strong><mark style=\"background-color:rgba(0, 0, 0, 0);color:#7d4e2d\" class=\"has-inline-color\">Lisa BOMBIN et<\/mark> <a href=\"https:\/\/www.maisonwabisabi.com\/en\/product-category\/ceramistes-de-france\/ceramiste-lisa-bombin\/\" target=\"_blank\" rel=\"noreferrer noopener\">ses cr\u00e9ations<\/a><\/strong><\/h2>\n\n\n\n<p class=\"has-black-color has-text-color\" style=\"font-size:17px\">(1978-)<\/p>\n\n\n\n<p class=\"has-black-color has-text-color\" style=\"font-size:17px\">D&rsquo;origines catalanes et alsaciennes par ses grands-parents. Elle est n\u00e9e \u00e0 Muret, au sud de Toulouse, en Occitanie. <\/p>\n\n\n\n<p class=\"has-black-color has-text-color\" style=\"font-size:17px\">\u00ab\u00a0Je suis une amoureuse de la beaut\u00e9 du geste et de la beaut\u00e9 de l\u2019imperfection. J\u2019aime voir sur mes c\u00e9ramiques le travail de la main, les traces de doigt au tour, les traces de doigts quand j\u2019\u00e9maille. J\u2019aime cette beaut\u00e9 spontan\u00e9e.\u00a0\u00bb<\/p>\n\n\n\n<p class=\"has-black-color has-text-color\" style=\"font-size:17px\">Elle est C\u00e9ramiste et Dame du Feu et aime cuire sur four anagama \u00e0 haute temp\u00e9rature. Sa rencontre avec la c\u00e9ramique \u00e9tait il y a 10 ans.<\/p>\n\n\n\n<p class=\"has-black-color has-text-color\" style=\"font-size:17px\">\u00ab\u00a0J\u2019aime cr\u00e9er des objets d\u2019arts qui peuvent servir au quotidien ou pour un usage bien particulier, notamment les ustensiles li\u00e9s \u00e0 la c\u00e9r\u00e9monie du th\u00e9 japonaise.\u00a0\u00bb<\/p>\n<\/div><\/div>\n\n\n\n<div class=\"wp-block-media-text has-media-on-the-right is-stacked-on-mobile\"><div class=\"wp-block-media-text__content\">\n<p><\/p>\n\n\n\n<p class=\"has-text-align-left has-black-color has-text-color\" style=\"font-size:17px\">\u00ab\u00a0J\u2019ai tout d\u2019abord rencontr\u00e9 le maitre c\u00e9ramiste <a href=\"http:\/\/takahashirizu.canalblog.com\/\" target=\"_blank\" rel=\"noreferrer noopener\"><mark style=\"background-color:rgba(0, 0, 0, 0);color:#8d9a83\" class=\"has-inline-color\">Riz\u00fc TAKAHASHI<\/mark><\/a> gr\u00e2ce \u00e0 mon amie <a href=\"https:\/\/www.maisonwabisabi.com\/en\/patrizia-rovere\/\" target=\"_blank\" rel=\"noreferrer noopener\"><mark style=\"background-color:rgba(0, 0, 0, 0);color:#8d9a83\" class=\"has-inline-color\">Patrizia ROVERE<\/mark><\/a> qui m\u2019a fait d\u00e9couvrir son atelier. Lorsque je suis rentr\u00e9e dans l\u2019atelier, Riz\u00fc \u00e9tait en train de tordre l\u2019argile dans tous les sens pour faire une sculpture. Il a lev\u00e9 les yeux vers moi et m\u2019a dit : \u00ab Tu veux essayer ? \u00bb<\/p>\n\n\n\n<p class=\"has-text-align-left has-black-color has-text-color\" style=\"font-size:17px\">Je suis rentr\u00e9e chez moi et j\u2019ai compris que toute ma vie allait changer. Toutes les semaines qui ont suivies, je suis all\u00e9e \u00e0 l\u2019atelier de Riz\u00fc avec une seule envie : apprendre. Comme une musicienne fait ses gammes, j\u2019ai appris la gestuelle sur un tour \u00e0 b\u00e2ton traditionnel. J\u2019ai appris le Tamazukuri, le pinc\u00e9, la plaque&#8230;Mais surtout j\u2019ai appris toute une philosophie de vie. J\u2019ai appris \u00e0 voir ce que je n\u2019avais encore jamais vu. J\u2019ai appris la lenteur et l\u2019acceptation. J\u2019ai appris \u00e0 rester humble.<\/p>\n\n\n\n<p class=\"has-text-align-left has-black-color has-text-color\" style=\"font-size:17px\">J\u2019ai eu la chance de rencontrer de belles personnes qui m\u2019ont fait d\u00e9couvrir le japon traditionnel et toute sa beaut\u00e9. Lorsque j\u2019ai d\u00e9couvert cette esth\u00e9tique et l\u2019esprit du wabi-sabi, je me suis sentie en accord compl\u00e8te avec elle.\u00a0\u00bb<\/p>\n<\/div><figure class=\"wp-block-media-text__media\"><img loading=\"lazy\" decoding=\"async\" width=\"1024\" height=\"1024\" src=\"https:\/\/www.maisonwabisabi.com\/wp-content\/uploads\/2022\/05\/Lisa-BOMBIN-Atelier-Yu\u0304gen-exte\u0301rieur.jpg\" alt=\"Lisa BOMBIN - Atelier Yu\u0304gen exte\u0301rieur\" class=\"wp-image-5618 size-full\" srcset=\"https:\/\/www.maisonwabisabi.com\/wp-content\/uploads\/2022\/05\/Lisa-BOMBIN-Atelier-Yu\u0304gen-exte\u0301rieur.jpg 1024w, https:\/\/www.maisonwabisabi.com\/wp-content\/uploads\/2022\/05\/Lisa-BOMBIN-Atelier-Yu\u0304gen-exte\u0301rieur-300x300.jpg 300w, https:\/\/www.maisonwabisabi.com\/wp-content\/uploads\/2022\/05\/Lisa-BOMBIN-Atelier-Yu\u0304gen-exte\u0301rieur-100x100.jpg 100w, https:\/\/www.maisonwabisabi.com\/wp-content\/uploads\/2022\/05\/Lisa-BOMBIN-Atelier-Yu\u0304gen-exte\u0301rieur-600x600.jpg 600w, https:\/\/www.maisonwabisabi.com\/wp-content\/uploads\/2022\/05\/Lisa-BOMBIN-Atelier-Yu\u0304gen-exte\u0301rieur-150x150.jpg 150w, https:\/\/www.maisonwabisabi.com\/wp-content\/uploads\/2022\/05\/Lisa-BOMBIN-Atelier-Yu\u0304gen-exte\u0301rieur-768x768.jpg 768w\" sizes=\"auto, (max-width: 1024px) 100vw, 1024px\" \/><\/figure><\/div>\n\n\n\n<div class=\"wp-block-media-text is-stacked-on-mobile\"><figure class=\"wp-block-media-text__media\"><img loading=\"lazy\" decoding=\"async\" width=\"1024\" height=\"1024\" src=\"https:\/\/www.maisonwabisabi.com\/wp-content\/uploads\/2022\/05\/Lisa-BOMBIN-Atelier-Yu\u0304gen.jpg\" alt=\"Lisa BOMBIN - Atelier Yu\u0304gen\" class=\"wp-image-5619 size-full\" srcset=\"https:\/\/www.maisonwabisabi.com\/wp-content\/uploads\/2022\/05\/Lisa-BOMBIN-Atelier-Yu\u0304gen.jpg 1024w, https:\/\/www.maisonwabisabi.com\/wp-content\/uploads\/2022\/05\/Lisa-BOMBIN-Atelier-Yu\u0304gen-300x300.jpg 300w, https:\/\/www.maisonwabisabi.com\/wp-content\/uploads\/2022\/05\/Lisa-BOMBIN-Atelier-Yu\u0304gen-100x100.jpg 100w, https:\/\/www.maisonwabisabi.com\/wp-content\/uploads\/2022\/05\/Lisa-BOMBIN-Atelier-Yu\u0304gen-600x600.jpg 600w, https:\/\/www.maisonwabisabi.com\/wp-content\/uploads\/2022\/05\/Lisa-BOMBIN-Atelier-Yu\u0304gen-150x150.jpg 150w, https:\/\/www.maisonwabisabi.com\/wp-content\/uploads\/2022\/05\/Lisa-BOMBIN-Atelier-Yu\u0304gen-768x768.jpg 768w\" sizes=\"auto, (max-width: 1024px) 100vw, 1024px\" \/><\/figure><div class=\"wp-block-media-text__content\">\n<p><\/p>\n\n\n\n<p class=\"has-black-color has-text-color\" style=\"font-size:17px\">\u00ab\u00a0Petite, j\u2019observais mon p\u00e8re travailler de ses mains dans son atelier. Il avait fait \u00e9tant jeune les compagnons en menuiserie et c\u2019est lui qui m\u2019a fabriqu\u00e9 mon premier tour \u00e0 b\u00e2ton. Et ce go\u00fbt des mains qui cr\u00e9ent dans l\u2019effort et la dur\u00e9e, je le lui dois, c\u2019est certain.<\/p>\n\n\n\n<p class=\"has-black-color has-text-color\" style=\"font-size:17px\">J\u2019ai aussi suivi un enseignement avec Riz\u00fc qui m\u2019a appris \u00e0 servir \u00ab le th\u00e9 l\u00e9ger \u00bb. L\u00e0 aussi quel moment de gr\u00e2ce lorsque j\u2019ai d\u00e9couvert le chanoyu.<\/p>\n\n\n\n<p class=\"has-black-color has-text-color\" style=\"font-size:17px\">Ensuite, j\u2019ai cuit sur le four Anagama de Riz\u00fc et Patrizia. C\u2019est lors d\u2019une cuisson au bois que j\u2019ai rencontr\u00e9 mon compagnon de vie : Ma\u00ebl AMEMIYA LOMBARD. Il me disait avec des mots ce que Riz\u00fc me disait avec les gestes. Et j\u2019ai grandi \u00e0 ces c\u00f4t\u00e9s.<\/p>\n\n\n\n<p class=\"has-black-color has-text-color\" style=\"font-size:17px\">Nous avons trouv\u00e9 un lieu pour nous installer en tant que c\u00e9ramistes, cr\u00e9er notre atelier et notre four \u00e0 bois. J\u2019ai commenc\u00e9 alors \u00e0 exp\u00e9rimenter des nouveaux \u00e9maux.\u00a0\u00bb<\/p>\n<\/div><\/div>\n\n\n\n<div class=\"wp-block-media-text has-media-on-the-right is-stacked-on-mobile\"><div class=\"wp-block-media-text__content\">\n<p><\/p>\n\n\n\n<p class=\"has-text-align-left has-black-color has-text-color\" style=\"font-size:17px\">\u00ab\u00a0Je r\u00e9alise des poteries qui sont dans la lign\u00e9e de la tradition japonaise et en lien avec la c\u00e9r\u00e9monie du th\u00e9. J\u2019aime qu\u2019une c\u00e9ramique soit autant belle qu\u2019utile. Voil\u00e0 pourquoi je rejoins l\u2019esprit wabi-Sabi. Les plus belles c\u00e9ramiques sont celles qui me racontent une histoire et qui paraissent d\u00e9j\u00e0 avoir v\u00e9cu, vieillies. Celles qui me surprennent quand je les sors du four.\u00a0\u00bb<\/p>\n\n\n\n<p class=\"has-text-align-left has-black-color has-text-color\" style=\"font-size:17px\">\u00ab Sans usage, il n\u2019y a pas de vision compl\u00e8te, car rien n\u2019accentue la beaut\u00e9 des choses comme leur utilisation juste. C\u2019est ainsi que par l\u2019usage, les maitres de th\u00e9 s\u2019approch\u00e8rent encore plus des secrets de la beaut\u00e9. Si nous voulons bien voir une chose, nous devons bien l\u2019utiliser. Vivre la beaut\u00e9 dans notre vie quotidienne est l\u2019authenticit\u00e9 de la voie du th\u00e9. \u00bb Citation de S\u014detsu YANAGI &#8211; \u00ab\u00a0<a href=\"https:\/\/www.maisonwabisabi.com\/en\/artisan-et-inconnu\/\" target=\"_blank\" rel=\"noreferrer noopener\"><mark style=\"background-color:rgba(0, 0, 0, 0);color:#8d9a83\" class=\"has-inline-color\">Artisan et inconnu<\/mark><\/a>\u00ab\u00a0<\/p>\n\n\n\n<p class=\"has-text-align-left has-black-color has-text-color\" style=\"font-size:17px\">\u00ab\u00a0La beaut\u00e9 seule qui travaille seulement au service de la beaut\u00e9 ne suffit pas. Il manque quelque chose pour moi.\u00a0\u00bb<\/p>\n<\/div><figure class=\"wp-block-media-text__media\"><img loading=\"lazy\" decoding=\"async\" width=\"1024\" height=\"1024\" src=\"https:\/\/www.maisonwabisabi.com\/wp-content\/uploads\/2022\/05\/Lisa-BOMBIN-Bols-pour-Maison-Wabi-Sabi.jpg\" alt=\"Lisa BOMBIN - Bols pour Maison Wabi-Sabi\" class=\"wp-image-5620 size-full\" srcset=\"https:\/\/www.maisonwabisabi.com\/wp-content\/uploads\/2022\/05\/Lisa-BOMBIN-Bols-pour-Maison-Wabi-Sabi.jpg 1024w, https:\/\/www.maisonwabisabi.com\/wp-content\/uploads\/2022\/05\/Lisa-BOMBIN-Bols-pour-Maison-Wabi-Sabi-300x300.jpg 300w, https:\/\/www.maisonwabisabi.com\/wp-content\/uploads\/2022\/05\/Lisa-BOMBIN-Bols-pour-Maison-Wabi-Sabi-100x100.jpg 100w, https:\/\/www.maisonwabisabi.com\/wp-content\/uploads\/2022\/05\/Lisa-BOMBIN-Bols-pour-Maison-Wabi-Sabi-600x600.jpg 600w, https:\/\/www.maisonwabisabi.com\/wp-content\/uploads\/2022\/05\/Lisa-BOMBIN-Bols-pour-Maison-Wabi-Sabi-150x150.jpg 150w, https:\/\/www.maisonwabisabi.com\/wp-content\/uploads\/2022\/05\/Lisa-BOMBIN-Bols-pour-Maison-Wabi-Sabi-768x768.jpg 768w\" sizes=\"auto, (max-width: 1024px) 100vw, 1024px\" \/><\/figure><\/div>\n\n\n\n<div class=\"wp-block-media-text is-stacked-on-mobile\"><figure class=\"wp-block-media-text__media\"><img loading=\"lazy\" decoding=\"async\" width=\"1024\" height=\"1024\" src=\"https:\/\/www.maisonwabisabi.com\/wp-content\/uploads\/2022\/05\/Lisa-BOMBIN-Utsuwa-de-Lisa.jpg\" alt=\"Lisa BOMBIN - Utsuwa de Lisa\" class=\"wp-image-5623 size-full\" srcset=\"https:\/\/www.maisonwabisabi.com\/wp-content\/uploads\/2022\/05\/Lisa-BOMBIN-Utsuwa-de-Lisa.jpg 1024w, https:\/\/www.maisonwabisabi.com\/wp-content\/uploads\/2022\/05\/Lisa-BOMBIN-Utsuwa-de-Lisa-300x300.jpg 300w, https:\/\/www.maisonwabisabi.com\/wp-content\/uploads\/2022\/05\/Lisa-BOMBIN-Utsuwa-de-Lisa-100x100.jpg 100w, https:\/\/www.maisonwabisabi.com\/wp-content\/uploads\/2022\/05\/Lisa-BOMBIN-Utsuwa-de-Lisa-600x600.jpg 600w, https:\/\/www.maisonwabisabi.com\/wp-content\/uploads\/2022\/05\/Lisa-BOMBIN-Utsuwa-de-Lisa-150x150.jpg 150w, https:\/\/www.maisonwabisabi.com\/wp-content\/uploads\/2022\/05\/Lisa-BOMBIN-Utsuwa-de-Lisa-768x768.jpg 768w\" sizes=\"auto, (max-width: 1024px) 100vw, 1024px\" \/><\/figure><div class=\"wp-block-media-text__content\">\n<p><\/p>\n\n\n\n<p class=\"has-black-color has-text-color\" style=\"font-size:17px\">\u00ab\u00a0Je me r\u00e9veille le matin avec une image et je me dis : je vais faire \u00e7a aujourd\u2019hui. Ce qui me vient dans la t\u00eate m\u2019inspire. Il y a quelque chose d\u2019incroyable que j\u2019ai go\u00fbt\u00e9 avec l\u2019esth\u00e9tique japonaise. Cette recherche de l\u2019\u00e9quilibre dans le d\u00e9s\u00e9quilibre, ce mouvement dans les c\u00e9ramiques solides comme de la roche. C\u2019est cette dualit\u00e9 qui m\u2019a plu. Le ni trop noir, ni trop blanc, le ni trop parfait, ni trop imparfait.<\/p>\n\n\n\n<p class=\"has-black-color has-text-color\" style=\"font-size:17px\">Ces derni\u00e8res ann\u00e9es, j&rsquo;ai cuit sur le four anagama de Riz\u00fc. Ce sont des cuissons longues qui durent 5 jours et 5 nuits. Ces cuissons sont incroyables autant au niveau du r\u00e9sultat qu\u2019au niveau de l\u2019aventure humaine. On vit au rythme du four et on monte en temp\u00e9rature tellement doucement.<\/p>\n\n\n\n<p class=\"has-black-color has-text-color\" style=\"font-size:17px\">Les c\u00e9ramiques rougissent \u00e0 l\u2019int\u00e9rieur du four. \u00c0 1280\u00b0C, c\u2019est blanc \u00e0 l\u2019int\u00e9rieur. Tellement blanc qu\u2019on ne voit presque plus les pi\u00e8ces. Ce qui me plait surtout, c\u2019est l\u2019\u00e9coute intuitive du four. Il y a comme un rythme \u00e0 trouver quand on met le bois dans le foyer. Cela met tous nos sens en \u00e9veil et on donne vraiment de sa personne.\u00a0\u00bb<\/p>\n<\/div><\/div>\n\n\n\n<div class=\"wp-block-media-text has-media-on-the-right is-stacked-on-mobile\"><div class=\"wp-block-media-text__content\">\n<p><\/p>\n\n\n\n<p class=\"has-text-align-left has-black-color has-text-color\" style=\"font-size:17px\">\u00ab\u00a0\u00c0 chaque cuisson, je repars avec une force et une \u00e9nergie incroyable, comme si je pouvais d\u00e9placer des montagnes. Comme si \u00e0 chaque cuisson, je meurs et je renais \u00e0 moi-m\u00eame. Lors du d\u00e9fournement, c\u2019est une surprise ! On ne peut pas se lasser de ce style de cuisson ! C\u2019est un \u00e9tonnement, des d\u00e9ceptions tout comme des joies.<\/p>\n\n\n\n<p class=\"has-text-align-left has-black-color has-text-color\" style=\"font-size:17px\">La plupart du temps, je cuis aussi avec mon four \u00e0 gaz qui me permet aussi de cuire plus r\u00e9guli\u00e8rement, notamment les pi\u00e8ces de mes \u00e9l\u00e8ves, ou des commandes de c\u00e9ramiques que j\u2019ai r\u00e9alis\u00e9 et qui demandent \u00e0 \u00eatre cuites plus rapidement.<\/p>\n\n\n\n<p class=\"has-text-align-left has-black-color has-text-color\" style=\"font-size:17px\">Etant donn\u00e9 que je r\u00e9alise des \u00e9maux de cendres, le four \u00e0 gaz m\u2019offre de belles nuances et me permet de faire de nouvelles exp\u00e9riences. Je travaille les c\u00e9ladons aussi. J\u2019aime chercher, tester, observer, \u00eatre dans l\u2019exp\u00e9rience. Nous aurons le plaisir, Ma\u00ebl et moi, de faire nos premi\u00e8res cuissons au bois sur notre four anagama qu\u2019il va falloir apprivoiser.\u00a0\u00bb<\/p>\n<\/div><figure class=\"wp-block-media-text__media\"><img loading=\"lazy\" decoding=\"async\" width=\"1024\" height=\"1024\" src=\"https:\/\/www.maisonwabisabi.com\/wp-content\/uploads\/2022\/05\/Lisa-BOMBIN-Cuisson-Anagama-chez-Rizu\u0304-Takahashi.jpg\" alt=\"Lisa BOMBIN - Cuisson Anagama chez Riz\u016btakahashi\" class=\"wp-image-5621 size-full\" srcset=\"https:\/\/www.maisonwabisabi.com\/wp-content\/uploads\/2022\/05\/Lisa-BOMBIN-Cuisson-Anagama-chez-Rizu\u0304-Takahashi.jpg 1024w, https:\/\/www.maisonwabisabi.com\/wp-content\/uploads\/2022\/05\/Lisa-BOMBIN-Cuisson-Anagama-chez-Rizu\u0304-Takahashi-300x300.jpg 300w, https:\/\/www.maisonwabisabi.com\/wp-content\/uploads\/2022\/05\/Lisa-BOMBIN-Cuisson-Anagama-chez-Rizu\u0304-Takahashi-100x100.jpg 100w, https:\/\/www.maisonwabisabi.com\/wp-content\/uploads\/2022\/05\/Lisa-BOMBIN-Cuisson-Anagama-chez-Rizu\u0304-Takahashi-600x600.jpg 600w, https:\/\/www.maisonwabisabi.com\/wp-content\/uploads\/2022\/05\/Lisa-BOMBIN-Cuisson-Anagama-chez-Rizu\u0304-Takahashi-150x150.jpg 150w, https:\/\/www.maisonwabisabi.com\/wp-content\/uploads\/2022\/05\/Lisa-BOMBIN-Cuisson-Anagama-chez-Rizu\u0304-Takahashi-768x768.jpg 768w\" sizes=\"auto, (max-width: 1024px) 100vw, 1024px\" \/><\/figure><\/div>\n\n\n\n<div class=\"wp-block-media-text is-stacked-on-mobile\"><figure class=\"wp-block-media-text__media\"><img loading=\"lazy\" decoding=\"async\" width=\"1024\" height=\"1024\" src=\"https:\/\/www.maisonwabisabi.com\/wp-content\/uploads\/2022\/05\/Lisa-BOMBIN-Accessoires-pour-le-the\u0301.jpg\" alt=\"Lisa BOMBIN - Accessoires pour le th\u00e9\" class=\"wp-image-5632 size-full\" srcset=\"https:\/\/www.maisonwabisabi.com\/wp-content\/uploads\/2022\/05\/Lisa-BOMBIN-Accessoires-pour-le-the\u0301.jpg 1024w, https:\/\/www.maisonwabisabi.com\/wp-content\/uploads\/2022\/05\/Lisa-BOMBIN-Accessoires-pour-le-the\u0301-300x300.jpg 300w, https:\/\/www.maisonwabisabi.com\/wp-content\/uploads\/2022\/05\/Lisa-BOMBIN-Accessoires-pour-le-the\u0301-100x100.jpg 100w, https:\/\/www.maisonwabisabi.com\/wp-content\/uploads\/2022\/05\/Lisa-BOMBIN-Accessoires-pour-le-the\u0301-600x600.jpg 600w, https:\/\/www.maisonwabisabi.com\/wp-content\/uploads\/2022\/05\/Lisa-BOMBIN-Accessoires-pour-le-the\u0301-150x150.jpg 150w, https:\/\/www.maisonwabisabi.com\/wp-content\/uploads\/2022\/05\/Lisa-BOMBIN-Accessoires-pour-le-the\u0301-768x768.jpg 768w\" sizes=\"auto, (max-width: 1024px) 100vw, 1024px\" \/><\/figure><div class=\"wp-block-media-text__content\">\n<p><\/p>\n\n\n\n<p class=\"has-black-color has-text-color\" style=\"font-size:17px\">\u00ab\u00a0Pour moi, les pi\u00e8ces cuites au feu de bois ont un plus. Elles rentrent dans la cat\u00e9gorie de celles qui ont v\u00e9cues. Elles ont un son du merveilleux. J\u2019aime \u00eatre devant le four. Je suis une Dame du feu. Le feu offre tellement de cadeaux.<\/p>\n\n\n\n<p class=\"has-black-color has-text-color\" style=\"font-size:17px\">Il y a quelque chose d\u2019insaisissable et d\u2019incontr\u00f4lable dans la cuisson au bois qui induit toute la beaut\u00e9 des pi\u00e8ces. Il y a une vibration, une profondeur. Et lorsque je n\u2019ai pas le r\u00e9sultat que j\u2019avais imagin\u00e9, je sais que je dois encore travailler. \u00c0 chaque cuisson, je grandis.<\/p>\n\n\n\n<p class=\"has-black-color has-text-color\" style=\"font-size:17px\">J\u2019aime refaire les m\u00eames gestes pour am\u00e9liorer mon travail jusqu\u2019\u00e0 ce qu\u2019il soit bien fait. La r\u00e9p\u00e9tition des gestes me plait. La mani\u00e8re dont la pi\u00e8ce est r\u00e9alis\u00e9e est importante tout autant que le r\u00e9sultat. Je reviens toujours \u00e0 ce qui m\u2019importe le plus, le chemin, la voie.<\/p>\n\n\n\n<p class=\"has-black-color has-text-color\" style=\"font-size:17px\">Le chawan et toutes les pi\u00e8ces du th\u00e9 sont insaisissables. Je sais que j\u2019en ferai tout le restant de ma vie.\u00a0\u00bb<\/p>\n<\/div><\/div>\n\n\n\n<div class=\"wp-block-media-text has-media-on-the-right is-stacked-on-mobile\"><div class=\"wp-block-media-text__content\">\n<p><\/p>\n\n\n\n<p class=\"has-text-align-left has-black-color has-text-color\" style=\"font-size:17px\">\u00ab\u00a0Je ne me lasse jamais de refaire et refaire. C\u2019est un honneur pour moi de faire ces gestes qui ont \u00e9t\u00e9 fait auparavant par des milliers de potiers, pendant des centaines d\u2019ann\u00e9es. Tout comme je ne me lasserai jamais de faire la gestuelle de la c\u00e9r\u00e9monie du th\u00e9.<\/p>\n\n\n\n<p class=\"has-text-align-left has-black-color has-text-color\" style=\"font-size:17px\">La transmission fait partie de la voie de la c\u00e9ramique. C\u2019est dans le partage et l\u2019aventure humaine que l\u2019on s\u2019enrichit. J\u2019aime transmettre et faire d\u00e9couvrir la beaut\u00e9 de l\u2019esth\u00e9tique Wabi-Sabi.<\/p>\n\n\n\n<p class=\"has-text-align-left has-black-color has-text-color\" style=\"font-size:17px\">Je m\u00e8ne des stages de c\u00e9ramiques \u00e0 l\u2019atelier Y\u016bgen, des cours particuliers d\u2019apprentissage du tour japonais \u00e0 la motte, ainsi que des c\u00e9r\u00e9monies du th\u00e9.\u00a0\u00bb<\/p>\n<\/div><figure class=\"wp-block-media-text__media\"><img loading=\"lazy\" decoding=\"async\" width=\"1024\" height=\"1024\" src=\"https:\/\/www.maisonwabisabi.com\/wp-content\/uploads\/2022\/05\/Lisa-BOMBIN-Tour-a\u0300-la-motte.jpg\" alt=\"Lisa BOMBIN - Tour \u00e0 la motte\" class=\"wp-image-5638 size-full\" srcset=\"https:\/\/www.maisonwabisabi.com\/wp-content\/uploads\/2022\/05\/Lisa-BOMBIN-Tour-a\u0300-la-motte.jpg 1024w, https:\/\/www.maisonwabisabi.com\/wp-content\/uploads\/2022\/05\/Lisa-BOMBIN-Tour-a\u0300-la-motte-300x300.jpg 300w, https:\/\/www.maisonwabisabi.com\/wp-content\/uploads\/2022\/05\/Lisa-BOMBIN-Tour-a\u0300-la-motte-100x100.jpg 100w, https:\/\/www.maisonwabisabi.com\/wp-content\/uploads\/2022\/05\/Lisa-BOMBIN-Tour-a\u0300-la-motte-600x600.jpg 600w, https:\/\/www.maisonwabisabi.com\/wp-content\/uploads\/2022\/05\/Lisa-BOMBIN-Tour-a\u0300-la-motte-150x150.jpg 150w, https:\/\/www.maisonwabisabi.com\/wp-content\/uploads\/2022\/05\/Lisa-BOMBIN-Tour-a\u0300-la-motte-768x768.jpg 768w\" sizes=\"auto, (max-width: 1024px) 100vw, 1024px\" \/><\/figure><\/div>\n\n\n\n<div class=\"wp-block-media-text is-stacked-on-mobile\"><figure class=\"wp-block-media-text__media\"><img loading=\"lazy\" decoding=\"async\" width=\"1024\" height=\"1024\" src=\"https:\/\/www.maisonwabisabi.com\/wp-content\/uploads\/2022\/05\/Misa-BOMBIN-Fleur-en-Atelier.jpg\" alt=\"Lisa BOMBIN - Fleur en Atelier\" class=\"wp-image-5624 size-full\" srcset=\"https:\/\/www.maisonwabisabi.com\/wp-content\/uploads\/2022\/05\/Misa-BOMBIN-Fleur-en-Atelier.jpg 1024w, https:\/\/www.maisonwabisabi.com\/wp-content\/uploads\/2022\/05\/Misa-BOMBIN-Fleur-en-Atelier-300x300.jpg 300w, https:\/\/www.maisonwabisabi.com\/wp-content\/uploads\/2022\/05\/Misa-BOMBIN-Fleur-en-Atelier-100x100.jpg 100w, https:\/\/www.maisonwabisabi.com\/wp-content\/uploads\/2022\/05\/Misa-BOMBIN-Fleur-en-Atelier-600x600.jpg 600w, https:\/\/www.maisonwabisabi.com\/wp-content\/uploads\/2022\/05\/Misa-BOMBIN-Fleur-en-Atelier-150x150.jpg 150w, https:\/\/www.maisonwabisabi.com\/wp-content\/uploads\/2022\/05\/Misa-BOMBIN-Fleur-en-Atelier-768x768.jpg 768w\" sizes=\"auto, (max-width: 1024px) 100vw, 1024px\" \/><\/figure><div class=\"wp-block-media-text__content\">\n<p><\/p>\n\n\n\n<h3 class=\"wp-block-heading has-black-color has-text-color\" style=\"font-size:17px\"><strong><mark style=\"background-color:rgba(0, 0, 0, 0);color:#7d4e2d\" class=\"has-inline-color\">Lisa BOMBIN en 5 dates importantes :<\/mark><\/strong><\/h3>\n\n\n\n<p class=\"has-black-color has-text-color\" style=\"font-size:17px\">2012 : Rencontre avec Riz\u00fc Takahashi.<\/p>\n\n\n\n<p class=\"has-black-color has-text-color\" style=\"font-size:17px\">2013 : Premi\u00e8re cuisson sur un four Anagama.<\/p>\n\n\n\n<p class=\"has-black-color has-text-color\" style=\"font-size:17px\">2014 : D\u00e9couverte de la c\u00e9r\u00e9monie du th\u00e9 japonaise lors d\u2019une exposition \u00e0 Giroussens.<\/p>\n\n\n\n<p class=\"has-black-color has-text-color\" style=\"font-size:17px\">2017 \/ 2020 : Construction de L\u2019Atelier Y\u00fbgen.<\/p>\n\n\n\n<p class=\"has-black-color has-text-color\" style=\"font-size:17px\">2021 : Premier stage d\u2019\u00e9t\u00e9. D\u00e9but de mon activit\u00e9 de c\u00e9ramiste \u00e0 temps complet avec Stages\/Cours et C\u00e9r\u00e9monie du th\u00e9.<\/p>\n\n\n\n<p><\/p>\n\n\n\n<p class=\"has-black-color has-text-color\" style=\"font-size:17px\">\u00ab\u00a0C\u2019est une relation d\u2019Amour. Je suis tomb\u00e9e en amour pour la c\u00e9ramique. Je sais qu\u2019elle va m\u2019accompagner jusqu\u2019\u00e0 la fin.\u00a0\u00bb<\/p>\n<\/div><\/div>\n\n\n\n<div style=\"height:20px\" aria-hidden=\"true\" class=\"wp-block-spacer\"><\/div>\n\n\n\n<p class=\"has-text-align-center has-black-color has-text-color\" style=\"font-size:15px\">Source des photos et des textes : Lisa BOMBIN et Yann san<\/p>\n\n\n\n<div style=\"height:100px\" aria-hidden=\"true\" class=\"wp-block-spacer\"><\/div>","protected":false},"excerpt":{"rendered":"<p>Lisa BOMBIN et ses cr\u00e9ations (1978-) D&rsquo;origines catalanes et alsaciennes par ses grands-parents. Elle est n\u00e9e \u00e0 Muret, au sud [&hellip;]<\/p>\n","protected":false},"author":1,"featured_media":0,"comment_status":"closed","ping_status":"closed","sticky":false,"template":"","format":"standard","meta":{"site-sidebar-layout":"default","site-content-layout":"","ast-site-content-layout":"default","site-content-style":"default","site-sidebar-style":"default","ast-global-header-display":"","ast-banner-title-visibility":"","ast-main-header-display":"","ast-hfb-above-header-display":"","ast-hfb-below-header-display":"","ast-hfb-mobile-header-display":"","site-post-title":"disabled","ast-breadcrumbs-content":"","ast-featured-img":"","footer-sml-layout":"","ast-disable-related-posts":"","theme-transparent-header-meta":"","adv-header-id-meta":"","stick-header-meta":"","header-above-stick-meta":"","header-main-stick-meta":"","header-below-stick-meta":"","astra-migrate-meta-layouts":"default","ast-page-background-enabled":"default","ast-page-background-meta":{"desktop":{"background-color":"var(--ast-global-color-5)","background-image":"","background-repeat":"repeat","background-position":"center center","background-size":"auto","background-attachment":"scroll","background-type":"","background-media":"","overlay-type":"","overlay-color":"","overlay-opacity":"","overlay-gradient":""},"tablet":{"background-color":"","background-image":"","background-repeat":"repeat","background-position":"center center","background-size":"auto","background-attachment":"scroll","background-type":"","background-media":"","overlay-type":"","overlay-color":"","overlay-opacity":"","overlay-gradient":""},"mobile":{"background-color":"","background-image":"","background-repeat":"repeat","background-position":"center center","background-size":"auto","background-attachment":"scroll","background-type":"","background-media":"","overlay-type":"","overlay-color":"","overlay-opacity":"","overlay-gradient":""}},"ast-content-background-meta":{"desktop":{"background-color":"var(--ast-global-color-4)","background-image":"","background-repeat":"repeat","background-position":"center center","background-size":"auto","background-attachment":"scroll","background-type":"","background-media":"","overlay-type":"","overlay-color":"","overlay-opacity":"","overlay-gradient":""},"tablet":{"background-color":"var(--ast-global-color-4)","background-image":"","background-repeat":"repeat","background-position":"center center","background-size":"auto","background-attachment":"scroll","background-type":"","background-media":"","overlay-type":"","overlay-color":"","overlay-opacity":"","overlay-gradient":""},"mobile":{"background-color":"var(--ast-global-color-4)","background-image":"","background-repeat":"repeat","background-position":"center center","background-size":"auto","background-attachment":"scroll","background-type":"","background-media":"","overlay-type":"","overlay-color":"","overlay-opacity":"","overlay-gradient":""}},"footnotes":""},"categories":[76],"tags":[],"class_list":["post-5617","post","type-post","status-publish","format-standard","hentry","category-ceramistes"],"yoast_head":"<!-- This site is optimized with the Yoast SEO plugin v27.5 - https:\/\/yoast.com\/product\/yoast-seo-wordpress\/ -->\n<title>Lisa BOMBIN - Maison Wabi-Sabi - C\u00e9ramistes<\/title>\n<meta name=\"description\" content=\"Lisa BOMBIN est Dame du Feu \u00e0 Gaillac, dans le Tarn, en Occitanie. H\u00e2te de vous pr\u00e9senter ses cr\u00e9ations dans la boutique. C\u00e9ramique fran\u00e7aise.\" \/>\n<meta name=\"robots\" content=\"index, follow, max-snippet:-1, max-image-preview:large, max-video-preview:-1\" \/>\n<link rel=\"canonical\" href=\"https:\/\/www.maisonwabisabi.com\/en\/lisa-bombin\/\" \/>\n<meta property=\"og:locale\" content=\"en_GB\" \/>\n<meta property=\"og:type\" content=\"article\" \/>\n<meta property=\"og:title\" content=\"Lisa BOMBIN - Maison Wabi-Sabi - C\u00e9ramistes\" \/>\n<meta property=\"og:description\" content=\"Lisa BOMBIN est Dame du Feu \u00e0 Gaillac, dans le Tarn, en Occitanie. H\u00e2te de vous pr\u00e9senter ses cr\u00e9ations dans la boutique. C\u00e9ramique fran\u00e7aise.\" \/>\n<meta property=\"og:url\" content=\"https:\/\/www.maisonwabisabi.com\/en\/lisa-bombin\/\" \/>\n<meta property=\"og:site_name\" content=\"Maison Wabi-Sabi\" \/>\n<meta property=\"article:publisher\" content=\"https:\/\/www.facebook.com\/MaisonWabiSabi\" \/>\n<meta property=\"article:author\" content=\"https:\/\/www.facebook.com\/MaisonWabiSabi\" \/>\n<meta property=\"article:published_time\" content=\"2022-05-04T15:40:53+00:00\" \/>\n<meta property=\"article:modified_time\" content=\"2025-08-09T20:28:09+00:00\" \/>\n<meta property=\"og:image\" content=\"https:\/\/www.maisonwabisabi.com\/wp-content\/uploads\/2022\/05\/Lisa-BOMBIN-Portrait.jpg\" \/>\n\t<meta property=\"og:image:width\" content=\"1024\" \/>\n\t<meta property=\"og:image:height\" content=\"1024\" \/>\n\t<meta property=\"og:image:type\" content=\"image\/jpeg\" \/>\n<meta name=\"author\" content=\"Yann san\" \/>\n<meta name=\"twitter:card\" content=\"summary_large_image\" \/>\n<meta name=\"twitter:label1\" content=\"Written by\" \/>\n\t<meta name=\"twitter:data1\" content=\"Yann san\" \/>\n\t<meta name=\"twitter:label2\" content=\"Estimated reading time\" \/>\n\t<meta name=\"twitter:data2\" content=\"9 minutes\" \/>\n<script type=\"application\/ld+json\" class=\"yoast-schema-graph\">{\"@context\":\"https:\\\/\\\/schema.org\",\"@graph\":[{\"@type\":\"Article\",\"@id\":\"https:\\\/\\\/www.maisonwabisabi.com\\\/lisa-bombin\\\/#article\",\"isPartOf\":{\"@id\":\"https:\\\/\\\/www.maisonwabisabi.com\\\/lisa-bombin\\\/\"},\"author\":{\"name\":\"Yann san\",\"@id\":\"https:\\\/\\\/www.maisonwabisabi.com\\\/#\\\/schema\\\/person\\\/b2458bb9fa2737d1a11eabc63d3aabc9\"},\"headline\":\"Rencontre avec Lisa BOMBIN C\u00e9ramiste fran\u00e7aise \u00e0 Gaillac\",\"datePublished\":\"2022-05-04T15:40:53+00:00\",\"dateModified\":\"2025-08-09T20:28:09+00:00\",\"mainEntityOfPage\":{\"@id\":\"https:\\\/\\\/www.maisonwabisabi.com\\\/lisa-bombin\\\/\"},\"wordCount\":1486,\"publisher\":{\"@id\":\"https:\\\/\\\/www.maisonwabisabi.com\\\/#organization\"},\"image\":{\"@id\":\"https:\\\/\\\/www.maisonwabisabi.com\\\/lisa-bombin\\\/#primaryimage\"},\"thumbnailUrl\":\"https:\\\/\\\/www.maisonwabisabi.com\\\/wp-content\\\/uploads\\\/2022\\\/05\\\/Lisa-BOMBIN-Portrait.jpg\",\"articleSection\":[\"C\u00e9ramistes\"],\"inLanguage\":\"en-GB\"},{\"@type\":\"WebPage\",\"@id\":\"https:\\\/\\\/www.maisonwabisabi.com\\\/lisa-bombin\\\/\",\"url\":\"https:\\\/\\\/www.maisonwabisabi.com\\\/lisa-bombin\\\/\",\"name\":\"Lisa BOMBIN - Maison Wabi-Sabi - C\u00e9ramistes\",\"isPartOf\":{\"@id\":\"https:\\\/\\\/www.maisonwabisabi.com\\\/#website\"},\"primaryImageOfPage\":{\"@id\":\"https:\\\/\\\/www.maisonwabisabi.com\\\/lisa-bombin\\\/#primaryimage\"},\"image\":{\"@id\":\"https:\\\/\\\/www.maisonwabisabi.com\\\/lisa-bombin\\\/#primaryimage\"},\"thumbnailUrl\":\"https:\\\/\\\/www.maisonwabisabi.com\\\/wp-content\\\/uploads\\\/2022\\\/05\\\/Lisa-BOMBIN-Portrait.jpg\",\"datePublished\":\"2022-05-04T15:40:53+00:00\",\"dateModified\":\"2025-08-09T20:28:09+00:00\",\"description\":\"Lisa BOMBIN est Dame du Feu \u00e0 Gaillac, dans le Tarn, en Occitanie. H\u00e2te de vous pr\u00e9senter ses cr\u00e9ations dans la boutique. C\u00e9ramique fran\u00e7aise.\",\"breadcrumb\":{\"@id\":\"https:\\\/\\\/www.maisonwabisabi.com\\\/lisa-bombin\\\/#breadcrumb\"},\"inLanguage\":\"en-GB\",\"potentialAction\":[{\"@type\":\"ReadAction\",\"target\":[\"https:\\\/\\\/www.maisonwabisabi.com\\\/lisa-bombin\\\/\"]}]},{\"@type\":\"ImageObject\",\"inLanguage\":\"en-GB\",\"@id\":\"https:\\\/\\\/www.maisonwabisabi.com\\\/lisa-bombin\\\/#primaryimage\",\"url\":\"https:\\\/\\\/www.maisonwabisabi.com\\\/wp-content\\\/uploads\\\/2022\\\/05\\\/Lisa-BOMBIN-Portrait.jpg\",\"contentUrl\":\"https:\\\/\\\/www.maisonwabisabi.com\\\/wp-content\\\/uploads\\\/2022\\\/05\\\/Lisa-BOMBIN-Portrait.jpg\"},{\"@type\":\"BreadcrumbList\",\"@id\":\"https:\\\/\\\/www.maisonwabisabi.com\\\/lisa-bombin\\\/#breadcrumb\",\"itemListElement\":[{\"@type\":\"ListItem\",\"position\":1,\"name\":\"Bienvenue\",\"item\":\"https:\\\/\\\/www.maisonwabisabi.com\\\/\"},{\"@type\":\"ListItem\",\"position\":2,\"name\":\"Rencontre avec Lisa BOMBIN C\u00e9ramiste fran\u00e7aise \u00e0 Gaillac\"}]},{\"@type\":\"WebSite\",\"@id\":\"https:\\\/\\\/www.maisonwabisabi.com\\\/#website\",\"url\":\"https:\\\/\\\/www.maisonwabisabi.com\\\/\",\"name\":\"Maison Wabi-Sabi\",\"description\":\"\",\"publisher\":{\"@id\":\"https:\\\/\\\/www.maisonwabisabi.com\\\/#organization\"},\"potentialAction\":[{\"@type\":\"SearchAction\",\"target\":{\"@type\":\"EntryPoint\",\"urlTemplate\":\"https:\\\/\\\/www.maisonwabisabi.com\\\/?s={search_term_string}\"},\"query-input\":{\"@type\":\"PropertyValueSpecification\",\"valueRequired\":true,\"valueName\":\"search_term_string\"}}],\"inLanguage\":\"en-GB\"},{\"@type\":\"Organization\",\"@id\":\"https:\\\/\\\/www.maisonwabisabi.com\\\/#organization\",\"name\":\"Maison Wabi-Sabi\",\"url\":\"https:\\\/\\\/www.maisonwabisabi.com\\\/\",\"logo\":{\"@type\":\"ImageObject\",\"inLanguage\":\"en-GB\",\"@id\":\"https:\\\/\\\/www.maisonwabisabi.com\\\/#\\\/schema\\\/logo\\\/image\\\/\",\"url\":\"https:\\\/\\\/www.maisonwabisabi.com\\\/wp-content\\\/uploads\\\/2021\\\/11\\\/Logo-de-maison-Wabi-Sabi.jpg\",\"contentUrl\":\"https:\\\/\\\/www.maisonwabisabi.com\\\/wp-content\\\/uploads\\\/2021\\\/11\\\/Logo-de-maison-Wabi-Sabi.jpg\",\"width\":1024,\"height\":1024,\"caption\":\"Maison Wabi-Sabi\"},\"image\":{\"@id\":\"https:\\\/\\\/www.maisonwabisabi.com\\\/#\\\/schema\\\/logo\\\/image\\\/\"},\"sameAs\":[\"https:\\\/\\\/www.facebook.com\\\/MaisonWabiSabi\",\"https:\\\/\\\/www.instagram.com\\\/maison.wabi.sabi\\\/?hl=fr\",\"https:\\\/\\\/www.linkedin.com\\\/company\\\/69088467\"]},{\"@type\":\"Person\",\"@id\":\"https:\\\/\\\/www.maisonwabisabi.com\\\/#\\\/schema\\\/person\\\/b2458bb9fa2737d1a11eabc63d3aabc9\",\"name\":\"Yann san\",\"sameAs\":[\"https:\\\/\\\/www.maisonwabisabi.com\",\"https:\\\/\\\/www.facebook.com\\\/MaisonWabiSabi\",\"https:\\\/\\\/www.instagram.com\\\/maison.wabi.sabi\\\/\"],\"url\":\"https:\\\/\\\/www.maisonwabisabi.com\\\/en\\\/author\\\/4729952\\\/\"}]}<\/script>\n<!-- \/ Yoast SEO plugin. -->","yoast_head_json":{"title":"Lisa BOMBIN - Maison Wabi-Sabi - C\u00e9ramistes","description":"Lisa BOMBIN est Dame du Feu \u00e0 Gaillac, dans le Tarn, en Occitanie. H\u00e2te de vous pr\u00e9senter ses cr\u00e9ations dans la boutique. C\u00e9ramique fran\u00e7aise.","robots":{"index":"index","follow":"follow","max-snippet":"max-snippet:-1","max-image-preview":"max-image-preview:large","max-video-preview":"max-video-preview:-1"},"canonical":"https:\/\/www.maisonwabisabi.com\/en\/lisa-bombin\/","og_locale":"en_GB","og_type":"article","og_title":"Lisa BOMBIN - Maison Wabi-Sabi - C\u00e9ramistes","og_description":"Lisa BOMBIN est Dame du Feu \u00e0 Gaillac, dans le Tarn, en Occitanie. H\u00e2te de vous pr\u00e9senter ses cr\u00e9ations dans la boutique. C\u00e9ramique fran\u00e7aise.","og_url":"https:\/\/www.maisonwabisabi.com\/en\/lisa-bombin\/","og_site_name":"Maison Wabi-Sabi","article_publisher":"https:\/\/www.facebook.com\/MaisonWabiSabi","article_author":"https:\/\/www.facebook.com\/MaisonWabiSabi","article_published_time":"2022-05-04T15:40:53+00:00","article_modified_time":"2025-08-09T20:28:09+00:00","og_image":[{"width":1024,"height":1024,"url":"https:\/\/www.maisonwabisabi.com\/wp-content\/uploads\/2022\/05\/Lisa-BOMBIN-Portrait.jpg","type":"image\/jpeg"}],"author":"Yann san","twitter_card":"summary_large_image","twitter_misc":{"Written by":"Yann san","Estimated reading time":"9 minutes"},"schema":{"@context":"https:\/\/schema.org","@graph":[{"@type":"Article","@id":"https:\/\/www.maisonwabisabi.com\/lisa-bombin\/#article","isPartOf":{"@id":"https:\/\/www.maisonwabisabi.com\/lisa-bombin\/"},"author":{"name":"Yann san","@id":"https:\/\/www.maisonwabisabi.com\/#\/schema\/person\/b2458bb9fa2737d1a11eabc63d3aabc9"},"headline":"Rencontre avec Lisa BOMBIN C\u00e9ramiste fran\u00e7aise \u00e0 Gaillac","datePublished":"2022-05-04T15:40:53+00:00","dateModified":"2025-08-09T20:28:09+00:00","mainEntityOfPage":{"@id":"https:\/\/www.maisonwabisabi.com\/lisa-bombin\/"},"wordCount":1486,"publisher":{"@id":"https:\/\/www.maisonwabisabi.com\/#organization"},"image":{"@id":"https:\/\/www.maisonwabisabi.com\/lisa-bombin\/#primaryimage"},"thumbnailUrl":"https:\/\/www.maisonwabisabi.com\/wp-content\/uploads\/2022\/05\/Lisa-BOMBIN-Portrait.jpg","articleSection":["C\u00e9ramistes"],"inLanguage":"en-GB"},{"@type":"WebPage","@id":"https:\/\/www.maisonwabisabi.com\/lisa-bombin\/","url":"https:\/\/www.maisonwabisabi.com\/lisa-bombin\/","name":"Lisa BOMBIN - Maison Wabi-Sabi - C\u00e9ramistes","isPartOf":{"@id":"https:\/\/www.maisonwabisabi.com\/#website"},"primaryImageOfPage":{"@id":"https:\/\/www.maisonwabisabi.com\/lisa-bombin\/#primaryimage"},"image":{"@id":"https:\/\/www.maisonwabisabi.com\/lisa-bombin\/#primaryimage"},"thumbnailUrl":"https:\/\/www.maisonwabisabi.com\/wp-content\/uploads\/2022\/05\/Lisa-BOMBIN-Portrait.jpg","datePublished":"2022-05-04T15:40:53+00:00","dateModified":"2025-08-09T20:28:09+00:00","description":"Lisa BOMBIN est Dame du Feu \u00e0 Gaillac, dans le Tarn, en Occitanie. H\u00e2te de vous pr\u00e9senter ses cr\u00e9ations dans la boutique. C\u00e9ramique fran\u00e7aise.","breadcrumb":{"@id":"https:\/\/www.maisonwabisabi.com\/lisa-bombin\/#breadcrumb"},"inLanguage":"en-GB","potentialAction":[{"@type":"ReadAction","target":["https:\/\/www.maisonwabisabi.com\/lisa-bombin\/"]}]},{"@type":"ImageObject","inLanguage":"en-GB","@id":"https:\/\/www.maisonwabisabi.com\/lisa-bombin\/#primaryimage","url":"https:\/\/www.maisonwabisabi.com\/wp-content\/uploads\/2022\/05\/Lisa-BOMBIN-Portrait.jpg","contentUrl":"https:\/\/www.maisonwabisabi.com\/wp-content\/uploads\/2022\/05\/Lisa-BOMBIN-Portrait.jpg"},{"@type":"BreadcrumbList","@id":"https:\/\/www.maisonwabisabi.com\/lisa-bombin\/#breadcrumb","itemListElement":[{"@type":"ListItem","position":1,"name":"Bienvenue","item":"https:\/\/www.maisonwabisabi.com\/"},{"@type":"ListItem","position":2,"name":"Rencontre avec Lisa BOMBIN C\u00e9ramiste fran\u00e7aise \u00e0 Gaillac"}]},{"@type":"WebSite","@id":"https:\/\/www.maisonwabisabi.com\/#website","url":"https:\/\/www.maisonwabisabi.com\/","name":"Maison Wabi-Sabi","description":"","publisher":{"@id":"https:\/\/www.maisonwabisabi.com\/#organization"},"potentialAction":[{"@type":"SearchAction","target":{"@type":"EntryPoint","urlTemplate":"https:\/\/www.maisonwabisabi.com\/?s={search_term_string}"},"query-input":{"@type":"PropertyValueSpecification","valueRequired":true,"valueName":"search_term_string"}}],"inLanguage":"en-GB"},{"@type":"Organization","@id":"https:\/\/www.maisonwabisabi.com\/#organization","name":"Maison Wabi-Sabi","url":"https:\/\/www.maisonwabisabi.com\/","logo":{"@type":"ImageObject","inLanguage":"en-GB","@id":"https:\/\/www.maisonwabisabi.com\/#\/schema\/logo\/image\/","url":"https:\/\/www.maisonwabisabi.com\/wp-content\/uploads\/2021\/11\/Logo-de-maison-Wabi-Sabi.jpg","contentUrl":"https:\/\/www.maisonwabisabi.com\/wp-content\/uploads\/2021\/11\/Logo-de-maison-Wabi-Sabi.jpg","width":1024,"height":1024,"caption":"Maison Wabi-Sabi"},"image":{"@id":"https:\/\/www.maisonwabisabi.com\/#\/schema\/logo\/image\/"},"sameAs":["https:\/\/www.facebook.com\/MaisonWabiSabi","https:\/\/www.instagram.com\/maison.wabi.sabi\/?hl=fr","https:\/\/www.linkedin.com\/company\/69088467"]},{"@type":"Person","@id":"https:\/\/www.maisonwabisabi.com\/#\/schema\/person\/b2458bb9fa2737d1a11eabc63d3aabc9","name":"Yann san","sameAs":["https:\/\/www.maisonwabisabi.com","https:\/\/www.facebook.com\/MaisonWabiSabi","https:\/\/www.instagram.com\/maison.wabi.sabi\/"],"url":"https:\/\/www.maisonwabisabi.com\/en\/author\/4729952\/"}]}},"_links":{"self":[{"href":"https:\/\/www.maisonwabisabi.com\/en\/wp-json\/wp\/v2\/posts\/5617","targetHints":{"allow":["GET"]}}],"collection":[{"href":"https:\/\/www.maisonwabisabi.com\/en\/wp-json\/wp\/v2\/posts"}],"about":[{"href":"https:\/\/www.maisonwabisabi.com\/en\/wp-json\/wp\/v2\/types\/post"}],"author":[{"embeddable":true,"href":"https:\/\/www.maisonwabisabi.com\/en\/wp-json\/wp\/v2\/users\/1"}],"replies":[{"embeddable":true,"href":"https:\/\/www.maisonwabisabi.com\/en\/wp-json\/wp\/v2\/comments?post=5617"}],"version-history":[{"count":2,"href":"https:\/\/www.maisonwabisabi.com\/en\/wp-json\/wp\/v2\/posts\/5617\/revisions"}],"predecessor-version":[{"id":36236,"href":"https:\/\/www.maisonwabisabi.com\/en\/wp-json\/wp\/v2\/posts\/5617\/revisions\/36236"}],"wp:attachment":[{"href":"https:\/\/www.maisonwabisabi.com\/en\/wp-json\/wp\/v2\/media?parent=5617"}],"wp:term":[{"taxonomy":"category","embeddable":true,"href":"https:\/\/www.maisonwabisabi.com\/en\/wp-json\/wp\/v2\/categories?post=5617"},{"taxonomy":"post_tag","embeddable":true,"href":"https:\/\/www.maisonwabisabi.com\/en\/wp-json\/wp\/v2\/tags?post=5617"}],"curies":[{"name":"wp","href":"https:\/\/api.w.org\/{rel}","templated":true}]}}