{"id":4727,"date":"2022-04-25T11:47:30","date_gmt":"2022-04-25T09:47:30","guid":{"rendered":"https:\/\/www.maisonwabisabi.com\/?p=4727"},"modified":"2025-08-09T22:20:13","modified_gmt":"2025-08-09T20:20:13","slug":"maud-thiefaine","status":"publish","type":"post","link":"https:\/\/www.maisonwabisabi.com\/en\/maud-thiefaine\/","title":{"rendered":"Rencontre avec Maud THI\u00c9FAINE C\u00e9ramiste fran\u00e7aise \u00e0 La Borne"},"content":{"rendered":"<div style=\"height:20px\" aria-hidden=\"true\" class=\"wp-block-spacer\"><\/div>\n\n\n\n<div class=\"wp-block-media-text is-stacked-on-mobile\"><figure class=\"wp-block-media-text__media\"><img loading=\"lazy\" decoding=\"async\" width=\"1024\" height=\"1024\" src=\"https:\/\/www.maisonwabisabi.com\/wp-content\/uploads\/2022\/04\/Maud-THIE\u0301FAINE-Portrait.jpg\" alt=\"Maud THIE\u0301FAINE - PortraitPortrait de profil : Lisa DEREVYCKA\" class=\"wp-image-4731 size-full\" srcset=\"https:\/\/www.maisonwabisabi.com\/wp-content\/uploads\/2022\/04\/Maud-THIE\u0301FAINE-Portrait.jpg 1024w, https:\/\/www.maisonwabisabi.com\/wp-content\/uploads\/2022\/04\/Maud-THIE\u0301FAINE-Portrait-300x300.jpg 300w, https:\/\/www.maisonwabisabi.com\/wp-content\/uploads\/2022\/04\/Maud-THIE\u0301FAINE-Portrait-100x100.jpg 100w, https:\/\/www.maisonwabisabi.com\/wp-content\/uploads\/2022\/04\/Maud-THIE\u0301FAINE-Portrait-600x600.jpg 600w, https:\/\/www.maisonwabisabi.com\/wp-content\/uploads\/2022\/04\/Maud-THIE\u0301FAINE-Portrait-150x150.jpg 150w, https:\/\/www.maisonwabisabi.com\/wp-content\/uploads\/2022\/04\/Maud-THIE\u0301FAINE-Portrait-768x768.jpg 768w\" sizes=\"auto, (max-width: 1024px) 100vw, 1024px\" \/><\/figure><div class=\"wp-block-media-text__content\">\n<p><\/p>\n\n\n\n<h2 class=\"wp-block-heading has-black-color has-text-color\" style=\"font-size:21px\"><strong><mark style=\"background-color:rgba(0, 0, 0, 0);color:#7d4e2d\" class=\"has-inline-color\">Maud THI\u00c9FAINE et<\/mark> <a href=\"https:\/\/www.maisonwabisabi.com\/en\/product-category\/ceramistes-de-france\/ceramiste-maud-thiefaine\/\" target=\"_blank\" rel=\"noreferrer noopener\">ses cr\u00e9ations<\/a><\/strong><\/h2>\n\n\n\n<p class=\"has-black-color has-text-color\" style=\"font-size:17px\">(1984-)<\/p>\n\n\n\n<p class=\"has-black-color has-text-color\" style=\"font-size:17px\">Originaire de la Sarthe. Les \u00e9tudes l\u2019ont amen\u00e9e \u00e0 bouger \u00e0 Rennes, Paris, Lyon, avec un d\u00e9tour en Chine. C\u2019est ensuite la c\u00e9ramique qui l\u2019a fait atterrir en Puisaye, puis dans le Berry. Elle travaille dans le c\u00e9l\u00e8bre Atelier Talbot, \u00e0 La Borne d&rsquo;en bas.<\/p>\n\n\n\n<p class=\"has-black-color has-text-color\" style=\"font-size:17px\">\u00ab\u00a0Je pr\u00e9f\u00e8re le terme de poti\u00e8re, j&rsquo;y suis attach\u00e9e car je fais des pots, de l\u2019utilitaire, des objets du quotidien.\u00a0\u00bb<\/p>\n\n\n\n<p class=\"has-black-color has-text-color\" style=\"font-size:17px\">Elle a d\u00e9couvert la c\u00e9ramique, \u00e0 proprement parler, en 2009. La date de sa premi\u00e8re ann\u00e9e d\u2019inscription dans un atelier de poterie pour des cours en amateur \u00e0 Lyon. Mais son premier souvenir avec la terre est bien plus vieux. Avec ses fr\u00e8res et s\u0153urs, ils allaient jouer avec la glaise dans les trous des fondations des futures lotissements.<\/p>\n\n\n\n<p class=\"has-black-color has-text-color\" style=\"font-size:17px\">Photo prise par : <a href=\"https:\/\/lisaphotographe.com\/\" target=\"_blank\" rel=\"noreferrer noopener\"><mark style=\"background-color:rgba(0, 0, 0, 0);color:#8d9a83\" class=\"has-inline-color\">Lisa DEREVYCKA<\/mark><\/a><\/p>\n<\/div><\/div>\n\n\n\n<div class=\"wp-block-media-text has-media-on-the-right is-stacked-on-mobile\"><div class=\"wp-block-media-text__content\">\n<p><\/p>\n\n\n\n<p class=\"has-text-align-left has-black-color has-text-color\" style=\"font-size:17px\">\u00ab\u00a0De formation artistique, un bac en arts plastiques puis histoire de l\u2019art, je me suis ensuite orient\u00e9e vers la valorisation du patrimoine avec un d\u00e9tour en Chine et des \u00e9tudes de cette langue. La t\u00eate pleine d\u2019images, de peintures, d\u2019arch\u00e9ologie, de porcelaines chinoises, et d\u2019id\u00e9ogrammes.\u00a0J\u2019atterris dans le monde du spectacle \u00e0 Lyon.<\/p>\n\n\n\n<p class=\"has-text-align-left has-black-color has-text-color\" style=\"font-size:17px\">Mais mes jours pr\u00e9f\u00e9r\u00e9s sont ceux que je passe dans un atelier de peinture \u00e0 l\u2019huile et davantage encore dans un atelier de c\u00e9ramique. Ces journ\u00e9es \u00e9panouissantes se multiplient avec une pratique dans plusieurs ateliers, des stages, des cuissons bois chez des potiers. L&rsquo;am\u00e9nagement d&rsquo;un petit coin dans le grenier de mon immeuble pour installer mon tour.<\/p>\n\n\n\n<p class=\"has-text-align-left has-black-color has-text-color\" style=\"font-size:17px\">Apr\u00e8s une pratique amateur depuis 2009 et la rencontre de nombreux potiers sur le march\u00e9 de potiers des <a href=\"https:\/\/tupiniers.com\/\" target=\"_blank\" rel=\"noreferrer noopener\"><mark style=\"background-color:rgba(0, 0, 0, 0);color:#8d9a83\" class=\"has-inline-color\">Tupiniers du vieux Lyon<\/mark><\/a>. Je saute le pas et me professionnalise en suivant deux formations : tournage et \u00e9mail, au <a href=\"https:\/\/www.cnifop.com\/\" target=\"_blank\" rel=\"noreferrer noopener\"><mark style=\"background-color:rgba(0, 0, 0, 0);color:#8d9a83\" class=\"has-inline-color\">CNIFOP<\/mark><\/a>, \u00e0 <a href=\"https:\/\/www.saint-amand-en-puisaye.fr\" target=\"_blank\" rel=\"noreferrer noopener\"><mark style=\"background-color:rgba(0, 0, 0, 0);color:#8d9a83\" class=\"has-inline-color\">Saint-Amand-en-Puisaye<\/mark><\/a>.\u00a0\u00bb<\/p>\n<\/div><figure class=\"wp-block-media-text__media\"><img loading=\"lazy\" decoding=\"async\" width=\"1024\" height=\"1024\" src=\"https:\/\/www.maisonwabisabi.com\/wp-content\/uploads\/2022\/04\/Maud-THIE\u0301FAINE-Style-1.jpg\" alt=\"Maud THIE\u0301FAINE - Style\" class=\"wp-image-4732 size-full\" srcset=\"https:\/\/www.maisonwabisabi.com\/wp-content\/uploads\/2022\/04\/Maud-THIE\u0301FAINE-Style-1.jpg 1024w, https:\/\/www.maisonwabisabi.com\/wp-content\/uploads\/2022\/04\/Maud-THIE\u0301FAINE-Style-1-300x300.jpg 300w, https:\/\/www.maisonwabisabi.com\/wp-content\/uploads\/2022\/04\/Maud-THIE\u0301FAINE-Style-1-100x100.jpg 100w, https:\/\/www.maisonwabisabi.com\/wp-content\/uploads\/2022\/04\/Maud-THIE\u0301FAINE-Style-1-600x600.jpg 600w, https:\/\/www.maisonwabisabi.com\/wp-content\/uploads\/2022\/04\/Maud-THIE\u0301FAINE-Style-1-150x150.jpg 150w, https:\/\/www.maisonwabisabi.com\/wp-content\/uploads\/2022\/04\/Maud-THIE\u0301FAINE-Style-1-768x768.jpg 768w\" sizes=\"auto, (max-width: 1024px) 100vw, 1024px\" \/><\/figure><\/div>\n\n\n\n<div class=\"wp-block-media-text is-stacked-on-mobile\"><figure class=\"wp-block-media-text__media\"><img loading=\"lazy\" decoding=\"async\" width=\"1024\" height=\"1024\" src=\"https:\/\/www.maisonwabisabi.com\/wp-content\/uploads\/2022\/04\/Maud-THIE\u0301FAINE-Atelier-Talbot-6.jpg\" alt=\"Maud THIE\u0301FAINE - Atelier Talbot\" class=\"wp-image-4729 size-full\" srcset=\"https:\/\/www.maisonwabisabi.com\/wp-content\/uploads\/2022\/04\/Maud-THIE\u0301FAINE-Atelier-Talbot-6.jpg 1024w, https:\/\/www.maisonwabisabi.com\/wp-content\/uploads\/2022\/04\/Maud-THIE\u0301FAINE-Atelier-Talbot-6-300x300.jpg 300w, https:\/\/www.maisonwabisabi.com\/wp-content\/uploads\/2022\/04\/Maud-THIE\u0301FAINE-Atelier-Talbot-6-100x100.jpg 100w, https:\/\/www.maisonwabisabi.com\/wp-content\/uploads\/2022\/04\/Maud-THIE\u0301FAINE-Atelier-Talbot-6-600x600.jpg 600w, https:\/\/www.maisonwabisabi.com\/wp-content\/uploads\/2022\/04\/Maud-THIE\u0301FAINE-Atelier-Talbot-6-150x150.jpg 150w, https:\/\/www.maisonwabisabi.com\/wp-content\/uploads\/2022\/04\/Maud-THIE\u0301FAINE-Atelier-Talbot-6-768x768.jpg 768w\" sizes=\"auto, (max-width: 1024px) 100vw, 1024px\" \/><\/figure><div class=\"wp-block-media-text__content\">\n<p><\/p>\n\n\n\n<p class=\"has-black-color has-text-color\" style=\"font-size:17px\">\u00ab\u00a0Je suis all\u00e9e chez plusieurs potier pour des stages ou des cuissons (<a href=\"https:\/\/www.laborne.org\/fr\/maya-micenmacher-rousseau\/\" target=\"_blank\" rel=\"noreferrer noopener\"><mark style=\"background-color:rgba(0, 0, 0, 0);color:#8d9a83\" class=\"has-inline-color\">Maya MICENMACHER<\/mark><\/a> et <a href=\"https:\/\/www.laborne.org\/fr\/nicolas-rousseau\/\" target=\"_blank\" rel=\"noreferrer noopener\"><mark style=\"background-color:rgba(0, 0, 0, 0);color:#8d9a83\" class=\"has-inline-color\">Nicolas ROUSSEAU<\/mark><\/a>, <a href=\"https:\/\/www.ateliersdart.com\/atelier-michel-cohen,4208.htm\" target=\"_blank\" rel=\"noreferrer noopener\"><mark style=\"background-color:rgba(0, 0, 0, 0);color:#8d9a83\" class=\"has-inline-color\">Michel COHEN<\/mark><\/a>, <a href=\"http:\/\/www.bizenn.com\/accueil.php\" target=\"_blank\" rel=\"noreferrer noopener\"><mark style=\"background-color:rgba(0, 0, 0, 0);color:#8d9a83\" class=\"has-inline-color\">Rozenn BIGOT<\/mark><\/a>, <a href=\"http:\/\/www.poterie-st-pere.com\" target=\"_blank\" rel=\"noreferrer noopener\"><mark style=\"background-color:rgba(0, 0, 0, 0);color:#8d9a83\" class=\"has-inline-color\">Sylvie WLOTKOWSKI<\/mark><\/a>, <a href=\"https:\/\/1280degres.com\" target=\"_blank\" rel=\"noreferrer noopener\"><mark style=\"background-color:rgba(0, 0, 0, 0);color:#8d9a83\" class=\"has-inline-color\">Marl\u00e8ne RIFFORD<\/mark><\/a>\u2026)<\/p>\n\n\n\n<p class=\"has-black-color has-text-color\" style=\"font-size:17px\">On m\u2019avait pr\u00e9venue, l\u2019argile colle aux pieds et c\u2019est dur de s\u2019en d\u00e9faire. Je suis tomb\u00e9e amoureuse de la Puisaye. Je ne m\u2019en \u00e9loigne pas trop et m\u2019installe en 2019 \u00e0 La Borne pour cuire au bois et baigner dans l\u2019atmosph\u00e8re poti\u00e8re et sympathique de ce village.<\/p>\n\n\n\n<p class=\"has-black-color has-text-color\" style=\"font-size:17px\">Sensible \u00e0 la beaut\u00e9 de ce qui m\u2019environne quotidiennement. Je fais des pi\u00e8ces utilitaires. De la vaisselle de tous les jours (<a href=\"https:\/\/www.maisonwabisabi.com\/en\/utsuwa\/\" target=\"_blank\" rel=\"noreferrer noopener\">Utsuwa<\/a>), des pots de jardin et des vasques, pour cr\u00e9er de la poterie pour chaque coin de la maison. Et des objets li\u00e9s \u00e0 mon habitude de vie, pots \u00e0 compost, entonnoirs \u00e0 K\u00e9fir et d&rsquo;autres formes.<\/p>\n\n\n\n<p class=\"has-black-color has-text-color\" style=\"font-size:17px\">C\u2019est difficile de parler de son propre travail, une cliente a utilis\u00e9 ces mots&nbsp;: \u00ab&nbsp;sobre, \u00e9pur\u00e9, rustique et en m\u00eame temps hyper d\u00e9licat&nbsp;\u00bb. Je crois que \u00e7a correspond bien \u00e0 ce que je cr\u00e9e.\u00a0\u00bb<\/p>\n<\/div><\/div>\n\n\n\n<div class=\"wp-block-media-text has-media-on-the-right is-stacked-on-mobile\"><div class=\"wp-block-media-text__content\">\n<p><\/p>\n\n\n\n<p class=\"has-text-align-left has-black-color has-text-color\" style=\"font-size:17px\">\u00ab\u00a0Les gestes du tournage sont visibles sur mes pi\u00e8ces, j\u2019aime cet aspect vivant et suis attach\u00e9e \u00e0 ce que ma main soit pr\u00e9sente, tant dans le tournage qu\u2019\u00e0 l\u2019\u00e9maillage o\u00f9 l\u2019on devine o\u00f9 \u00e9taient plac\u00e9s mes doigts. J\u2019utilise divers gr\u00e8s, seul ou&nbsp;m\u00e9lang\u00e9s et je r\u00e9alise aussi des pi\u00e8ces en porcelaine.<\/p>\n\n\n\n<p class=\"has-text-align-left has-black-color has-text-color\" style=\"font-size:17px\">La nature est ma principale source d\u2019inspiration. J\u2019ai remarqu\u00e9 que je vais naturellement vers des teintes plus chaudes et color\u00e9es en \u00e9t\u00e9 et que mes \u00e9maux sont aux teintes de la brume, de la nuit qui tombe bien t\u00f4t en hiver. Je suis contemplative et m\u2019\u00e9merveille toujours de la nature, du v\u00e9g\u00e9tal comme du min\u00e9ral.<\/p>\n\n\n\n<p class=\"has-text-align-left has-black-color has-text-color\" style=\"font-size:17px\">Je cr\u00e9e mes \u00e9maux, avec des recettes simples, un maximum de 4\/5 mati\u00e8res. J\u2019utilise peu d\u2019oxydes colorants, si ce n\u2019est le fer et le titane. Ponctuellement de la mangan\u00e8se et du chrome. Si certains \u00e9maux ont toujours une place lors de chacune de mes cuissons, je suis toujours en recherche. C\u2019est une relation passionnante et tr\u00e8s prenante avec la c\u00e9ramique, la terre, le feu et les \u00e9maux.\u00a0\u00bb<\/p>\n<\/div><figure class=\"wp-block-media-text__media\"><img loading=\"lazy\" decoding=\"async\" width=\"1024\" height=\"1024\" src=\"https:\/\/www.maisonwabisabi.com\/wp-content\/uploads\/2022\/04\/Maud-THIE\u0301FAINE-Atelier-Talbot-2.jpg\" alt=\"Maud THIE\u0301FAINE - Atelier Talbot\" class=\"wp-image-4728 size-full\" srcset=\"https:\/\/www.maisonwabisabi.com\/wp-content\/uploads\/2022\/04\/Maud-THIE\u0301FAINE-Atelier-Talbot-2.jpg 1024w, https:\/\/www.maisonwabisabi.com\/wp-content\/uploads\/2022\/04\/Maud-THIE\u0301FAINE-Atelier-Talbot-2-300x300.jpg 300w, https:\/\/www.maisonwabisabi.com\/wp-content\/uploads\/2022\/04\/Maud-THIE\u0301FAINE-Atelier-Talbot-2-100x100.jpg 100w, https:\/\/www.maisonwabisabi.com\/wp-content\/uploads\/2022\/04\/Maud-THIE\u0301FAINE-Atelier-Talbot-2-600x600.jpg 600w, https:\/\/www.maisonwabisabi.com\/wp-content\/uploads\/2022\/04\/Maud-THIE\u0301FAINE-Atelier-Talbot-2-150x150.jpg 150w, https:\/\/www.maisonwabisabi.com\/wp-content\/uploads\/2022\/04\/Maud-THIE\u0301FAINE-Atelier-Talbot-2-768x768.jpg 768w\" sizes=\"auto, (max-width: 1024px) 100vw, 1024px\" \/><\/figure><\/div>\n\n\n\n<div class=\"wp-block-media-text is-stacked-on-mobile\"><figure class=\"wp-block-media-text__media\"><img loading=\"lazy\" decoding=\"async\" width=\"1024\" height=\"1024\" src=\"https:\/\/www.maisonwabisabi.com\/wp-content\/uploads\/2022\/04\/Maud-THIE\u0301FAINE-Style-2.jpg\" alt=\"Maud THIE\u0301FAINE - Style\" class=\"wp-image-4733 size-full\" srcset=\"https:\/\/www.maisonwabisabi.com\/wp-content\/uploads\/2022\/04\/Maud-THIE\u0301FAINE-Style-2.jpg 1024w, https:\/\/www.maisonwabisabi.com\/wp-content\/uploads\/2022\/04\/Maud-THIE\u0301FAINE-Style-2-300x300.jpg 300w, https:\/\/www.maisonwabisabi.com\/wp-content\/uploads\/2022\/04\/Maud-THIE\u0301FAINE-Style-2-100x100.jpg 100w, https:\/\/www.maisonwabisabi.com\/wp-content\/uploads\/2022\/04\/Maud-THIE\u0301FAINE-Style-2-600x600.jpg 600w, https:\/\/www.maisonwabisabi.com\/wp-content\/uploads\/2022\/04\/Maud-THIE\u0301FAINE-Style-2-150x150.jpg 150w, https:\/\/www.maisonwabisabi.com\/wp-content\/uploads\/2022\/04\/Maud-THIE\u0301FAINE-Style-2-768x768.jpg 768w\" sizes=\"auto, (max-width: 1024px) 100vw, 1024px\" \/><\/figure><div class=\"wp-block-media-text__content\">\n<p><\/p>\n\n\n\n<p class=\"has-black-color has-text-color\" style=\"font-size:17px\">\u00ab\u00a0J\u2019ai des formes que je fais \u00e0 chaque fois. Je p\u00e8se mes balles de terre avec un poids d\u00e9fini. Je travaille sans trusquin ainsi, chaque petite s\u00e9rie est l\u00e9g\u00e8rement diff\u00e9rente, je dirai au gr\u00e8s de l\u2019humeur du moment. Et puis il y a des pi\u00e8ces qui \u00e9voluent, les saladiers, les bols, les th\u00e9i\u00e8res, etc.<\/p>\n\n\n\n<p class=\"has-black-color has-text-color\" style=\"font-size:17px\">Je cuis principalement dans des fours \u00e0 bois (Four Olsen ou Ph\u00e9nix et Anagama) et plus occasionnellement dans un four \u00e0 gaz.<\/p>\n\n\n\n<p class=\"has-black-color has-text-color\" style=\"font-size:17px\">La pr\u00e9sence du feu est importante pour moi dans le processus. Les flammes et les cendres apportent \u00e0 la terre et aux \u00e9maux une richesse et des surprises. On ne ma\u00eetrise pas tout quand on cuit au bois, surtout dans les cuissons longues ou le feu est tr\u00e8s pr\u00e9sent, o\u00f9 les d\u00e9p\u00f4ts de cendre sont nombreux. \u00c0 La Borne nous travaillons avec les chutes de bois de tonneliers, du ch\u00eane.<\/p>\n\n\n\n<p class=\"has-black-color has-text-color\" style=\"font-size:17px\">Je fais en moyenne une cuisson Olsen (12 \u00e0 14h de cuisson) par mois et une \u00e0 deux cuissons Anagama (5 jours de cuisson) en collectif par an.\u00a0\u00bb<\/p>\n<\/div><\/div>\n\n\n\n<div class=\"wp-block-media-text has-media-on-the-right is-stacked-on-mobile\"><div class=\"wp-block-media-text__content\">\n<p class=\"has-black-color has-text-color has-medium-font-size\"><\/p>\n\n\n\n<p class=\"has-text-align-left has-black-color has-text-color\" style=\"font-size:17px\">\u00ab\u00a0J\u2019anime quelques initiations au <a href=\"https:\/\/www.laborne.org\/fr\/\" target=\"_blank\" rel=\"noreferrer noopener\"><mark style=\"background-color:rgba(0, 0, 0, 0);color:#8d9a83\" class=\"has-inline-color\">Centre C\u00e9ramique Contemporaine La Borne<\/mark><\/a>. Il m\u2019est arriv\u00e9 d\u2019accueillir des stagiaires d\u2019\u00e9cole de c\u00e9ramique dans mon atelier.<\/p>\n\n\n\n<p class=\"has-text-align-left has-black-color has-text-color\" style=\"font-size:17px\">Je ne suis pas la mieux plac\u00e9e car il y a de nombreux potiers plus exp\u00e9riment\u00e9s que moi. J\u2019aime \u00e9changer sur mon travail et partager sur ce fabuleux sentiment quand nous touchons, modelons, fa\u00e7onnons et tournons la terre. C&rsquo;est important d\u2019expliquer les nombreuses \u00e9tapes de ce m\u00e9tier. Montrer la diversit\u00e9 des techniques et de parler des al\u00e9as de cette pratique.<\/p>\n\n\n\n<p class=\"has-text-align-left has-black-color has-text-color\" style=\"font-size:17px\">Chaque \u00e9tape est importante et aucune ne me d\u00e9plait. En fonction des \u00e9tapes, le travail est diff\u00e9rent. Le tournage, le tournassage sans oublier le recyclage de la terre sont m\u00e9ditatifs. La cuisson est existante et fascinante, avec une temporalit\u00e9 particuli\u00e8re. Le rangement du bois, l\u2019enfournement, le temps de cuisson et l\u2019attente avant le d\u00e9fournement. L\u2019\u00e9maillage, la recherche et la cr\u00e9ation d\u2019\u00e9mail sont des \u00e9tapes plus studieuses et m\u00e9thodiques.\u00a0\u00bb<\/p>\n<\/div><figure class=\"wp-block-media-text__media\"><img loading=\"lazy\" decoding=\"async\" width=\"1024\" height=\"1024\" src=\"https:\/\/www.maisonwabisabi.com\/wp-content\/uploads\/2022\/04\/Maud-THIE\u0301FAINE-Tour-expe\u0301rimental.jpg\" alt=\"Maud THIE\u0301FAINE - Tour expe\u0301rimental\" class=\"wp-image-4738 size-full\" srcset=\"https:\/\/www.maisonwabisabi.com\/wp-content\/uploads\/2022\/04\/Maud-THIE\u0301FAINE-Tour-expe\u0301rimental.jpg 1024w, https:\/\/www.maisonwabisabi.com\/wp-content\/uploads\/2022\/04\/Maud-THIE\u0301FAINE-Tour-expe\u0301rimental-300x300.jpg 300w, https:\/\/www.maisonwabisabi.com\/wp-content\/uploads\/2022\/04\/Maud-THIE\u0301FAINE-Tour-expe\u0301rimental-100x100.jpg 100w, https:\/\/www.maisonwabisabi.com\/wp-content\/uploads\/2022\/04\/Maud-THIE\u0301FAINE-Tour-expe\u0301rimental-600x600.jpg 600w, https:\/\/www.maisonwabisabi.com\/wp-content\/uploads\/2022\/04\/Maud-THIE\u0301FAINE-Tour-expe\u0301rimental-150x150.jpg 150w, https:\/\/www.maisonwabisabi.com\/wp-content\/uploads\/2022\/04\/Maud-THIE\u0301FAINE-Tour-expe\u0301rimental-768x768.jpg 768w\" sizes=\"auto, (max-width: 1024px) 100vw, 1024px\" \/><\/figure><\/div>\n\n\n\n<div class=\"wp-block-media-text is-stacked-on-mobile\"><figure class=\"wp-block-media-text__media\"><img loading=\"lazy\" decoding=\"async\" width=\"1024\" height=\"1024\" src=\"https:\/\/www.maisonwabisabi.com\/wp-content\/uploads\/2022\/04\/Maud-THIE\u0301FAINE-Portrait-de-dos.jpg\" alt=\"Maud THIE\u0301FAINE - AnagamaPhoto : Matthieu DERET\" class=\"wp-image-4730 size-full\" srcset=\"https:\/\/www.maisonwabisabi.com\/wp-content\/uploads\/2022\/04\/Maud-THIE\u0301FAINE-Portrait-de-dos.jpg 1024w, https:\/\/www.maisonwabisabi.com\/wp-content\/uploads\/2022\/04\/Maud-THIE\u0301FAINE-Portrait-de-dos-300x300.jpg 300w, https:\/\/www.maisonwabisabi.com\/wp-content\/uploads\/2022\/04\/Maud-THIE\u0301FAINE-Portrait-de-dos-100x100.jpg 100w, https:\/\/www.maisonwabisabi.com\/wp-content\/uploads\/2022\/04\/Maud-THIE\u0301FAINE-Portrait-de-dos-600x600.jpg 600w, https:\/\/www.maisonwabisabi.com\/wp-content\/uploads\/2022\/04\/Maud-THIE\u0301FAINE-Portrait-de-dos-150x150.jpg 150w, https:\/\/www.maisonwabisabi.com\/wp-content\/uploads\/2022\/04\/Maud-THIE\u0301FAINE-Portrait-de-dos-768x768.jpg 768w\" sizes=\"auto, (max-width: 1024px) 100vw, 1024px\" \/><\/figure><div class=\"wp-block-media-text__content\">\n<p><\/p>\n\n\n\n<h3 class=\"wp-block-heading has-black-color has-text-color\" style=\"font-size:17px\"><strong><mark style=\"background-color:rgba(0, 0, 0, 0);color:#7d4e2d\" class=\"has-inline-color\">Maud THI\u00c9FAINE en 5 dates importantes :<\/mark><\/strong><\/h3>\n\n\n\n<p class=\"has-black-color has-text-color\" style=\"font-size:17px\">2009 : Inscription dans un atelier de poterie \u00e0 Lyon.<\/p>\n\n\n\n<p class=\"has-black-color has-text-color\" style=\"font-size:17px\">2011 et les ann\u00e9es suivantes : B\u00e9n\u00e9vole sur le march\u00e9 des Tupiniers avant d\u2019int\u00e9grer l\u2019\u00e9quipe organisatrice.<\/p>\n\n\n\n<p class=\"has-black-color has-text-color\" style=\"font-size:17px\">2015 : Participe pour la premi\u00e8re fois \u00e0 une cuisson au bois chez Michel COHEN. Inoubliable !<\/p>\n\n\n\n<p class=\"has-black-color has-text-color\" style=\"font-size:17px\">2017 et 2018 : Inscription au CNIFOP, \u00e9cole de c\u00e9ramique situ\u00e9e en Puisaye.<\/p>\n\n\n\n<p class=\"has-black-color has-text-color\" style=\"font-size:17px\">2019 : Installation \u00e0 La Borne.<\/p>\n\n\n\n<p><\/p>\n\n\n\n<p class=\"has-black-color has-text-color\" style=\"font-size:17px\">Photo prise par : Matthieu DERET<\/p>\n<\/div><\/div>\n\n\n\n<div style=\"height:20px\" aria-hidden=\"true\" class=\"wp-block-spacer\"><\/div>\n\n\n\n<p class=\"has-text-align-center has-black-color has-text-color\" style=\"font-size:15px\">Source des photos et des textes : Maud THI\u00c9FAINE et Yann san. <\/p>\n\n\n\n<div style=\"height:100px\" aria-hidden=\"true\" class=\"wp-block-spacer\"><\/div>","protected":false},"excerpt":{"rendered":"<p>Maud THI\u00c9FAINE et ses cr\u00e9ations (1984-) Originaire de la Sarthe. Les \u00e9tudes l\u2019ont amen\u00e9e \u00e0 bouger \u00e0 Rennes, Paris, Lyon, [&hellip;]<\/p>\n","protected":false},"author":1,"featured_media":0,"comment_status":"closed","ping_status":"closed","sticky":false,"template":"","format":"standard","meta":{"site-sidebar-layout":"default","site-content-layout":"","ast-site-content-layout":"default","site-content-style":"default","site-sidebar-style":"default","ast-global-header-display":"","ast-banner-title-visibility":"","ast-main-header-display":"","ast-hfb-above-header-display":"","ast-hfb-below-header-display":"","ast-hfb-mobile-header-display":"","site-post-title":"disabled","ast-breadcrumbs-content":"","ast-featured-img":"","footer-sml-layout":"","ast-disable-related-posts":"","theme-transparent-header-meta":"","adv-header-id-meta":"","stick-header-meta":"","header-above-stick-meta":"","header-main-stick-meta":"","header-below-stick-meta":"","astra-migrate-meta-layouts":"default","ast-page-background-enabled":"default","ast-page-background-meta":{"desktop":{"background-color":"var(--ast-global-color-5)","background-image":"","background-repeat":"repeat","background-position":"center center","background-size":"auto","background-attachment":"scroll","background-type":"","background-media":"","overlay-type":"","overlay-color":"","overlay-opacity":"","overlay-gradient":""},"tablet":{"background-color":"","background-image":"","background-repeat":"repeat","background-position":"center center","background-size":"auto","background-attachment":"scroll","background-type":"","background-media":"","overlay-type":"","overlay-color":"","overlay-opacity":"","overlay-gradient":""},"mobile":{"background-color":"","background-image":"","background-repeat":"repeat","background-position":"center center","background-size":"auto","background-attachment":"scroll","background-type":"","background-media":"","overlay-type":"","overlay-color":"","overlay-opacity":"","overlay-gradient":""}},"ast-content-background-meta":{"desktop":{"background-color":"var(--ast-global-color-4)","background-image":"","background-repeat":"repeat","background-position":"center center","background-size":"auto","background-attachment":"scroll","background-type":"","background-media":"","overlay-type":"","overlay-color":"","overlay-opacity":"","overlay-gradient":""},"tablet":{"background-color":"var(--ast-global-color-4)","background-image":"","background-repeat":"repeat","background-position":"center center","background-size":"auto","background-attachment":"scroll","background-type":"","background-media":"","overlay-type":"","overlay-color":"","overlay-opacity":"","overlay-gradient":""},"mobile":{"background-color":"var(--ast-global-color-4)","background-image":"","background-repeat":"repeat","background-position":"center center","background-size":"auto","background-attachment":"scroll","background-type":"","background-media":"","overlay-type":"","overlay-color":"","overlay-opacity":"","overlay-gradient":""}},"footnotes":""},"categories":[76],"tags":[],"class_list":["post-4727","post","type-post","status-publish","format-standard","hentry","category-ceramistes"],"yoast_head":"<!-- This site is optimized with the Yoast SEO plugin v27.5 - https:\/\/yoast.com\/product\/yoast-seo-wordpress\/ -->\n<title>Maud THI\u00c9FAINE - Maison Wabi-Sabi - C\u00e9ramistes<\/title>\n<meta name=\"description\" content=\"Maud THI\u00c9FAINE est \u00e0 la Borne d&#039;en bas, dans le Cher. H\u00e2te de vous pr\u00e9senter ses cr\u00e9ations dans la boutique. C\u00e9ramique fran\u00e7aise.\" \/>\n<meta name=\"robots\" content=\"index, follow, max-snippet:-1, max-image-preview:large, max-video-preview:-1\" \/>\n<link rel=\"canonical\" href=\"https:\/\/www.maisonwabisabi.com\/en\/maud-thiefaine\/\" \/>\n<meta property=\"og:locale\" content=\"en_GB\" \/>\n<meta property=\"og:type\" content=\"article\" \/>\n<meta property=\"og:title\" content=\"Maud THI\u00c9FAINE - Maison Wabi-Sabi - C\u00e9ramistes\" \/>\n<meta property=\"og:description\" content=\"Maud THI\u00c9FAINE est \u00e0 la Borne d&#039;en bas, dans le Cher. H\u00e2te de vous pr\u00e9senter ses cr\u00e9ations dans la boutique. C\u00e9ramique fran\u00e7aise.\" \/>\n<meta property=\"og:url\" content=\"https:\/\/www.maisonwabisabi.com\/en\/maud-thiefaine\/\" \/>\n<meta property=\"og:site_name\" content=\"Maison Wabi-Sabi\" \/>\n<meta property=\"article:publisher\" content=\"https:\/\/www.facebook.com\/MaisonWabiSabi\" \/>\n<meta property=\"article:author\" content=\"https:\/\/www.facebook.com\/MaisonWabiSabi\" \/>\n<meta property=\"article:published_time\" content=\"2022-04-25T09:47:30+00:00\" \/>\n<meta property=\"article:modified_time\" content=\"2025-08-09T20:20:13+00:00\" \/>\n<meta name=\"author\" content=\"Yann san\" \/>\n<meta name=\"twitter:card\" content=\"summary_large_image\" \/>\n<meta name=\"twitter:label1\" content=\"Written by\" \/>\n\t<meta name=\"twitter:data1\" content=\"Yann san\" \/>\n\t<meta name=\"twitter:label2\" content=\"Estimated reading time\" \/>\n\t<meta name=\"twitter:data2\" content=\"7 minutes\" \/>\n<script type=\"application\/ld+json\" class=\"yoast-schema-graph\">{\"@context\":\"https:\\\/\\\/schema.org\",\"@graph\":[{\"@type\":\"Article\",\"@id\":\"https:\\\/\\\/www.maisonwabisabi.com\\\/maud-thiefaine\\\/#article\",\"isPartOf\":{\"@id\":\"https:\\\/\\\/www.maisonwabisabi.com\\\/maud-thiefaine\\\/\"},\"author\":{\"name\":\"Yann san\",\"@id\":\"https:\\\/\\\/www.maisonwabisabi.com\\\/#\\\/schema\\\/person\\\/b2458bb9fa2737d1a11eabc63d3aabc9\"},\"headline\":\"Rencontre avec Maud THI\u00c9FAINE C\u00e9ramiste fran\u00e7aise \u00e0 La Borne\",\"datePublished\":\"2022-04-25T09:47:30+00:00\",\"dateModified\":\"2025-08-09T20:20:13+00:00\",\"mainEntityOfPage\":{\"@id\":\"https:\\\/\\\/www.maisonwabisabi.com\\\/maud-thiefaine\\\/\"},\"wordCount\":1155,\"publisher\":{\"@id\":\"https:\\\/\\\/www.maisonwabisabi.com\\\/#organization\"},\"articleSection\":[\"C\u00e9ramistes\"],\"inLanguage\":\"en-GB\"},{\"@type\":\"WebPage\",\"@id\":\"https:\\\/\\\/www.maisonwabisabi.com\\\/maud-thiefaine\\\/\",\"url\":\"https:\\\/\\\/www.maisonwabisabi.com\\\/maud-thiefaine\\\/\",\"name\":\"Maud THI\u00c9FAINE - Maison Wabi-Sabi - C\u00e9ramistes\",\"isPartOf\":{\"@id\":\"https:\\\/\\\/www.maisonwabisabi.com\\\/#website\"},\"datePublished\":\"2022-04-25T09:47:30+00:00\",\"dateModified\":\"2025-08-09T20:20:13+00:00\",\"description\":\"Maud THI\u00c9FAINE est \u00e0 la Borne d'en bas, dans le Cher. H\u00e2te de vous pr\u00e9senter ses cr\u00e9ations dans la boutique. C\u00e9ramique fran\u00e7aise.\",\"breadcrumb\":{\"@id\":\"https:\\\/\\\/www.maisonwabisabi.com\\\/maud-thiefaine\\\/#breadcrumb\"},\"inLanguage\":\"en-GB\",\"potentialAction\":[{\"@type\":\"ReadAction\",\"target\":[\"https:\\\/\\\/www.maisonwabisabi.com\\\/maud-thiefaine\\\/\"]}]},{\"@type\":\"BreadcrumbList\",\"@id\":\"https:\\\/\\\/www.maisonwabisabi.com\\\/maud-thiefaine\\\/#breadcrumb\",\"itemListElement\":[{\"@type\":\"ListItem\",\"position\":1,\"name\":\"Bienvenue\",\"item\":\"https:\\\/\\\/www.maisonwabisabi.com\\\/\"},{\"@type\":\"ListItem\",\"position\":2,\"name\":\"Rencontre avec Maud THI\u00c9FAINE C\u00e9ramiste fran\u00e7aise \u00e0 La Borne\"}]},{\"@type\":\"WebSite\",\"@id\":\"https:\\\/\\\/www.maisonwabisabi.com\\\/#website\",\"url\":\"https:\\\/\\\/www.maisonwabisabi.com\\\/\",\"name\":\"Maison Wabi-Sabi\",\"description\":\"\",\"publisher\":{\"@id\":\"https:\\\/\\\/www.maisonwabisabi.com\\\/#organization\"},\"potentialAction\":[{\"@type\":\"SearchAction\",\"target\":{\"@type\":\"EntryPoint\",\"urlTemplate\":\"https:\\\/\\\/www.maisonwabisabi.com\\\/?s={search_term_string}\"},\"query-input\":{\"@type\":\"PropertyValueSpecification\",\"valueRequired\":true,\"valueName\":\"search_term_string\"}}],\"inLanguage\":\"en-GB\"},{\"@type\":\"Organization\",\"@id\":\"https:\\\/\\\/www.maisonwabisabi.com\\\/#organization\",\"name\":\"Maison Wabi-Sabi\",\"url\":\"https:\\\/\\\/www.maisonwabisabi.com\\\/\",\"logo\":{\"@type\":\"ImageObject\",\"inLanguage\":\"en-GB\",\"@id\":\"https:\\\/\\\/www.maisonwabisabi.com\\\/#\\\/schema\\\/logo\\\/image\\\/\",\"url\":\"https:\\\/\\\/www.maisonwabisabi.com\\\/wp-content\\\/uploads\\\/2021\\\/11\\\/Logo-de-maison-Wabi-Sabi.jpg\",\"contentUrl\":\"https:\\\/\\\/www.maisonwabisabi.com\\\/wp-content\\\/uploads\\\/2021\\\/11\\\/Logo-de-maison-Wabi-Sabi.jpg\",\"width\":1024,\"height\":1024,\"caption\":\"Maison Wabi-Sabi\"},\"image\":{\"@id\":\"https:\\\/\\\/www.maisonwabisabi.com\\\/#\\\/schema\\\/logo\\\/image\\\/\"},\"sameAs\":[\"https:\\\/\\\/www.facebook.com\\\/MaisonWabiSabi\",\"https:\\\/\\\/www.instagram.com\\\/maison.wabi.sabi\\\/?hl=fr\",\"https:\\\/\\\/www.linkedin.com\\\/company\\\/69088467\"]},{\"@type\":\"Person\",\"@id\":\"https:\\\/\\\/www.maisonwabisabi.com\\\/#\\\/schema\\\/person\\\/b2458bb9fa2737d1a11eabc63d3aabc9\",\"name\":\"Yann san\",\"sameAs\":[\"https:\\\/\\\/www.maisonwabisabi.com\",\"https:\\\/\\\/www.facebook.com\\\/MaisonWabiSabi\",\"https:\\\/\\\/www.instagram.com\\\/maison.wabi.sabi\\\/\"],\"url\":\"https:\\\/\\\/www.maisonwabisabi.com\\\/en\\\/author\\\/4729952\\\/\"}]}<\/script>\n<!-- \/ Yoast SEO plugin. -->","yoast_head_json":{"title":"Maud THI\u00c9FAINE - Maison Wabi-Sabi - C\u00e9ramistes","description":"Maud THI\u00c9FAINE est \u00e0 la Borne d'en bas, dans le Cher. H\u00e2te de vous pr\u00e9senter ses cr\u00e9ations dans la boutique. C\u00e9ramique fran\u00e7aise.","robots":{"index":"index","follow":"follow","max-snippet":"max-snippet:-1","max-image-preview":"max-image-preview:large","max-video-preview":"max-video-preview:-1"},"canonical":"https:\/\/www.maisonwabisabi.com\/en\/maud-thiefaine\/","og_locale":"en_GB","og_type":"article","og_title":"Maud THI\u00c9FAINE - Maison Wabi-Sabi - C\u00e9ramistes","og_description":"Maud THI\u00c9FAINE est \u00e0 la Borne d'en bas, dans le Cher. H\u00e2te de vous pr\u00e9senter ses cr\u00e9ations dans la boutique. C\u00e9ramique fran\u00e7aise.","og_url":"https:\/\/www.maisonwabisabi.com\/en\/maud-thiefaine\/","og_site_name":"Maison Wabi-Sabi","article_publisher":"https:\/\/www.facebook.com\/MaisonWabiSabi","article_author":"https:\/\/www.facebook.com\/MaisonWabiSabi","article_published_time":"2022-04-25T09:47:30+00:00","article_modified_time":"2025-08-09T20:20:13+00:00","author":"Yann san","twitter_card":"summary_large_image","twitter_misc":{"Written by":"Yann san","Estimated reading time":"7 minutes"},"schema":{"@context":"https:\/\/schema.org","@graph":[{"@type":"Article","@id":"https:\/\/www.maisonwabisabi.com\/maud-thiefaine\/#article","isPartOf":{"@id":"https:\/\/www.maisonwabisabi.com\/maud-thiefaine\/"},"author":{"name":"Yann san","@id":"https:\/\/www.maisonwabisabi.com\/#\/schema\/person\/b2458bb9fa2737d1a11eabc63d3aabc9"},"headline":"Rencontre avec Maud THI\u00c9FAINE C\u00e9ramiste fran\u00e7aise \u00e0 La Borne","datePublished":"2022-04-25T09:47:30+00:00","dateModified":"2025-08-09T20:20:13+00:00","mainEntityOfPage":{"@id":"https:\/\/www.maisonwabisabi.com\/maud-thiefaine\/"},"wordCount":1155,"publisher":{"@id":"https:\/\/www.maisonwabisabi.com\/#organization"},"articleSection":["C\u00e9ramistes"],"inLanguage":"en-GB"},{"@type":"WebPage","@id":"https:\/\/www.maisonwabisabi.com\/maud-thiefaine\/","url":"https:\/\/www.maisonwabisabi.com\/maud-thiefaine\/","name":"Maud THI\u00c9FAINE - Maison Wabi-Sabi - C\u00e9ramistes","isPartOf":{"@id":"https:\/\/www.maisonwabisabi.com\/#website"},"datePublished":"2022-04-25T09:47:30+00:00","dateModified":"2025-08-09T20:20:13+00:00","description":"Maud THI\u00c9FAINE est \u00e0 la Borne d'en bas, dans le Cher. H\u00e2te de vous pr\u00e9senter ses cr\u00e9ations dans la boutique. C\u00e9ramique fran\u00e7aise.","breadcrumb":{"@id":"https:\/\/www.maisonwabisabi.com\/maud-thiefaine\/#breadcrumb"},"inLanguage":"en-GB","potentialAction":[{"@type":"ReadAction","target":["https:\/\/www.maisonwabisabi.com\/maud-thiefaine\/"]}]},{"@type":"BreadcrumbList","@id":"https:\/\/www.maisonwabisabi.com\/maud-thiefaine\/#breadcrumb","itemListElement":[{"@type":"ListItem","position":1,"name":"Bienvenue","item":"https:\/\/www.maisonwabisabi.com\/"},{"@type":"ListItem","position":2,"name":"Rencontre avec Maud THI\u00c9FAINE C\u00e9ramiste fran\u00e7aise \u00e0 La Borne"}]},{"@type":"WebSite","@id":"https:\/\/www.maisonwabisabi.com\/#website","url":"https:\/\/www.maisonwabisabi.com\/","name":"Maison Wabi-Sabi","description":"","publisher":{"@id":"https:\/\/www.maisonwabisabi.com\/#organization"},"potentialAction":[{"@type":"SearchAction","target":{"@type":"EntryPoint","urlTemplate":"https:\/\/www.maisonwabisabi.com\/?s={search_term_string}"},"query-input":{"@type":"PropertyValueSpecification","valueRequired":true,"valueName":"search_term_string"}}],"inLanguage":"en-GB"},{"@type":"Organization","@id":"https:\/\/www.maisonwabisabi.com\/#organization","name":"Maison Wabi-Sabi","url":"https:\/\/www.maisonwabisabi.com\/","logo":{"@type":"ImageObject","inLanguage":"en-GB","@id":"https:\/\/www.maisonwabisabi.com\/#\/schema\/logo\/image\/","url":"https:\/\/www.maisonwabisabi.com\/wp-content\/uploads\/2021\/11\/Logo-de-maison-Wabi-Sabi.jpg","contentUrl":"https:\/\/www.maisonwabisabi.com\/wp-content\/uploads\/2021\/11\/Logo-de-maison-Wabi-Sabi.jpg","width":1024,"height":1024,"caption":"Maison Wabi-Sabi"},"image":{"@id":"https:\/\/www.maisonwabisabi.com\/#\/schema\/logo\/image\/"},"sameAs":["https:\/\/www.facebook.com\/MaisonWabiSabi","https:\/\/www.instagram.com\/maison.wabi.sabi\/?hl=fr","https:\/\/www.linkedin.com\/company\/69088467"]},{"@type":"Person","@id":"https:\/\/www.maisonwabisabi.com\/#\/schema\/person\/b2458bb9fa2737d1a11eabc63d3aabc9","name":"Yann san","sameAs":["https:\/\/www.maisonwabisabi.com","https:\/\/www.facebook.com\/MaisonWabiSabi","https:\/\/www.instagram.com\/maison.wabi.sabi\/"],"url":"https:\/\/www.maisonwabisabi.com\/en\/author\/4729952\/"}]}},"_links":{"self":[{"href":"https:\/\/www.maisonwabisabi.com\/en\/wp-json\/wp\/v2\/posts\/4727","targetHints":{"allow":["GET"]}}],"collection":[{"href":"https:\/\/www.maisonwabisabi.com\/en\/wp-json\/wp\/v2\/posts"}],"about":[{"href":"https:\/\/www.maisonwabisabi.com\/en\/wp-json\/wp\/v2\/types\/post"}],"author":[{"embeddable":true,"href":"https:\/\/www.maisonwabisabi.com\/en\/wp-json\/wp\/v2\/users\/1"}],"replies":[{"embeddable":true,"href":"https:\/\/www.maisonwabisabi.com\/en\/wp-json\/wp\/v2\/comments?post=4727"}],"version-history":[{"count":2,"href":"https:\/\/www.maisonwabisabi.com\/en\/wp-json\/wp\/v2\/posts\/4727\/revisions"}],"predecessor-version":[{"id":36234,"href":"https:\/\/www.maisonwabisabi.com\/en\/wp-json\/wp\/v2\/posts\/4727\/revisions\/36234"}],"wp:attachment":[{"href":"https:\/\/www.maisonwabisabi.com\/en\/wp-json\/wp\/v2\/media?parent=4727"}],"wp:term":[{"taxonomy":"category","embeddable":true,"href":"https:\/\/www.maisonwabisabi.com\/en\/wp-json\/wp\/v2\/categories?post=4727"},{"taxonomy":"post_tag","embeddable":true,"href":"https:\/\/www.maisonwabisabi.com\/en\/wp-json\/wp\/v2\/tags?post=4727"}],"curies":[{"name":"wp","href":"https:\/\/api.w.org\/{rel}","templated":true}]}}