{"id":39681,"date":"2026-02-28T18:50:42","date_gmt":"2026-02-28T17:50:42","guid":{"rendered":"https:\/\/www.maisonwabisabi.com\/?p=39681"},"modified":"2026-02-28T18:51:04","modified_gmt":"2026-02-28T17:51:04","slug":"amane-murakami","status":"publish","type":"post","link":"https:\/\/www.maisonwabisabi.com\/en\/amane-murakami\/","title":{"rendered":"Rencontre avec Amane MURAKAMI \u6751\u4e0a \u5468 Designer japonais \u00e0 Tokyo"},"content":{"rendered":"<div style=\"height:20px\" aria-hidden=\"true\" class=\"wp-block-spacer\"><\/div>\n\n\n\n<div class=\"wp-block-media-text is-stacked-on-mobile\"><figure class=\"wp-block-media-text__media\"><img loading=\"lazy\" decoding=\"async\" width=\"1024\" height=\"1024\" src=\"https:\/\/www.maisonwabisabi.com\/wp-content\/uploads\/2024\/06\/Amane-MURAKAMI-Portrait.jpg\" alt=\"Amane MURAKAMI - Portrait\" class=\"wp-image-28950 size-full\" srcset=\"https:\/\/www.maisonwabisabi.com\/wp-content\/uploads\/2024\/06\/Amane-MURAKAMI-Portrait.jpg 1024w, https:\/\/www.maisonwabisabi.com\/wp-content\/uploads\/2024\/06\/Amane-MURAKAMI-Portrait-300x300.jpg 300w, https:\/\/www.maisonwabisabi.com\/wp-content\/uploads\/2024\/06\/Amane-MURAKAMI-Portrait-150x150.jpg 150w, https:\/\/www.maisonwabisabi.com\/wp-content\/uploads\/2024\/06\/Amane-MURAKAMI-Portrait-768x768.jpg 768w, https:\/\/www.maisonwabisabi.com\/wp-content\/uploads\/2024\/06\/Amane-MURAKAMI-Portrait-600x600.jpg 600w, https:\/\/www.maisonwabisabi.com\/wp-content\/uploads\/2024\/06\/Amane-MURAKAMI-Portrait-100x100.jpg 100w\" sizes=\"auto, (max-width: 1024px) 100vw, 1024px\" \/><\/figure><div class=\"wp-block-media-text__content\">\n<p><\/p>\n\n\n\n<h2 class=\"wp-block-heading has-black-color has-text-color\" style=\"font-size:21px\"><strong><mark style=\"background-color:rgba(0, 0, 0, 0);color:#7d4e2d\" class=\"has-inline-color\">Amane MURAKAMI et<\/mark> <a href=\"https:\/\/www.maisonwabisabi.com\/en\/product-category\/ceramistes-du-japon\/ceramiste-amane-murakami\/\" target=\"_blank\" rel=\"noreferrer noopener\">ses cr\u00e9ations<\/a><\/strong><\/h2>\n\n\n\n<p class=\"has-black-color has-text-color\" style=\"font-size:17px\">(1975-)<\/p>\n\n\n\n<p class=\"has-black-color has-text-color\" style=\"font-size:17px\">Il a vision du design profond\u00e9ment li\u00e9e au temps et \u00e0 la m\u00e9moire des objets. Il ne se d\u00e9finit pas simplement comme cr\u00e9ateur de produits, mais comme concepteur d\u2019exp\u00e9riences visuelles et culturelles. Selon lui, le r\u00f4le du designer consiste \u00e0 r\u00e9v\u00e9ler la beaut\u00e9 cach\u00e9e dans les usages ordinaires, en transformant des formes famili\u00e8res par un d\u00e9placement subtil du regard.<\/p>\n\n\n\n<p class=\"has-black-color has-text-color\" style=\"font-size:17px\">Son approche m\u00eale recherche historique, observation des savoir-faire artisanaux et sens aigu du graphisme. Il s\u2019int\u00e9resse particuli\u00e8rement aux objets anciens, qu\u2019il analyse pour en extraire une logique formelle ou symbolique qu\u2019il r\u00e9interpr\u00e8te ensuite. Cette m\u00e9thode lui permet de produire des cr\u00e9ations \u00e0 la fois contemporaines et empreintes de r\u00e9sonances culturelles. Il insiste sur la responsabilit\u00e9 du designer : proposer des objets qui ne soient pas de simples tendances \u00e9ph\u00e9m\u00e8res, mais qui puissent accompagner durablement la vie quotidienne tout en conservant une force expressive.<\/p>\n<\/div><\/div>\n\n\n\n<div class=\"wp-block-media-text has-media-on-the-right is-stacked-on-mobile\"><div class=\"wp-block-media-text__content\">\n<p class=\"has-black-color has-text-color has-link-color wp-elements-4022e0bb845d7cc22e1475740bdab338\" style=\"font-size:17px\"><\/p>\n\n\n\n<p class=\"has-black-color has-text-color has-link-color wp-elements-e87d2ad75a0db0051a9a66534b75dcf2\" style=\"font-size:17px\">Au c\u0153ur de son travail se trouve\u00a0AMABRO, marque \u00e0 travers laquelle il concr\u00e9tise sa r\u00e9flexion sur la fronti\u00e8re entre art et usage. Murakami explique qu\u2019il cherche \u00e0 faire dialoguer l\u2019esth\u00e9tique artistique avec la fonctionnalit\u00e9 domestique, sans hi\u00e9rarchiser l\u2019une ou l\u2019autre.<\/p>\n\n\n\n<p class=\"has-black-color has-text-color has-link-color wp-elements-d467e3920c19fa055c41a6bf768a6928\" style=\"font-size:17px\">Pour lui, un objet utilitaire peut porter une dimension conceptuelle forte, \u00e0 condition que sa forme, sa mati\u00e8re et sa couleur soient pens\u00e9es avec coh\u00e9rence. Il d\u00e9veloppe un langage visuel fond\u00e9 sur la simplicit\u00e9 apparente, mais enrichi de d\u00e9tails graphiques pr\u00e9cis et de r\u00e9f\u00e9rences culturelles discr\u00e8tes.<\/p>\n\n\n\n<p class=\"has-black-color has-text-color has-link-color wp-elements-15ac226dd182569a09da2c54d24c7299\" style=\"font-size:17px\">Son concept repose sur la relecture d\u2019artefacts traditionnels qu\u2019il transpose dans un contexte contemporain, cr\u00e9ant ainsi un pont entre pass\u00e9 et pr\u00e9sent. \u00c0 travers cette d\u00e9marche, il affirme qu\u2019un designer doit \u00eatre \u00e0 la fois chercheur, \u00e9diteur et metteur en sc\u00e8ne, capable de donner une nouvelle narration aux objets du quotidien.<\/p>\n<\/div><figure class=\"wp-block-media-text__media\"><img loading=\"lazy\" decoding=\"async\" width=\"1024\" height=\"1024\" src=\"https:\/\/www.maisonwabisabi.com\/wp-content\/uploads\/2024\/06\/N24AMABROJPNMAM1-Set2.jpg\" alt=\"Amane MURAKAMI - AMABRO Mame Incomplete\" class=\"wp-image-28955 size-full\" srcset=\"https:\/\/www.maisonwabisabi.com\/wp-content\/uploads\/2024\/06\/N24AMABROJPNMAM1-Set2.jpg 1024w, https:\/\/www.maisonwabisabi.com\/wp-content\/uploads\/2024\/06\/N24AMABROJPNMAM1-Set2-300x300.jpg 300w, https:\/\/www.maisonwabisabi.com\/wp-content\/uploads\/2024\/06\/N24AMABROJPNMAM1-Set2-150x150.jpg 150w, https:\/\/www.maisonwabisabi.com\/wp-content\/uploads\/2024\/06\/N24AMABROJPNMAM1-Set2-768x768.jpg 768w, https:\/\/www.maisonwabisabi.com\/wp-content\/uploads\/2024\/06\/N24AMABROJPNMAM1-Set2-600x600.jpg 600w, https:\/\/www.maisonwabisabi.com\/wp-content\/uploads\/2024\/06\/N24AMABROJPNMAM1-Set2-100x100.jpg 100w\" sizes=\"auto, (max-width: 1024px) 100vw, 1024px\" \/><\/figure><\/div>\n\n\n\n<div class=\"wp-block-media-text is-stacked-on-mobile\"><figure class=\"wp-block-media-text__media\"><img loading=\"lazy\" decoding=\"async\" width=\"1024\" height=\"1024\" src=\"https:\/\/www.maisonwabisabi.com\/wp-content\/uploads\/2024\/06\/N24AMABROJPNMAM1-Set1.jpg\" alt=\"Amane MURAKAMI - AMABRO Mame Incomplete\" class=\"wp-image-28954 size-full\" srcset=\"https:\/\/www.maisonwabisabi.com\/wp-content\/uploads\/2024\/06\/N24AMABROJPNMAM1-Set1.jpg 1024w, https:\/\/www.maisonwabisabi.com\/wp-content\/uploads\/2024\/06\/N24AMABROJPNMAM1-Set1-300x300.jpg 300w, https:\/\/www.maisonwabisabi.com\/wp-content\/uploads\/2024\/06\/N24AMABROJPNMAM1-Set1-150x150.jpg 150w, https:\/\/www.maisonwabisabi.com\/wp-content\/uploads\/2024\/06\/N24AMABROJPNMAM1-Set1-768x768.jpg 768w, https:\/\/www.maisonwabisabi.com\/wp-content\/uploads\/2024\/06\/N24AMABROJPNMAM1-Set1-600x600.jpg 600w, https:\/\/www.maisonwabisabi.com\/wp-content\/uploads\/2024\/06\/N24AMABROJPNMAM1-Set1-100x100.jpg 100w\" sizes=\"auto, (max-width: 1024px) 100vw, 1024px\" \/><\/figure><div class=\"wp-block-media-text__content\">\n<p class=\"has-black-color has-text-color has-link-color wp-elements-4022e0bb845d7cc22e1475740bdab338\" style=\"font-size:17px\"><\/p>\n\n\n\n<p class=\"has-black-color has-text-color has-link-color wp-elements-6692c2b1094ee89321c1de53d0e2cd92\" style=\"font-size:17px\">MURAKAMI san \u00e9voque \u00e9galement la tension constante entre cr\u00e9ation libre et r\u00e9alit\u00e9 \u00e9conomique, qu\u2019il consid\u00e8re comme un moteur plut\u00f4t qu\u2019un obstacle. Il reconna\u00eet que l\u2019art et le design \u00e9voluent dans des cycles rapides, mais il refuse de courir apr\u00e8s la nouveaut\u00e9 superficielle. <\/p>\n\n\n\n<p class=\"has-black-color has-text-color has-link-color wp-elements-1f502a2a06a6356af8b61a0b515f227c\" style=\"font-size:17px\">Son concept repose sur la continuit\u00e9 : approfondir une id\u00e9e, la d\u00e9cliner avec coh\u00e9rence, laisser le temps renforcer sa pertinence. Il insiste sur l\u2019importance de la curiosit\u00e9 intellectuelle et de l\u2019observation attentive du monde contemporain, qu\u2019il analyse pour y d\u00e9celer des formes et des besoins \u00e9mergents.<\/p>\n\n\n\n<p class=\"has-black-color has-text-color has-link-color wp-elements-1506d7b19fb5ec3eef51e3ebfd663628\" style=\"font-size:17px\">En tant que designer, il se voit comme un m\u00e9diateur entre culture visuelle, artisanat et soci\u00e9t\u00e9 actuelle. Son ambition n\u2019est pas de produire en masse, mais de proposer des objets qui suscitent une relation intime et durable. Ainsi, son travail s\u2019inscrit dans une d\u00e9marche r\u00e9fl\u00e9chie o\u00f9 chaque cr\u00e9ation devient une proposition culturelle autant qu\u2019un objet fonctionnel.<\/p>\n<\/div><\/div>\n\n\n\n<p class=\"has-text-align-center has-black-color has-text-color\" style=\"font-size:15px\">Source des photos et des textes : Amane MURAKAMI et Yann san<\/p>\n\n\n\n<div style=\"height:100px\" aria-hidden=\"true\" class=\"wp-block-spacer\"><\/div>","protected":false},"excerpt":{"rendered":"<p>Amane MURAKAMI et ses cr\u00e9ations (1975-) Il a vision du design profond\u00e9ment li\u00e9e au temps et \u00e0 la m\u00e9moire des [&hellip;]<\/p>\n","protected":false},"author":1,"featured_media":0,"comment_status":"closed","ping_status":"closed","sticky":false,"template":"","format":"standard","meta":{"site-sidebar-layout":"default","site-content-layout":"","ast-site-content-layout":"default","site-content-style":"default","site-sidebar-style":"default","ast-global-header-display":"","ast-banner-title-visibility":"","ast-main-header-display":"","ast-hfb-above-header-display":"","ast-hfb-below-header-display":"","ast-hfb-mobile-header-display":"","site-post-title":"disabled","ast-breadcrumbs-content":"","ast-featured-img":"","footer-sml-layout":"","ast-disable-related-posts":"","theme-transparent-header-meta":"","adv-header-id-meta":"","stick-header-meta":"","header-above-stick-meta":"","header-main-stick-meta":"","header-below-stick-meta":"","astra-migrate-meta-layouts":"default","ast-page-background-enabled":"default","ast-page-background-meta":{"desktop":{"background-color":"var(--ast-global-color-5)","background-image":"","background-repeat":"repeat","background-position":"center center","background-size":"auto","background-attachment":"scroll","background-type":"","background-media":"","overlay-type":"","overlay-color":"","overlay-opacity":"","overlay-gradient":""},"tablet":{"background-color":"","background-image":"","background-repeat":"repeat","background-position":"center center","background-size":"auto","background-attachment":"scroll","background-type":"","background-media":"","overlay-type":"","overlay-color":"","overlay-opacity":"","overlay-gradient":""},"mobile":{"background-color":"","background-image":"","background-repeat":"repeat","background-position":"center center","background-size":"auto","background-attachment":"scroll","background-type":"","background-media":"","overlay-type":"","overlay-color":"","overlay-opacity":"","overlay-gradient":""}},"ast-content-background-meta":{"desktop":{"background-color":"var(--ast-global-color-4)","background-image":"","background-repeat":"repeat","background-position":"center center","background-size":"auto","background-attachment":"scroll","background-type":"","background-media":"","overlay-type":"","overlay-color":"","overlay-opacity":"","overlay-gradient":""},"tablet":{"background-color":"var(--ast-global-color-4)","background-image":"","background-repeat":"repeat","background-position":"center center","background-size":"auto","background-attachment":"scroll","background-type":"","background-media":"","overlay-type":"","overlay-color":"","overlay-opacity":"","overlay-gradient":""},"mobile":{"background-color":"var(--ast-global-color-4)","background-image":"","background-repeat":"repeat","background-position":"center center","background-size":"auto","background-attachment":"scroll","background-type":"","background-media":"","overlay-type":"","overlay-color":"","overlay-opacity":"","overlay-gradient":""}},"footnotes":""},"categories":[76],"tags":[],"class_list":["post-39681","post","type-post","status-publish","format-standard","hentry","category-ceramistes"],"yoast_head":"<!-- This site is optimized with the Yoast SEO plugin v27.5 - https:\/\/yoast.com\/product\/yoast-seo-wordpress\/ -->\n<title>Amane MURAKAMI - Maison Wabi-Sabi - C\u00e9ramiste<\/title>\n<meta name=\"description\" content=\"Amane MURAKAMI \u6751\u4e0a \u5468 est \u00e0 Tokyo, pr\u00e9fecture de Tokyo, sur Honsh\u016b. H\u00e2te de vous pr\u00e9senter ses cr\u00e9ations en boutique. C\u00e9ramique japonaise.\" \/>\n<meta name=\"robots\" content=\"index, follow, max-snippet:-1, max-image-preview:large, max-video-preview:-1\" \/>\n<link rel=\"canonical\" href=\"https:\/\/www.maisonwabisabi.com\/en\/amane-murakami\/\" \/>\n<meta property=\"og:locale\" content=\"en_GB\" \/>\n<meta property=\"og:type\" content=\"article\" \/>\n<meta property=\"og:title\" content=\"Amane MURAKAMI - Maison Wabi-Sabi - C\u00e9ramiste\" \/>\n<meta property=\"og:description\" content=\"Amane MURAKAMI \u6751\u4e0a \u5468 est \u00e0 Tokyo, pr\u00e9fecture de Tokyo, sur Honsh\u016b. H\u00e2te de vous pr\u00e9senter ses cr\u00e9ations en boutique. C\u00e9ramique japonaise.\" \/>\n<meta property=\"og:url\" content=\"https:\/\/www.maisonwabisabi.com\/en\/amane-murakami\/\" \/>\n<meta property=\"og:site_name\" content=\"Maison Wabi-Sabi\" \/>\n<meta property=\"article:publisher\" content=\"https:\/\/www.facebook.com\/MaisonWabiSabi\" \/>\n<meta property=\"article:author\" content=\"https:\/\/www.facebook.com\/MaisonWabiSabi\" \/>\n<meta property=\"article:published_time\" content=\"2026-02-28T17:50:42+00:00\" \/>\n<meta property=\"article:modified_time\" content=\"2026-02-28T17:51:04+00:00\" \/>\n<meta property=\"og:image\" content=\"https:\/\/www.maisonwabisabi.com\/wp-content\/uploads\/2024\/06\/Amane-MURAKAMI-Portrait.jpg\" \/>\n\t<meta property=\"og:image:width\" content=\"1024\" \/>\n\t<meta property=\"og:image:height\" content=\"1024\" \/>\n\t<meta property=\"og:image:type\" content=\"image\/jpeg\" \/>\n<meta name=\"author\" content=\"Yann san\" \/>\n<meta name=\"twitter:card\" content=\"summary_large_image\" \/>\n<meta name=\"twitter:label1\" content=\"Written by\" \/>\n\t<meta name=\"twitter:data1\" content=\"Yann san\" \/>\n\t<meta name=\"twitter:label2\" content=\"Estimated reading time\" \/>\n\t<meta name=\"twitter:data2\" content=\"3 minutes\" \/>\n<script type=\"application\/ld+json\" class=\"yoast-schema-graph\">{\"@context\":\"https:\\\/\\\/schema.org\",\"@graph\":[{\"@type\":\"Article\",\"@id\":\"https:\\\/\\\/www.maisonwabisabi.com\\\/amane-murakami\\\/#article\",\"isPartOf\":{\"@id\":\"https:\\\/\\\/www.maisonwabisabi.com\\\/amane-murakami\\\/\"},\"author\":{\"name\":\"Yann san\",\"@id\":\"https:\\\/\\\/www.maisonwabisabi.com\\\/#\\\/schema\\\/person\\\/b2458bb9fa2737d1a11eabc63d3aabc9\"},\"headline\":\"Rencontre avec Amane MURAKAMI \u6751\u4e0a \u5468 Designer japonais \u00e0 Tokyo\",\"datePublished\":\"2026-02-28T17:50:42+00:00\",\"dateModified\":\"2026-02-28T17:51:04+00:00\",\"mainEntityOfPage\":{\"@id\":\"https:\\\/\\\/www.maisonwabisabi.com\\\/amane-murakami\\\/\"},\"wordCount\":516,\"publisher\":{\"@id\":\"https:\\\/\\\/www.maisonwabisabi.com\\\/#organization\"},\"image\":{\"@id\":\"https:\\\/\\\/www.maisonwabisabi.com\\\/amane-murakami\\\/#primaryimage\"},\"thumbnailUrl\":\"https:\\\/\\\/www.maisonwabisabi.com\\\/wp-content\\\/uploads\\\/2024\\\/06\\\/Amane-MURAKAMI-Portrait.jpg\",\"articleSection\":[\"C\u00e9ramistes\"],\"inLanguage\":\"en-GB\"},{\"@type\":\"WebPage\",\"@id\":\"https:\\\/\\\/www.maisonwabisabi.com\\\/amane-murakami\\\/\",\"url\":\"https:\\\/\\\/www.maisonwabisabi.com\\\/amane-murakami\\\/\",\"name\":\"Amane MURAKAMI - Maison Wabi-Sabi - C\u00e9ramiste\",\"isPartOf\":{\"@id\":\"https:\\\/\\\/www.maisonwabisabi.com\\\/#website\"},\"primaryImageOfPage\":{\"@id\":\"https:\\\/\\\/www.maisonwabisabi.com\\\/amane-murakami\\\/#primaryimage\"},\"image\":{\"@id\":\"https:\\\/\\\/www.maisonwabisabi.com\\\/amane-murakami\\\/#primaryimage\"},\"thumbnailUrl\":\"https:\\\/\\\/www.maisonwabisabi.com\\\/wp-content\\\/uploads\\\/2024\\\/06\\\/Amane-MURAKAMI-Portrait.jpg\",\"datePublished\":\"2026-02-28T17:50:42+00:00\",\"dateModified\":\"2026-02-28T17:51:04+00:00\",\"description\":\"Amane MURAKAMI \u6751\u4e0a \u5468 est \u00e0 Tokyo, pr\u00e9fecture de Tokyo, sur Honsh\u016b. H\u00e2te de vous pr\u00e9senter ses cr\u00e9ations en boutique. C\u00e9ramique japonaise.\",\"breadcrumb\":{\"@id\":\"https:\\\/\\\/www.maisonwabisabi.com\\\/amane-murakami\\\/#breadcrumb\"},\"inLanguage\":\"en-GB\",\"potentialAction\":[{\"@type\":\"ReadAction\",\"target\":[\"https:\\\/\\\/www.maisonwabisabi.com\\\/amane-murakami\\\/\"]}]},{\"@type\":\"ImageObject\",\"inLanguage\":\"en-GB\",\"@id\":\"https:\\\/\\\/www.maisonwabisabi.com\\\/amane-murakami\\\/#primaryimage\",\"url\":\"https:\\\/\\\/www.maisonwabisabi.com\\\/wp-content\\\/uploads\\\/2024\\\/06\\\/Amane-MURAKAMI-Portrait.jpg\",\"contentUrl\":\"https:\\\/\\\/www.maisonwabisabi.com\\\/wp-content\\\/uploads\\\/2024\\\/06\\\/Amane-MURAKAMI-Portrait.jpg\"},{\"@type\":\"BreadcrumbList\",\"@id\":\"https:\\\/\\\/www.maisonwabisabi.com\\\/amane-murakami\\\/#breadcrumb\",\"itemListElement\":[{\"@type\":\"ListItem\",\"position\":1,\"name\":\"Bienvenue\",\"item\":\"https:\\\/\\\/www.maisonwabisabi.com\\\/\"},{\"@type\":\"ListItem\",\"position\":2,\"name\":\"Rencontre avec Amane MURAKAMI \u6751\u4e0a \u5468 Designer japonais \u00e0 Tokyo\"}]},{\"@type\":\"WebSite\",\"@id\":\"https:\\\/\\\/www.maisonwabisabi.com\\\/#website\",\"url\":\"https:\\\/\\\/www.maisonwabisabi.com\\\/\",\"name\":\"Maison Wabi-Sabi\",\"description\":\"\",\"publisher\":{\"@id\":\"https:\\\/\\\/www.maisonwabisabi.com\\\/#organization\"},\"potentialAction\":[{\"@type\":\"SearchAction\",\"target\":{\"@type\":\"EntryPoint\",\"urlTemplate\":\"https:\\\/\\\/www.maisonwabisabi.com\\\/?s={search_term_string}\"},\"query-input\":{\"@type\":\"PropertyValueSpecification\",\"valueRequired\":true,\"valueName\":\"search_term_string\"}}],\"inLanguage\":\"en-GB\"},{\"@type\":\"Organization\",\"@id\":\"https:\\\/\\\/www.maisonwabisabi.com\\\/#organization\",\"name\":\"Maison Wabi-Sabi\",\"url\":\"https:\\\/\\\/www.maisonwabisabi.com\\\/\",\"logo\":{\"@type\":\"ImageObject\",\"inLanguage\":\"en-GB\",\"@id\":\"https:\\\/\\\/www.maisonwabisabi.com\\\/#\\\/schema\\\/logo\\\/image\\\/\",\"url\":\"https:\\\/\\\/www.maisonwabisabi.com\\\/wp-content\\\/uploads\\\/2021\\\/11\\\/Logo-de-maison-Wabi-Sabi.jpg\",\"contentUrl\":\"https:\\\/\\\/www.maisonwabisabi.com\\\/wp-content\\\/uploads\\\/2021\\\/11\\\/Logo-de-maison-Wabi-Sabi.jpg\",\"width\":1024,\"height\":1024,\"caption\":\"Maison Wabi-Sabi\"},\"image\":{\"@id\":\"https:\\\/\\\/www.maisonwabisabi.com\\\/#\\\/schema\\\/logo\\\/image\\\/\"},\"sameAs\":[\"https:\\\/\\\/www.facebook.com\\\/MaisonWabiSabi\",\"https:\\\/\\\/www.instagram.com\\\/maison.wabi.sabi\\\/?hl=fr\",\"https:\\\/\\\/www.linkedin.com\\\/company\\\/69088467\"]},{\"@type\":\"Person\",\"@id\":\"https:\\\/\\\/www.maisonwabisabi.com\\\/#\\\/schema\\\/person\\\/b2458bb9fa2737d1a11eabc63d3aabc9\",\"name\":\"Yann san\",\"sameAs\":[\"https:\\\/\\\/www.maisonwabisabi.com\",\"https:\\\/\\\/www.facebook.com\\\/MaisonWabiSabi\",\"https:\\\/\\\/www.instagram.com\\\/maison.wabi.sabi\\\/\"],\"url\":\"https:\\\/\\\/www.maisonwabisabi.com\\\/en\\\/author\\\/4729952\\\/\"}]}<\/script>\n<!-- \/ Yoast SEO plugin. -->","yoast_head_json":{"title":"Amane MURAKAMI - Maison Wabi-Sabi - C\u00e9ramiste","description":"Amane MURAKAMI \u6751\u4e0a \u5468 est \u00e0 Tokyo, pr\u00e9fecture de Tokyo, sur Honsh\u016b. H\u00e2te de vous pr\u00e9senter ses cr\u00e9ations en boutique. C\u00e9ramique japonaise.","robots":{"index":"index","follow":"follow","max-snippet":"max-snippet:-1","max-image-preview":"max-image-preview:large","max-video-preview":"max-video-preview:-1"},"canonical":"https:\/\/www.maisonwabisabi.com\/en\/amane-murakami\/","og_locale":"en_GB","og_type":"article","og_title":"Amane MURAKAMI - Maison Wabi-Sabi - C\u00e9ramiste","og_description":"Amane MURAKAMI \u6751\u4e0a \u5468 est \u00e0 Tokyo, pr\u00e9fecture de Tokyo, sur Honsh\u016b. H\u00e2te de vous pr\u00e9senter ses cr\u00e9ations en boutique. C\u00e9ramique japonaise.","og_url":"https:\/\/www.maisonwabisabi.com\/en\/amane-murakami\/","og_site_name":"Maison Wabi-Sabi","article_publisher":"https:\/\/www.facebook.com\/MaisonWabiSabi","article_author":"https:\/\/www.facebook.com\/MaisonWabiSabi","article_published_time":"2026-02-28T17:50:42+00:00","article_modified_time":"2026-02-28T17:51:04+00:00","og_image":[{"width":1024,"height":1024,"url":"https:\/\/www.maisonwabisabi.com\/wp-content\/uploads\/2024\/06\/Amane-MURAKAMI-Portrait.jpg","type":"image\/jpeg"}],"author":"Yann san","twitter_card":"summary_large_image","twitter_misc":{"Written by":"Yann san","Estimated reading time":"3 minutes"},"schema":{"@context":"https:\/\/schema.org","@graph":[{"@type":"Article","@id":"https:\/\/www.maisonwabisabi.com\/amane-murakami\/#article","isPartOf":{"@id":"https:\/\/www.maisonwabisabi.com\/amane-murakami\/"},"author":{"name":"Yann san","@id":"https:\/\/www.maisonwabisabi.com\/#\/schema\/person\/b2458bb9fa2737d1a11eabc63d3aabc9"},"headline":"Rencontre avec Amane MURAKAMI \u6751\u4e0a \u5468 Designer japonais \u00e0 Tokyo","datePublished":"2026-02-28T17:50:42+00:00","dateModified":"2026-02-28T17:51:04+00:00","mainEntityOfPage":{"@id":"https:\/\/www.maisonwabisabi.com\/amane-murakami\/"},"wordCount":516,"publisher":{"@id":"https:\/\/www.maisonwabisabi.com\/#organization"},"image":{"@id":"https:\/\/www.maisonwabisabi.com\/amane-murakami\/#primaryimage"},"thumbnailUrl":"https:\/\/www.maisonwabisabi.com\/wp-content\/uploads\/2024\/06\/Amane-MURAKAMI-Portrait.jpg","articleSection":["C\u00e9ramistes"],"inLanguage":"en-GB"},{"@type":"WebPage","@id":"https:\/\/www.maisonwabisabi.com\/amane-murakami\/","url":"https:\/\/www.maisonwabisabi.com\/amane-murakami\/","name":"Amane MURAKAMI - Maison Wabi-Sabi - C\u00e9ramiste","isPartOf":{"@id":"https:\/\/www.maisonwabisabi.com\/#website"},"primaryImageOfPage":{"@id":"https:\/\/www.maisonwabisabi.com\/amane-murakami\/#primaryimage"},"image":{"@id":"https:\/\/www.maisonwabisabi.com\/amane-murakami\/#primaryimage"},"thumbnailUrl":"https:\/\/www.maisonwabisabi.com\/wp-content\/uploads\/2024\/06\/Amane-MURAKAMI-Portrait.jpg","datePublished":"2026-02-28T17:50:42+00:00","dateModified":"2026-02-28T17:51:04+00:00","description":"Amane MURAKAMI \u6751\u4e0a \u5468 est \u00e0 Tokyo, pr\u00e9fecture de Tokyo, sur Honsh\u016b. H\u00e2te de vous pr\u00e9senter ses cr\u00e9ations en boutique. C\u00e9ramique japonaise.","breadcrumb":{"@id":"https:\/\/www.maisonwabisabi.com\/amane-murakami\/#breadcrumb"},"inLanguage":"en-GB","potentialAction":[{"@type":"ReadAction","target":["https:\/\/www.maisonwabisabi.com\/amane-murakami\/"]}]},{"@type":"ImageObject","inLanguage":"en-GB","@id":"https:\/\/www.maisonwabisabi.com\/amane-murakami\/#primaryimage","url":"https:\/\/www.maisonwabisabi.com\/wp-content\/uploads\/2024\/06\/Amane-MURAKAMI-Portrait.jpg","contentUrl":"https:\/\/www.maisonwabisabi.com\/wp-content\/uploads\/2024\/06\/Amane-MURAKAMI-Portrait.jpg"},{"@type":"BreadcrumbList","@id":"https:\/\/www.maisonwabisabi.com\/amane-murakami\/#breadcrumb","itemListElement":[{"@type":"ListItem","position":1,"name":"Bienvenue","item":"https:\/\/www.maisonwabisabi.com\/"},{"@type":"ListItem","position":2,"name":"Rencontre avec Amane MURAKAMI \u6751\u4e0a \u5468 Designer japonais \u00e0 Tokyo"}]},{"@type":"WebSite","@id":"https:\/\/www.maisonwabisabi.com\/#website","url":"https:\/\/www.maisonwabisabi.com\/","name":"Maison Wabi-Sabi","description":"","publisher":{"@id":"https:\/\/www.maisonwabisabi.com\/#organization"},"potentialAction":[{"@type":"SearchAction","target":{"@type":"EntryPoint","urlTemplate":"https:\/\/www.maisonwabisabi.com\/?s={search_term_string}"},"query-input":{"@type":"PropertyValueSpecification","valueRequired":true,"valueName":"search_term_string"}}],"inLanguage":"en-GB"},{"@type":"Organization","@id":"https:\/\/www.maisonwabisabi.com\/#organization","name":"Maison Wabi-Sabi","url":"https:\/\/www.maisonwabisabi.com\/","logo":{"@type":"ImageObject","inLanguage":"en-GB","@id":"https:\/\/www.maisonwabisabi.com\/#\/schema\/logo\/image\/","url":"https:\/\/www.maisonwabisabi.com\/wp-content\/uploads\/2021\/11\/Logo-de-maison-Wabi-Sabi.jpg","contentUrl":"https:\/\/www.maisonwabisabi.com\/wp-content\/uploads\/2021\/11\/Logo-de-maison-Wabi-Sabi.jpg","width":1024,"height":1024,"caption":"Maison Wabi-Sabi"},"image":{"@id":"https:\/\/www.maisonwabisabi.com\/#\/schema\/logo\/image\/"},"sameAs":["https:\/\/www.facebook.com\/MaisonWabiSabi","https:\/\/www.instagram.com\/maison.wabi.sabi\/?hl=fr","https:\/\/www.linkedin.com\/company\/69088467"]},{"@type":"Person","@id":"https:\/\/www.maisonwabisabi.com\/#\/schema\/person\/b2458bb9fa2737d1a11eabc63d3aabc9","name":"Yann san","sameAs":["https:\/\/www.maisonwabisabi.com","https:\/\/www.facebook.com\/MaisonWabiSabi","https:\/\/www.instagram.com\/maison.wabi.sabi\/"],"url":"https:\/\/www.maisonwabisabi.com\/en\/author\/4729952\/"}]}},"_links":{"self":[{"href":"https:\/\/www.maisonwabisabi.com\/en\/wp-json\/wp\/v2\/posts\/39681","targetHints":{"allow":["GET"]}}],"collection":[{"href":"https:\/\/www.maisonwabisabi.com\/en\/wp-json\/wp\/v2\/posts"}],"about":[{"href":"https:\/\/www.maisonwabisabi.com\/en\/wp-json\/wp\/v2\/types\/post"}],"author":[{"embeddable":true,"href":"https:\/\/www.maisonwabisabi.com\/en\/wp-json\/wp\/v2\/users\/1"}],"replies":[{"embeddable":true,"href":"https:\/\/www.maisonwabisabi.com\/en\/wp-json\/wp\/v2\/comments?post=39681"}],"version-history":[{"count":1,"href":"https:\/\/www.maisonwabisabi.com\/en\/wp-json\/wp\/v2\/posts\/39681\/revisions"}],"predecessor-version":[{"id":39682,"href":"https:\/\/www.maisonwabisabi.com\/en\/wp-json\/wp\/v2\/posts\/39681\/revisions\/39682"}],"wp:attachment":[{"href":"https:\/\/www.maisonwabisabi.com\/en\/wp-json\/wp\/v2\/media?parent=39681"}],"wp:term":[{"taxonomy":"category","embeddable":true,"href":"https:\/\/www.maisonwabisabi.com\/en\/wp-json\/wp\/v2\/categories?post=39681"},{"taxonomy":"post_tag","embeddable":true,"href":"https:\/\/www.maisonwabisabi.com\/en\/wp-json\/wp\/v2\/tags?post=39681"}],"curies":[{"name":"wp","href":"https:\/\/api.w.org\/{rel}","templated":true}]}}