{"id":39100,"date":"2026-02-05T22:18:47","date_gmt":"2026-02-05T21:18:47","guid":{"rendered":"https:\/\/www.maisonwabisabi.com\/?p=39100"},"modified":"2026-03-07T16:34:10","modified_gmt":"2026-03-07T15:34:10","slug":"park-jae-guk","status":"publish","type":"post","link":"https:\/\/www.maisonwabisabi.com\/en\/park-jae-guk\/","title":{"rendered":"Rencontre avec Park Jae Guk \u1107\u1161\u11a8\u110c\u1162\u1100\u116e\u11a8 C\u00e9ramiste sud-cor\u00e9en \u00e0 Yaeju"},"content":{"rendered":"<div style=\"height:20px\" aria-hidden=\"true\" class=\"wp-block-spacer\"><\/div>\n\n\n\n<div class=\"wp-block-media-text is-stacked-on-mobile\"><figure class=\"wp-block-media-text__media\"><img loading=\"lazy\" decoding=\"async\" width=\"1024\" height=\"1024\" src=\"https:\/\/www.maisonwabisabi.com\/wp-content\/uploads\/2025\/12\/Park-jae-guk-Portrait.jpg\" alt=\"Park Jae Guk - Portrait\" class=\"wp-image-38695 size-full\" srcset=\"https:\/\/www.maisonwabisabi.com\/wp-content\/uploads\/2025\/12\/Park-jae-guk-Portrait.jpg 1024w, https:\/\/www.maisonwabisabi.com\/wp-content\/uploads\/2025\/12\/Park-jae-guk-Portrait-300x300.jpg 300w, https:\/\/www.maisonwabisabi.com\/wp-content\/uploads\/2025\/12\/Park-jae-guk-Portrait-150x150.jpg 150w, https:\/\/www.maisonwabisabi.com\/wp-content\/uploads\/2025\/12\/Park-jae-guk-Portrait-768x768.jpg 768w, https:\/\/www.maisonwabisabi.com\/wp-content\/uploads\/2025\/12\/Park-jae-guk-Portrait-12x12.jpg 12w, https:\/\/www.maisonwabisabi.com\/wp-content\/uploads\/2025\/12\/Park-jae-guk-Portrait-600x600.jpg 600w, https:\/\/www.maisonwabisabi.com\/wp-content\/uploads\/2025\/12\/Park-jae-guk-Portrait-100x100.jpg 100w\" sizes=\"auto, (max-width: 1024px) 100vw, 1024px\" \/><\/figure><div class=\"wp-block-media-text__content\">\n<p><\/p>\n\n\n\n<h2 class=\"wp-block-heading has-black-color has-text-color\" style=\"font-size:21px\"><strong><mark style=\"background-color:rgba(0, 0, 0, 0);color:#7d4e2d\" class=\"has-inline-color\">Park Jae Guk et<\/mark> <a href=\"https:\/\/www.maisonwabisabi.com\/en\/product-category\/ceramistes-monde\/ceramiste-park-jae-guk\/\" target=\"_blank\" rel=\"noreferrer noopener\">ses cr\u00e9ations<\/a><\/strong><\/h2>\n\n\n\n<p class=\"has-black-color has-text-color\" style=\"font-size:17px\">(1969-)<\/p>\n\n\n\n<p class=\"has-black-color has-text-color\" style=\"font-size:17px\">C\u00e9ramiste contemporain dont la pratique a \u00e9volu\u00e9 au fil de nombreuses expositions personnelles et collectives depuis les ann\u00e9es 2000. Il est connu pour ses nombreuses pr\u00e9sentations en solo \u00e0 travers la Cor\u00e9e, notamment des expositions majeures comme&nbsp;CLAY PAINTING&nbsp;\u00e0 la S\u00e9jong Gallery du S\u00e9jong Hotel,&nbsp;\ubc15\uc7ac\uad6d \ub3c4\uc790\uc804&nbsp;au Seoul Art Center, et&nbsp;\ud759\uc73c\ub85c \ube5a\uc740 \ud589\ubcf5 \uc774\uc57c\uae30&nbsp;\u00e0 la HanGaram Art Museum.<\/p>\n\n\n\n<p class=\"has-black-color has-text-color\" style=\"font-size:17px\">En parall\u00e8le, il a particip\u00e9 \u00e0 de nombreux \u00e9v\u00e9nements collectifs, foires et \u00e9changes internationaux, allant de la Ceramics China \u00e0 Guangzhou aux projets d\u2019art c\u00e9ramique en Japon et en Chine. Son parcours est marqu\u00e9 par une pr\u00e9sence soutenue sur la sc\u00e8ne cor\u00e9enne de la c\u00e9ramique, avec des participations r\u00e9guli\u00e8res \u00e0 des salons, des expositions et des collaborations culturelles, contribuant \u00e0 une visibilit\u00e9 constante de son travail depuis le d\u00e9but des ann\u00e9es 2000.<\/p>\n<\/div><\/div>\n\n\n\n<div class=\"wp-block-media-text has-media-on-the-right is-stacked-on-mobile\"><div class=\"wp-block-media-text__content\">\n<p class=\"has-black-color has-text-color has-link-color wp-elements-4022e0bb845d7cc22e1475740bdab338\" style=\"font-size:17px\"><\/p>\n\n\n\n<p class=\"has-black-color has-text-color has-link-color wp-elements-9dc52cbfa546cf9b34ffc3642bebf13a\" style=\"font-size:17px\">Ce qui le distingue des c\u00e9ramistes plus traditionnels est sa d\u00e9marche&nbsp;art-picturale appliqu\u00e9e \u00e0 la c\u00e9ramique, parfois d\u00e9crite comme&nbsp;\u201cClay Painting\u201d.<\/p>\n\n\n\n<p class=\"has-black-color has-text-color has-link-color wp-elements-de30ee4823cb364bf2a08b8f146dcf73\" style=\"font-size:17px\">Plut\u00f4t que de se limiter \u00e0 des formes utilitaires classiques, il consid\u00e8re l\u2019argile comme une surface expressive, cr\u00e9ant des pi\u00e8ces o\u00f9 la sculpture en bas-relief, la peinture et la forme se r\u00e9pondent. Dans cette approche, les plaques d\u2019argile sont souvent travaill\u00e9es en bas-relief, puis peintes avec des pigments, \u00e9maill\u00e9es et cuites pour r\u00e9v\u00e9ler des compositions uniques port\u00e9es par une sensibilit\u00e9 personnelle. Les motifs qui en r\u00e9sultent ne sont pas des repr\u00e9sentations r\u00e9alistes, mais des images sinc\u00e8res exprimant \u00e9motions, souvenirs et po\u00e9sie, capturant une beaut\u00e9 simple inspir\u00e9e de la nature et de la culture cor\u00e9enne.<\/p>\n\n\n\n<p class=\"has-black-color has-text-color has-link-color wp-elements-9c6f9768abc73501849ccfb8a2b76fe2\" style=\"font-size:17px\">Cette fusion de sculpture, peinture et c\u00e9ramique refl\u00e8te sa volont\u00e9 de&nbsp;brouiller la fronti\u00e8re entre artisanat et art contemporain, cr\u00e9ant des pi\u00e8ces uniques qui sont \u00e0 la fois objets et \u0153uvres visuelles.<\/p>\n<\/div><figure class=\"wp-block-media-text__media\"><img loading=\"lazy\" decoding=\"async\" width=\"1024\" height=\"1024\" src=\"https:\/\/www.maisonwabisabi.com\/wp-content\/uploads\/2026\/02\/Park-Jae-Guk-Atelier.jpg\" alt=\"Park Jae Guk - Atelier\" class=\"wp-image-39104 size-full\" srcset=\"https:\/\/www.maisonwabisabi.com\/wp-content\/uploads\/2026\/02\/Park-Jae-Guk-Atelier.jpg 1024w, https:\/\/www.maisonwabisabi.com\/wp-content\/uploads\/2026\/02\/Park-Jae-Guk-Atelier-300x300.jpg 300w, https:\/\/www.maisonwabisabi.com\/wp-content\/uploads\/2026\/02\/Park-Jae-Guk-Atelier-150x150.jpg 150w, https:\/\/www.maisonwabisabi.com\/wp-content\/uploads\/2026\/02\/Park-Jae-Guk-Atelier-768x768.jpg 768w, https:\/\/www.maisonwabisabi.com\/wp-content\/uploads\/2026\/02\/Park-Jae-Guk-Atelier-12x12.jpg 12w, https:\/\/www.maisonwabisabi.com\/wp-content\/uploads\/2026\/02\/Park-Jae-Guk-Atelier-600x600.jpg 600w, https:\/\/www.maisonwabisabi.com\/wp-content\/uploads\/2026\/02\/Park-Jae-Guk-Atelier-100x100.jpg 100w\" sizes=\"auto, (max-width: 1024px) 100vw, 1024px\" \/><\/figure><\/div>\n\n\n\n<div class=\"wp-block-media-text is-stacked-on-mobile\"><figure class=\"wp-block-media-text__media\"><img loading=\"lazy\" decoding=\"async\" width=\"1024\" height=\"1024\" src=\"https:\/\/www.maisonwabisabi.com\/wp-content\/uploads\/2026\/02\/Park-Jae-Guk-Au-turbin.jpg\" alt=\"Park Jae Guk - Au turbin\" class=\"wp-image-39105 size-full\" srcset=\"https:\/\/www.maisonwabisabi.com\/wp-content\/uploads\/2026\/02\/Park-Jae-Guk-Au-turbin.jpg 1024w, https:\/\/www.maisonwabisabi.com\/wp-content\/uploads\/2026\/02\/Park-Jae-Guk-Au-turbin-300x300.jpg 300w, https:\/\/www.maisonwabisabi.com\/wp-content\/uploads\/2026\/02\/Park-Jae-Guk-Au-turbin-150x150.jpg 150w, https:\/\/www.maisonwabisabi.com\/wp-content\/uploads\/2026\/02\/Park-Jae-Guk-Au-turbin-768x768.jpg 768w, https:\/\/www.maisonwabisabi.com\/wp-content\/uploads\/2026\/02\/Park-Jae-Guk-Au-turbin-12x12.jpg 12w, https:\/\/www.maisonwabisabi.com\/wp-content\/uploads\/2026\/02\/Park-Jae-Guk-Au-turbin-600x600.jpg 600w, https:\/\/www.maisonwabisabi.com\/wp-content\/uploads\/2026\/02\/Park-Jae-Guk-Au-turbin-100x100.jpg 100w\" sizes=\"auto, (max-width: 1024px) 100vw, 1024px\" \/><\/figure><div class=\"wp-block-media-text__content\">\n<p class=\"has-black-color has-text-color has-link-color wp-elements-4022e0bb845d7cc22e1475740bdab338\" style=\"font-size:17px\"><\/p>\n\n\n\n<p class=\"has-black-color has-text-color has-link-color wp-elements-3ac2cd6c946ec6cbf8bc6e332be03570\" style=\"font-size:17px\">L\u2019impact de Park Jae Guk dans le domaine c\u00e9ramique d\u00e9passe sa simple production d\u2019objets : il incarne une&nbsp;r\u00e9interpr\u00e9tation moderne de la tradition cor\u00e9enne, faisant dialoguer h\u00e9ritage artisanal et sensibilit\u00e9 contemporaine.<\/p>\n\n\n\n<p class=\"has-black-color has-text-color has-link-color wp-elements-ac1db74dda538c8a5e6daa85a66d0f82\" style=\"font-size:17px\">Par ses expositions et son atelier lui permettant de pr\u00e9senter son travail dans des contextes tant culturels qu\u2019esth\u00e9tiques, il montre comment la c\u00e9ramique peut \u00e9voluer vers de nouvelles formes d\u2019expression. Son art attire l\u2019attention non seulement de collectionneurs et d\u2019amateurs de c\u00e9ramique, mais aussi de milieux de design et d\u2019art, comme en t\u00e9moignent ses participations \u00e0 des plateformes internationales de design.<\/p>\n\n\n\n<p class=\"has-black-color has-text-color has-link-color wp-elements-f7982de085a35e8b8500d8dcd8525564\" style=\"font-size:17px\">Ses \u0153uvres sont signifiantes car elles offrent une&nbsp;vision po\u00e9tique et artistique de la c\u00e9ramique, r\u00e9sonnant avec une esth\u00e9tique cor\u00e9enne tout en s\u2019inscrivant dans une conversation plus large sur l\u2019art contemporain.&nbsp;<\/p>\n<\/div><\/div>\n\n\n\n<div class=\"wp-block-media-text has-media-on-the-right is-stacked-on-mobile\"><div class=\"wp-block-media-text__content\">\n<p class=\"has-black-color has-text-color has-link-color wp-elements-8388fead378c1cae0b6233c386e09352\" style=\"font-size:17px\"><\/p>\n\n\n\n<h3 class=\"wp-block-heading has-black-color has-text-color has-link-color wp-elements-2eb11bbb94582937ceca5138d9947945\" style=\"font-size:17px\"><strong><mark style=\"background-color:rgba(0, 0, 0, 0);color:#7d4e2d\" class=\"has-inline-color\"><strong>Park Jae Guk en 5<\/strong>&nbsp;dates importantes :<\/mark><\/strong><\/h3>\n\n\n\n<p class=\"has-black-color has-text-color has-link-color wp-elements-f5a6b6546268c7b3fda0c9868bcb3149\" style=\"font-size:17px\"><strong>2008 : <\/strong>Exposition personnelle \ubc15\uc7ac\uad6d \u2018\ud759 \uc774\uc57c\uae30\u2019 (Park Jae Guk&nbsp;Histoire de la Terre)&nbsp;\u00e0&nbsp;\uacf5\ud3c9\uc544\ud2b8\uc2a4\ud398\uc774\uc2a4 (Gongpyeong Art Space), \u00e0 S\u00e9oul. L\u2019une de ses 1\u00e8re expositions solo qui le fait conna\u00eetre sur la sc\u00e8ne cor\u00e9enne.&nbsp;<\/p>\n\n\n\n<p><strong>2011 : <\/strong>Exposition&nbsp;\ubc15\uc7ac\uad6d \ub3c4\uc790\uc804&nbsp;au Seoul Art Center&nbsp;(\uacf5\ud3c9\uac24\ub7ec\ub9ac \ubcc4\uad00, Insa-dong). Projets d\u2019installation publique. Oeuvres murales \u00e0 la Biblioth\u00e8que municipale de Yeoju et au Centre mondial de la c\u00e9ramique d\u2019Icheon.&nbsp;<\/p>\n\n\n\n<p><strong>2013 : <\/strong>Exposition&nbsp;<em>\ud759\uc73c\ub85c \ube5a\uc740 \ud589\ubcf5 \uc774\uc57c\uae30<\/em>&nbsp;(Histoire du bonheur fa\u00e7onn\u00e9e par la terre)&nbsp;\u00e0&nbsp;<em>\ud55c\uac00\ub78c\ubbf8\uc220\uad00<\/em>(HanGaram Art Museum) \u00e0 S\u00e9oul, une autre pr\u00e9sentation solo importante.&nbsp;<\/p>\n\n\n\n<p><strong>2015 : <\/strong>\u201cCLAY PAINTING\u201d et l\u2019exposition au S\u00e9jong Gallery&nbsp;(\uc138\uc885 \uac24\ub7ec\ub9ac, S\u00e9jong Hotel, S\u00e9oul).&nbsp;<\/p>\n\n\n\n<p class=\"has-black-color has-text-color has-link-color wp-elements-05520ce6cc4410eff329eae00854a606\" style=\"font-size:17px\"><strong>2025 : <\/strong>S\u00e9lection de ses \u0153uvres pour l\u2019exposition&nbsp;<em>Hallyu!<\/em>&nbsp;au&nbsp;<em>Museum Rietberg<\/em>&nbsp;\u00e0 Zurich (Suisse). Ses pi\u00e8ces \u201cNature\u2018s Poetry\u201d sont acquises et pr\u00e9sent\u00e9es dans le cadre d\u2019une exposition sur la culture cor\u00e9enne.<\/p>\n<\/div><figure class=\"wp-block-media-text__media\"><img loading=\"lazy\" decoding=\"async\" width=\"1024\" height=\"1024\" src=\"https:\/\/www.maisonwabisabi.com\/wp-content\/uploads\/2026\/02\/Park-Jae-Guk-Performance.jpg\" alt=\"Park Jae Guk - Performance\" class=\"wp-image-39106 size-full\" srcset=\"https:\/\/www.maisonwabisabi.com\/wp-content\/uploads\/2026\/02\/Park-Jae-Guk-Performance.jpg 1024w, https:\/\/www.maisonwabisabi.com\/wp-content\/uploads\/2026\/02\/Park-Jae-Guk-Performance-300x300.jpg 300w, https:\/\/www.maisonwabisabi.com\/wp-content\/uploads\/2026\/02\/Park-Jae-Guk-Performance-150x150.jpg 150w, https:\/\/www.maisonwabisabi.com\/wp-content\/uploads\/2026\/02\/Park-Jae-Guk-Performance-768x768.jpg 768w, https:\/\/www.maisonwabisabi.com\/wp-content\/uploads\/2026\/02\/Park-Jae-Guk-Performance-12x12.jpg 12w, https:\/\/www.maisonwabisabi.com\/wp-content\/uploads\/2026\/02\/Park-Jae-Guk-Performance-600x600.jpg 600w, https:\/\/www.maisonwabisabi.com\/wp-content\/uploads\/2026\/02\/Park-Jae-Guk-Performance-100x100.jpg 100w\" sizes=\"auto, (max-width: 1024px) 100vw, 1024px\" \/><\/figure><\/div>\n\n\n\n<p class=\"has-text-align-center has-black-color has-text-color\" style=\"font-size:15px\">Source des photos et des textes : Park Jae Guket Yann san<\/p>\n\n\n\n<div style=\"height:100px\" aria-hidden=\"true\" class=\"wp-block-spacer\"><\/div>","protected":false},"excerpt":{"rendered":"<p>Park Jae Guk et ses cr\u00e9ations (1969-) C\u00e9ramiste contemporain dont la pratique a \u00e9volu\u00e9 au fil de nombreuses expositions personnelles [&hellip;]<\/p>\n","protected":false},"author":1,"featured_media":0,"comment_status":"closed","ping_status":"closed","sticky":false,"template":"","format":"standard","meta":{"site-sidebar-layout":"default","site-content-layout":"","ast-site-content-layout":"default","site-content-style":"default","site-sidebar-style":"default","ast-global-header-display":"","ast-banner-title-visibility":"","ast-main-header-display":"","ast-hfb-above-header-display":"","ast-hfb-below-header-display":"","ast-hfb-mobile-header-display":"","site-post-title":"disabled","ast-breadcrumbs-content":"","ast-featured-img":"","footer-sml-layout":"","ast-disable-related-posts":"","theme-transparent-header-meta":"","adv-header-id-meta":"","stick-header-meta":"","header-above-stick-meta":"","header-main-stick-meta":"","header-below-stick-meta":"","astra-migrate-meta-layouts":"default","ast-page-background-enabled":"default","ast-page-background-meta":{"desktop":{"background-color":"var(--ast-global-color-5)","background-image":"","background-repeat":"repeat","background-position":"center center","background-size":"auto","background-attachment":"scroll","background-type":"","background-media":"","overlay-type":"","overlay-color":"","overlay-opacity":"","overlay-gradient":""},"tablet":{"background-color":"","background-image":"","background-repeat":"repeat","background-position":"center center","background-size":"auto","background-attachment":"scroll","background-type":"","background-media":"","overlay-type":"","overlay-color":"","overlay-opacity":"","overlay-gradient":""},"mobile":{"background-color":"","background-image":"","background-repeat":"repeat","background-position":"center center","background-size":"auto","background-attachment":"scroll","background-type":"","background-media":"","overlay-type":"","overlay-color":"","overlay-opacity":"","overlay-gradient":""}},"ast-content-background-meta":{"desktop":{"background-color":"var(--ast-global-color-4)","background-image":"","background-repeat":"repeat","background-position":"center center","background-size":"auto","background-attachment":"scroll","background-type":"","background-media":"","overlay-type":"","overlay-color":"","overlay-opacity":"","overlay-gradient":""},"tablet":{"background-color":"var(--ast-global-color-4)","background-image":"","background-repeat":"repeat","background-position":"center center","background-size":"auto","background-attachment":"scroll","background-type":"","background-media":"","overlay-type":"","overlay-color":"","overlay-opacity":"","overlay-gradient":""},"mobile":{"background-color":"var(--ast-global-color-4)","background-image":"","background-repeat":"repeat","background-position":"center center","background-size":"auto","background-attachment":"scroll","background-type":"","background-media":"","overlay-type":"","overlay-color":"","overlay-opacity":"","overlay-gradient":""}},"footnotes":""},"categories":[76],"tags":[],"class_list":["post-39100","post","type-post","status-publish","format-standard","hentry","category-ceramistes"],"yoast_head":"<!-- This site is optimized with the Yoast SEO plugin v27.5 - https:\/\/yoast.com\/product\/yoast-seo-wordpress\/ -->\n<title>Park Jae Guk - Maison Wabi-Sabi - C\u00e9ramiste<\/title>\n<meta name=\"description\" content=\"Park Jae Guk \u1107\u1161\u11a8\u110c\u1162\u1100\u116e\u11a8 est \u00e0 Yaeju, pr\u00e8s de S\u00e9oul, en Cor\u00e9e du Sud. H\u00e2te de vous pr\u00e9senter ses cr\u00e9ations en boutique. C\u00e9ramique cor\u00e9enne.\" \/>\n<meta name=\"robots\" content=\"index, follow, max-snippet:-1, max-image-preview:large, max-video-preview:-1\" \/>\n<link rel=\"canonical\" href=\"https:\/\/www.maisonwabisabi.com\/en\/park-jae-guk\/\" \/>\n<meta property=\"og:locale\" content=\"en_GB\" \/>\n<meta property=\"og:type\" content=\"article\" \/>\n<meta property=\"og:title\" content=\"Park Jae Guk - Maison Wabi-Sabi - C\u00e9ramiste\" \/>\n<meta property=\"og:description\" content=\"Park Jae Guk \u1107\u1161\u11a8\u110c\u1162\u1100\u116e\u11a8 est \u00e0 Yaeju, pr\u00e8s de S\u00e9oul, en Cor\u00e9e du Sud. H\u00e2te de vous pr\u00e9senter ses cr\u00e9ations en boutique. C\u00e9ramique cor\u00e9enne.\" \/>\n<meta property=\"og:url\" content=\"https:\/\/www.maisonwabisabi.com\/en\/park-jae-guk\/\" \/>\n<meta property=\"og:site_name\" content=\"Maison Wabi-Sabi\" \/>\n<meta property=\"article:publisher\" content=\"https:\/\/www.facebook.com\/MaisonWabiSabi\" \/>\n<meta property=\"article:author\" content=\"https:\/\/www.facebook.com\/MaisonWabiSabi\" \/>\n<meta property=\"article:published_time\" content=\"2026-02-05T21:18:47+00:00\" \/>\n<meta property=\"article:modified_time\" content=\"2026-03-07T15:34:10+00:00\" \/>\n<meta property=\"og:image\" content=\"https:\/\/www.maisonwabisabi.com\/wp-content\/uploads\/2025\/12\/Park-jae-guk-Portrait.jpg\" \/>\n\t<meta property=\"og:image:width\" content=\"1024\" \/>\n\t<meta property=\"og:image:height\" content=\"1024\" \/>\n\t<meta property=\"og:image:type\" content=\"image\/jpeg\" \/>\n<meta name=\"author\" content=\"Yann san\" \/>\n<meta name=\"twitter:card\" content=\"summary_large_image\" \/>\n<meta name=\"twitter:label1\" content=\"Written by\" \/>\n\t<meta name=\"twitter:data1\" content=\"Yann san\" \/>\n\t<meta name=\"twitter:label2\" content=\"Estimated reading time\" \/>\n\t<meta name=\"twitter:data2\" content=\"4 minutes\" \/>\n<script type=\"application\/ld+json\" class=\"yoast-schema-graph\">{\"@context\":\"https:\\\/\\\/schema.org\",\"@graph\":[{\"@type\":\"Article\",\"@id\":\"https:\\\/\\\/www.maisonwabisabi.com\\\/park-jae-guk\\\/#article\",\"isPartOf\":{\"@id\":\"https:\\\/\\\/www.maisonwabisabi.com\\\/park-jae-guk\\\/\"},\"author\":{\"name\":\"Yann san\",\"@id\":\"https:\\\/\\\/www.maisonwabisabi.com\\\/#\\\/schema\\\/person\\\/b2458bb9fa2737d1a11eabc63d3aabc9\"},\"headline\":\"Rencontre avec Park Jae Guk \u1107\u1161\u11a8\u110c\u1162\u1100\u116e\u11a8 C\u00e9ramiste sud-cor\u00e9en \u00e0 Yaeju\",\"datePublished\":\"2026-02-05T21:18:47+00:00\",\"dateModified\":\"2026-03-07T15:34:10+00:00\",\"mainEntityOfPage\":{\"@id\":\"https:\\\/\\\/www.maisonwabisabi.com\\\/park-jae-guk\\\/\"},\"wordCount\":655,\"publisher\":{\"@id\":\"https:\\\/\\\/www.maisonwabisabi.com\\\/#organization\"},\"image\":{\"@id\":\"https:\\\/\\\/www.maisonwabisabi.com\\\/park-jae-guk\\\/#primaryimage\"},\"thumbnailUrl\":\"https:\\\/\\\/www.maisonwabisabi.com\\\/wp-content\\\/uploads\\\/2025\\\/12\\\/Park-jae-guk-Portrait.jpg\",\"articleSection\":[\"C\u00e9ramistes\"],\"inLanguage\":\"en-GB\"},{\"@type\":\"WebPage\",\"@id\":\"https:\\\/\\\/www.maisonwabisabi.com\\\/park-jae-guk\\\/\",\"url\":\"https:\\\/\\\/www.maisonwabisabi.com\\\/park-jae-guk\\\/\",\"name\":\"Park Jae Guk - Maison Wabi-Sabi - C\u00e9ramiste\",\"isPartOf\":{\"@id\":\"https:\\\/\\\/www.maisonwabisabi.com\\\/#website\"},\"primaryImageOfPage\":{\"@id\":\"https:\\\/\\\/www.maisonwabisabi.com\\\/park-jae-guk\\\/#primaryimage\"},\"image\":{\"@id\":\"https:\\\/\\\/www.maisonwabisabi.com\\\/park-jae-guk\\\/#primaryimage\"},\"thumbnailUrl\":\"https:\\\/\\\/www.maisonwabisabi.com\\\/wp-content\\\/uploads\\\/2025\\\/12\\\/Park-jae-guk-Portrait.jpg\",\"datePublished\":\"2026-02-05T21:18:47+00:00\",\"dateModified\":\"2026-03-07T15:34:10+00:00\",\"description\":\"Park Jae Guk \u1107\u1161\u11a8\u110c\u1162\u1100\u116e\u11a8 est \u00e0 Yaeju, pr\u00e8s de S\u00e9oul, en Cor\u00e9e du Sud. H\u00e2te de vous pr\u00e9senter ses cr\u00e9ations en boutique. C\u00e9ramique cor\u00e9enne.\",\"breadcrumb\":{\"@id\":\"https:\\\/\\\/www.maisonwabisabi.com\\\/park-jae-guk\\\/#breadcrumb\"},\"inLanguage\":\"en-GB\",\"potentialAction\":[{\"@type\":\"ReadAction\",\"target\":[\"https:\\\/\\\/www.maisonwabisabi.com\\\/park-jae-guk\\\/\"]}]},{\"@type\":\"ImageObject\",\"inLanguage\":\"en-GB\",\"@id\":\"https:\\\/\\\/www.maisonwabisabi.com\\\/park-jae-guk\\\/#primaryimage\",\"url\":\"https:\\\/\\\/www.maisonwabisabi.com\\\/wp-content\\\/uploads\\\/2025\\\/12\\\/Park-jae-guk-Portrait.jpg\",\"contentUrl\":\"https:\\\/\\\/www.maisonwabisabi.com\\\/wp-content\\\/uploads\\\/2025\\\/12\\\/Park-jae-guk-Portrait.jpg\"},{\"@type\":\"BreadcrumbList\",\"@id\":\"https:\\\/\\\/www.maisonwabisabi.com\\\/park-jae-guk\\\/#breadcrumb\",\"itemListElement\":[{\"@type\":\"ListItem\",\"position\":1,\"name\":\"Bienvenue\",\"item\":\"https:\\\/\\\/www.maisonwabisabi.com\\\/\"},{\"@type\":\"ListItem\",\"position\":2,\"name\":\"Rencontre avec Park Jae Guk \u1107\u1161\u11a8\u110c\u1162\u1100\u116e\u11a8 C\u00e9ramiste sud-cor\u00e9en \u00e0 Yaeju\"}]},{\"@type\":\"WebSite\",\"@id\":\"https:\\\/\\\/www.maisonwabisabi.com\\\/#website\",\"url\":\"https:\\\/\\\/www.maisonwabisabi.com\\\/\",\"name\":\"Maison Wabi-Sabi\",\"description\":\"\",\"publisher\":{\"@id\":\"https:\\\/\\\/www.maisonwabisabi.com\\\/#organization\"},\"potentialAction\":[{\"@type\":\"SearchAction\",\"target\":{\"@type\":\"EntryPoint\",\"urlTemplate\":\"https:\\\/\\\/www.maisonwabisabi.com\\\/?s={search_term_string}\"},\"query-input\":{\"@type\":\"PropertyValueSpecification\",\"valueRequired\":true,\"valueName\":\"search_term_string\"}}],\"inLanguage\":\"en-GB\"},{\"@type\":\"Organization\",\"@id\":\"https:\\\/\\\/www.maisonwabisabi.com\\\/#organization\",\"name\":\"Maison Wabi-Sabi\",\"url\":\"https:\\\/\\\/www.maisonwabisabi.com\\\/\",\"logo\":{\"@type\":\"ImageObject\",\"inLanguage\":\"en-GB\",\"@id\":\"https:\\\/\\\/www.maisonwabisabi.com\\\/#\\\/schema\\\/logo\\\/image\\\/\",\"url\":\"https:\\\/\\\/www.maisonwabisabi.com\\\/wp-content\\\/uploads\\\/2021\\\/11\\\/Logo-de-maison-Wabi-Sabi.jpg\",\"contentUrl\":\"https:\\\/\\\/www.maisonwabisabi.com\\\/wp-content\\\/uploads\\\/2021\\\/11\\\/Logo-de-maison-Wabi-Sabi.jpg\",\"width\":1024,\"height\":1024,\"caption\":\"Maison Wabi-Sabi\"},\"image\":{\"@id\":\"https:\\\/\\\/www.maisonwabisabi.com\\\/#\\\/schema\\\/logo\\\/image\\\/\"},\"sameAs\":[\"https:\\\/\\\/www.facebook.com\\\/MaisonWabiSabi\",\"https:\\\/\\\/www.instagram.com\\\/maison.wabi.sabi\\\/?hl=fr\",\"https:\\\/\\\/www.linkedin.com\\\/company\\\/69088467\"]},{\"@type\":\"Person\",\"@id\":\"https:\\\/\\\/www.maisonwabisabi.com\\\/#\\\/schema\\\/person\\\/b2458bb9fa2737d1a11eabc63d3aabc9\",\"name\":\"Yann san\",\"sameAs\":[\"https:\\\/\\\/www.maisonwabisabi.com\",\"https:\\\/\\\/www.facebook.com\\\/MaisonWabiSabi\",\"https:\\\/\\\/www.instagram.com\\\/maison.wabi.sabi\\\/\"],\"url\":\"https:\\\/\\\/www.maisonwabisabi.com\\\/en\\\/author\\\/4729952\\\/\"}]}<\/script>\n<!-- \/ Yoast SEO plugin. -->","yoast_head_json":{"title":"Park Jae Guk - Maison Wabi-Sabi - C\u00e9ramiste","description":"Park Jae Guk \u1107\u1161\u11a8\u110c\u1162\u1100\u116e\u11a8 est \u00e0 Yaeju, pr\u00e8s de S\u00e9oul, en Cor\u00e9e du Sud. H\u00e2te de vous pr\u00e9senter ses cr\u00e9ations en boutique. C\u00e9ramique cor\u00e9enne.","robots":{"index":"index","follow":"follow","max-snippet":"max-snippet:-1","max-image-preview":"max-image-preview:large","max-video-preview":"max-video-preview:-1"},"canonical":"https:\/\/www.maisonwabisabi.com\/en\/park-jae-guk\/","og_locale":"en_GB","og_type":"article","og_title":"Park Jae Guk - Maison Wabi-Sabi - C\u00e9ramiste","og_description":"Park Jae Guk \u1107\u1161\u11a8\u110c\u1162\u1100\u116e\u11a8 est \u00e0 Yaeju, pr\u00e8s de S\u00e9oul, en Cor\u00e9e du Sud. H\u00e2te de vous pr\u00e9senter ses cr\u00e9ations en boutique. C\u00e9ramique cor\u00e9enne.","og_url":"https:\/\/www.maisonwabisabi.com\/en\/park-jae-guk\/","og_site_name":"Maison Wabi-Sabi","article_publisher":"https:\/\/www.facebook.com\/MaisonWabiSabi","article_author":"https:\/\/www.facebook.com\/MaisonWabiSabi","article_published_time":"2026-02-05T21:18:47+00:00","article_modified_time":"2026-03-07T15:34:10+00:00","og_image":[{"width":1024,"height":1024,"url":"https:\/\/www.maisonwabisabi.com\/wp-content\/uploads\/2025\/12\/Park-jae-guk-Portrait.jpg","type":"image\/jpeg"}],"author":"Yann san","twitter_card":"summary_large_image","twitter_misc":{"Written by":"Yann san","Estimated reading time":"4 minutes"},"schema":{"@context":"https:\/\/schema.org","@graph":[{"@type":"Article","@id":"https:\/\/www.maisonwabisabi.com\/park-jae-guk\/#article","isPartOf":{"@id":"https:\/\/www.maisonwabisabi.com\/park-jae-guk\/"},"author":{"name":"Yann san","@id":"https:\/\/www.maisonwabisabi.com\/#\/schema\/person\/b2458bb9fa2737d1a11eabc63d3aabc9"},"headline":"Rencontre avec Park Jae Guk \u1107\u1161\u11a8\u110c\u1162\u1100\u116e\u11a8 C\u00e9ramiste sud-cor\u00e9en \u00e0 Yaeju","datePublished":"2026-02-05T21:18:47+00:00","dateModified":"2026-03-07T15:34:10+00:00","mainEntityOfPage":{"@id":"https:\/\/www.maisonwabisabi.com\/park-jae-guk\/"},"wordCount":655,"publisher":{"@id":"https:\/\/www.maisonwabisabi.com\/#organization"},"image":{"@id":"https:\/\/www.maisonwabisabi.com\/park-jae-guk\/#primaryimage"},"thumbnailUrl":"https:\/\/www.maisonwabisabi.com\/wp-content\/uploads\/2025\/12\/Park-jae-guk-Portrait.jpg","articleSection":["C\u00e9ramistes"],"inLanguage":"en-GB"},{"@type":"WebPage","@id":"https:\/\/www.maisonwabisabi.com\/park-jae-guk\/","url":"https:\/\/www.maisonwabisabi.com\/park-jae-guk\/","name":"Park Jae Guk - Maison Wabi-Sabi - C\u00e9ramiste","isPartOf":{"@id":"https:\/\/www.maisonwabisabi.com\/#website"},"primaryImageOfPage":{"@id":"https:\/\/www.maisonwabisabi.com\/park-jae-guk\/#primaryimage"},"image":{"@id":"https:\/\/www.maisonwabisabi.com\/park-jae-guk\/#primaryimage"},"thumbnailUrl":"https:\/\/www.maisonwabisabi.com\/wp-content\/uploads\/2025\/12\/Park-jae-guk-Portrait.jpg","datePublished":"2026-02-05T21:18:47+00:00","dateModified":"2026-03-07T15:34:10+00:00","description":"Park Jae Guk \u1107\u1161\u11a8\u110c\u1162\u1100\u116e\u11a8 est \u00e0 Yaeju, pr\u00e8s de S\u00e9oul, en Cor\u00e9e du Sud. H\u00e2te de vous pr\u00e9senter ses cr\u00e9ations en boutique. C\u00e9ramique cor\u00e9enne.","breadcrumb":{"@id":"https:\/\/www.maisonwabisabi.com\/park-jae-guk\/#breadcrumb"},"inLanguage":"en-GB","potentialAction":[{"@type":"ReadAction","target":["https:\/\/www.maisonwabisabi.com\/park-jae-guk\/"]}]},{"@type":"ImageObject","inLanguage":"en-GB","@id":"https:\/\/www.maisonwabisabi.com\/park-jae-guk\/#primaryimage","url":"https:\/\/www.maisonwabisabi.com\/wp-content\/uploads\/2025\/12\/Park-jae-guk-Portrait.jpg","contentUrl":"https:\/\/www.maisonwabisabi.com\/wp-content\/uploads\/2025\/12\/Park-jae-guk-Portrait.jpg"},{"@type":"BreadcrumbList","@id":"https:\/\/www.maisonwabisabi.com\/park-jae-guk\/#breadcrumb","itemListElement":[{"@type":"ListItem","position":1,"name":"Bienvenue","item":"https:\/\/www.maisonwabisabi.com\/"},{"@type":"ListItem","position":2,"name":"Rencontre avec Park Jae Guk \u1107\u1161\u11a8\u110c\u1162\u1100\u116e\u11a8 C\u00e9ramiste sud-cor\u00e9en \u00e0 Yaeju"}]},{"@type":"WebSite","@id":"https:\/\/www.maisonwabisabi.com\/#website","url":"https:\/\/www.maisonwabisabi.com\/","name":"Maison Wabi-Sabi","description":"","publisher":{"@id":"https:\/\/www.maisonwabisabi.com\/#organization"},"potentialAction":[{"@type":"SearchAction","target":{"@type":"EntryPoint","urlTemplate":"https:\/\/www.maisonwabisabi.com\/?s={search_term_string}"},"query-input":{"@type":"PropertyValueSpecification","valueRequired":true,"valueName":"search_term_string"}}],"inLanguage":"en-GB"},{"@type":"Organization","@id":"https:\/\/www.maisonwabisabi.com\/#organization","name":"Maison Wabi-Sabi","url":"https:\/\/www.maisonwabisabi.com\/","logo":{"@type":"ImageObject","inLanguage":"en-GB","@id":"https:\/\/www.maisonwabisabi.com\/#\/schema\/logo\/image\/","url":"https:\/\/www.maisonwabisabi.com\/wp-content\/uploads\/2021\/11\/Logo-de-maison-Wabi-Sabi.jpg","contentUrl":"https:\/\/www.maisonwabisabi.com\/wp-content\/uploads\/2021\/11\/Logo-de-maison-Wabi-Sabi.jpg","width":1024,"height":1024,"caption":"Maison Wabi-Sabi"},"image":{"@id":"https:\/\/www.maisonwabisabi.com\/#\/schema\/logo\/image\/"},"sameAs":["https:\/\/www.facebook.com\/MaisonWabiSabi","https:\/\/www.instagram.com\/maison.wabi.sabi\/?hl=fr","https:\/\/www.linkedin.com\/company\/69088467"]},{"@type":"Person","@id":"https:\/\/www.maisonwabisabi.com\/#\/schema\/person\/b2458bb9fa2737d1a11eabc63d3aabc9","name":"Yann san","sameAs":["https:\/\/www.maisonwabisabi.com","https:\/\/www.facebook.com\/MaisonWabiSabi","https:\/\/www.instagram.com\/maison.wabi.sabi\/"],"url":"https:\/\/www.maisonwabisabi.com\/en\/author\/4729952\/"}]}},"_links":{"self":[{"href":"https:\/\/www.maisonwabisabi.com\/en\/wp-json\/wp\/v2\/posts\/39100","targetHints":{"allow":["GET"]}}],"collection":[{"href":"https:\/\/www.maisonwabisabi.com\/en\/wp-json\/wp\/v2\/posts"}],"about":[{"href":"https:\/\/www.maisonwabisabi.com\/en\/wp-json\/wp\/v2\/types\/post"}],"author":[{"embeddable":true,"href":"https:\/\/www.maisonwabisabi.com\/en\/wp-json\/wp\/v2\/users\/1"}],"replies":[{"embeddable":true,"href":"https:\/\/www.maisonwabisabi.com\/en\/wp-json\/wp\/v2\/comments?post=39100"}],"version-history":[{"count":2,"href":"https:\/\/www.maisonwabisabi.com\/en\/wp-json\/wp\/v2\/posts\/39100\/revisions"}],"predecessor-version":[{"id":39783,"href":"https:\/\/www.maisonwabisabi.com\/en\/wp-json\/wp\/v2\/posts\/39100\/revisions\/39783"}],"wp:attachment":[{"href":"https:\/\/www.maisonwabisabi.com\/en\/wp-json\/wp\/v2\/media?parent=39100"}],"wp:term":[{"taxonomy":"category","embeddable":true,"href":"https:\/\/www.maisonwabisabi.com\/en\/wp-json\/wp\/v2\/categories?post=39100"},{"taxonomy":"post_tag","embeddable":true,"href":"https:\/\/www.maisonwabisabi.com\/en\/wp-json\/wp\/v2\/tags?post=39100"}],"curies":[{"name":"wp","href":"https:\/\/api.w.org\/{rel}","templated":true}]}}