{"id":39076,"date":"2026-02-04T22:14:29","date_gmt":"2026-02-04T21:14:29","guid":{"rendered":"https:\/\/www.maisonwabisabi.com\/?p=39076"},"modified":"2026-03-07T16:36:15","modified_gmt":"2026-03-07T15:36:15","slug":"tara-mayer","status":"publish","type":"post","link":"https:\/\/www.maisonwabisabi.com\/en\/tara-mayer\/","title":{"rendered":"Rencontre avec Tara MAYER C\u00e9ramiste canadienne \u00e0 Vancouver"},"content":{"rendered":"<div style=\"height:20px\" aria-hidden=\"true\" class=\"wp-block-spacer\"><\/div>\n\n\n\n<div class=\"wp-block-media-text is-stacked-on-mobile\"><figure class=\"wp-block-media-text__media\"><img loading=\"lazy\" decoding=\"async\" width=\"1024\" height=\"1024\" src=\"https:\/\/www.maisonwabisabi.com\/wp-content\/uploads\/2025\/12\/Tara-MAYER-Portrait.jpg\" alt=\"Tara MAYER - Portrait\" class=\"wp-image-38702 size-full\" srcset=\"https:\/\/www.maisonwabisabi.com\/wp-content\/uploads\/2025\/12\/Tara-MAYER-Portrait.jpg 1024w, https:\/\/www.maisonwabisabi.com\/wp-content\/uploads\/2025\/12\/Tara-MAYER-Portrait-300x300.jpg 300w, https:\/\/www.maisonwabisabi.com\/wp-content\/uploads\/2025\/12\/Tara-MAYER-Portrait-150x150.jpg 150w, https:\/\/www.maisonwabisabi.com\/wp-content\/uploads\/2025\/12\/Tara-MAYER-Portrait-768x768.jpg 768w, https:\/\/www.maisonwabisabi.com\/wp-content\/uploads\/2025\/12\/Tara-MAYER-Portrait-12x12.jpg 12w, https:\/\/www.maisonwabisabi.com\/wp-content\/uploads\/2025\/12\/Tara-MAYER-Portrait-600x600.jpg 600w, https:\/\/www.maisonwabisabi.com\/wp-content\/uploads\/2025\/12\/Tara-MAYER-Portrait-100x100.jpg 100w\" sizes=\"auto, (max-width: 1024px) 100vw, 1024px\" \/><\/figure><div class=\"wp-block-media-text__content\">\n<p><\/p>\n\n\n\n<h2 class=\"wp-block-heading has-black-color has-text-color\" style=\"font-size:21px\"><strong><mark style=\"background-color:rgba(0, 0, 0, 0);color:#7d4e2d\" class=\"has-inline-color\">Tara MAYER et<\/mark> <a href=\"https:\/\/www.maisonwabisabi.com\/en\/product-category\/ceramistes-monde\/ceramiste-tara-mayer\/\" target=\"_blank\" rel=\"noreferrer noopener\">ses cr\u00e9ations<\/a><\/strong><\/h2>\n\n\n\n<p class=\"has-black-color has-text-color\" style=\"font-size:17px\">(1983-)<\/p>\n\n\n\n<p class=\"has-black-color has-text-color\" style=\"font-size:17px\">Poti\u00e8re bas\u00e9e \u00e0 Vancouver, en Colombie-Britannique, au Canada. Historienne de la culture et professeure d\u2019universit\u00e9, dont la pratique s\u2019ancre profond\u00e9ment dans la recherche c\u00e9ramique et de longues ann\u00e9es de travail au sein de mus\u00e9es. Elle r\u00e9alise principalement des pi\u00e8ces utilitaires tourn\u00e9es, fa\u00e7onn\u00e9es par un engagement de toute une vie avec les cultures mat\u00e9rielles asiatiques et par l\u2019entrelacement de son h\u00e9ritage indo-europ\u00e9en.<\/p>\n\n\n\n<p class=\"has-black-color has-text-color\" style=\"font-size:17px\">N\u00e9e et \u00e9lev\u00e9e \u00e0 Hawai\u2018i, elle a pass\u00e9 une grande partie de son enfance au Kerala, en Inde, o\u00f9 l\u2019usage quotidien de poteries en terre pour la cuisine et le stockage a constitu\u00e9 sa premi\u00e8re rencontre marquante avec la c\u00e9ramique. Ces objets, modestes mais essentiels, lui ont r\u00e9v\u00e9l\u00e9 tr\u00e8s t\u00f4t la beaut\u00e9 durable et silencieuse de la poterie fonctionnelle. Son travail est \u00e9galement nourri par les traditions c\u00e9ramiques de la Grande-Bretagne, o\u00f9 elle a re\u00e7u sa formation universitaire, et de la France, o\u00f9 elle a v\u00e9cu pendant une d\u00e9cennie, approfondissant son \u00e9tude des lign\u00e9es artisanales europ\u00e9ennes.<\/p>\n<\/div><\/div>\n\n\n\n<div class=\"wp-block-media-text has-media-on-the-right is-stacked-on-mobile\"><div class=\"wp-block-media-text__content\">\n<p class=\"has-black-color has-text-color has-link-color wp-elements-4022e0bb845d7cc22e1475740bdab338\" style=\"font-size:17px\"><\/p>\n\n\n\n<p class=\"has-black-color has-text-color has-link-color wp-elements-7a42b127483ca8a5b961b24d99e57212\" style=\"font-size:17px\">Le bois occupe une place centrale dans la pratique de Tara, tant sur le plan technique que philosophique. Elle a appris aupr\u00e8s de ma\u00eetres constructeurs de fours et de c\u00e9ramistes exp\u00e9riment\u00e9s, abordant chaque cuisson comme une forme d\u2019apprentissage continu et de dialogue avec le feu.<\/p>\n\n\n\n<p class=\"has-black-color has-text-color has-link-color wp-elements-5c7a7aadabdd3f7999269aa2f29d543b\" style=\"font-size:17px\">Aujourd\u2019hui install\u00e9e dans la r\u00e9gion du Grand Vancouver, elle cuit principalement dans des fours \u00e0 bois, le plus souvent lors de cuissons collectives. Elle travaille avec diff\u00e9rents types de bois, issus de ressources locales abondantes autour des fours utilis\u00e9s, et commence \u00e0 mieux comprendre l\u2019influence sp\u00e9cifique de chaque essence, tant sur les effets de surface que sur le comportement du feu dans le four.<\/p>\n\n\n\n<p class=\"has-black-color has-text-color has-link-color wp-elements-44a84a14ae56682adcc4e5544d31f5df\" style=\"font-size:17px\">Les cuissons, r\u00e9alis\u00e9es environ quatre fois par an, durent entre deux et six jours et constituent \u00e0 chaque fois une source de d\u00e9couvertes et d\u2019enseignements. Consciente de la valeur \u00e9cologique du bois, elle insiste sur la n\u00e9cessit\u00e9 d\u2019une utilisation attentive et responsable de cette ressource.<\/p>\n<\/div><figure class=\"wp-block-media-text__media\"><img loading=\"lazy\" decoding=\"async\" width=\"1024\" height=\"1024\" src=\"https:\/\/www.maisonwabisabi.com\/wp-content\/uploads\/2026\/02\/Tara-MAYER-Terre.jpg\" alt=\"Tara MAYER - Terre\" class=\"wp-image-39080 size-full\" srcset=\"https:\/\/www.maisonwabisabi.com\/wp-content\/uploads\/2026\/02\/Tara-MAYER-Terre.jpg 1024w, https:\/\/www.maisonwabisabi.com\/wp-content\/uploads\/2026\/02\/Tara-MAYER-Terre-300x300.jpg 300w, https:\/\/www.maisonwabisabi.com\/wp-content\/uploads\/2026\/02\/Tara-MAYER-Terre-150x150.jpg 150w, https:\/\/www.maisonwabisabi.com\/wp-content\/uploads\/2026\/02\/Tara-MAYER-Terre-768x768.jpg 768w, https:\/\/www.maisonwabisabi.com\/wp-content\/uploads\/2026\/02\/Tara-MAYER-Terre-12x12.jpg 12w, https:\/\/www.maisonwabisabi.com\/wp-content\/uploads\/2026\/02\/Tara-MAYER-Terre-600x600.jpg 600w, https:\/\/www.maisonwabisabi.com\/wp-content\/uploads\/2026\/02\/Tara-MAYER-Terre-100x100.jpg 100w\" sizes=\"auto, (max-width: 1024px) 100vw, 1024px\" \/><\/figure><\/div>\n\n\n\n<div class=\"wp-block-media-text is-stacked-on-mobile\"><figure class=\"wp-block-media-text__media\"><img loading=\"lazy\" decoding=\"async\" width=\"1024\" height=\"1024\" src=\"https:\/\/www.maisonwabisabi.com\/wp-content\/uploads\/2026\/02\/Tara-MAYER-Fire.jpg\" alt=\"Tara MAYER - Feu\" class=\"wp-image-39078 size-full\" srcset=\"https:\/\/www.maisonwabisabi.com\/wp-content\/uploads\/2026\/02\/Tara-MAYER-Fire.jpg 1024w, https:\/\/www.maisonwabisabi.com\/wp-content\/uploads\/2026\/02\/Tara-MAYER-Fire-300x300.jpg 300w, https:\/\/www.maisonwabisabi.com\/wp-content\/uploads\/2026\/02\/Tara-MAYER-Fire-150x150.jpg 150w, https:\/\/www.maisonwabisabi.com\/wp-content\/uploads\/2026\/02\/Tara-MAYER-Fire-768x768.jpg 768w, https:\/\/www.maisonwabisabi.com\/wp-content\/uploads\/2026\/02\/Tara-MAYER-Fire-12x12.jpg 12w, https:\/\/www.maisonwabisabi.com\/wp-content\/uploads\/2026\/02\/Tara-MAYER-Fire-600x600.jpg 600w, https:\/\/www.maisonwabisabi.com\/wp-content\/uploads\/2026\/02\/Tara-MAYER-Fire-100x100.jpg 100w\" sizes=\"auto, (max-width: 1024px) 100vw, 1024px\" \/><\/figure><div class=\"wp-block-media-text__content\">\n<p class=\"has-black-color has-text-color has-link-color wp-elements-4022e0bb845d7cc22e1475740bdab338\" style=\"font-size:17px\"><\/p>\n\n\n\n<p class=\"has-black-color has-text-color has-link-color wp-elements-4da2b99633aafe398dccfec8f72a8628\" style=\"font-size:17px\">Son parcours est \u00e9galement marqu\u00e9 par une immersion profonde dans les collections mus\u00e9ales et la recherche acad\u00e9mique. Tara a travaill\u00e9 comme chercheuse pour de grandes expositions consacr\u00e9es \u00e0 l\u2019artisanat asiatique, \u00e0 Londres comme \u00e0 Paris, et continue \u00e0 passer beaucoup de temps aupr\u00e8s des collections de c\u00e9ramique asiatique, nourrissant sa pratique par l\u2019observation attentive et la lecture.<\/p>\n\n\n\n<p class=\"has-black-color has-text-color has-link-color wp-elements-8fffd72a715af950593bcbc24d054524\" style=\"font-size:17px\">Elle consid\u00e8re le c\u00e9ramiste danois Svend BAYER comme son plus grand enseignant, admirant la profondeur de son exp\u00e9rience et sa ma\u00eetrise in\u00e9gal\u00e9e de la cuisson au bois. Si son travail puise dans des formes et des techniques traditionnelles, il refl\u00e8te \u00e9galement la synth\u00e8se et l\u2019hybridit\u00e9 de son propre parcours de vie. Elle se voit comme l\u2019une des h\u00e9riti\u00e8res d\u2019une pratique vieille de plusieurs mill\u00e9naires et traversant de nombreuses cultures, une continuit\u00e9 que le terme \u00ab Potter \u00bb exprime pleinement \u00e0 ses yeux.<\/p>\n<\/div><\/div>\n\n\n\n<div class=\"wp-block-media-text has-media-on-the-right is-stacked-on-mobile\"><div class=\"wp-block-media-text__content\">\n<p class=\"has-black-color has-text-color has-link-color wp-elements-4022e0bb845d7cc22e1475740bdab338\" style=\"font-size:17px\"><\/p>\n\n\n\n<p class=\"has-black-color has-text-color has-link-color wp-elements-2465c23c417235125b1858c3c2afa4ec\" style=\"font-size:17px\">Dans sa pratique actuelle, elle privil\u00e9gie une gamme volontairement restreinte de formes soigneusement pens\u00e9es, au sein desquelles elle explore des variations subtiles li\u00e9es aux saisons et aux \u00e9tats int\u00e9rieurs, tout en conservant un langage formel coh\u00e9rent.<\/p>\n\n\n\n<p class=\"has-black-color has-text-color has-link-color wp-elements-d3a9456ea475c32bf93566cec483350e\" style=\"font-size:17px\">Elle utilise principalement des gla\u00e7ures traditionnelles chinoises et japonaises qu\u2019elle adapte et \u00e9tudie : c\u00e9ladons, Shino et gla\u00e7ures de type Kaki ou Tenmoku, tout en cherchant \u00e0 limiter les variables afin de mieux comprendre l\u2019interaction entre argiles, cendres et feu. Elle reconna\u00eet toutefois que cette volont\u00e9 de contr\u00f4le reste partiellement illusoire et que les variables doivent, \u00e0 terme, \u00eatre pleinement accept\u00e9es. <\/p>\n\n\n\n<p class=\"has-black-color has-text-color has-link-color wp-elements-45af5f56eceec8a02e3633f79156261e\" style=\"font-size:17px\">Professeure d\u2019histoire culturelle \u00e0 l\u2019universit\u00e9, elle enseigne exclusivement dans ce cadre et consid\u00e8re qu\u2019elle est encore, avant tout, en train d\u2019apprendre. Pour elle, le partage se manifeste dans l\u2019\u00e9change informel entre potiers, particuli\u00e8rement lors des cuissons collectives, et dans les objets eux-m\u00eames, qui expriment ce que les mots ne peuvent formuler.<\/p>\n<\/div><figure class=\"wp-block-media-text__media\"><img loading=\"lazy\" decoding=\"async\" width=\"1024\" height=\"1024\" src=\"https:\/\/www.maisonwabisabi.com\/wp-content\/uploads\/2026\/02\/Tara-MAYER-Four.jpg\" alt=\"Tara MAYER - Four\" class=\"wp-image-39079 size-full\" srcset=\"https:\/\/www.maisonwabisabi.com\/wp-content\/uploads\/2026\/02\/Tara-MAYER-Four.jpg 1024w, https:\/\/www.maisonwabisabi.com\/wp-content\/uploads\/2026\/02\/Tara-MAYER-Four-300x300.jpg 300w, https:\/\/www.maisonwabisabi.com\/wp-content\/uploads\/2026\/02\/Tara-MAYER-Four-150x150.jpg 150w, https:\/\/www.maisonwabisabi.com\/wp-content\/uploads\/2026\/02\/Tara-MAYER-Four-768x768.jpg 768w, https:\/\/www.maisonwabisabi.com\/wp-content\/uploads\/2026\/02\/Tara-MAYER-Four-12x12.jpg 12w, https:\/\/www.maisonwabisabi.com\/wp-content\/uploads\/2026\/02\/Tara-MAYER-Four-600x600.jpg 600w, https:\/\/www.maisonwabisabi.com\/wp-content\/uploads\/2026\/02\/Tara-MAYER-Four-100x100.jpg 100w\" sizes=\"auto, (max-width: 1024px) 100vw, 1024px\" \/><\/figure><\/div>\n\n\n\n<div class=\"wp-block-media-text is-stacked-on-mobile\"><figure class=\"wp-block-media-text__media\"><img loading=\"lazy\" decoding=\"async\" width=\"1024\" height=\"1024\" src=\"https:\/\/www.maisonwabisabi.com\/wp-content\/uploads\/2026\/02\/Tara-MAYER-Tsubo.jpg\" alt=\"Tara MAYER - Tsubo\" class=\"wp-image-39084 size-full\" srcset=\"https:\/\/www.maisonwabisabi.com\/wp-content\/uploads\/2026\/02\/Tara-MAYER-Tsubo.jpg 1024w, https:\/\/www.maisonwabisabi.com\/wp-content\/uploads\/2026\/02\/Tara-MAYER-Tsubo-300x300.jpg 300w, https:\/\/www.maisonwabisabi.com\/wp-content\/uploads\/2026\/02\/Tara-MAYER-Tsubo-150x150.jpg 150w, https:\/\/www.maisonwabisabi.com\/wp-content\/uploads\/2026\/02\/Tara-MAYER-Tsubo-768x768.jpg 768w, https:\/\/www.maisonwabisabi.com\/wp-content\/uploads\/2026\/02\/Tara-MAYER-Tsubo-12x12.jpg 12w, https:\/\/www.maisonwabisabi.com\/wp-content\/uploads\/2026\/02\/Tara-MAYER-Tsubo-600x600.jpg 600w, https:\/\/www.maisonwabisabi.com\/wp-content\/uploads\/2026\/02\/Tara-MAYER-Tsubo-100x100.jpg 100w\" sizes=\"auto, (max-width: 1024px) 100vw, 1024px\" \/><\/figure><div class=\"wp-block-media-text__content\">\n<p class=\"has-black-color has-text-color has-link-color wp-elements-8388fead378c1cae0b6233c386e09352\" style=\"font-size:17px\"><\/p>\n\n\n\n<h3 class=\"wp-block-heading has-black-color has-text-color has-link-color wp-elements-38d7c0ecac62e4f7e79deafb3542be73\" style=\"font-size:17px\"><strong><mark style=\"background-color:rgba(0, 0, 0, 0);color:#7d4e2d\" class=\"has-inline-color\"><strong>Tara MAYER<\/strong>&nbsp;en quelques dates importantes :<\/mark><\/strong><\/h3>\n\n\n\n<p class=\"has-black-color has-text-color has-link-color wp-elements-cf112eeff5d95cbbf2945a16acc0646e\" style=\"font-size:17px\"><strong>Ann\u00e9es 1980<\/strong> : \u00e9t\u00e9s d\u2019enfance pass\u00e9s en Inde.<\/p>\n\n\n\n<p class=\"has-black-color has-text-color has-link-color wp-elements-8232c41fd0fced46a45024dd95f6c8c2\" style=\"font-size:17px\"><strong>Ann\u00e9es 1990<\/strong> : voyages \u00e0 travers la Chine, l\u2019Asie du Sud-Est et l\u2019Asie du Sud.<\/p>\n\n\n\n<p class=\"has-black-color has-text-color has-link-color wp-elements-5587dbe01ae23c4fabadae21b06974e3\" style=\"font-size:17px\"><strong>Ann\u00e9es 2000<\/strong> : \u00e9tudes universitaires \u00e0 Londres et recherches au Victoria and Albert Museum ainsi qu\u2019au British Museum ; ann\u00e9es parisiennes, avec des travaux au mus\u00e9e Guimet et \u00e0 La Borne.<\/p>\n\n\n\n<p class=\"has-black-color has-text-color has-link-color wp-elements-08114c05cffd5d4b76e651ffce924572\" style=\"font-size:17px\"><strong>2012 \u00e0 aujourd\u2019hui<\/strong> : installation \u00e0 Vancouver, enseignement \u00e0 l\u2019Universit\u00e9 de Colombie-Britannique et collaboration avec le Museum of Anthropology ; apprentissage au Dunbar Potter aupr\u00e8s de Martin PETERS et Ron VALLIS.<\/p>\n<\/div><\/div>\n\n\n\n<p class=\"has-text-align-center has-black-color has-text-color\" style=\"font-size:15px\">Source des photos et des textes : Tara MAYER et Yann san<\/p>\n\n\n\n<div style=\"height:100px\" aria-hidden=\"true\" class=\"wp-block-spacer\"><\/div>","protected":false},"excerpt":{"rendered":"<p>Tara MAYER et ses cr\u00e9ations (1983-) Poti\u00e8re bas\u00e9e \u00e0 Vancouver, en Colombie-Britannique, au Canada. Historienne de la culture et professeure [&hellip;]<\/p>\n","protected":false},"author":1,"featured_media":0,"comment_status":"closed","ping_status":"closed","sticky":false,"template":"","format":"standard","meta":{"site-sidebar-layout":"default","site-content-layout":"","ast-site-content-layout":"default","site-content-style":"default","site-sidebar-style":"default","ast-global-header-display":"","ast-banner-title-visibility":"","ast-main-header-display":"","ast-hfb-above-header-display":"","ast-hfb-below-header-display":"","ast-hfb-mobile-header-display":"","site-post-title":"disabled","ast-breadcrumbs-content":"","ast-featured-img":"","footer-sml-layout":"","ast-disable-related-posts":"","theme-transparent-header-meta":"","adv-header-id-meta":"","stick-header-meta":"","header-above-stick-meta":"","header-main-stick-meta":"","header-below-stick-meta":"","astra-migrate-meta-layouts":"default","ast-page-background-enabled":"default","ast-page-background-meta":{"desktop":{"background-color":"var(--ast-global-color-5)","background-image":"","background-repeat":"repeat","background-position":"center center","background-size":"auto","background-attachment":"scroll","background-type":"","background-media":"","overlay-type":"","overlay-color":"","overlay-opacity":"","overlay-gradient":""},"tablet":{"background-color":"","background-image":"","background-repeat":"repeat","background-position":"center center","background-size":"auto","background-attachment":"scroll","background-type":"","background-media":"","overlay-type":"","overlay-color":"","overlay-opacity":"","overlay-gradient":""},"mobile":{"background-color":"","background-image":"","background-repeat":"repeat","background-position":"center center","background-size":"auto","background-attachment":"scroll","background-type":"","background-media":"","overlay-type":"","overlay-color":"","overlay-opacity":"","overlay-gradient":""}},"ast-content-background-meta":{"desktop":{"background-color":"var(--ast-global-color-4)","background-image":"","background-repeat":"repeat","background-position":"center center","background-size":"auto","background-attachment":"scroll","background-type":"","background-media":"","overlay-type":"","overlay-color":"","overlay-opacity":"","overlay-gradient":""},"tablet":{"background-color":"var(--ast-global-color-4)","background-image":"","background-repeat":"repeat","background-position":"center center","background-size":"auto","background-attachment":"scroll","background-type":"","background-media":"","overlay-type":"","overlay-color":"","overlay-opacity":"","overlay-gradient":""},"mobile":{"background-color":"var(--ast-global-color-4)","background-image":"","background-repeat":"repeat","background-position":"center center","background-size":"auto","background-attachment":"scroll","background-type":"","background-media":"","overlay-type":"","overlay-color":"","overlay-opacity":"","overlay-gradient":""}},"footnotes":""},"categories":[76],"tags":[],"class_list":["post-39076","post","type-post","status-publish","format-standard","hentry","category-ceramistes"],"yoast_head":"<!-- This site is optimized with the Yoast SEO plugin v27.5 - https:\/\/yoast.com\/product\/yoast-seo-wordpress\/ -->\n<title>Tara MAYER - Maison Wabi-Sabi - C\u00e9ramiste<\/title>\n<meta name=\"description\" content=\"Tara MAYER est \u00e0 Vancouver, en Colombie Britannique, au Canada. H\u00e2te de vous pr\u00e9senter ses cr\u00e9ations en boutique. C\u00e9ramique canadienne.\" \/>\n<meta name=\"robots\" content=\"index, follow, max-snippet:-1, max-image-preview:large, max-video-preview:-1\" \/>\n<link rel=\"canonical\" href=\"https:\/\/www.maisonwabisabi.com\/en\/tara-mayer\/\" \/>\n<meta property=\"og:locale\" content=\"en_GB\" \/>\n<meta property=\"og:type\" content=\"article\" \/>\n<meta property=\"og:title\" content=\"Tara MAYER - Maison Wabi-Sabi - C\u00e9ramiste\" \/>\n<meta property=\"og:description\" content=\"Tara MAYER est \u00e0 Vancouver, en Colombie Britannique, au Canada. H\u00e2te de vous pr\u00e9senter ses cr\u00e9ations en boutique. C\u00e9ramique canadienne.\" \/>\n<meta property=\"og:url\" content=\"https:\/\/www.maisonwabisabi.com\/en\/tara-mayer\/\" \/>\n<meta property=\"og:site_name\" content=\"Maison Wabi-Sabi\" \/>\n<meta property=\"article:publisher\" content=\"https:\/\/www.facebook.com\/MaisonWabiSabi\" \/>\n<meta property=\"article:author\" content=\"https:\/\/www.facebook.com\/MaisonWabiSabi\" \/>\n<meta property=\"article:published_time\" content=\"2026-02-04T21:14:29+00:00\" \/>\n<meta property=\"article:modified_time\" content=\"2026-03-07T15:36:15+00:00\" \/>\n<meta property=\"og:image\" content=\"https:\/\/www.maisonwabisabi.com\/wp-content\/uploads\/2025\/12\/Tara-MAYER-Portrait.jpg\" \/>\n\t<meta property=\"og:image:width\" content=\"1024\" \/>\n\t<meta property=\"og:image:height\" content=\"1024\" \/>\n\t<meta property=\"og:image:type\" content=\"image\/jpeg\" \/>\n<meta name=\"author\" content=\"Yann san\" \/>\n<meta name=\"twitter:card\" content=\"summary_large_image\" \/>\n<meta name=\"twitter:label1\" content=\"Written by\" \/>\n\t<meta name=\"twitter:data1\" content=\"Yann san\" \/>\n\t<meta name=\"twitter:label2\" content=\"Estimated reading time\" \/>\n\t<meta name=\"twitter:data2\" content=\"5 minutes\" \/>\n<script type=\"application\/ld+json\" class=\"yoast-schema-graph\">{\"@context\":\"https:\\\/\\\/schema.org\",\"@graph\":[{\"@type\":\"Article\",\"@id\":\"https:\\\/\\\/www.maisonwabisabi.com\\\/tara-mayer\\\/#article\",\"isPartOf\":{\"@id\":\"https:\\\/\\\/www.maisonwabisabi.com\\\/tara-mayer\\\/\"},\"author\":{\"name\":\"Yann san\",\"@id\":\"https:\\\/\\\/www.maisonwabisabi.com\\\/#\\\/schema\\\/person\\\/b2458bb9fa2737d1a11eabc63d3aabc9\"},\"headline\":\"Rencontre avec Tara MAYER C\u00e9ramiste canadienne \u00e0 Vancouver\",\"datePublished\":\"2026-02-04T21:14:29+00:00\",\"dateModified\":\"2026-03-07T15:36:15+00:00\",\"mainEntityOfPage\":{\"@id\":\"https:\\\/\\\/www.maisonwabisabi.com\\\/tara-mayer\\\/\"},\"wordCount\":792,\"publisher\":{\"@id\":\"https:\\\/\\\/www.maisonwabisabi.com\\\/#organization\"},\"image\":{\"@id\":\"https:\\\/\\\/www.maisonwabisabi.com\\\/tara-mayer\\\/#primaryimage\"},\"thumbnailUrl\":\"https:\\\/\\\/www.maisonwabisabi.com\\\/wp-content\\\/uploads\\\/2025\\\/12\\\/Tara-MAYER-Portrait.jpg\",\"articleSection\":[\"C\u00e9ramistes\"],\"inLanguage\":\"en-GB\"},{\"@type\":\"WebPage\",\"@id\":\"https:\\\/\\\/www.maisonwabisabi.com\\\/tara-mayer\\\/\",\"url\":\"https:\\\/\\\/www.maisonwabisabi.com\\\/tara-mayer\\\/\",\"name\":\"Tara MAYER - Maison Wabi-Sabi - C\u00e9ramiste\",\"isPartOf\":{\"@id\":\"https:\\\/\\\/www.maisonwabisabi.com\\\/#website\"},\"primaryImageOfPage\":{\"@id\":\"https:\\\/\\\/www.maisonwabisabi.com\\\/tara-mayer\\\/#primaryimage\"},\"image\":{\"@id\":\"https:\\\/\\\/www.maisonwabisabi.com\\\/tara-mayer\\\/#primaryimage\"},\"thumbnailUrl\":\"https:\\\/\\\/www.maisonwabisabi.com\\\/wp-content\\\/uploads\\\/2025\\\/12\\\/Tara-MAYER-Portrait.jpg\",\"datePublished\":\"2026-02-04T21:14:29+00:00\",\"dateModified\":\"2026-03-07T15:36:15+00:00\",\"description\":\"Tara MAYER est \u00e0 Vancouver, en Colombie Britannique, au Canada. H\u00e2te de vous pr\u00e9senter ses cr\u00e9ations en boutique. C\u00e9ramique canadienne.\",\"breadcrumb\":{\"@id\":\"https:\\\/\\\/www.maisonwabisabi.com\\\/tara-mayer\\\/#breadcrumb\"},\"inLanguage\":\"en-GB\",\"potentialAction\":[{\"@type\":\"ReadAction\",\"target\":[\"https:\\\/\\\/www.maisonwabisabi.com\\\/tara-mayer\\\/\"]}]},{\"@type\":\"ImageObject\",\"inLanguage\":\"en-GB\",\"@id\":\"https:\\\/\\\/www.maisonwabisabi.com\\\/tara-mayer\\\/#primaryimage\",\"url\":\"https:\\\/\\\/www.maisonwabisabi.com\\\/wp-content\\\/uploads\\\/2025\\\/12\\\/Tara-MAYER-Portrait.jpg\",\"contentUrl\":\"https:\\\/\\\/www.maisonwabisabi.com\\\/wp-content\\\/uploads\\\/2025\\\/12\\\/Tara-MAYER-Portrait.jpg\"},{\"@type\":\"BreadcrumbList\",\"@id\":\"https:\\\/\\\/www.maisonwabisabi.com\\\/tara-mayer\\\/#breadcrumb\",\"itemListElement\":[{\"@type\":\"ListItem\",\"position\":1,\"name\":\"Bienvenue\",\"item\":\"https:\\\/\\\/www.maisonwabisabi.com\\\/\"},{\"@type\":\"ListItem\",\"position\":2,\"name\":\"Rencontre avec Tara MAYER C\u00e9ramiste canadienne \u00e0 Vancouver\"}]},{\"@type\":\"WebSite\",\"@id\":\"https:\\\/\\\/www.maisonwabisabi.com\\\/#website\",\"url\":\"https:\\\/\\\/www.maisonwabisabi.com\\\/\",\"name\":\"Maison Wabi-Sabi\",\"description\":\"\",\"publisher\":{\"@id\":\"https:\\\/\\\/www.maisonwabisabi.com\\\/#organization\"},\"potentialAction\":[{\"@type\":\"SearchAction\",\"target\":{\"@type\":\"EntryPoint\",\"urlTemplate\":\"https:\\\/\\\/www.maisonwabisabi.com\\\/?s={search_term_string}\"},\"query-input\":{\"@type\":\"PropertyValueSpecification\",\"valueRequired\":true,\"valueName\":\"search_term_string\"}}],\"inLanguage\":\"en-GB\"},{\"@type\":\"Organization\",\"@id\":\"https:\\\/\\\/www.maisonwabisabi.com\\\/#organization\",\"name\":\"Maison Wabi-Sabi\",\"url\":\"https:\\\/\\\/www.maisonwabisabi.com\\\/\",\"logo\":{\"@type\":\"ImageObject\",\"inLanguage\":\"en-GB\",\"@id\":\"https:\\\/\\\/www.maisonwabisabi.com\\\/#\\\/schema\\\/logo\\\/image\\\/\",\"url\":\"https:\\\/\\\/www.maisonwabisabi.com\\\/wp-content\\\/uploads\\\/2021\\\/11\\\/Logo-de-maison-Wabi-Sabi.jpg\",\"contentUrl\":\"https:\\\/\\\/www.maisonwabisabi.com\\\/wp-content\\\/uploads\\\/2021\\\/11\\\/Logo-de-maison-Wabi-Sabi.jpg\",\"width\":1024,\"height\":1024,\"caption\":\"Maison Wabi-Sabi\"},\"image\":{\"@id\":\"https:\\\/\\\/www.maisonwabisabi.com\\\/#\\\/schema\\\/logo\\\/image\\\/\"},\"sameAs\":[\"https:\\\/\\\/www.facebook.com\\\/MaisonWabiSabi\",\"https:\\\/\\\/www.instagram.com\\\/maison.wabi.sabi\\\/?hl=fr\",\"https:\\\/\\\/www.linkedin.com\\\/company\\\/69088467\"]},{\"@type\":\"Person\",\"@id\":\"https:\\\/\\\/www.maisonwabisabi.com\\\/#\\\/schema\\\/person\\\/b2458bb9fa2737d1a11eabc63d3aabc9\",\"name\":\"Yann san\",\"sameAs\":[\"https:\\\/\\\/www.maisonwabisabi.com\",\"https:\\\/\\\/www.facebook.com\\\/MaisonWabiSabi\",\"https:\\\/\\\/www.instagram.com\\\/maison.wabi.sabi\\\/\"],\"url\":\"https:\\\/\\\/www.maisonwabisabi.com\\\/en\\\/author\\\/4729952\\\/\"}]}<\/script>\n<!-- \/ Yoast SEO plugin. -->","yoast_head_json":{"title":"Tara MAYER - Maison Wabi-Sabi - C\u00e9ramiste","description":"Tara MAYER est \u00e0 Vancouver, en Colombie Britannique, au Canada. H\u00e2te de vous pr\u00e9senter ses cr\u00e9ations en boutique. C\u00e9ramique canadienne.","robots":{"index":"index","follow":"follow","max-snippet":"max-snippet:-1","max-image-preview":"max-image-preview:large","max-video-preview":"max-video-preview:-1"},"canonical":"https:\/\/www.maisonwabisabi.com\/en\/tara-mayer\/","og_locale":"en_GB","og_type":"article","og_title":"Tara MAYER - Maison Wabi-Sabi - C\u00e9ramiste","og_description":"Tara MAYER est \u00e0 Vancouver, en Colombie Britannique, au Canada. H\u00e2te de vous pr\u00e9senter ses cr\u00e9ations en boutique. C\u00e9ramique canadienne.","og_url":"https:\/\/www.maisonwabisabi.com\/en\/tara-mayer\/","og_site_name":"Maison Wabi-Sabi","article_publisher":"https:\/\/www.facebook.com\/MaisonWabiSabi","article_author":"https:\/\/www.facebook.com\/MaisonWabiSabi","article_published_time":"2026-02-04T21:14:29+00:00","article_modified_time":"2026-03-07T15:36:15+00:00","og_image":[{"width":1024,"height":1024,"url":"https:\/\/www.maisonwabisabi.com\/wp-content\/uploads\/2025\/12\/Tara-MAYER-Portrait.jpg","type":"image\/jpeg"}],"author":"Yann san","twitter_card":"summary_large_image","twitter_misc":{"Written by":"Yann san","Estimated reading time":"5 minutes"},"schema":{"@context":"https:\/\/schema.org","@graph":[{"@type":"Article","@id":"https:\/\/www.maisonwabisabi.com\/tara-mayer\/#article","isPartOf":{"@id":"https:\/\/www.maisonwabisabi.com\/tara-mayer\/"},"author":{"name":"Yann san","@id":"https:\/\/www.maisonwabisabi.com\/#\/schema\/person\/b2458bb9fa2737d1a11eabc63d3aabc9"},"headline":"Rencontre avec Tara MAYER C\u00e9ramiste canadienne \u00e0 Vancouver","datePublished":"2026-02-04T21:14:29+00:00","dateModified":"2026-03-07T15:36:15+00:00","mainEntityOfPage":{"@id":"https:\/\/www.maisonwabisabi.com\/tara-mayer\/"},"wordCount":792,"publisher":{"@id":"https:\/\/www.maisonwabisabi.com\/#organization"},"image":{"@id":"https:\/\/www.maisonwabisabi.com\/tara-mayer\/#primaryimage"},"thumbnailUrl":"https:\/\/www.maisonwabisabi.com\/wp-content\/uploads\/2025\/12\/Tara-MAYER-Portrait.jpg","articleSection":["C\u00e9ramistes"],"inLanguage":"en-GB"},{"@type":"WebPage","@id":"https:\/\/www.maisonwabisabi.com\/tara-mayer\/","url":"https:\/\/www.maisonwabisabi.com\/tara-mayer\/","name":"Tara MAYER - Maison Wabi-Sabi - C\u00e9ramiste","isPartOf":{"@id":"https:\/\/www.maisonwabisabi.com\/#website"},"primaryImageOfPage":{"@id":"https:\/\/www.maisonwabisabi.com\/tara-mayer\/#primaryimage"},"image":{"@id":"https:\/\/www.maisonwabisabi.com\/tara-mayer\/#primaryimage"},"thumbnailUrl":"https:\/\/www.maisonwabisabi.com\/wp-content\/uploads\/2025\/12\/Tara-MAYER-Portrait.jpg","datePublished":"2026-02-04T21:14:29+00:00","dateModified":"2026-03-07T15:36:15+00:00","description":"Tara MAYER est \u00e0 Vancouver, en Colombie Britannique, au Canada. H\u00e2te de vous pr\u00e9senter ses cr\u00e9ations en boutique. C\u00e9ramique canadienne.","breadcrumb":{"@id":"https:\/\/www.maisonwabisabi.com\/tara-mayer\/#breadcrumb"},"inLanguage":"en-GB","potentialAction":[{"@type":"ReadAction","target":["https:\/\/www.maisonwabisabi.com\/tara-mayer\/"]}]},{"@type":"ImageObject","inLanguage":"en-GB","@id":"https:\/\/www.maisonwabisabi.com\/tara-mayer\/#primaryimage","url":"https:\/\/www.maisonwabisabi.com\/wp-content\/uploads\/2025\/12\/Tara-MAYER-Portrait.jpg","contentUrl":"https:\/\/www.maisonwabisabi.com\/wp-content\/uploads\/2025\/12\/Tara-MAYER-Portrait.jpg"},{"@type":"BreadcrumbList","@id":"https:\/\/www.maisonwabisabi.com\/tara-mayer\/#breadcrumb","itemListElement":[{"@type":"ListItem","position":1,"name":"Bienvenue","item":"https:\/\/www.maisonwabisabi.com\/"},{"@type":"ListItem","position":2,"name":"Rencontre avec Tara MAYER C\u00e9ramiste canadienne \u00e0 Vancouver"}]},{"@type":"WebSite","@id":"https:\/\/www.maisonwabisabi.com\/#website","url":"https:\/\/www.maisonwabisabi.com\/","name":"Maison Wabi-Sabi","description":"","publisher":{"@id":"https:\/\/www.maisonwabisabi.com\/#organization"},"potentialAction":[{"@type":"SearchAction","target":{"@type":"EntryPoint","urlTemplate":"https:\/\/www.maisonwabisabi.com\/?s={search_term_string}"},"query-input":{"@type":"PropertyValueSpecification","valueRequired":true,"valueName":"search_term_string"}}],"inLanguage":"en-GB"},{"@type":"Organization","@id":"https:\/\/www.maisonwabisabi.com\/#organization","name":"Maison Wabi-Sabi","url":"https:\/\/www.maisonwabisabi.com\/","logo":{"@type":"ImageObject","inLanguage":"en-GB","@id":"https:\/\/www.maisonwabisabi.com\/#\/schema\/logo\/image\/","url":"https:\/\/www.maisonwabisabi.com\/wp-content\/uploads\/2021\/11\/Logo-de-maison-Wabi-Sabi.jpg","contentUrl":"https:\/\/www.maisonwabisabi.com\/wp-content\/uploads\/2021\/11\/Logo-de-maison-Wabi-Sabi.jpg","width":1024,"height":1024,"caption":"Maison Wabi-Sabi"},"image":{"@id":"https:\/\/www.maisonwabisabi.com\/#\/schema\/logo\/image\/"},"sameAs":["https:\/\/www.facebook.com\/MaisonWabiSabi","https:\/\/www.instagram.com\/maison.wabi.sabi\/?hl=fr","https:\/\/www.linkedin.com\/company\/69088467"]},{"@type":"Person","@id":"https:\/\/www.maisonwabisabi.com\/#\/schema\/person\/b2458bb9fa2737d1a11eabc63d3aabc9","name":"Yann san","sameAs":["https:\/\/www.maisonwabisabi.com","https:\/\/www.facebook.com\/MaisonWabiSabi","https:\/\/www.instagram.com\/maison.wabi.sabi\/"],"url":"https:\/\/www.maisonwabisabi.com\/en\/author\/4729952\/"}]}},"_links":{"self":[{"href":"https:\/\/www.maisonwabisabi.com\/en\/wp-json\/wp\/v2\/posts\/39076","targetHints":{"allow":["GET"]}}],"collection":[{"href":"https:\/\/www.maisonwabisabi.com\/en\/wp-json\/wp\/v2\/posts"}],"about":[{"href":"https:\/\/www.maisonwabisabi.com\/en\/wp-json\/wp\/v2\/types\/post"}],"author":[{"embeddable":true,"href":"https:\/\/www.maisonwabisabi.com\/en\/wp-json\/wp\/v2\/users\/1"}],"replies":[{"embeddable":true,"href":"https:\/\/www.maisonwabisabi.com\/en\/wp-json\/wp\/v2\/comments?post=39076"}],"version-history":[{"count":2,"href":"https:\/\/www.maisonwabisabi.com\/en\/wp-json\/wp\/v2\/posts\/39076\/revisions"}],"predecessor-version":[{"id":39785,"href":"https:\/\/www.maisonwabisabi.com\/en\/wp-json\/wp\/v2\/posts\/39076\/revisions\/39785"}],"wp:attachment":[{"href":"https:\/\/www.maisonwabisabi.com\/en\/wp-json\/wp\/v2\/media?parent=39076"}],"wp:term":[{"taxonomy":"category","embeddable":true,"href":"https:\/\/www.maisonwabisabi.com\/en\/wp-json\/wp\/v2\/categories?post=39076"},{"taxonomy":"post_tag","embeddable":true,"href":"https:\/\/www.maisonwabisabi.com\/en\/wp-json\/wp\/v2\/tags?post=39076"}],"curies":[{"name":"wp","href":"https:\/\/api.w.org\/{rel}","templated":true}]}}