{"id":39064,"date":"2026-02-04T21:53:56","date_gmt":"2026-02-04T20:53:56","guid":{"rendered":"https:\/\/www.maisonwabisabi.com\/?p=39064"},"modified":"2026-02-08T22:41:10","modified_gmt":"2026-02-08T21:41:10","slug":"ushio-shimizu","status":"publish","type":"post","link":"https:\/\/www.maisonwabisabi.com\/en\/ushio-shimizu\/","title":{"rendered":"Rencontre avec Ushio SHIMIZU \u6e05\u6c34 \u6f6e C\u00e9ramiste japonais \u00e0 Yokkaichi"},"content":{"rendered":"<div style=\"height:20px\" aria-hidden=\"true\" class=\"wp-block-spacer\"><\/div>\n\n\n\n<div class=\"wp-block-media-text is-stacked-on-mobile\"><figure class=\"wp-block-media-text__media\"><img loading=\"lazy\" decoding=\"async\" width=\"1024\" height=\"1024\" src=\"https:\/\/www.maisonwabisabi.com\/wp-content\/uploads\/2025\/12\/Ushio-SHIMIZU-Portrait.jpg\" alt=\"Ushio SHIMIZU - Portrait\" class=\"wp-image-38715 size-full\" srcset=\"https:\/\/www.maisonwabisabi.com\/wp-content\/uploads\/2025\/12\/Ushio-SHIMIZU-Portrait.jpg 1024w, https:\/\/www.maisonwabisabi.com\/wp-content\/uploads\/2025\/12\/Ushio-SHIMIZU-Portrait-300x300.jpg 300w, https:\/\/www.maisonwabisabi.com\/wp-content\/uploads\/2025\/12\/Ushio-SHIMIZU-Portrait-150x150.jpg 150w, https:\/\/www.maisonwabisabi.com\/wp-content\/uploads\/2025\/12\/Ushio-SHIMIZU-Portrait-768x768.jpg 768w, https:\/\/www.maisonwabisabi.com\/wp-content\/uploads\/2025\/12\/Ushio-SHIMIZU-Portrait-12x12.jpg 12w, https:\/\/www.maisonwabisabi.com\/wp-content\/uploads\/2025\/12\/Ushio-SHIMIZU-Portrait-600x600.jpg 600w, https:\/\/www.maisonwabisabi.com\/wp-content\/uploads\/2025\/12\/Ushio-SHIMIZU-Portrait-100x100.jpg 100w\" sizes=\"auto, (max-width: 1024px) 100vw, 1024px\" \/><\/figure><div class=\"wp-block-media-text__content\">\n<p><\/p>\n\n\n\n<h2 class=\"wp-block-heading has-black-color has-text-color\" style=\"font-size:21px\"><strong><mark style=\"background-color:rgba(0, 0, 0, 0);color:#7d4e2d\" class=\"has-inline-color\">Ushio SHIMIZU et<\/mark> <a href=\"https:\/\/www.maisonwabisabi.com\/en\/product-category\/ceramistes-du-japon\/ceramiste-ushio-shimizu\/\" target=\"_blank\" rel=\"noreferrer noopener\">ses cr\u00e9ations<\/a><\/strong><\/h2>\n\n\n\n<p class=\"has-black-color has-text-color\" style=\"font-size:17px\">(1975-)<\/p>\n\n\n\n<p class=\"has-black-color has-text-color\" style=\"font-size:17px\">N\u00e9 \u00e0 Yokkaichi, dans la pr\u00e9fecture de Mie. C&rsquo;est un c\u00e9ramiste japonais issu d\u2019une lign\u00e9e de potiers remontant \u00e0 trois g\u00e9n\u00e9rations. Il dirige aujourd\u2019hui l\u2019atelier&nbsp;Suigetsu T\u014den (\u9154\u6708\u9676\u82d1), situ\u00e9 \u00e0 Minami-Ikaruga-ch\u014d, \u00e0 Yokkaichi, une r\u00e9gion historiquement li\u00e9e \u00e0 la c\u00e9ramique de Banko-yaki.<\/p>\n\n\n\n<p class=\"has-black-color has-text-color\" style=\"font-size:17px\">N\u00e9 au sein d\u2019un foyer o\u00f9 la c\u00e9ramique constituait une activit\u00e9 quotidienne. Il a \u00e9t\u00e9 tr\u00e8s t\u00f4t confront\u00e9 au travail de la terre et du feu. En observant d\u00e8s l\u2019enfance son grand-p\u00e8re, ancien ma\u00eetre du four familial, il d\u00e9veloppe une sensibilit\u00e9 profonde pour la fabrication des objets utilitaires et pour la valeur humaine du geste artisanal. Il se d\u00e9finit avant tout comme c\u00e9ramiste&nbsp;(\u9676\u82b8\u5bb6 T\u014dgeika), un terme qui refl\u00e8te \u00e0 la fois son ancrage dans la tradition et son engagement personnel dans la cr\u00e9ation contemporaine. Son identit\u00e9 artistique est indissociable de son histoire familiale et du territoire de Yokkaichi.<\/p>\n<\/div><\/div>\n\n\n\n<div class=\"wp-block-media-text has-media-on-the-right is-stacked-on-mobile\"><div class=\"wp-block-media-text__content\">\n<p class=\"has-black-color has-text-color has-link-color wp-elements-4022e0bb845d7cc22e1475740bdab338\" style=\"font-size:17px\"><\/p>\n\n\n\n<p class=\"has-black-color has-text-color has-link-color wp-elements-f1554b152a42fdf7082f6c1996cf4179\" style=\"font-size:17px\">La pratique de Ushio Shimizu repose sur une connaissance intime des mat\u00e9riaux et des processus de cuisson. Il travaille principalement \u00e0&nbsp;1230 \u00b0C, avec des cuissons d\u2019environ douze heures, utilisant des&nbsp;\u00e9maux de cendre de paille&nbsp;et des&nbsp;\u00e9maux mats, caract\u00e9ristiques de son univers formel sobre et tactile.<\/p>\n\n\n\n<p class=\"has-black-color has-text-color has-link-color wp-elements-225d9a58e70e8470e8c69b6b5f2c69d1\" style=\"font-size:17px\">Il emploie diff\u00e9rentes terres afin d\u2019\u00e9largir ses possibilit\u00e9s d\u2019expression et d\u2019adapter ses pi\u00e8ces aux usages contemporains. Son objectif n\u2019est pas de reproduire des formes fig\u00e9es, mais de concevoir des&nbsp;ustensiles adapt\u00e9s \u00e0 la vie actuelle, en dialogue constant avec la tradition. Chaque cuisson reste pour lui une exp\u00e9rience \u00e9motionnelle : la r\u00e9ussite d\u2019une pi\u00e8ce procure une joie renouvel\u00e9e, confirmant le lien sensible entre intention, mati\u00e8re et feu.<\/p>\n\n\n\n<p class=\"has-black-color has-text-color has-link-color wp-elements-7c7192defa8850f447932da77911b5b5\" style=\"font-size:17px\">Le dessin intervient ponctuellement, notamment lors de la conception de pi\u00e8ces de grande taille, comme un outil de r\u00e9flexion plut\u00f4t que comme une fin en soi.<\/p>\n<\/div><figure class=\"wp-block-media-text__media\"><img loading=\"lazy\" decoding=\"async\" width=\"1024\" height=\"1024\" src=\"https:\/\/www.maisonwabisabi.com\/wp-content\/uploads\/2026\/02\/Ushio-SHIMIZU-Theiere-fraiche.jpg\" alt=\"Ushio SHIMIZU - Th\u00e9i\u00e8re fra\u00eeche\" class=\"wp-image-39067 size-full\" srcset=\"https:\/\/www.maisonwabisabi.com\/wp-content\/uploads\/2026\/02\/Ushio-SHIMIZU-Theiere-fraiche.jpg 1024w, https:\/\/www.maisonwabisabi.com\/wp-content\/uploads\/2026\/02\/Ushio-SHIMIZU-Theiere-fraiche-300x300.jpg 300w, https:\/\/www.maisonwabisabi.com\/wp-content\/uploads\/2026\/02\/Ushio-SHIMIZU-Theiere-fraiche-150x150.jpg 150w, https:\/\/www.maisonwabisabi.com\/wp-content\/uploads\/2026\/02\/Ushio-SHIMIZU-Theiere-fraiche-768x768.jpg 768w, https:\/\/www.maisonwabisabi.com\/wp-content\/uploads\/2026\/02\/Ushio-SHIMIZU-Theiere-fraiche-12x12.jpg 12w, https:\/\/www.maisonwabisabi.com\/wp-content\/uploads\/2026\/02\/Ushio-SHIMIZU-Theiere-fraiche-600x600.jpg 600w, https:\/\/www.maisonwabisabi.com\/wp-content\/uploads\/2026\/02\/Ushio-SHIMIZU-Theiere-fraiche-100x100.jpg 100w\" sizes=\"auto, (max-width: 1024px) 100vw, 1024px\" \/><\/figure><\/div>\n\n\n\n<div class=\"wp-block-media-text is-stacked-on-mobile\"><figure class=\"wp-block-media-text__media\"><img loading=\"lazy\" decoding=\"async\" width=\"1024\" height=\"1024\" src=\"https:\/\/www.maisonwabisabi.com\/wp-content\/uploads\/2026\/02\/Ushio-SHIMIZU-Showroom.jpg\" alt=\"Ushio SHIMIZU - Showroom\" class=\"wp-image-39066 size-full\" srcset=\"https:\/\/www.maisonwabisabi.com\/wp-content\/uploads\/2026\/02\/Ushio-SHIMIZU-Showroom.jpg 1024w, https:\/\/www.maisonwabisabi.com\/wp-content\/uploads\/2026\/02\/Ushio-SHIMIZU-Showroom-300x300.jpg 300w, https:\/\/www.maisonwabisabi.com\/wp-content\/uploads\/2026\/02\/Ushio-SHIMIZU-Showroom-150x150.jpg 150w, https:\/\/www.maisonwabisabi.com\/wp-content\/uploads\/2026\/02\/Ushio-SHIMIZU-Showroom-768x768.jpg 768w, https:\/\/www.maisonwabisabi.com\/wp-content\/uploads\/2026\/02\/Ushio-SHIMIZU-Showroom-12x12.jpg 12w, https:\/\/www.maisonwabisabi.com\/wp-content\/uploads\/2026\/02\/Ushio-SHIMIZU-Showroom-600x600.jpg 600w, https:\/\/www.maisonwabisabi.com\/wp-content\/uploads\/2026\/02\/Ushio-SHIMIZU-Showroom-100x100.jpg 100w\" sizes=\"auto, (max-width: 1024px) 100vw, 1024px\" \/><\/figure><div class=\"wp-block-media-text__content\">\n<p class=\"has-black-color has-text-color has-link-color wp-elements-4022e0bb845d7cc22e1475740bdab338\" style=\"font-size:17px\"><\/p>\n\n\n\n<p class=\"has-black-color has-text-color has-link-color wp-elements-05b8ab4dd4890cd66351dd70db47074e\" style=\"font-size:17px\">Tr\u00e8s attach\u00e9 \u00e0 la transmission, il consid\u00e8re le partage du savoir-faire comme une responsabilit\u00e9 centrale du c\u00e9ramiste au sein de la soci\u00e9t\u00e9 contemporaine. Il anime r\u00e9guli\u00e8rement des ateliers au&nbsp;Banko no Sato Kaikan, centre culturel embl\u00e9matique de Yokkaichi d\u00e9di\u00e9 au&nbsp;Banko-yaki, qui joue un r\u00f4le cl\u00e9 dans la pr\u00e9servation, la diffusion et la p\u00e9dagogie de cette tradition c\u00e9ramique r\u00e9gionale. Ce lieu n\u2019est pas seulement un espace d\u2019exposition, mais aussi un site actif de formation, o\u00f9 artisans confirm\u00e9s, amateurs et jeunes g\u00e9n\u00e9rations entrent en contact direct avec les techniques, les mat\u00e9riaux et l\u2019histoire du Banko-yaki.<\/p>\n\n\n\n<p class=\"has-black-color has-text-color has-link-color wp-elements-d06c0e788b8c1d1d6461d7e70d62a18e\" style=\"font-size:17px\">En parall\u00e8le, Il ouvre son propre atelier comme lieu d\u2019apprentissage vivant, favorisant une transmission fond\u00e9e sur l\u2019exp\u00e9rience directe et le geste. Pour lui, ces exp\u00e9riences renforcent sa conviction que l\u2019\u00e9quilibre entre terre, feu, eau, air et \u00e9maux constitue le c\u0153ur m\u00eame de l\u2019acte cr\u00e9atif, \u00e0 la crois\u00e9e de la tradition et de l\u2019engagement humain.<\/p>\n<\/div><\/div>\n\n\n\n<div class=\"wp-block-media-text has-media-on-the-right is-stacked-on-mobile\"><div class=\"wp-block-media-text__content\">\n<p class=\"has-black-color has-text-color has-link-color wp-elements-8388fead378c1cae0b6233c386e09352\" style=\"font-size:17px\"><\/p>\n\n\n\n<h3 class=\"wp-block-heading has-black-color has-text-color has-link-color wp-elements-fc217b16bd9a592c78f9f3fec5ba2d17\" style=\"font-size:17px\"><strong><mark style=\"background-color:rgba(0, 0, 0, 0);color:#7d4e2d\" class=\"has-inline-color\"><strong>Ushio SHIMIZU<\/strong>&nbsp;en 3 dates importantes :<\/mark><\/strong><\/h3>\n\n\n\n<p class=\"has-black-color has-text-color has-link-color wp-elements-6515d84f6ccb8a4d9943afea7a2c4595\" style=\"font-size:17px\"><strong>2005<\/strong> : Il re\u00e7oit un prix \u00e0 la Japan Traditional Crafts Exhibition. Manifestation nationale de r\u00e9f\u00e9rence organis\u00e9e par la Japan K\u014dgeikai, qui distingue des \u0153uvres respectant les techniques traditionnelles tout en d\u00e9montrant une qualit\u00e9 artistique et une pertinence contemporaine \u00e9lev\u00e9es. Cette distinction marque une \u00e9tape d\u00e9cisive dans sa carri\u00e8re<\/p>\n\n\n\n<p><strong>2007<\/strong> : Il devient membre titulaire de la Japan K\u014dgeikai.<\/p>\n\n\n\n<p><strong>2009<\/strong> : Il expose au Nihonbashi Mitsukoshi, l\u2019un des grands magasins les plus prestigieux du Japon et haut lieu de diffusion de l\u2019artisanat d\u2019excellence, confirme sa reconnaissance aupr\u00e8s d\u2019un public \u00e9largi.<\/p>\n<\/div><figure class=\"wp-block-media-text__media\"><img loading=\"lazy\" decoding=\"async\" width=\"1024\" height=\"1024\" src=\"https:\/\/www.maisonwabisabi.com\/wp-content\/uploads\/2026\/02\/Ushio-SHIMIZU-Atelier.jpg\" alt=\"Ushio SHIMIZU - Atelier\" class=\"wp-image-39065 size-full\" srcset=\"https:\/\/www.maisonwabisabi.com\/wp-content\/uploads\/2026\/02\/Ushio-SHIMIZU-Atelier.jpg 1024w, https:\/\/www.maisonwabisabi.com\/wp-content\/uploads\/2026\/02\/Ushio-SHIMIZU-Atelier-300x300.jpg 300w, https:\/\/www.maisonwabisabi.com\/wp-content\/uploads\/2026\/02\/Ushio-SHIMIZU-Atelier-150x150.jpg 150w, https:\/\/www.maisonwabisabi.com\/wp-content\/uploads\/2026\/02\/Ushio-SHIMIZU-Atelier-768x768.jpg 768w, https:\/\/www.maisonwabisabi.com\/wp-content\/uploads\/2026\/02\/Ushio-SHIMIZU-Atelier-12x12.jpg 12w, https:\/\/www.maisonwabisabi.com\/wp-content\/uploads\/2026\/02\/Ushio-SHIMIZU-Atelier-600x600.jpg 600w, https:\/\/www.maisonwabisabi.com\/wp-content\/uploads\/2026\/02\/Ushio-SHIMIZU-Atelier-100x100.jpg 100w\" sizes=\"auto, (max-width: 1024px) 100vw, 1024px\" \/><\/figure><\/div>\n\n\n\n<p class=\"has-text-align-center has-black-color has-text-color\" style=\"font-size:15px\">Source des photos et des textes : Ushio SHIMIZU et Yann san<\/p>\n\n\n\n<div style=\"height:100px\" aria-hidden=\"true\" class=\"wp-block-spacer\"><\/div>","protected":false},"excerpt":{"rendered":"<p>Ushio SHIMIZU et ses cr\u00e9ations (1975-) N\u00e9 \u00e0 Yokkaichi, dans la pr\u00e9fecture de Mie. C&rsquo;est un c\u00e9ramiste japonais issu d\u2019une [&hellip;]<\/p>\n","protected":false},"author":1,"featured_media":0,"comment_status":"closed","ping_status":"closed","sticky":false,"template":"","format":"standard","meta":{"site-sidebar-layout":"default","site-content-layout":"","ast-site-content-layout":"default","site-content-style":"default","site-sidebar-style":"default","ast-global-header-display":"","ast-banner-title-visibility":"","ast-main-header-display":"","ast-hfb-above-header-display":"","ast-hfb-below-header-display":"","ast-hfb-mobile-header-display":"","site-post-title":"disabled","ast-breadcrumbs-content":"","ast-featured-img":"","footer-sml-layout":"","ast-disable-related-posts":"","theme-transparent-header-meta":"","adv-header-id-meta":"","stick-header-meta":"","header-above-stick-meta":"","header-main-stick-meta":"","header-below-stick-meta":"","astra-migrate-meta-layouts":"default","ast-page-background-enabled":"default","ast-page-background-meta":{"desktop":{"background-color":"var(--ast-global-color-5)","background-image":"","background-repeat":"repeat","background-position":"center center","background-size":"auto","background-attachment":"scroll","background-type":"","background-media":"","overlay-type":"","overlay-color":"","overlay-opacity":"","overlay-gradient":""},"tablet":{"background-color":"","background-image":"","background-repeat":"repeat","background-position":"center center","background-size":"auto","background-attachment":"scroll","background-type":"","background-media":"","overlay-type":"","overlay-color":"","overlay-opacity":"","overlay-gradient":""},"mobile":{"background-color":"","background-image":"","background-repeat":"repeat","background-position":"center center","background-size":"auto","background-attachment":"scroll","background-type":"","background-media":"","overlay-type":"","overlay-color":"","overlay-opacity":"","overlay-gradient":""}},"ast-content-background-meta":{"desktop":{"background-color":"var(--ast-global-color-4)","background-image":"","background-repeat":"repeat","background-position":"center center","background-size":"auto","background-attachment":"scroll","background-type":"","background-media":"","overlay-type":"","overlay-color":"","overlay-opacity":"","overlay-gradient":""},"tablet":{"background-color":"var(--ast-global-color-4)","background-image":"","background-repeat":"repeat","background-position":"center center","background-size":"auto","background-attachment":"scroll","background-type":"","background-media":"","overlay-type":"","overlay-color":"","overlay-opacity":"","overlay-gradient":""},"mobile":{"background-color":"var(--ast-global-color-4)","background-image":"","background-repeat":"repeat","background-position":"center center","background-size":"auto","background-attachment":"scroll","background-type":"","background-media":"","overlay-type":"","overlay-color":"","overlay-opacity":"","overlay-gradient":""}},"footnotes":""},"categories":[76],"tags":[],"class_list":["post-39064","post","type-post","status-publish","format-standard","hentry","category-ceramistes"],"yoast_head":"<!-- This site is optimized with the Yoast SEO plugin v27.5 - https:\/\/yoast.com\/product\/yoast-seo-wordpress\/ -->\n<title>Ushio SHIMIZU - Maison Wabi-Sabi - C\u00e9ramiste<\/title>\n<meta name=\"description\" content=\"Ushio SHIMIZU \u6e05\u6c34 \u6f6e est \u00e0 Yokkaichi, pr\u00e9fecture de Mie, Honsh\u016b. H\u00e2te de vous pr\u00e9senter ses cr\u00e9ations en boutique. C\u00e9ramique japonaise.\" \/>\n<meta name=\"robots\" content=\"index, follow, max-snippet:-1, max-image-preview:large, max-video-preview:-1\" \/>\n<link rel=\"canonical\" href=\"https:\/\/www.maisonwabisabi.com\/en\/ushio-shimizu\/\" \/>\n<meta property=\"og:locale\" content=\"en_GB\" \/>\n<meta property=\"og:type\" content=\"article\" \/>\n<meta property=\"og:title\" content=\"Ushio SHIMIZU - Maison Wabi-Sabi - C\u00e9ramiste\" \/>\n<meta property=\"og:description\" content=\"Ushio SHIMIZU \u6e05\u6c34 \u6f6e est \u00e0 Yokkaichi, pr\u00e9fecture de Mie, Honsh\u016b. H\u00e2te de vous pr\u00e9senter ses cr\u00e9ations en boutique. C\u00e9ramique japonaise.\" \/>\n<meta property=\"og:url\" content=\"https:\/\/www.maisonwabisabi.com\/en\/ushio-shimizu\/\" \/>\n<meta property=\"og:site_name\" content=\"Maison Wabi-Sabi\" \/>\n<meta property=\"article:publisher\" content=\"https:\/\/www.facebook.com\/MaisonWabiSabi\" \/>\n<meta property=\"article:author\" content=\"https:\/\/www.facebook.com\/MaisonWabiSabi\" \/>\n<meta property=\"article:published_time\" content=\"2026-02-04T20:53:56+00:00\" \/>\n<meta property=\"article:modified_time\" content=\"2026-02-08T21:41:10+00:00\" \/>\n<meta property=\"og:image\" content=\"https:\/\/www.maisonwabisabi.com\/wp-content\/uploads\/2025\/12\/Ushio-SHIMIZU-Portrait.jpg\" \/>\n\t<meta property=\"og:image:width\" content=\"1024\" \/>\n\t<meta property=\"og:image:height\" content=\"1024\" \/>\n\t<meta property=\"og:image:type\" content=\"image\/jpeg\" \/>\n<meta name=\"author\" content=\"Yann san\" \/>\n<meta name=\"twitter:card\" content=\"summary_large_image\" \/>\n<meta name=\"twitter:label1\" content=\"Written by\" \/>\n\t<meta name=\"twitter:data1\" content=\"Yann san\" \/>\n\t<meta name=\"twitter:label2\" content=\"Estimated reading time\" \/>\n\t<meta name=\"twitter:data2\" content=\"4 minutes\" \/>\n<script type=\"application\/ld+json\" class=\"yoast-schema-graph\">{\"@context\":\"https:\\\/\\\/schema.org\",\"@graph\":[{\"@type\":\"Article\",\"@id\":\"https:\\\/\\\/www.maisonwabisabi.com\\\/ushio-shimizu\\\/#article\",\"isPartOf\":{\"@id\":\"https:\\\/\\\/www.maisonwabisabi.com\\\/ushio-shimizu\\\/\"},\"author\":{\"name\":\"Yann san\",\"@id\":\"https:\\\/\\\/www.maisonwabisabi.com\\\/#\\\/schema\\\/person\\\/b2458bb9fa2737d1a11eabc63d3aabc9\"},\"headline\":\"Rencontre avec Ushio SHIMIZU \u6e05\u6c34 \u6f6e C\u00e9ramiste japonais \u00e0 Yokkaichi\",\"datePublished\":\"2026-02-04T20:53:56+00:00\",\"dateModified\":\"2026-02-08T21:41:10+00:00\",\"mainEntityOfPage\":{\"@id\":\"https:\\\/\\\/www.maisonwabisabi.com\\\/ushio-shimizu\\\/\"},\"wordCount\":636,\"publisher\":{\"@id\":\"https:\\\/\\\/www.maisonwabisabi.com\\\/#organization\"},\"image\":{\"@id\":\"https:\\\/\\\/www.maisonwabisabi.com\\\/ushio-shimizu\\\/#primaryimage\"},\"thumbnailUrl\":\"https:\\\/\\\/www.maisonwabisabi.com\\\/wp-content\\\/uploads\\\/2025\\\/12\\\/Ushio-SHIMIZU-Portrait.jpg\",\"articleSection\":[\"C\u00e9ramistes\"],\"inLanguage\":\"en-GB\"},{\"@type\":\"WebPage\",\"@id\":\"https:\\\/\\\/www.maisonwabisabi.com\\\/ushio-shimizu\\\/\",\"url\":\"https:\\\/\\\/www.maisonwabisabi.com\\\/ushio-shimizu\\\/\",\"name\":\"Ushio SHIMIZU - Maison Wabi-Sabi - C\u00e9ramiste\",\"isPartOf\":{\"@id\":\"https:\\\/\\\/www.maisonwabisabi.com\\\/#website\"},\"primaryImageOfPage\":{\"@id\":\"https:\\\/\\\/www.maisonwabisabi.com\\\/ushio-shimizu\\\/#primaryimage\"},\"image\":{\"@id\":\"https:\\\/\\\/www.maisonwabisabi.com\\\/ushio-shimizu\\\/#primaryimage\"},\"thumbnailUrl\":\"https:\\\/\\\/www.maisonwabisabi.com\\\/wp-content\\\/uploads\\\/2025\\\/12\\\/Ushio-SHIMIZU-Portrait.jpg\",\"datePublished\":\"2026-02-04T20:53:56+00:00\",\"dateModified\":\"2026-02-08T21:41:10+00:00\",\"description\":\"Ushio SHIMIZU \u6e05\u6c34 \u6f6e est \u00e0 Yokkaichi, pr\u00e9fecture de Mie, Honsh\u016b. H\u00e2te de vous pr\u00e9senter ses cr\u00e9ations en boutique. C\u00e9ramique japonaise.\",\"breadcrumb\":{\"@id\":\"https:\\\/\\\/www.maisonwabisabi.com\\\/ushio-shimizu\\\/#breadcrumb\"},\"inLanguage\":\"en-GB\",\"potentialAction\":[{\"@type\":\"ReadAction\",\"target\":[\"https:\\\/\\\/www.maisonwabisabi.com\\\/ushio-shimizu\\\/\"]}]},{\"@type\":\"ImageObject\",\"inLanguage\":\"en-GB\",\"@id\":\"https:\\\/\\\/www.maisonwabisabi.com\\\/ushio-shimizu\\\/#primaryimage\",\"url\":\"https:\\\/\\\/www.maisonwabisabi.com\\\/wp-content\\\/uploads\\\/2025\\\/12\\\/Ushio-SHIMIZU-Portrait.jpg\",\"contentUrl\":\"https:\\\/\\\/www.maisonwabisabi.com\\\/wp-content\\\/uploads\\\/2025\\\/12\\\/Ushio-SHIMIZU-Portrait.jpg\"},{\"@type\":\"BreadcrumbList\",\"@id\":\"https:\\\/\\\/www.maisonwabisabi.com\\\/ushio-shimizu\\\/#breadcrumb\",\"itemListElement\":[{\"@type\":\"ListItem\",\"position\":1,\"name\":\"Bienvenue\",\"item\":\"https:\\\/\\\/www.maisonwabisabi.com\\\/\"},{\"@type\":\"ListItem\",\"position\":2,\"name\":\"Rencontre avec Ushio SHIMIZU \u6e05\u6c34 \u6f6e C\u00e9ramiste japonais \u00e0 Yokkaichi\"}]},{\"@type\":\"WebSite\",\"@id\":\"https:\\\/\\\/www.maisonwabisabi.com\\\/#website\",\"url\":\"https:\\\/\\\/www.maisonwabisabi.com\\\/\",\"name\":\"Maison Wabi-Sabi\",\"description\":\"\",\"publisher\":{\"@id\":\"https:\\\/\\\/www.maisonwabisabi.com\\\/#organization\"},\"potentialAction\":[{\"@type\":\"SearchAction\",\"target\":{\"@type\":\"EntryPoint\",\"urlTemplate\":\"https:\\\/\\\/www.maisonwabisabi.com\\\/?s={search_term_string}\"},\"query-input\":{\"@type\":\"PropertyValueSpecification\",\"valueRequired\":true,\"valueName\":\"search_term_string\"}}],\"inLanguage\":\"en-GB\"},{\"@type\":\"Organization\",\"@id\":\"https:\\\/\\\/www.maisonwabisabi.com\\\/#organization\",\"name\":\"Maison Wabi-Sabi\",\"url\":\"https:\\\/\\\/www.maisonwabisabi.com\\\/\",\"logo\":{\"@type\":\"ImageObject\",\"inLanguage\":\"en-GB\",\"@id\":\"https:\\\/\\\/www.maisonwabisabi.com\\\/#\\\/schema\\\/logo\\\/image\\\/\",\"url\":\"https:\\\/\\\/www.maisonwabisabi.com\\\/wp-content\\\/uploads\\\/2021\\\/11\\\/Logo-de-maison-Wabi-Sabi.jpg\",\"contentUrl\":\"https:\\\/\\\/www.maisonwabisabi.com\\\/wp-content\\\/uploads\\\/2021\\\/11\\\/Logo-de-maison-Wabi-Sabi.jpg\",\"width\":1024,\"height\":1024,\"caption\":\"Maison Wabi-Sabi\"},\"image\":{\"@id\":\"https:\\\/\\\/www.maisonwabisabi.com\\\/#\\\/schema\\\/logo\\\/image\\\/\"},\"sameAs\":[\"https:\\\/\\\/www.facebook.com\\\/MaisonWabiSabi\",\"https:\\\/\\\/www.instagram.com\\\/maison.wabi.sabi\\\/?hl=fr\",\"https:\\\/\\\/www.linkedin.com\\\/company\\\/69088467\"]},{\"@type\":\"Person\",\"@id\":\"https:\\\/\\\/www.maisonwabisabi.com\\\/#\\\/schema\\\/person\\\/b2458bb9fa2737d1a11eabc63d3aabc9\",\"name\":\"Yann san\",\"sameAs\":[\"https:\\\/\\\/www.maisonwabisabi.com\",\"https:\\\/\\\/www.facebook.com\\\/MaisonWabiSabi\",\"https:\\\/\\\/www.instagram.com\\\/maison.wabi.sabi\\\/\"],\"url\":\"https:\\\/\\\/www.maisonwabisabi.com\\\/en\\\/author\\\/4729952\\\/\"}]}<\/script>\n<!-- \/ Yoast SEO plugin. -->","yoast_head_json":{"title":"Ushio SHIMIZU - Maison Wabi-Sabi - C\u00e9ramiste","description":"Ushio SHIMIZU \u6e05\u6c34 \u6f6e est \u00e0 Yokkaichi, pr\u00e9fecture de Mie, Honsh\u016b. H\u00e2te de vous pr\u00e9senter ses cr\u00e9ations en boutique. C\u00e9ramique japonaise.","robots":{"index":"index","follow":"follow","max-snippet":"max-snippet:-1","max-image-preview":"max-image-preview:large","max-video-preview":"max-video-preview:-1"},"canonical":"https:\/\/www.maisonwabisabi.com\/en\/ushio-shimizu\/","og_locale":"en_GB","og_type":"article","og_title":"Ushio SHIMIZU - Maison Wabi-Sabi - C\u00e9ramiste","og_description":"Ushio SHIMIZU \u6e05\u6c34 \u6f6e est \u00e0 Yokkaichi, pr\u00e9fecture de Mie, Honsh\u016b. H\u00e2te de vous pr\u00e9senter ses cr\u00e9ations en boutique. C\u00e9ramique japonaise.","og_url":"https:\/\/www.maisonwabisabi.com\/en\/ushio-shimizu\/","og_site_name":"Maison Wabi-Sabi","article_publisher":"https:\/\/www.facebook.com\/MaisonWabiSabi","article_author":"https:\/\/www.facebook.com\/MaisonWabiSabi","article_published_time":"2026-02-04T20:53:56+00:00","article_modified_time":"2026-02-08T21:41:10+00:00","og_image":[{"width":1024,"height":1024,"url":"https:\/\/www.maisonwabisabi.com\/wp-content\/uploads\/2025\/12\/Ushio-SHIMIZU-Portrait.jpg","type":"image\/jpeg"}],"author":"Yann san","twitter_card":"summary_large_image","twitter_misc":{"Written by":"Yann san","Estimated reading time":"4 minutes"},"schema":{"@context":"https:\/\/schema.org","@graph":[{"@type":"Article","@id":"https:\/\/www.maisonwabisabi.com\/ushio-shimizu\/#article","isPartOf":{"@id":"https:\/\/www.maisonwabisabi.com\/ushio-shimizu\/"},"author":{"name":"Yann san","@id":"https:\/\/www.maisonwabisabi.com\/#\/schema\/person\/b2458bb9fa2737d1a11eabc63d3aabc9"},"headline":"Rencontre avec Ushio SHIMIZU \u6e05\u6c34 \u6f6e C\u00e9ramiste japonais \u00e0 Yokkaichi","datePublished":"2026-02-04T20:53:56+00:00","dateModified":"2026-02-08T21:41:10+00:00","mainEntityOfPage":{"@id":"https:\/\/www.maisonwabisabi.com\/ushio-shimizu\/"},"wordCount":636,"publisher":{"@id":"https:\/\/www.maisonwabisabi.com\/#organization"},"image":{"@id":"https:\/\/www.maisonwabisabi.com\/ushio-shimizu\/#primaryimage"},"thumbnailUrl":"https:\/\/www.maisonwabisabi.com\/wp-content\/uploads\/2025\/12\/Ushio-SHIMIZU-Portrait.jpg","articleSection":["C\u00e9ramistes"],"inLanguage":"en-GB"},{"@type":"WebPage","@id":"https:\/\/www.maisonwabisabi.com\/ushio-shimizu\/","url":"https:\/\/www.maisonwabisabi.com\/ushio-shimizu\/","name":"Ushio SHIMIZU - Maison Wabi-Sabi - C\u00e9ramiste","isPartOf":{"@id":"https:\/\/www.maisonwabisabi.com\/#website"},"primaryImageOfPage":{"@id":"https:\/\/www.maisonwabisabi.com\/ushio-shimizu\/#primaryimage"},"image":{"@id":"https:\/\/www.maisonwabisabi.com\/ushio-shimizu\/#primaryimage"},"thumbnailUrl":"https:\/\/www.maisonwabisabi.com\/wp-content\/uploads\/2025\/12\/Ushio-SHIMIZU-Portrait.jpg","datePublished":"2026-02-04T20:53:56+00:00","dateModified":"2026-02-08T21:41:10+00:00","description":"Ushio SHIMIZU \u6e05\u6c34 \u6f6e est \u00e0 Yokkaichi, pr\u00e9fecture de Mie, Honsh\u016b. H\u00e2te de vous pr\u00e9senter ses cr\u00e9ations en boutique. C\u00e9ramique japonaise.","breadcrumb":{"@id":"https:\/\/www.maisonwabisabi.com\/ushio-shimizu\/#breadcrumb"},"inLanguage":"en-GB","potentialAction":[{"@type":"ReadAction","target":["https:\/\/www.maisonwabisabi.com\/ushio-shimizu\/"]}]},{"@type":"ImageObject","inLanguage":"en-GB","@id":"https:\/\/www.maisonwabisabi.com\/ushio-shimizu\/#primaryimage","url":"https:\/\/www.maisonwabisabi.com\/wp-content\/uploads\/2025\/12\/Ushio-SHIMIZU-Portrait.jpg","contentUrl":"https:\/\/www.maisonwabisabi.com\/wp-content\/uploads\/2025\/12\/Ushio-SHIMIZU-Portrait.jpg"},{"@type":"BreadcrumbList","@id":"https:\/\/www.maisonwabisabi.com\/ushio-shimizu\/#breadcrumb","itemListElement":[{"@type":"ListItem","position":1,"name":"Bienvenue","item":"https:\/\/www.maisonwabisabi.com\/"},{"@type":"ListItem","position":2,"name":"Rencontre avec Ushio SHIMIZU \u6e05\u6c34 \u6f6e C\u00e9ramiste japonais \u00e0 Yokkaichi"}]},{"@type":"WebSite","@id":"https:\/\/www.maisonwabisabi.com\/#website","url":"https:\/\/www.maisonwabisabi.com\/","name":"Maison Wabi-Sabi","description":"","publisher":{"@id":"https:\/\/www.maisonwabisabi.com\/#organization"},"potentialAction":[{"@type":"SearchAction","target":{"@type":"EntryPoint","urlTemplate":"https:\/\/www.maisonwabisabi.com\/?s={search_term_string}"},"query-input":{"@type":"PropertyValueSpecification","valueRequired":true,"valueName":"search_term_string"}}],"inLanguage":"en-GB"},{"@type":"Organization","@id":"https:\/\/www.maisonwabisabi.com\/#organization","name":"Maison Wabi-Sabi","url":"https:\/\/www.maisonwabisabi.com\/","logo":{"@type":"ImageObject","inLanguage":"en-GB","@id":"https:\/\/www.maisonwabisabi.com\/#\/schema\/logo\/image\/","url":"https:\/\/www.maisonwabisabi.com\/wp-content\/uploads\/2021\/11\/Logo-de-maison-Wabi-Sabi.jpg","contentUrl":"https:\/\/www.maisonwabisabi.com\/wp-content\/uploads\/2021\/11\/Logo-de-maison-Wabi-Sabi.jpg","width":1024,"height":1024,"caption":"Maison Wabi-Sabi"},"image":{"@id":"https:\/\/www.maisonwabisabi.com\/#\/schema\/logo\/image\/"},"sameAs":["https:\/\/www.facebook.com\/MaisonWabiSabi","https:\/\/www.instagram.com\/maison.wabi.sabi\/?hl=fr","https:\/\/www.linkedin.com\/company\/69088467"]},{"@type":"Person","@id":"https:\/\/www.maisonwabisabi.com\/#\/schema\/person\/b2458bb9fa2737d1a11eabc63d3aabc9","name":"Yann san","sameAs":["https:\/\/www.maisonwabisabi.com","https:\/\/www.facebook.com\/MaisonWabiSabi","https:\/\/www.instagram.com\/maison.wabi.sabi\/"],"url":"https:\/\/www.maisonwabisabi.com\/en\/author\/4729952\/"}]}},"_links":{"self":[{"href":"https:\/\/www.maisonwabisabi.com\/en\/wp-json\/wp\/v2\/posts\/39064","targetHints":{"allow":["GET"]}}],"collection":[{"href":"https:\/\/www.maisonwabisabi.com\/en\/wp-json\/wp\/v2\/posts"}],"about":[{"href":"https:\/\/www.maisonwabisabi.com\/en\/wp-json\/wp\/v2\/types\/post"}],"author":[{"embeddable":true,"href":"https:\/\/www.maisonwabisabi.com\/en\/wp-json\/wp\/v2\/users\/1"}],"replies":[{"embeddable":true,"href":"https:\/\/www.maisonwabisabi.com\/en\/wp-json\/wp\/v2\/comments?post=39064"}],"version-history":[{"count":2,"href":"https:\/\/www.maisonwabisabi.com\/en\/wp-json\/wp\/v2\/posts\/39064\/revisions"}],"predecessor-version":[{"id":39130,"href":"https:\/\/www.maisonwabisabi.com\/en\/wp-json\/wp\/v2\/posts\/39064\/revisions\/39130"}],"wp:attachment":[{"href":"https:\/\/www.maisonwabisabi.com\/en\/wp-json\/wp\/v2\/media?parent=39064"}],"wp:term":[{"taxonomy":"category","embeddable":true,"href":"https:\/\/www.maisonwabisabi.com\/en\/wp-json\/wp\/v2\/categories?post=39064"},{"taxonomy":"post_tag","embeddable":true,"href":"https:\/\/www.maisonwabisabi.com\/en\/wp-json\/wp\/v2\/tags?post=39064"}],"curies":[{"name":"wp","href":"https:\/\/api.w.org\/{rel}","templated":true}]}}