{"id":38903,"date":"2026-01-26T22:06:34","date_gmt":"2026-01-26T21:06:34","guid":{"rendered":"https:\/\/www.maisonwabisabi.com\/?p=38903"},"modified":"2026-01-26T22:20:32","modified_gmt":"2026-01-26T21:20:32","slug":"evenements-2025","status":"publish","type":"post","link":"https:\/\/www.maisonwabisabi.com\/en\/evenements-2025\/","title":{"rendered":"\u00c9v\u00e8nements 2025"},"content":{"rendered":"<h2 class=\"wp-block-heading has-text-align-center has-black-color has-text-color has-background\" style=\"background-color:#8d9a83;font-size:21px\"><strong><strong><strong><strong><strong><strong><strong>Expositions \/ Ventes annuelles<\/strong><\/strong><\/strong><\/strong><\/strong><\/strong><\/strong><\/h2>\n\n\n\n<div style=\"height:20px\" aria-hidden=\"true\" class=\"wp-block-spacer\"><\/div>\n\n\n\n<div class=\"wp-block-media-text is-stacked-on-mobile\" style=\"grid-template-columns:25% auto\"><figure class=\"wp-block-media-text__media\"><img loading=\"lazy\" decoding=\"async\" width=\"1024\" height=\"1024\" src=\"https:\/\/www.maisonwabisabi.com\/wp-content\/uploads\/2025\/09\/Evenements-2025.jpg\" alt=\"\u00c9v\u00e8nements pass\u00e9s de l'ann\u00e9e 2025 par Maison Wabi-Sabi\" class=\"wp-image-36955 size-full\" srcset=\"https:\/\/www.maisonwabisabi.com\/wp-content\/uploads\/2025\/09\/Evenements-2025.jpg 1024w, https:\/\/www.maisonwabisabi.com\/wp-content\/uploads\/2025\/09\/Evenements-2025-300x300.jpg 300w, https:\/\/www.maisonwabisabi.com\/wp-content\/uploads\/2025\/09\/Evenements-2025-150x150.jpg 150w, https:\/\/www.maisonwabisabi.com\/wp-content\/uploads\/2025\/09\/Evenements-2025-768x768.jpg 768w, https:\/\/www.maisonwabisabi.com\/wp-content\/uploads\/2025\/09\/Evenements-2025-12x12.jpg 12w, https:\/\/www.maisonwabisabi.com\/wp-content\/uploads\/2025\/09\/Evenements-2025-600x600.jpg 600w, https:\/\/www.maisonwabisabi.com\/wp-content\/uploads\/2025\/09\/Evenements-2025-100x100.jpg 100w\" sizes=\"auto, (max-width: 1024px) 100vw, 1024px\" \/><\/figure><div class=\"wp-block-media-text__content\">\n<p>\u00ab\u00a0L&rsquo;ann\u00e9e 2025, Yann san de Maison Wabi-Sabi a lanc\u00e9 la 10\u00e8me collection saisonni\u00e8re en ligne : Collection Printemps \/ HARU 2025 \u00e0 La Galerie Guilhem \u00e0 Paris. Expo\/vente au Festival Ennichi avec Espace Japon. Expo\/vente \u00ab\u00a0MAJOR CRAFTSMAN OF CERAMICS N\u00b002\u00a0\u00bb de Yui et Kai TSUJIMURA \u00e0 La Galerie Guilhem \u00e0 Paris. 11\u00e8me collection saisonni\u00e8re en ligne : Collection \u00c9t\u00e9 \/ NATSU 2025 \u00e0 La Galerie Guilhem \u00e0 Paris. Expo\/vente \u00ab\u00a0Voyage, La Terre\u00a0\u00bb au concept Store de HIS \u00e0 Paris. 12\u00e8me collection saisonni\u00e8re en ligne : Collection Automne \/ AKI 2025 \u00e0 La Galerie Guilhem \u00e0 Paris. Expo\/vente \u00ab\u00a0MAJOR CRAFTSMAN OF CERAMICS N\u00b003\u00a0\u00bb de Sh\u014dgo IKEDA \u00e0 La Galerie Guilhem \u00e0 Paris. Ceramic Tour 2025 au Japon. Parution dans le magazine Id\u00e9es japon Automne 2025. 13\u00e8me collection saisonni\u00e8re en ligne : Collection Automne \/ FUYU 2025 \u00e0 La Galerie Guilhem, \u00e0 Paris. <\/p>\n<\/div><\/div>\n\n\n\n<div style=\"height:50px\" aria-hidden=\"true\" class=\"wp-block-spacer\"><\/div>\n\n\n\n<h2 class=\"wp-block-heading has-text-align-center has-black-color has-text-color has-background\" style=\"background-color:#8d9a83;font-size:21px\"><strong><strong><strong>Collection FUYU 2025 &#8211; D\u00e9cembre 2025<\/strong><\/strong><\/strong><\/h2>\n\n\n\n<div style=\"height:20px\" aria-hidden=\"true\" class=\"wp-block-spacer\"><\/div>\n\n\n\n<p class=\"has-black-color has-text-color has-link-color wp-elements-33328be786d9535176b9239d77ad26f3\" style=\"font-size:17px\">Dates : Mercredi 17 D\u00e9cembre au Mardi 23 D\u00e9cembre 2025 &#8211; de 12h \u00e0 19h<\/p>\n\n\n\n<p class=\"has-black-color has-text-color has-link-color wp-elements-5fb71770b2aee8c151cf703e3b9d7825\" style=\"font-size:17px\"><strong><strong>Lieu :<strong> <strong><a href=\"https:\/\/goo.gl\/maps\/Y8cv7BiswYovsHmG9\" target=\"_blank\" rel=\"noreferrer noopener\"><mark style=\"background-color:rgba(0, 0, 0, 0);color:#8d9a83\" class=\"has-inline-color\">L<\/mark><\/a><a href=\"https:\/\/goo.gl\/maps\/Y8cv7BiswYovsHmG9\"><mark style=\"background-color:rgba(0, 0, 0, 0);color:#8d9a83\" class=\"has-inline-color\">a Galerie Guilhem<\/mark><\/a><\/strong><\/strong> &#8211; 8 rue du G\u00e9n\u00e9ral Guilhem &#8211; Paris 11\u00e8me<\/strong><\/strong><\/p>\n\n\n\n<p class=\"has-black-color has-text-color has-link-color wp-elements-372c28704810ce90f5a6460b3abc9e72\" style=\"font-size:17px\">\u00ab\u00a0Pour la 3\u00e8me Collection Hiver de Maison Wabi-Sabi : <mark style=\"background-color:rgba(0, 0, 0, 0)\" class=\"has-inline-color has-black-color\">AKI 2025<\/mark>. Mon inspiration na\u00eet du <a href=\"https:\/\/www.maisonwabisabi.com\/en\/shokunin\/ceramic-tour-2025\/\" target=\"_blank\" rel=\"noreferrer noopener\"><mark style=\"background-color:rgba(0, 0, 0, 0);color:#8d9a83\" class=\"has-inline-color\">Ceramic Tour 2025<\/mark><\/a>, partag\u00e9 avec mon groupe de passionn\u00e9s de C\u00e9ramique avec un grand C. Cette passion se voit et se ressent \u00e0 chaque instant : dans un sourire, une exclamation \u00e9merveill\u00e9e, un regard, une \u00e9motion partag\u00e9e. L\u2019harmonie du pied et l\u2019\u00e9quilibre de la forme : ext\u00e9rieure comme int\u00e9rieure, fondent la beaut\u00e9. Puis vient le toucher, qui r\u00e9v\u00e8le pleinement la pr\u00e9sence de l&rsquo;oeuvre, sa justesse et sa respiration.\u00a0\u00bb<\/p>\n\n\n\n<p class=\"has-black-color has-text-color has-link-color wp-elements-c9305c278fa121efd72e2a31d140d1e2\" style=\"font-size:17px\">Voici les C\u00e9ramistes de cette collection : <a href=\"https:\/\/www.maisonwabisabi.com\/en\/shinya-matsunaga\/\" target=\"_blank\" rel=\"noreferrer noopener\"><mark style=\"background-color:rgba(0, 0, 0, 0);color:#8d9a83\" class=\"has-inline-color\">Shinya MATSUNAGA \u677e\u6c38 \u771f\u54c9<\/mark><\/a>, <a href=\"https:\/\/www.maisonwabisabi.com\/en\/kyohei-nakagawa\/\" target=\"_blank\" rel=\"noreferrer noopener\"><mark style=\"background-color:rgba(0, 0, 0, 0);color:#8d9a83\" class=\"has-inline-color\">Ky\u014dhei NAKAGAWA \u4e2d\u5ddd\u606d\u5e73<\/mark><\/a>, <a href=\"https:\/\/www.maisonwabisabi.com\/en\/edith-bellod\/\" target=\"_blank\" rel=\"noreferrer noopener\"><mark style=\"background-color:rgba(0, 0, 0, 0);color:#8d9a83\" class=\"has-inline-color\">Edith BELLOD<\/mark><\/a>, <a href=\"https:\/\/www.maisonwabisabi.com\/en\/toyohiro-setoguchi\/\" target=\"_blank\" rel=\"noreferrer noopener\"><mark style=\"background-color:rgba(0, 0, 0, 0);color:#8d9a83\" class=\"has-inline-color\">Toyohiro SETOGUCHI \u5bdb\u53f3\u30a8\u9580\u7aaf de Kanemon \u9676\u7aaf\u5bec\u53f3\u30a7\u9580<\/mark><\/a>, <a href=\"https:\/\/www.maisonwabisabi.com\/en\/studio-yu\/\" target=\"_blank\" rel=\"noreferrer noopener\"><mark style=\"background-color:rgba(0, 0, 0, 0);color:#8d9a83\" class=\"has-inline-color\">Studio Yu \u9676\u5de5\u623f\u65bf<\/mark><\/a>, <a href=\"https:\/\/www.maisonwabisabi.com\/en\/yasushi-okada\/\" target=\"_blank\" rel=\"noreferrer noopener\"><mark style=\"background-color:rgba(0, 0, 0, 0);color:#8d9a83\" class=\"has-inline-color\">Yasushi OKADA \u5ca1\u7530\u6cf0<\/mark><\/a>, <a href=\"https:\/\/www.maisonwabisabi.com\/en\/james-erasmus\/\" target=\"_blank\" rel=\"noreferrer noopener\"><mark style=\"background-color:rgba(0, 0, 0, 0);color:#8d9a83\" class=\"has-inline-color\">James ERASMUS<\/mark><\/a>, <a href=\"https:\/\/www.maisonwabisabi.com\/en\/lee-eun-bum\/\" target=\"_blank\" rel=\"noreferrer noopener\"><mark style=\"background-color:rgba(0, 0, 0, 0);color:#8d9a83\" class=\"has-inline-color\">Lee Eun-bum \u110b\u1175\u110b\u1173\u11ab\u1107\u1165\u11b7<\/mark><\/a>, <a href=\"https:\/\/www.maisonwabisabi.com\/en\/park-jae-guk\/\" target=\"_blank\" rel=\"noreferrer noopener\"><mark style=\"background-color:rgba(0, 0, 0, 0);color:#8d9a83\" class=\"has-inline-color\">Park Jae Guk \u1107\u1161\u11a8\u110c\u1162\u1100\u116e\u11a8<\/mark><\/a>, <a href=\"https:\/\/www.maisonwabisabi.com\/en\/ushio-shimizu\/\" target=\"_blank\" rel=\"noreferrer noopener\"><mark style=\"background-color:rgba(0, 0, 0, 0);color:#8d9a83\" class=\"has-inline-color\">Ushio SHIMIZU \u6e05\u6c34\u6f6e<\/mark><\/a> et <a href=\"https:\/\/www.maisonwabisabi.com\/en\/tara-mayer\/\" target=\"_blank\" rel=\"noreferrer noopener\"><mark style=\"background-color:rgba(0, 0, 0, 0);color:#8d9a83\" class=\"has-inline-color\">Tara MAYER<\/mark><\/a>.<\/p>\n\n\n\n<p class=\"has-black-color has-text-color\" style=\"font-size:17px\">Maison Wabi-Sabi sera en compagnie de :<\/p>\n\n\n\n<ul class=\"wp-block-list\">\n<li class=\"has-black-color has-text-color has-link-color wp-elements-9bc4a61a086e1bb15857b5d54a2e6295\" style=\"font-size:17px\">Sara MAUVILLY et Alessandra LANEVE : C\u00e9ramiste et Calligraphe.<\/li>\n<\/ul>\n\n\n\n<p class=\"has-black-color has-text-color has-link-color wp-elements-9932bac7a27e845985ff9362a546c4a4\" style=\"font-size:17px\">Vernissage : Mercredi 17 D\u00e9cembre \u00e0 partir de 17h<\/p>\n\n\n\n<p class=\"has-black-color has-text-color has-link-color wp-elements-e8233f57d7e1cfab074ac8cf25dd0b99\" style=\"font-size:17px\">Performance de Calligraphie d&rsquo;Alessandra LANEVE avec la violoncelliste V\u00e9ronique TAT : Samedi 19 D\u00e9cembre \u00e0 19h<\/p>\n\n\n\n<figure class=\"wp-block-gallery has-nested-images columns-default is-cropped wp-block-gallery-1 is-layout-flex wp-block-gallery-is-layout-flex\">\n<figure class=\"wp-block-image size-large\"><img loading=\"lazy\" decoding=\"async\" width=\"1024\" height=\"1024\" data-id=\"38414\" src=\"https:\/\/www.maisonwabisabi.com\/wp-content\/uploads\/2025\/12\/FUYU-2025-Website.jpg\" alt=\"Collection FUYU 2025\" class=\"wp-image-38414\" srcset=\"https:\/\/www.maisonwabisabi.com\/wp-content\/uploads\/2025\/12\/FUYU-2025-Website.jpg 1024w, https:\/\/www.maisonwabisabi.com\/wp-content\/uploads\/2025\/12\/FUYU-2025-Website-300x300.jpg 300w, https:\/\/www.maisonwabisabi.com\/wp-content\/uploads\/2025\/12\/FUYU-2025-Website-150x150.jpg 150w, https:\/\/www.maisonwabisabi.com\/wp-content\/uploads\/2025\/12\/FUYU-2025-Website-768x768.jpg 768w, https:\/\/www.maisonwabisabi.com\/wp-content\/uploads\/2025\/12\/FUYU-2025-Website-12x12.jpg 12w, https:\/\/www.maisonwabisabi.com\/wp-content\/uploads\/2025\/12\/FUYU-2025-Website-600x600.jpg 600w, https:\/\/www.maisonwabisabi.com\/wp-content\/uploads\/2025\/12\/FUYU-2025-Website-100x100.jpg 100w\" sizes=\"auto, (max-width: 1024px) 100vw, 1024px\" \/><\/figure>\n\n\n\n<figure class=\"wp-block-image size-large\"><img loading=\"lazy\" decoding=\"async\" width=\"1024\" height=\"1024\" data-id=\"38413\" src=\"https:\/\/www.maisonwabisabi.com\/wp-content\/uploads\/2025\/12\/FUYU-2025-Inspiration-Website.jpg\" alt=\"Collection FUYU 2025 Inspiration\" class=\"wp-image-38413\" srcset=\"https:\/\/www.maisonwabisabi.com\/wp-content\/uploads\/2025\/12\/FUYU-2025-Inspiration-Website.jpg 1024w, https:\/\/www.maisonwabisabi.com\/wp-content\/uploads\/2025\/12\/FUYU-2025-Inspiration-Website-300x300.jpg 300w, https:\/\/www.maisonwabisabi.com\/wp-content\/uploads\/2025\/12\/FUYU-2025-Inspiration-Website-150x150.jpg 150w, https:\/\/www.maisonwabisabi.com\/wp-content\/uploads\/2025\/12\/FUYU-2025-Inspiration-Website-768x768.jpg 768w, https:\/\/www.maisonwabisabi.com\/wp-content\/uploads\/2025\/12\/FUYU-2025-Inspiration-Website-12x12.jpg 12w, https:\/\/www.maisonwabisabi.com\/wp-content\/uploads\/2025\/12\/FUYU-2025-Inspiration-Website-600x600.jpg 600w, https:\/\/www.maisonwabisabi.com\/wp-content\/uploads\/2025\/12\/FUYU-2025-Inspiration-Website-100x100.jpg 100w\" sizes=\"auto, (max-width: 1024px) 100vw, 1024px\" \/><\/figure>\n\n\n\n<figure class=\"wp-block-image size-large\"><img loading=\"lazy\" decoding=\"async\" width=\"1024\" height=\"1024\" data-id=\"38525\" src=\"https:\/\/www.maisonwabisabi.com\/wp-content\/uploads\/2025\/12\/FUYU-2025-Affiche-Website.jpg\" alt=\"Collection FUYU 2025 Affiche\" class=\"wp-image-38525\" srcset=\"https:\/\/www.maisonwabisabi.com\/wp-content\/uploads\/2025\/12\/FUYU-2025-Affiche-Website.jpg 1024w, https:\/\/www.maisonwabisabi.com\/wp-content\/uploads\/2025\/12\/FUYU-2025-Affiche-Website-300x300.jpg 300w, https:\/\/www.maisonwabisabi.com\/wp-content\/uploads\/2025\/12\/FUYU-2025-Affiche-Website-150x150.jpg 150w, https:\/\/www.maisonwabisabi.com\/wp-content\/uploads\/2025\/12\/FUYU-2025-Affiche-Website-768x768.jpg 768w, https:\/\/www.maisonwabisabi.com\/wp-content\/uploads\/2025\/12\/FUYU-2025-Affiche-Website-12x12.jpg 12w, https:\/\/www.maisonwabisabi.com\/wp-content\/uploads\/2025\/12\/FUYU-2025-Affiche-Website-600x600.jpg 600w, https:\/\/www.maisonwabisabi.com\/wp-content\/uploads\/2025\/12\/FUYU-2025-Affiche-Website-100x100.jpg 100w\" sizes=\"auto, (max-width: 1024px) 100vw, 1024px\" \/><\/figure>\n<\/figure>\n\n\n\n<p class=\"has-text-align-center has-black-color has-text-color\" style=\"font-size:15px\">Source des photos : Yann san de Maison Wabi-Sabi<\/p>\n\n\n\n<div style=\"height:50px\" aria-hidden=\"true\" class=\"wp-block-spacer\"><\/div>\n\n\n\n<h2 class=\"wp-block-heading has-text-align-center has-black-color has-text-color has-background\" style=\"background-color:#8d9a83;font-size:21px\"><strong><strong><strong>Ceramic Tour 2025 &#8211; Novembre 202<\/strong>5<\/strong><\/strong><\/h2>\n\n\n\n<div style=\"height:20px\" aria-hidden=\"true\" class=\"wp-block-spacer\"><\/div>\n\n\n\n<p class=\"has-black-color has-text-color\" style=\"font-size:17px\"><strong>Dates : Mardi 11 Novembre au Jeudi 27 Novembre 2025<\/strong><\/p>\n\n\n\n<p class=\"has-black-color has-text-color\" style=\"font-size:17px\"><strong>Lieu : Nagoya \u00e0&nbsp;Ky\u014dto, au Centre de Honsh\u016b.<\/strong><\/p>\n\n\n\n<p class=\"has-black-color has-text-color\" style=\"font-size:17px\">Un <a href=\"https:\/\/www.maisonwabisabi.com\/en\/shokunin\/ceramic-tour-2025\/\" target=\"_blank\" rel=\"noreferrer noopener\"><mark style=\"background-color:rgba(0, 0, 0, 0);color:#8d9a83\" class=\"has-inline-color\">Ceramic Tour 2025<\/mark><\/a> de 17 jours en compagnie de 5 personnes passionn\u00e9es par l&rsquo;artisanat, la c\u00e9ramique et le Japon. Pour d\u00e9couvrir les 6 sites historiques de la C\u00e9ramique Japonaise : Nihon Rokkoy\u014d.&nbsp;Rencontrer des potiers qui&nbsp;collaborent avec Yann san. Nous rencontrerons \u00e9galement d\u2019autres potiers par pure passion et admiration de leurs cr\u00e9ations. On visitera les Mus\u00e9es des c\u00e9ramiques r\u00e9gionales, les galeries et les magasins sp\u00e9cialis\u00e9es, les ateliers, les fours ancestraux et locaux, et les villes et villages qui comptent profond\u00e9ment dans la culture japonaise et l\u2019artisanat de la c\u00e9ramique mill\u00e9naire.<\/p>\n\n\n\n<div style=\"height:50px\" aria-hidden=\"true\" class=\"wp-block-spacer\"><\/div>\n\n\n\n<h2 class=\"wp-block-heading has-text-align-center has-black-color has-text-color has-background\" style=\"background-color:#8d9a83;font-size:21px\"><strong><strong>Major Craftsman of Ceramics N\u00b003 &#8211; Octobre 2025<\/strong><\/strong><\/h2>\n\n\n\n<div style=\"height:20px\" aria-hidden=\"true\" class=\"wp-block-spacer\"><\/div>\n\n\n\n<p class=\"has-black-color has-text-color has-link-color wp-elements-1fba349d988786cef2dee51c4fef5375\" style=\"font-size:17px\"><strong>Major Craftsman of Ceramics : Sh\u014dgo IKEDA &#8211; Octobre 2025<\/strong><\/p>\n\n\n\n<p class=\"has-black-color has-text-color has-link-color wp-elements-6972743ff07b4bac6f4484e2f19d3d1c\" style=\"font-size:17px\">Dates : Jeudi 23 Octobre au Dimanche 26 Octobre 2025 &#8211; de 11h \u00e0 20h<\/p>\n\n\n\n<p class=\"has-black-color has-text-color has-link-color wp-elements-5fb71770b2aee8c151cf703e3b9d7825\" style=\"font-size:17px\"><strong><strong>Lieu :<strong> <strong><a href=\"https:\/\/goo.gl\/maps\/Y8cv7BiswYovsHmG9\" target=\"_blank\" rel=\"noreferrer noopener\"><mark style=\"background-color:rgba(0, 0, 0, 0);color:#8d9a83\" class=\"has-inline-color\">L<\/mark><\/a><a href=\"https:\/\/goo.gl\/maps\/Y8cv7BiswYovsHmG9\"><mark style=\"background-color:rgba(0, 0, 0, 0);color:#8d9a83\" class=\"has-inline-color\">a Galerie Guilhem<\/mark><\/a><\/strong><\/strong> &#8211; 8 rue du G\u00e9n\u00e9ral Guilhem &#8211; Paris 11\u00e8me<\/strong><\/strong><\/p>\n\n\n\n<p class=\"has-black-color has-text-color\" style=\"font-size:17px\">Pour la 3\u00e8me Collection de Maison Wabi-Sabi : \u00ab\u00a0Major Craftsman of Ceramics\u00a0\u00bb (Grand Artisan de la C\u00e9ramique). Yann san vous pr\u00e9sente pour la 2\u00e8me fois, un artisan de la c\u00e9ramique qui sort des conventions traditionnelles japonaises. Pour cette collection particuli\u00e8re, <a href=\"https:\/\/www.maisonwabisabi.com\/en\/shogo-ikeda\/\" target=\"_blank\" rel=\"noreferrer noopener\"><mark style=\"background-color:rgba(0, 0, 0, 0);color:#8d9a83\" class=\"has-inline-color\">Sh\u014dgo IKEDA<\/mark><\/a> est son invit\u00e9. C&rsquo;est sa 2\u00e8me collection personnelle en France et en Europe. Pour cette expo\/vente, 61 c\u00e9ramiques utilitaires donc 3 sculptures repr\u00e9sentant 3 Daruma, des pi\u00e8ces exceptionnelles \u00e0 voir et acqu\u00e9rir pendant cette exposition unique.<\/p>\n\n\n\n<p class=\"has-black-color has-text-color\" style=\"font-size:17px\">Maison Wabi-Sabi sera en compagnie de :<\/p>\n\n\n\n<ul class=\"wp-block-list\">\n<li class=\"has-black-color has-text-color has-link-color wp-elements-9cf80ebee692ecad684c607ccba251e5\" style=\"font-size:17px\"><a href=\"https:\/\/www.izumikohama.com\" target=\"_blank\" rel=\"noreferrer noopener\"><mark style=\"background-color:rgba(0, 0, 0, 0);color:#8d9a83\" class=\"has-inline-color\">Izumi KOHAMA<\/mark><\/a> \/ Lisho \u8389\u5c1a (nom d&rsquo;artiste) : artiste de calligraphie japonaise de style libre \u00ab Shod\u014d Art \u66f8\u9053 \u00bb, est la fille d\u2019un ma\u00eetre calligraphe et pratique depuis l\u2019\u00e2ge de sept ans. Dipl\u00f4m\u00e9e de la Musashino Art University de Tokyo, elle a enrichi son parcours par l\u2019art-th\u00e9rapie, le Tai-Qi et le Qi-Gong, d\u00e9veloppant une approche personnelle de la calligraphie comme pratique de mieux-\u00eatre et d\u2019expression artistique. Apr\u00e8s avoir v\u00e9cu \u00e0 Tokyo, Milan, Londres, Okinawa et Paris, elle s\u2019est install\u00e9e en Bretagne, s\u00e9duite par l\u2019\u00e9nergie et la culture de la r\u00e9gion. Son travail conjugue tradition japonaise et libert\u00e9 cr\u00e9ative.<\/li>\n<\/ul>\n\n\n\n<p class=\"has-black-color has-text-color has-link-color wp-elements-474b0cbe779250f4f3e19d30b3da782a\" style=\"font-size:17px\">Vernissage : Jeudi 23 Octobre \u00e0 partir de 17h<\/p>\n\n\n\n<figure class=\"wp-block-gallery has-nested-images columns-default is-cropped wp-block-gallery-2 is-layout-flex wp-block-gallery-is-layout-flex\">\n<figure class=\"wp-block-image size-large\"><img loading=\"lazy\" decoding=\"async\" width=\"1024\" height=\"1024\" data-id=\"36557\" src=\"https:\/\/www.maisonwabisabi.com\/wp-content\/uploads\/2025\/08\/MCC03ShoIKEDJPNACC1-Face1.jpg\" alt=\"Daruma par Sh\u014dgo IKEDA\" class=\"wp-image-36557\" srcset=\"https:\/\/www.maisonwabisabi.com\/wp-content\/uploads\/2025\/08\/MCC03ShoIKEDJPNACC1-Face1.jpg 1024w, https:\/\/www.maisonwabisabi.com\/wp-content\/uploads\/2025\/08\/MCC03ShoIKEDJPNACC1-Face1-300x300.jpg 300w, https:\/\/www.maisonwabisabi.com\/wp-content\/uploads\/2025\/08\/MCC03ShoIKEDJPNACC1-Face1-150x150.jpg 150w, https:\/\/www.maisonwabisabi.com\/wp-content\/uploads\/2025\/08\/MCC03ShoIKEDJPNACC1-Face1-768x768.jpg 768w, https:\/\/www.maisonwabisabi.com\/wp-content\/uploads\/2025\/08\/MCC03ShoIKEDJPNACC1-Face1-12x12.jpg 12w, https:\/\/www.maisonwabisabi.com\/wp-content\/uploads\/2025\/08\/MCC03ShoIKEDJPNACC1-Face1-600x600.jpg 600w, https:\/\/www.maisonwabisabi.com\/wp-content\/uploads\/2025\/08\/MCC03ShoIKEDJPNACC1-Face1-100x100.jpg 100w\" sizes=\"auto, (max-width: 1024px) 100vw, 1024px\" \/><\/figure>\n\n\n\n<figure class=\"wp-block-image size-large\"><img loading=\"lazy\" decoding=\"async\" width=\"1024\" height=\"1024\" data-id=\"36555\" src=\"https:\/\/www.maisonwabisabi.com\/wp-content\/uploads\/2025\/08\/Affiche-Officielle-MCoC03-Shogo-IKEDA.jpg\" alt=\"Affiche Officielle MCoC03 Shogo IKEDA\" class=\"wp-image-36555\" srcset=\"https:\/\/www.maisonwabisabi.com\/wp-content\/uploads\/2025\/08\/Affiche-Officielle-MCoC03-Shogo-IKEDA.jpg 1024w, https:\/\/www.maisonwabisabi.com\/wp-content\/uploads\/2025\/08\/Affiche-Officielle-MCoC03-Shogo-IKEDA-300x300.jpg 300w, https:\/\/www.maisonwabisabi.com\/wp-content\/uploads\/2025\/08\/Affiche-Officielle-MCoC03-Shogo-IKEDA-150x150.jpg 150w, https:\/\/www.maisonwabisabi.com\/wp-content\/uploads\/2025\/08\/Affiche-Officielle-MCoC03-Shogo-IKEDA-768x768.jpg 768w, https:\/\/www.maisonwabisabi.com\/wp-content\/uploads\/2025\/08\/Affiche-Officielle-MCoC03-Shogo-IKEDA-12x12.jpg 12w, https:\/\/www.maisonwabisabi.com\/wp-content\/uploads\/2025\/08\/Affiche-Officielle-MCoC03-Shogo-IKEDA-600x600.jpg 600w, https:\/\/www.maisonwabisabi.com\/wp-content\/uploads\/2025\/08\/Affiche-Officielle-MCoC03-Shogo-IKEDA-100x100.jpg 100w\" sizes=\"auto, (max-width: 1024px) 100vw, 1024px\" \/><\/figure>\n\n\n\n<figure class=\"wp-block-image size-large\"><img loading=\"lazy\" decoding=\"async\" width=\"1024\" height=\"1024\" data-id=\"36556\" src=\"https:\/\/www.maisonwabisabi.com\/wp-content\/uploads\/2025\/08\/Izumi-KOHAMA-au-Pinceau.jpg\" alt=\"Izumi KOHAMA au Pinceau\" class=\"wp-image-36556\" srcset=\"https:\/\/www.maisonwabisabi.com\/wp-content\/uploads\/2025\/08\/Izumi-KOHAMA-au-Pinceau.jpg 1024w, https:\/\/www.maisonwabisabi.com\/wp-content\/uploads\/2025\/08\/Izumi-KOHAMA-au-Pinceau-300x300.jpg 300w, https:\/\/www.maisonwabisabi.com\/wp-content\/uploads\/2025\/08\/Izumi-KOHAMA-au-Pinceau-150x150.jpg 150w, https:\/\/www.maisonwabisabi.com\/wp-content\/uploads\/2025\/08\/Izumi-KOHAMA-au-Pinceau-768x768.jpg 768w, https:\/\/www.maisonwabisabi.com\/wp-content\/uploads\/2025\/08\/Izumi-KOHAMA-au-Pinceau-12x12.jpg 12w, https:\/\/www.maisonwabisabi.com\/wp-content\/uploads\/2025\/08\/Izumi-KOHAMA-au-Pinceau-600x600.jpg 600w, https:\/\/www.maisonwabisabi.com\/wp-content\/uploads\/2025\/08\/Izumi-KOHAMA-au-Pinceau-100x100.jpg 100w\" sizes=\"auto, (max-width: 1024px) 100vw, 1024px\" \/><\/figure>\n<\/figure>\n\n\n\n<p class=\"has-text-align-center has-black-color has-text-color\" style=\"font-size:15px\">Source des photos : Yann san de Maison Wabi-Sabi et Izumi KOHAMA<\/p>\n\n\n\n<div style=\"height:50px\" aria-hidden=\"true\" class=\"wp-block-spacer\"><\/div>\n\n\n\n<h2 class=\"wp-block-heading has-text-align-center has-black-color has-text-color has-background\" style=\"background-color:#8d9a83;font-size:21px\"><strong>Collection AKI 2025 &#8211; Septembre 2025<\/strong><\/h2>\n\n\n\n<div style=\"height:20px\" aria-hidden=\"true\" class=\"wp-block-spacer\"><\/div>\n\n\n\n<p class=\"has-black-color has-text-color has-link-color wp-elements-1d2a6ecdb578dc8247ea1aaa788a771a\" style=\"font-size:17px\"><strong>Dates : Jeudi 25 Septembre au Lundi 29 Septembre 2025 &#8211; de 12h \u00e0 19h30<\/strong><\/p>\n\n\n\n<p class=\"has-black-color has-text-color has-link-color wp-elements-9c48952231a33e414627881fea345d6e\" style=\"font-size:17px\"><strong>Lieu :<strong> <strong><a href=\"https:\/\/goo.gl\/maps\/Y8cv7BiswYovsHmG9\" target=\"_blank\" rel=\"noreferrer noopener\"><mark style=\"background-color:rgba(0, 0, 0, 0);color:#8d9a83\" class=\"has-inline-color\">L<\/mark><\/a><a href=\"https:\/\/goo.gl\/maps\/Y8cv7BiswYovsHmG9\"><mark style=\"background-color:rgba(0, 0, 0, 0);color:#8d9a83\" class=\"has-inline-color\">a Galerie Guilhem<\/mark><\/a><\/strong><\/strong> &#8211; 8 rue du G\u00e9n\u00e9ral Guilhem &#8211; Paris 11\u00e8me<\/strong><\/p>\n\n\n\n<p class=\"has-black-color has-text-color has-link-color wp-elements-7493fc1ba106eea644afd27a42f0d28c\" style=\"font-size:17px\">\u00ab\u00a0Pour la 4\u00e8me Collection Automne de Maison Wabi-Sabi :<mark style=\"background-color:rgba(0, 0, 0, 0)\" class=\"has-inline-color has-black-color\"> AKI 2025<\/mark>. Mon inspiration vient de la tradition des c\u00e9ramiques r\u00e9gionales qui continue \u00e0 se perp\u00e9tuer au sein de grandes familles japonaises, avec une nouvelle g\u00e9n\u00e9ration de potiers qui s&rsquo;inspire d&rsquo;autres r\u00e9gions, d&rsquo;autres pays et m\u00eame d&rsquo;autres cultures. Une n\u00e9cessit\u00e9 pour continuer \u00e0 revitaliser la c\u00e9ramique japonaise au Japon et hors Japon. Encourager la jeune g\u00e9n\u00e9ration \u00e0 continuer \u00e0 acheter et \u00e0 utiliser cette c\u00e9ramique artisanale quotidienne.\u00a0\u00bb<\/p>\n\n\n\n<p class=\"has-black-color has-text-color has-link-color wp-elements-9894d1f695db44229772068026fe258f\" style=\"font-size:17px\">Voici les C\u00e9ramistes de cette collection : <a href=\"https:\/\/www.maisonwabisabi.com\/en\/shinya-matsunaga\/\" target=\"_blank\" rel=\"noreferrer noopener\"><mark style=\"background-color:rgba(0, 0, 0, 0);color:#8d9a83\" class=\"has-inline-color\">Shinya MATSUNAGA \u677e\u6c38 \u771f\u54c9<\/mark><\/a>, <a href=\"https:\/\/www.maisonwabisabi.com\/en\/kyohei-nakagawa\/\" target=\"_blank\" rel=\"noreferrer noopener\"><mark style=\"background-color:rgba(0, 0, 0, 0);color:#8d9a83\" class=\"has-inline-color\">Ky\u014dhei NAKAGAWA \u4e2d\u5ddd\u606d\u5e73<\/mark><\/a>, <a href=\"https:\/\/www.maisonwabisabi.com\/en\/studio-yu\/\" target=\"_blank\" rel=\"noreferrer noopener\"><mark style=\"background-color:rgba(0, 0, 0, 0);color:#8d9a83\" class=\"has-inline-color\">Studio Yu \u9676\u5de5\u623f\u65bf<\/mark><\/a>, <a href=\"https:\/\/www.maisonwabisabi.com\/en\/toshinori-munakata\/\" target=\"_blank\" rel=\"noreferrer noopener\"><mark style=\"background-color:rgba(0, 0, 0, 0);color:#8d9a83\" class=\"has-inline-color\">Toshinori MUNAKATA \u5b97\u50cf \u5229\u8a13<\/mark><\/a>, <a href=\"https:\/\/www.maisonwabisabi.com\/en\/hitoshi-watari\/\" target=\"_blank\" rel=\"noreferrer noopener\"><mark style=\"background-color:rgba(0, 0, 0, 0);color:#8d9a83\" class=\"has-inline-color\">Hitoshi WATARI \u6e21 \u4ec1<\/mark><\/a>, <a href=\"https:\/\/www.maisonwabisabi.com\/en\/lisa-bombin\/\" target=\"_blank\" rel=\"noreferrer noopener\"><mark style=\"background-color:rgba(0, 0, 0, 0);color:#8d9a83\" class=\"has-inline-color\">Lisa BOMBIN<\/mark><\/a>, <a href=\"https:\/\/www.maisonwabisabi.com\/en\/mael-amemiya-lombard\/\" target=\"_blank\" rel=\"noreferrer noopener\"><mark style=\"background-color:rgba(0, 0, 0, 0);color:#8d9a83\" class=\"has-inline-color\">Mae\u0308l AMEMIYA LOMBARD<\/mark><\/a>, <a href=\"https:\/\/www.maisonwabisabi.com\/en\/edith-bellod\/\"><mark style=\"background-color:rgba(0, 0, 0, 0);color:#8d9a83\" class=\"has-inline-color\">Edith BELLOD<\/mark><\/a>, <a href=\"https:\/\/www.maisonwabisabi.com\/en\/anne-gesret\/\" target=\"_blank\" rel=\"noreferrer noopener\"><mark style=\"background-color:rgba(0, 0, 0, 0);color:#8d9a83\" class=\"has-inline-color\">Anne GESRET<\/mark><\/a>, <a href=\"https:\/\/www.maisonwabisabi.com\/en\/peggy-germain\/\" target=\"_blank\" rel=\"noreferrer noopener\"><mark style=\"background-color:rgba(0, 0, 0, 0);color:#8d9a83\" class=\"has-inline-color\">Peggy GERMAIN<\/mark><\/a>, <a href=\"https:\/\/www.maisonwabisabi.com\/en\/geert-van-der-borght\/\" target=\"_blank\" rel=\"noreferrer noopener\"><mark style=\"background-color:rgba(0, 0, 0, 0);color:#8d9a83\" class=\"has-inline-color\">Geert VAN DER BORGHT<\/mark><\/a>.<\/p>\n\n\n\n<p class=\"has-black-color has-text-color\" style=\"font-size:17px\">Maison Wabi-Sabi sera en compagnie de :<\/p>\n\n\n\n<ul class=\"wp-block-list\">\n<li class=\"has-black-color has-text-color has-link-color wp-elements-a7a5f4f5bd84414209fd04634588a97c\" style=\"font-size:17px\"><a href=\"https:\/\/www.maisonwabisabi.com\/en\/claire-briant\/\" target=\"_blank\" rel=\"noreferrer noopener\"><mark style=\"background-color:rgba(0, 0, 0, 0);color:#8d9a83\" class=\"has-inline-color\">Claire BRIANT<\/mark><\/a> et <a href=\"https:\/\/www.maisonwabisabi.com\/en\/cyril-dennery\/\" target=\"_blank\" rel=\"noreferrer noopener\"><mark style=\"background-color:rgba(0, 0, 0, 0);color:#8d9a83\" class=\"has-inline-color\">Cyril DENNERY<\/mark><\/a> : poti\u00e8re et potier bretons. Ils cuisent ensemble au bois dans un Train Kiln.<\/li>\n<\/ul>\n\n\n\n<p class=\"has-black-color has-text-color has-link-color wp-elements-32e42d43f4b7f7c2d833c159ecbfe00b\" style=\"font-size:17px\">Vernissage : Vendredi 26 Septembre \u00e0 partir de 17h<\/p>\n\n\n\n<figure class=\"wp-block-gallery has-nested-images columns-default is-cropped wp-block-gallery-3 is-layout-flex wp-block-gallery-is-layout-flex\">\n<figure class=\"wp-block-image size-large\"><img loading=\"lazy\" decoding=\"async\" width=\"1024\" height=\"1024\" data-id=\"36514\" src=\"https:\/\/www.maisonwabisabi.com\/wp-content\/uploads\/2025\/08\/AKI-2025-Website.jpg\" alt=\"Collection AKI 2025\" class=\"wp-image-36514\" srcset=\"https:\/\/www.maisonwabisabi.com\/wp-content\/uploads\/2025\/08\/AKI-2025-Website.jpg 1024w, https:\/\/www.maisonwabisabi.com\/wp-content\/uploads\/2025\/08\/AKI-2025-Website-300x300.jpg 300w, https:\/\/www.maisonwabisabi.com\/wp-content\/uploads\/2025\/08\/AKI-2025-Website-150x150.jpg 150w, https:\/\/www.maisonwabisabi.com\/wp-content\/uploads\/2025\/08\/AKI-2025-Website-768x768.jpg 768w, https:\/\/www.maisonwabisabi.com\/wp-content\/uploads\/2025\/08\/AKI-2025-Website-12x12.jpg 12w, https:\/\/www.maisonwabisabi.com\/wp-content\/uploads\/2025\/08\/AKI-2025-Website-600x600.jpg 600w, https:\/\/www.maisonwabisabi.com\/wp-content\/uploads\/2025\/08\/AKI-2025-Website-100x100.jpg 100w\" sizes=\"auto, (max-width: 1024px) 100vw, 1024px\" \/><\/figure>\n\n\n\n<figure class=\"wp-block-image size-large\"><img loading=\"lazy\" decoding=\"async\" width=\"1024\" height=\"1024\" data-id=\"36513\" src=\"https:\/\/www.maisonwabisabi.com\/wp-content\/uploads\/2025\/08\/AKI-2025-Inspiration-Website.jpg\" alt=\"Collection AKI 2025 - Inspiration\" class=\"wp-image-36513\" srcset=\"https:\/\/www.maisonwabisabi.com\/wp-content\/uploads\/2025\/08\/AKI-2025-Inspiration-Website.jpg 1024w, https:\/\/www.maisonwabisabi.com\/wp-content\/uploads\/2025\/08\/AKI-2025-Inspiration-Website-300x300.jpg 300w, https:\/\/www.maisonwabisabi.com\/wp-content\/uploads\/2025\/08\/AKI-2025-Inspiration-Website-150x150.jpg 150w, https:\/\/www.maisonwabisabi.com\/wp-content\/uploads\/2025\/08\/AKI-2025-Inspiration-Website-768x768.jpg 768w, https:\/\/www.maisonwabisabi.com\/wp-content\/uploads\/2025\/08\/AKI-2025-Inspiration-Website-12x12.jpg 12w, https:\/\/www.maisonwabisabi.com\/wp-content\/uploads\/2025\/08\/AKI-2025-Inspiration-Website-600x600.jpg 600w, https:\/\/www.maisonwabisabi.com\/wp-content\/uploads\/2025\/08\/AKI-2025-Inspiration-Website-100x100.jpg 100w\" sizes=\"auto, (max-width: 1024px) 100vw, 1024px\" \/><\/figure>\n\n\n\n<figure class=\"wp-block-image size-large\"><img loading=\"lazy\" decoding=\"async\" width=\"1024\" height=\"1024\" data-id=\"36515\" src=\"https:\/\/www.maisonwabisabi.com\/wp-content\/uploads\/2025\/08\/Affiche-Officielle-AKI-2025.jpg\" alt=\"Affiche Officielle - Collection AKI 2025\" class=\"wp-image-36515\" srcset=\"https:\/\/www.maisonwabisabi.com\/wp-content\/uploads\/2025\/08\/Affiche-Officielle-AKI-2025.jpg 1024w, https:\/\/www.maisonwabisabi.com\/wp-content\/uploads\/2025\/08\/Affiche-Officielle-AKI-2025-300x300.jpg 300w, https:\/\/www.maisonwabisabi.com\/wp-content\/uploads\/2025\/08\/Affiche-Officielle-AKI-2025-150x150.jpg 150w, https:\/\/www.maisonwabisabi.com\/wp-content\/uploads\/2025\/08\/Affiche-Officielle-AKI-2025-768x768.jpg 768w, https:\/\/www.maisonwabisabi.com\/wp-content\/uploads\/2025\/08\/Affiche-Officielle-AKI-2025-12x12.jpg 12w, https:\/\/www.maisonwabisabi.com\/wp-content\/uploads\/2025\/08\/Affiche-Officielle-AKI-2025-600x600.jpg 600w, https:\/\/www.maisonwabisabi.com\/wp-content\/uploads\/2025\/08\/Affiche-Officielle-AKI-2025-100x100.jpg 100w\" sizes=\"auto, (max-width: 1024px) 100vw, 1024px\" \/><\/figure>\n<\/figure>\n\n\n\n<p class=\"has-text-align-center has-black-color has-text-color\" style=\"font-size:15px\">Source des photos : Yann san de Maison Wabi-Sabi<\/p>\n\n\n\n<div style=\"height:50px\" aria-hidden=\"true\" class=\"wp-block-spacer\"><\/div>\n\n\n\n<h2 class=\"wp-block-heading has-text-align-center has-black-color has-text-color has-background\" style=\"background-color:#8d9a83;font-size:21px\"><strong>Voyager, la terre &#8211; Septembre 2025<\/strong><\/h2>\n\n\n\n<p class=\"has-black-color has-text-color has-link-color wp-elements-d8ebaa1585ed59580289a9d09fa37787\" style=\"font-size:17px\"><strong>Dates : Jeudi 4 Septembre au Lundi 13 Septembre 2025 &#8211; de 12h \u00e0 19h30<\/strong><\/p>\n\n\n\n<p class=\"has-black-color has-text-color has-link-color wp-elements-ccc28ba48373653c07957817860d86d3\" style=\"font-size:17px\"><strong><strong>Lieu : <a href=\"https:\/\/hisparis.com\/\" target=\"_blank\" rel=\"noreferrer noopener\"><mark style=\"background-color:rgba(0, 0, 0, 0);color:#8d9a83\" class=\"has-inline-color\">H.I.S. Paris<\/mark><\/a> &#8211; 2 rue du Renard &#8211; Paris 4\u00e8me<\/strong><\/strong><\/p>\n\n\n\n<p class=\"has-black-color has-text-color has-link-color wp-elements-ec56d900c0da480511a16a186b0d41e0\" style=\"font-size:17px\">\u00ab\u00a0Pour la Paris Design Week 2025, le concept store japonais H.I.S. Paris se transforme en un v\u00e9ritable \u00e9crin d\u00e9di\u00e9 \u00e0 la c\u00e9ramique avec l\u2019exposition collective \u00ab Voyager, la terre \u00bb. Cet \u00e9v\u00e9nement in\u00e9dit met en lumi\u00e8re la richesse des m\u00e9tiers d\u2019art \u00e0 travers une s\u00e9lection d\u2019\u0153uvres venues de diff\u00e9rents horizons, rassemblant des savoir-faire qui dialoguent au-del\u00e0 des fronti\u00e8res. En pla\u00e7ant la terre au c\u0153ur du propos, l\u2019exposition interroge le lien intime entre mati\u00e8re brute, cultures et cr\u00e9ativit\u00e9 artisanale, dans la continuit\u00e9 d\u2019une tradition mill\u00e9naire toujours en pleine r\u00e9invention. Sous la direction artistique et sc\u00e9nographique du designer Goliath DY\u00c8VRE, le parcours convie les visiteurs \u00e0 une exp\u00e9rience sensorielle et po\u00e9tique o\u00f9 se rencontrent textures, formes, couleurs et gestes. Plus de 150 pi\u00e8ces, dont une cinquantaine de Maison Wabi-Sabi, allant d\u2019objets rares \u00e0 des cr\u00e9ations contemporaines, se r\u00e9pondent dans un dialogue vibrant entre h\u00e9ritage et innovation, \u00e0 l\u2019image de l\u2019influence du mouvement Mingei sur la c\u00e9ramique japonaise. Con\u00e7u comme un pop up, l\u2019\u00e9v\u00e9nement offre une vitrine aux artistes \u00e9mergents et confirm\u00e9s, tout en donnant au public la possibilit\u00e9 d\u2019acqu\u00e9rir des pi\u00e8ces uniques. Une partie des \u0153uvres restera disponible apr\u00e8s l\u2019exposition, inaugurant le nouvel espace culturel permanent de HIS Paris.\u00a0\u00bb Presse : <a href=\"https:\/\/allures.paris\/his-fait-voyager-la-terre-pour-la-paris-design-week-2025\/\" target=\"_blank\" rel=\"noreferrer noopener\"><mark style=\"background-color:rgba(0, 0, 0, 0);color:#8d9a83\" class=\"has-inline-color\">Allures<\/mark><\/a>, <a href=\"https:\/\/www.leparisien.fr\/etudiant\/sortir\/paris\/eve-exposition-voyage-la-terre\/\" target=\"_blank\" rel=\"noreferrer noopener\"><mark style=\"background-color:rgba(0, 0, 0, 0);color:#8d9a83\" class=\"has-inline-color\">Le Parisien<\/mark><\/a>, <a href=\"https:\/\/byfrenchies.com\/voyager-la-terre%e3%83%bbhis-paris\/\" target=\"_blank\" rel=\"noreferrer noopener\"><mark style=\"background-color:rgba(0, 0, 0, 0);color:#8d9a83\" class=\"has-inline-color\">By Frenchies<\/mark><\/a>.<\/p>\n\n\n\n<figure class=\"wp-block-gallery has-nested-images columns-default is-cropped wp-block-gallery-4 is-layout-flex wp-block-gallery-is-layout-flex\">\n<figure class=\"wp-block-image size-large\"><img loading=\"lazy\" decoding=\"async\" width=\"1024\" height=\"1024\" data-id=\"36546\" src=\"https:\/\/www.maisonwabisabi.com\/wp-content\/uploads\/2025\/08\/Affiche-Paris-Design-Week-2025.jpg\" alt=\"Affiche Officielle Voyager, la terre Paris Design Week 2025\" class=\"wp-image-36546\" srcset=\"https:\/\/www.maisonwabisabi.com\/wp-content\/uploads\/2025\/08\/Affiche-Paris-Design-Week-2025.jpg 1024w, https:\/\/www.maisonwabisabi.com\/wp-content\/uploads\/2025\/08\/Affiche-Paris-Design-Week-2025-300x300.jpg 300w, https:\/\/www.maisonwabisabi.com\/wp-content\/uploads\/2025\/08\/Affiche-Paris-Design-Week-2025-150x150.jpg 150w, https:\/\/www.maisonwabisabi.com\/wp-content\/uploads\/2025\/08\/Affiche-Paris-Design-Week-2025-768x768.jpg 768w, https:\/\/www.maisonwabisabi.com\/wp-content\/uploads\/2025\/08\/Affiche-Paris-Design-Week-2025-12x12.jpg 12w, https:\/\/www.maisonwabisabi.com\/wp-content\/uploads\/2025\/08\/Affiche-Paris-Design-Week-2025-600x600.jpg 600w, https:\/\/www.maisonwabisabi.com\/wp-content\/uploads\/2025\/08\/Affiche-Paris-Design-Week-2025-100x100.jpg 100w\" sizes=\"auto, (max-width: 1024px) 100vw, 1024px\" \/><\/figure>\n\n\n\n<figure class=\"wp-block-image size-large\"><img loading=\"lazy\" decoding=\"async\" width=\"1024\" height=\"1024\" data-id=\"36547\" src=\"https:\/\/www.maisonwabisabi.com\/wp-content\/uploads\/2025\/08\/H.I.S-International-Tours-Paris.jpg\" alt=\"H.I.S Internation Tours Paris - Paris Design Week 2025\" class=\"wp-image-36547\" srcset=\"https:\/\/www.maisonwabisabi.com\/wp-content\/uploads\/2025\/08\/H.I.S-International-Tours-Paris.jpg 1024w, https:\/\/www.maisonwabisabi.com\/wp-content\/uploads\/2025\/08\/H.I.S-International-Tours-Paris-300x300.jpg 300w, https:\/\/www.maisonwabisabi.com\/wp-content\/uploads\/2025\/08\/H.I.S-International-Tours-Paris-150x150.jpg 150w, https:\/\/www.maisonwabisabi.com\/wp-content\/uploads\/2025\/08\/H.I.S-International-Tours-Paris-768x768.jpg 768w, https:\/\/www.maisonwabisabi.com\/wp-content\/uploads\/2025\/08\/H.I.S-International-Tours-Paris-12x12.jpg 12w, https:\/\/www.maisonwabisabi.com\/wp-content\/uploads\/2025\/08\/H.I.S-International-Tours-Paris-600x600.jpg 600w, https:\/\/www.maisonwabisabi.com\/wp-content\/uploads\/2025\/08\/H.I.S-International-Tours-Paris-100x100.jpg 100w\" sizes=\"auto, (max-width: 1024px) 100vw, 1024px\" \/><\/figure>\n\n\n\n<figure class=\"wp-block-image size-large\"><img loading=\"lazy\" decoding=\"async\" width=\"1024\" height=\"1024\" data-id=\"36548\" src=\"https:\/\/www.maisonwabisabi.com\/wp-content\/uploads\/2025\/08\/Paris-Design-Week-2025.jpg\" alt=\"Paris Design Week 2025\" class=\"wp-image-36548\" srcset=\"https:\/\/www.maisonwabisabi.com\/wp-content\/uploads\/2025\/08\/Paris-Design-Week-2025.jpg 1024w, https:\/\/www.maisonwabisabi.com\/wp-content\/uploads\/2025\/08\/Paris-Design-Week-2025-300x300.jpg 300w, https:\/\/www.maisonwabisabi.com\/wp-content\/uploads\/2025\/08\/Paris-Design-Week-2025-150x150.jpg 150w, https:\/\/www.maisonwabisabi.com\/wp-content\/uploads\/2025\/08\/Paris-Design-Week-2025-768x768.jpg 768w, https:\/\/www.maisonwabisabi.com\/wp-content\/uploads\/2025\/08\/Paris-Design-Week-2025-12x12.jpg 12w, https:\/\/www.maisonwabisabi.com\/wp-content\/uploads\/2025\/08\/Paris-Design-Week-2025-600x600.jpg 600w, https:\/\/www.maisonwabisabi.com\/wp-content\/uploads\/2025\/08\/Paris-Design-Week-2025-100x100.jpg 100w\" sizes=\"auto, (max-width: 1024px) 100vw, 1024px\" \/><\/figure>\n<\/figure>\n\n\n\n<div class=\"wp-block-columns is-layout-flex wp-container-core-columns-is-layout-28f84493 wp-block-columns-is-layout-flex\">\n<div class=\"wp-block-column is-layout-flow wp-block-column-is-layout-flow\">\n<div data-wp-interactive=\"core\/file\" class=\"wp-block-file\"><object data-wp-bind--hidden=\"!state.hasPdfPreview\" hidden class=\"wp-block-file__embed\" data=\"https:\/\/www.maisonwabisabi.com\/wp-content\/uploads\/2025\/08\/Catalogue-Voyager-la-terre.pdf\" type=\"application\/pdf\" style=\"width:100%;height:600px\" aria-label=\"Embed of Catalogue Voyager, la terre.\"><\/object><a id=\"wp-block-file--media-80caeb3f-27c6-4ee6-ab16-c18ff8fbf3b5\" href=\"https:\/\/www.maisonwabisabi.com\/wp-content\/uploads\/2025\/08\/Catalogue-Voyager-la-terre.pdf\">Catalogue Voyager, la terre<\/a><a href=\"https:\/\/www.maisonwabisabi.com\/wp-content\/uploads\/2025\/08\/Catalogue-Voyager-la-terre.pdf\" class=\"wp-block-file__button wp-element-button\" download aria-describedby=\"wp-block-file--media-80caeb3f-27c6-4ee6-ab16-c18ff8fbf3b5\">T\u00e9l\u00e9charger<\/a><\/div>\n<\/div>\n\n\n\n<div class=\"wp-block-column is-layout-flow wp-block-column-is-layout-flow\">\n<div data-wp-interactive=\"core\/file\" class=\"wp-block-file\"><object data-wp-bind--hidden=\"!state.hasPdfPreview\" hidden class=\"wp-block-file__embed\" data=\"https:\/\/www.maisonwabisabi.com\/wp-content\/uploads\/2025\/08\/Presentation-Paris-Design-Week-2025.pdf\" type=\"application\/pdf\" style=\"width:100%;height:600px\" aria-label=\"Embed of Paris Design Week 2025.\"><\/object><a id=\"wp-block-file--media-f22fd765-7a51-4cac-91b3-7b4ede057672\" href=\"https:\/\/www.maisonwabisabi.com\/wp-content\/uploads\/2025\/08\/Presentation-Paris-Design-Week-2025.pdf\">Paris Design Week 2025<\/a><a href=\"https:\/\/www.maisonwabisabi.com\/wp-content\/uploads\/2025\/08\/Presentation-Paris-Design-Week-2025.pdf\" class=\"wp-block-file__button wp-element-button\" download aria-describedby=\"wp-block-file--media-f22fd765-7a51-4cac-91b3-7b4ede057672\">T\u00e9l\u00e9charger<\/a><\/div>\n<\/div>\n<\/div>\n\n\n\n<p class=\"has-text-align-center has-black-color has-text-color\" style=\"font-size:15px\">Source des photos et des fichiers : H.I.S. Paris et Paris Design Week<\/p>\n\n\n\n<div style=\"height:50px\" aria-hidden=\"true\" class=\"wp-block-spacer\"><\/div>\n\n\n\n<h2 class=\"wp-block-heading has-text-align-center has-black-color has-text-color has-background\" style=\"background-color:#8d9a83;font-size:21px\"><strong>Collection NATSU 2025 &#8211; Juin 2025<\/strong><\/h2>\n\n\n\n<div style=\"height:20px\" aria-hidden=\"true\" class=\"wp-block-spacer\"><\/div>\n\n\n\n<p class=\"has-black-color has-text-color has-link-color wp-elements-8c75c4485e7a8cc10d68e75c47e7f3d0\" style=\"font-size:17px\"><strong>Dates : Jeudi 19 Juin au Lundi 23 Juin 2025 &#8211; de 12h \u00e0 19h30<\/strong><\/p>\n\n\n\n<p class=\"has-black-color has-text-color has-link-color wp-elements-5fb71770b2aee8c151cf703e3b9d7825\" style=\"font-size:17px\"><strong><strong>Lieu :<strong> <strong><a href=\"https:\/\/goo.gl\/maps\/Y8cv7BiswYovsHmG9\" target=\"_blank\" rel=\"noreferrer noopener\"><mark style=\"background-color:rgba(0, 0, 0, 0);color:#8d9a83\" class=\"has-inline-color\">L<\/mark><\/a><a href=\"https:\/\/goo.gl\/maps\/Y8cv7BiswYovsHmG9\"><mark style=\"background-color:rgba(0, 0, 0, 0);color:#8d9a83\" class=\"has-inline-color\">a Galerie Guilhem<\/mark><\/a><\/strong><\/strong> &#8211; 8 rue du G\u00e9n\u00e9ral Guilhem &#8211; Paris 11\u00e8me<\/strong><\/strong><\/p>\n\n\n\n<p class=\"has-black-color has-text-color has-link-color wp-elements-9a500ea1f2ff6e7e822b61a3f7fc6d6d\" style=\"font-size:17px\">\u00ab\u00a0Pour la 3\u00e8me Collection \u00c9t\u00e9 de Maison Wabi-Sabi :<mark style=\"background-color:rgba(0, 0, 0, 0)\" class=\"has-inline-color has-black-color\"> NATSU 2025<\/mark>. Mon inspiration vient du concept de Honmono \u672c\u7269. Litt\u00e9ralement \u00ab l\u2019objet v\u00e9ritable \u00bb, ce terme d\u00e9signe bien plus qu\u2019un simple original : il incarne l\u2019excellence artisanale, le patrimoine culturel et historique. Honmono d\u00e9signe des objets fabriqu\u00e9s par des ma\u00eetres artisans selon un savoir-faire ancestral. Ces cr\u00e9ations, fruits d\u2019une grande implication, rassemblent passionn\u00e9s et utilisateurs dans une communaut\u00e9 unie par la tradition et la valorisation de l\u2019authenticit\u00e9.\u00a0\u00bb<\/p>\n\n\n\n<p class=\"has-black-color has-text-color has-link-color wp-elements-a89f71c912830ea1f36d3a0116440576\" style=\"font-size:17px\">Voici les C\u00e9ramistes de cette collection : <a href=\"https:\/\/www.maisonwabisabi.com\/en\/aaron-scythe\/\" target=\"_blank\" rel=\"noreferrer noopener\"><mark style=\"background-color:rgba(0, 0, 0, 0);color:#8d9a83\" class=\"has-inline-color\">Aaron SCYTHE<\/mark><\/a>, <a href=\"https:\/\/www.maisonwabisabi.com\/en\/toshiaki-mori\/\" target=\"_blank\" rel=\"noreferrer noopener\"><mark style=\"background-color:rgba(0, 0, 0, 0);color:#8d9a83\" class=\"has-inline-color\">Toshiaki MORI \u68ee\u654f\u7ae0<\/mark><\/a>, <a href=\"https:\/\/www.maisonwabisabi.com\/en\/shinya-matsunaga\/\" target=\"_blank\" rel=\"noreferrer noopener\"><mark style=\"background-color:rgba(0, 0, 0, 0);color:#8d9a83\" class=\"has-inline-color\">Shinya MATSUNAGA \u677e\u6c38 \u771f\u54c9<\/mark><\/a>, <a href=\"https:\/\/www.maisonwabisabi.com\/en\/kazumasa-izuno\/\" target=\"_blank\" rel=\"noreferrer noopener\"><mark style=\"background-color:rgba(0, 0, 0, 0);color:#8d9a83\" class=\"has-inline-color\">Kazumasa IZUNO \u4f0a\u8c46\u91ce\u4e00\u653f<\/mark><\/a>, <a href=\"https:\/\/www.maisonwabisabi.com\/en\/manabu-yoshida\/\" target=\"_blank\" rel=\"noreferrer noopener\"><mark style=\"background-color:rgba(0, 0, 0, 0);color:#8d9a83\" class=\"has-inline-color\">Manabu YOSHIDA \u5409\u7530\u5b66<\/mark><\/a>, <a href=\"https:\/\/www.maisonwabisabi.com\/en\/yumiko-kawaguchi\/\" target=\"_blank\" rel=\"noreferrer noopener\"><mark style=\"background-color:rgba(0, 0, 0, 0);color:#8d9a83\" class=\"has-inline-color\">Yumiko KAWAGUCHI \u5ddd\u53e3\u7531\u7f8e\u5b50<\/mark><\/a><\/p>\n\n\n\n<p class=\"has-black-color has-text-color\" style=\"font-size:17px\">Maison Wabi-Sabi sera en compagnie de :<\/p>\n\n\n\n<ul class=\"wp-block-list\">\n<li class=\"has-black-color has-text-color has-link-color wp-elements-afe95ffd0378ebcb0701412b56a966d1\" style=\"font-size:17px\">Laurence BRABANT, designer et Alain VILLECHANGE, artisan verrier fran\u00e7ais (Objets pour le quotidien en verre souffl\u00e9).&nbsp;<\/li>\n<\/ul>\n\n\n\n<p class=\"has-black-color has-text-color has-link-color wp-elements-ae886ab60588de70644bc3d6f38f8a12\" style=\"font-size:17px\">Vendredi 20 Juin, \u00e0 partir de 17h : Vernissage de l\u2019exposition\/vente.<\/p>\n\n\n\n<figure class=\"wp-block-gallery has-nested-images columns-default is-cropped wp-block-gallery-5 is-layout-flex wp-block-gallery-is-layout-flex\">\n<figure class=\"wp-block-image size-large\"><img loading=\"lazy\" decoding=\"async\" width=\"1024\" height=\"1024\" data-id=\"35439\" src=\"https:\/\/www.maisonwabisabi.com\/wp-content\/uploads\/2025\/06\/NATSU-2025-Website.jpg\" alt=\"Collection NATSU 2025\" class=\"wp-image-35439\" srcset=\"https:\/\/www.maisonwabisabi.com\/wp-content\/uploads\/2025\/06\/NATSU-2025-Website.jpg 1024w, https:\/\/www.maisonwabisabi.com\/wp-content\/uploads\/2025\/06\/NATSU-2025-Website-300x300.jpg 300w, https:\/\/www.maisonwabisabi.com\/wp-content\/uploads\/2025\/06\/NATSU-2025-Website-150x150.jpg 150w, https:\/\/www.maisonwabisabi.com\/wp-content\/uploads\/2025\/06\/NATSU-2025-Website-768x768.jpg 768w, https:\/\/www.maisonwabisabi.com\/wp-content\/uploads\/2025\/06\/NATSU-2025-Website-600x600.jpg 600w, https:\/\/www.maisonwabisabi.com\/wp-content\/uploads\/2025\/06\/NATSU-2025-Website-100x100.jpg 100w\" sizes=\"auto, (max-width: 1024px) 100vw, 1024px\" \/><\/figure>\n\n\n\n<figure class=\"wp-block-image size-large\"><a href=\"https:\/\/www.lejapon.paris\/exposition\/collection-maison-wabi-sabi\/\" target=\"_blank\" rel=\" noreferrer noopener\"><img loading=\"lazy\" decoding=\"async\" width=\"1024\" height=\"1024\" data-id=\"35440\" src=\"https:\/\/www.maisonwabisabi.com\/wp-content\/uploads\/2025\/06\/NATSU-2025-Inspiration-Website.jpg\" alt=\"Collection NATSU 2025 Inspiration\" class=\"wp-image-35440\" srcset=\"https:\/\/www.maisonwabisabi.com\/wp-content\/uploads\/2025\/06\/NATSU-2025-Inspiration-Website.jpg 1024w, https:\/\/www.maisonwabisabi.com\/wp-content\/uploads\/2025\/06\/NATSU-2025-Inspiration-Website-300x300.jpg 300w, https:\/\/www.maisonwabisabi.com\/wp-content\/uploads\/2025\/06\/NATSU-2025-Inspiration-Website-150x150.jpg 150w, https:\/\/www.maisonwabisabi.com\/wp-content\/uploads\/2025\/06\/NATSU-2025-Inspiration-Website-768x768.jpg 768w, https:\/\/www.maisonwabisabi.com\/wp-content\/uploads\/2025\/06\/NATSU-2025-Inspiration-Website-600x600.jpg 600w, https:\/\/www.maisonwabisabi.com\/wp-content\/uploads\/2025\/06\/NATSU-2025-Inspiration-Website-100x100.jpg 100w\" sizes=\"auto, (max-width: 1024px) 100vw, 1024px\" \/><\/a><\/figure>\n\n\n\n<figure class=\"wp-block-image size-large\"><img loading=\"lazy\" decoding=\"async\" width=\"1024\" height=\"1024\" data-id=\"35441\" src=\"https:\/\/www.maisonwabisabi.com\/wp-content\/uploads\/2025\/06\/NATSU-2025-Affiche-Officielle.jpg\" alt=\"Collection NATSU 2025 Affiche Officielle\" class=\"wp-image-35441\" srcset=\"https:\/\/www.maisonwabisabi.com\/wp-content\/uploads\/2025\/06\/NATSU-2025-Affiche-Officielle.jpg 1024w, https:\/\/www.maisonwabisabi.com\/wp-content\/uploads\/2025\/06\/NATSU-2025-Affiche-Officielle-300x300.jpg 300w, https:\/\/www.maisonwabisabi.com\/wp-content\/uploads\/2025\/06\/NATSU-2025-Affiche-Officielle-150x150.jpg 150w, https:\/\/www.maisonwabisabi.com\/wp-content\/uploads\/2025\/06\/NATSU-2025-Affiche-Officielle-768x768.jpg 768w, https:\/\/www.maisonwabisabi.com\/wp-content\/uploads\/2025\/06\/NATSU-2025-Affiche-Officielle-600x600.jpg 600w, https:\/\/www.maisonwabisabi.com\/wp-content\/uploads\/2025\/06\/NATSU-2025-Affiche-Officielle-100x100.jpg 100w\" sizes=\"auto, (max-width: 1024px) 100vw, 1024px\" \/><\/figure>\n<\/figure>\n\n\n\n<p class=\"has-text-align-center has-black-color has-text-color\" style=\"font-size:15px\">Source des photos : Yann san de Maison Wabi-Sabi<\/p>\n\n\n\n<div style=\"height:50px\" aria-hidden=\"true\" class=\"wp-block-spacer\"><\/div>\n\n\n\n<h2 class=\"wp-block-heading has-text-align-center has-black-color has-text-color has-background\" style=\"background-color:#8d9a83;font-size:21px\"><strong>Major Craftsman of Ceramics N\u00b002 &#8211; Avril 2025<\/strong><\/h2>\n\n\n\n<div style=\"height:20px\" aria-hidden=\"true\" class=\"wp-block-spacer\"><\/div>\n\n\n\n<p class=\"has-black-color has-text-color\" style=\"font-size:17px\"><strong>Dates : Jeudi 24 Avril au Dimanche 27 Avril 2025 &#8211; de 11h \u00e0 20h<\/strong><\/p>\n\n\n\n<p class=\"has-black-color has-text-color has-link-color wp-elements-5fb71770b2aee8c151cf703e3b9d7825\" style=\"font-size:17px\"><strong><strong>Lieu :<strong> <strong><a href=\"https:\/\/goo.gl\/maps\/Y8cv7BiswYovsHmG9\" target=\"_blank\" rel=\"noreferrer noopener\"><mark style=\"background-color:rgba(0, 0, 0, 0);color:#8d9a83\" class=\"has-inline-color\">L<\/mark><\/a><a href=\"https:\/\/goo.gl\/maps\/Y8cv7BiswYovsHmG9\"><mark style=\"background-color:rgba(0, 0, 0, 0);color:#8d9a83\" class=\"has-inline-color\">a Galerie Guilhem<\/mark><\/a><\/strong><\/strong> &#8211; 8 rue du G\u00e9n\u00e9ral Guilhem &#8211; Paris 11\u00e8me<\/strong><\/strong><\/p>\n\n\n\n<p class=\"has-black-color has-text-color\" style=\"font-size:17px\">Pour la 2\u00e8me Collection de Maison Wabi-Sabi : \u00ab\u00a0Major Craftsman of Ceramics\u00a0\u00bb (Grand Artisan de la C\u00e9ramique). Yann san vous pr\u00e9sente 2 artisans de la c\u00e9ramique et fils du grand potier Shir\u014d TSUJIMURA. Pour cette collection particuli\u00e8re, <a href=\"https:\/\/www.maisonwabisabi.com\/en\/yui-tsujimura\/\" target=\"_blank\" rel=\"noreferrer noopener\"><mark style=\"background-color:rgba(0, 0, 0, 0);color:#8d9a83\" class=\"has-inline-color\">Yui TSUJIMURA<\/mark><\/a><mark style=\"background-color:rgba(0, 0, 0, 0)\" class=\"has-inline-color has-vivid-red-color\"> <\/mark>et <a href=\"https:\/\/www.maisonwabisabi.com\/en\/kai-tsujimura\/\" target=\"_blank\" rel=\"noreferrer noopener\"><mark style=\"background-color:rgba(0, 0, 0, 0);color:#8d9a83\" class=\"has-inline-color\">Kai TSUJIMURA<\/mark><\/a> sont les invit\u00e9s. C&rsquo;est leur premi\u00e8re exposition\/vente en France et en Europe. Yann san est fier qu&rsquo;ils aient accept\u00e9 de faire partie de la famille d&rsquo;artistes de Maison Wabi-Sabi. (plus de d\u00e9tails en visitant <a href=\"https:\/\/www.lejapon.paris\/exposition\/ceramiques-yui-kai-tsujimura\/\" target=\"_blank\" rel=\"noreferrer noopener\"><mark style=\"background-color:rgba(0, 0, 0, 0);color:#8d9a83\" class=\"has-inline-color\">cet article<\/mark><\/a>)<\/p>\n\n\n\n<p class=\"has-black-color has-text-color\" style=\"font-size:17px\">Maison Wabi-Sabi pr\u00e9sentera \u00e0 la Galerie :<\/p>\n\n\n\n<ul class=\"wp-block-list\">\n<li class=\"has-black-color has-text-color has-link-color wp-elements-6d16bd0d45ceacf996237ba08fe62d57\" style=\"font-size:17px\">54 c\u00e9ramiques : 30 de Yui TSUJIMURA et 24 de Kai TSUJIMURA.<\/li>\n\n\n\n<li class=\"has-black-color has-text-color has-link-color wp-elements-8eb28f7123670c1b6e5b8edefab34c11\" style=\"font-size:17px\">30 C\u00e9ramiques suppl\u00e9mentaires de Kai TSUJIMURA arriveront plus tard sur le site internet.<\/li>\n\n\n\n<li class=\"has-black-color has-text-color has-link-color wp-elements-234a529e41393c928495d75031d4b0fd\" style=\"font-size:17px\">Les c\u00e9ramiques sont disponibles sur le site internet depuis le Mercredi 23 Avril 2025.<\/li>\n<\/ul>\n\n\n\n<p class=\"has-black-color has-text-color has-link-color wp-elements-5d401d26219d3d2c7055f58cf0ec404b\" style=\"font-size:17px\">Vendredi 25 Avril, \u00e0 partir de 17h : Vernissage de l&rsquo;exposition\/vente. Accompagn\u00e9 de la bi\u00e8re \u00ab\u00a0<a href=\"https:\/\/rinjibeer.com\" target=\"_blank\" rel=\"noreferrer noopener\"><mark style=\"background-color:rgba(0, 0, 0, 0);color:#8d9a83\" class=\"has-inline-color\">RINJI Beer<\/mark><\/a>\u00ab\u00a0.<\/p>\n\n\n\n<figure class=\"wp-block-gallery has-nested-images columns-default is-cropped wp-block-gallery-6 is-layout-flex wp-block-gallery-is-layout-flex\">\n<figure class=\"wp-block-image size-full\"><img loading=\"lazy\" decoding=\"async\" width=\"1024\" height=\"1024\" data-id=\"34423\" src=\"https:\/\/www.maisonwabisabi.com\/wp-content\/uploads\/2025\/05\/Yui-TSUJIMURA.jpg\" alt=\"\" class=\"wp-image-34423\" srcset=\"https:\/\/www.maisonwabisabi.com\/wp-content\/uploads\/2025\/05\/Yui-TSUJIMURA.jpg 1024w, https:\/\/www.maisonwabisabi.com\/wp-content\/uploads\/2025\/05\/Yui-TSUJIMURA-300x300.jpg 300w, https:\/\/www.maisonwabisabi.com\/wp-content\/uploads\/2025\/05\/Yui-TSUJIMURA-150x150.jpg 150w, https:\/\/www.maisonwabisabi.com\/wp-content\/uploads\/2025\/05\/Yui-TSUJIMURA-768x768.jpg 768w, https:\/\/www.maisonwabisabi.com\/wp-content\/uploads\/2025\/05\/Yui-TSUJIMURA-600x600.jpg 600w, https:\/\/www.maisonwabisabi.com\/wp-content\/uploads\/2025\/05\/Yui-TSUJIMURA-100x100.jpg 100w\" sizes=\"auto, (max-width: 1024px) 100vw, 1024px\" \/><\/figure>\n\n\n\n<figure class=\"wp-block-image size-full\"><img loading=\"lazy\" decoding=\"async\" width=\"1024\" height=\"1024\" data-id=\"34422\" src=\"https:\/\/www.maisonwabisabi.com\/wp-content\/uploads\/2025\/05\/Expo-Guilhem.jpg\" alt=\"\" class=\"wp-image-34422\" srcset=\"https:\/\/www.maisonwabisabi.com\/wp-content\/uploads\/2025\/05\/Expo-Guilhem.jpg 1024w, https:\/\/www.maisonwabisabi.com\/wp-content\/uploads\/2025\/05\/Expo-Guilhem-300x300.jpg 300w, https:\/\/www.maisonwabisabi.com\/wp-content\/uploads\/2025\/05\/Expo-Guilhem-150x150.jpg 150w, https:\/\/www.maisonwabisabi.com\/wp-content\/uploads\/2025\/05\/Expo-Guilhem-768x768.jpg 768w, https:\/\/www.maisonwabisabi.com\/wp-content\/uploads\/2025\/05\/Expo-Guilhem-600x600.jpg 600w, https:\/\/www.maisonwabisabi.com\/wp-content\/uploads\/2025\/05\/Expo-Guilhem-100x100.jpg 100w\" sizes=\"auto, (max-width: 1024px) 100vw, 1024px\" \/><\/figure>\n\n\n\n<figure class=\"wp-block-image size-full\"><img loading=\"lazy\" decoding=\"async\" width=\"1024\" height=\"1024\" data-id=\"34421\" src=\"https:\/\/www.maisonwabisabi.com\/wp-content\/uploads\/2025\/05\/Kai-TSUJIMURA.jpg\" alt=\"\" class=\"wp-image-34421\" srcset=\"https:\/\/www.maisonwabisabi.com\/wp-content\/uploads\/2025\/05\/Kai-TSUJIMURA.jpg 1024w, https:\/\/www.maisonwabisabi.com\/wp-content\/uploads\/2025\/05\/Kai-TSUJIMURA-300x300.jpg 300w, https:\/\/www.maisonwabisabi.com\/wp-content\/uploads\/2025\/05\/Kai-TSUJIMURA-150x150.jpg 150w, https:\/\/www.maisonwabisabi.com\/wp-content\/uploads\/2025\/05\/Kai-TSUJIMURA-768x768.jpg 768w, https:\/\/www.maisonwabisabi.com\/wp-content\/uploads\/2025\/05\/Kai-TSUJIMURA-600x600.jpg 600w, https:\/\/www.maisonwabisabi.com\/wp-content\/uploads\/2025\/05\/Kai-TSUJIMURA-100x100.jpg 100w\" sizes=\"auto, (max-width: 1024px) 100vw, 1024px\" \/><\/figure>\n<\/figure>\n\n\n\n<p class=\"has-text-align-center has-black-color has-text-color\" style=\"font-size:15px\">Source des photos : Yann san de Maison Wabi-Sabi<\/p>\n\n\n\n<div style=\"height:50px\" aria-hidden=\"true\" class=\"wp-block-spacer\"><\/div>\n\n\n\n<h2 class=\"wp-block-heading has-text-align-center has-black-color has-text-color has-background\" style=\"background-color:#8d9a83;font-size:21px\"><strong>Festival Ennichi 1\u00e8re \u00e9dition &#8211; Mars 2025<\/strong><\/h2>\n\n\n\n<div style=\"height:20px\" aria-hidden=\"true\" class=\"wp-block-spacer\"><\/div>\n\n\n\n<p class=\"has-black-color has-text-color\" style=\"font-size:17px\"><strong>Dates : Samedi 29 Mars et Dimanche 30 Mars 2025 &#8211; de 12h \u00e0 19h<\/strong><\/p>\n\n\n\n<p class=\"has-black-color has-text-color has-link-color wp-elements-80da0a414e8cf0073673584bcfb7b4a0\" style=\"font-size:17px\"><strong>Lieu :<strong> <strong><mark style=\"background-color:rgba(0, 0, 0, 0);color:#8d9a83\" class=\"has-inline-color\">H\u00f4tel Le Grand Quartier<\/mark><\/strong><\/strong> &#8211; 12-15 rue de Nancy &#8211; Paris 10\u00e8me<\/strong><\/p>\n\n\n\n<p class=\"has-black-color has-text-color has-link-color wp-elements-e7ba9d5c3d7a2167b4fb8e7eceba26db\" style=\"font-size:17px\"><strong>Espace Japon<\/strong> et <strong>Le Grand Quartier<\/strong> s\u2019associent pour offrir un \u00e9v\u00e9nement exceptionnel : le <strong>Festival Ennichi<\/strong>. Inspir\u00e9 des f\u00eates foraines traditionnelles japonaises (<em>ennichi<\/em>), un week-end festif qui c\u00e9l\u00e8bre la culture japonaise \u00e0 travers un programme riche et vari\u00e9, entre artisanat, gastronomie, ateliers et performances artistiques gratuites.<\/p>\n\n\n\n<figure class=\"wp-block-gallery has-nested-images columns-default is-cropped wp-block-gallery-7 is-layout-flex wp-block-gallery-is-layout-flex\">\n<figure class=\"wp-block-image size-large\"><img loading=\"lazy\" decoding=\"async\" width=\"1024\" height=\"1019\" data-id=\"33697\" src=\"https:\/\/www.maisonwabisabi.com\/wp-content\/uploads\/2025\/04\/Espace-Japon-2025-Festival-ENNICHI-Website-1024x1019.png\" alt=\"Espace Japon 2025 Festival ENNICHI - Website\" class=\"wp-image-33697\" srcset=\"https:\/\/www.maisonwabisabi.com\/wp-content\/uploads\/2025\/04\/Espace-Japon-2025-Festival-ENNICHI-Website-1024x1019.png 1024w, https:\/\/www.maisonwabisabi.com\/wp-content\/uploads\/2025\/04\/Espace-Japon-2025-Festival-ENNICHI-Website-300x299.png 300w, https:\/\/www.maisonwabisabi.com\/wp-content\/uploads\/2025\/04\/Espace-Japon-2025-Festival-ENNICHI-Website-150x150.png 150w, https:\/\/www.maisonwabisabi.com\/wp-content\/uploads\/2025\/04\/Espace-Japon-2025-Festival-ENNICHI-Website-768x764.png 768w, https:\/\/www.maisonwabisabi.com\/wp-content\/uploads\/2025\/04\/Espace-Japon-2025-Festival-ENNICHI-Website-1536x1529.png 1536w, https:\/\/www.maisonwabisabi.com\/wp-content\/uploads\/2025\/04\/Espace-Japon-2025-Festival-ENNICHI-Website-2048x2038.png 2048w, https:\/\/www.maisonwabisabi.com\/wp-content\/uploads\/2025\/04\/Espace-Japon-2025-Festival-ENNICHI-Website-600x597.png 600w, https:\/\/www.maisonwabisabi.com\/wp-content\/uploads\/2025\/04\/Espace-Japon-2025-Festival-ENNICHI-Website-100x100.png 100w\" sizes=\"auto, (max-width: 1024px) 100vw, 1024px\" \/><\/figure>\n\n\n\n<figure class=\"wp-block-image size-large\"><img loading=\"lazy\" decoding=\"async\" width=\"1024\" height=\"1024\" data-id=\"33696\" src=\"https:\/\/www.maisonwabisabi.com\/wp-content\/uploads\/2025\/04\/Espace-Japon-2025-Festival-ENNICHI-Stand.jpg\" alt=\"Espace Japon 2025 Festival ENNICHI - Stand\" class=\"wp-image-33696\" srcset=\"https:\/\/www.maisonwabisabi.com\/wp-content\/uploads\/2025\/04\/Espace-Japon-2025-Festival-ENNICHI-Stand.jpg 1024w, https:\/\/www.maisonwabisabi.com\/wp-content\/uploads\/2025\/04\/Espace-Japon-2025-Festival-ENNICHI-Stand-300x300.jpg 300w, https:\/\/www.maisonwabisabi.com\/wp-content\/uploads\/2025\/04\/Espace-Japon-2025-Festival-ENNICHI-Stand-150x150.jpg 150w, https:\/\/www.maisonwabisabi.com\/wp-content\/uploads\/2025\/04\/Espace-Japon-2025-Festival-ENNICHI-Stand-768x768.jpg 768w, https:\/\/www.maisonwabisabi.com\/wp-content\/uploads\/2025\/04\/Espace-Japon-2025-Festival-ENNICHI-Stand-600x600.jpg 600w, https:\/\/www.maisonwabisabi.com\/wp-content\/uploads\/2025\/04\/Espace-Japon-2025-Festival-ENNICHI-Stand-100x100.jpg 100w\" sizes=\"auto, (max-width: 1024px) 100vw, 1024px\" \/><\/figure>\n\n\n\n<figure class=\"wp-block-image size-large\"><img loading=\"lazy\" decoding=\"async\" width=\"1024\" height=\"1024\" data-id=\"33698\" src=\"https:\/\/www.maisonwabisabi.com\/wp-content\/uploads\/2025\/04\/Espace-Japon-2025-Festival-ENNICHI-Yann-san.jpg\" alt=\"Espace Japon 2025 Festival ENNICHI - Yann san\" class=\"wp-image-33698\" srcset=\"https:\/\/www.maisonwabisabi.com\/wp-content\/uploads\/2025\/04\/Espace-Japon-2025-Festival-ENNICHI-Yann-san.jpg 1024w, https:\/\/www.maisonwabisabi.com\/wp-content\/uploads\/2025\/04\/Espace-Japon-2025-Festival-ENNICHI-Yann-san-300x300.jpg 300w, https:\/\/www.maisonwabisabi.com\/wp-content\/uploads\/2025\/04\/Espace-Japon-2025-Festival-ENNICHI-Yann-san-150x150.jpg 150w, https:\/\/www.maisonwabisabi.com\/wp-content\/uploads\/2025\/04\/Espace-Japon-2025-Festival-ENNICHI-Yann-san-768x768.jpg 768w, https:\/\/www.maisonwabisabi.com\/wp-content\/uploads\/2025\/04\/Espace-Japon-2025-Festival-ENNICHI-Yann-san-600x600.jpg 600w, https:\/\/www.maisonwabisabi.com\/wp-content\/uploads\/2025\/04\/Espace-Japon-2025-Festival-ENNICHI-Yann-san-100x100.jpg 100w\" sizes=\"auto, (max-width: 1024px) 100vw, 1024px\" \/><\/figure>\n<\/figure>\n\n\n\n<p class=\"has-text-align-center has-black-color has-text-color\" style=\"font-size:15px\">Source des photos : Yann san de Maison Wabi-Sabi<\/p>\n\n\n\n<div style=\"height:50px\" aria-hidden=\"true\" class=\"wp-block-spacer\"><\/div>\n\n\n\n<h2 class=\"wp-block-heading has-text-align-center has-black-color has-text-color has-background\" style=\"background-color:#8d9a83;font-size:21px\"><strong>Collection HARU 2025 &#8211; Mars 2025<\/strong><\/h2>\n\n\n\n<div style=\"height:20px\" aria-hidden=\"true\" class=\"wp-block-spacer\"><\/div>\n\n\n\n<p class=\"has-black-color has-text-color\" style=\"font-size:17px\"><strong>Dates : Jeudi 20 Mars au Lundi 24 Mars 2025 &#8211; de 12h \u00e0 19h30<\/strong><\/p>\n\n\n\n<p class=\"has-black-color has-text-color has-link-color wp-elements-9c48952231a33e414627881fea345d6e\" style=\"font-size:17px\"><strong>Lieu :<strong> <strong><a href=\"https:\/\/goo.gl\/maps\/Y8cv7BiswYovsHmG9\" target=\"_blank\" rel=\"noreferrer noopener\"><mark style=\"background-color:rgba(0, 0, 0, 0);color:#8d9a83\" class=\"has-inline-color\">L<\/mark><\/a><a href=\"https:\/\/goo.gl\/maps\/Y8cv7BiswYovsHmG9\"><mark style=\"background-color:rgba(0, 0, 0, 0);color:#8d9a83\" class=\"has-inline-color\">a Galerie Guilhem<\/mark><\/a><\/strong><\/strong> &#8211; 8 rue du G\u00e9n\u00e9ral Guilhem &#8211; Paris 11\u00e8me<\/strong><\/p>\n\n\n\n<p class=\"has-black-color has-text-color has-link-color wp-elements-80a000abf145566535481bfe91d950c5\" style=\"font-size:17px\">\u00ab\u00a0Pour la 10\u00e8me Collection de Maison Wabi-Sabi :<mark style=\"background-color:rgba(0, 0, 0, 0)\" class=\"has-inline-color has-black-color\"> HARU 2025<\/mark>. Mon inspiration vient du <a href=\"https:\/\/www.maisonwabisabi.com\/en\/ceramistes\/ceramic-tour-2024\/\" target=\"_blank\" rel=\"noreferrer noopener\"><mark style=\"background-color:rgba(0, 0, 0, 0);color:#8d9a83\" class=\"has-inline-color\">Ceramic Tour 2024<\/mark><\/a> et des \u00e9changes entre la France et le Japon, \u00e0 travers le monde de la c\u00e9ramique. Des rencontres \u00e9mouvantes et des discussions int\u00e9ressantes pour un savoir faire ancestral. Les formes japonaises adopt\u00e9es dans le quotidien des fran\u00e7ais, des utilisations parfois surprenantes aux regards des japonais.\u00a0\u00bb<\/p>\n\n\n\n<p class=\"has-black-color has-text-color has-link-color wp-elements-f14ce743cf9db0104eb54d068adc3619\" style=\"font-size:17px\">Voici les C\u00e9ramistes de cette collection : <a href=\"https:\/\/www.maisonwabisabi.com\/en\/espacio-ceramica\/\" target=\"_blank\" rel=\"noreferrer noopener\"><mark style=\"background-color:rgba(0, 0, 0, 0);color:#8d9a83\" class=\"has-inline-color\">Espacio Cer\u00e1mica<\/mark><\/a>, <a href=\"https:\/\/www.maisonwabisabi.com\/en\/claire-briant\/\" target=\"_blank\" rel=\"noreferrer noopener\"><mark style=\"background-color:rgba(0, 0, 0, 0);color:#8d9a83\" class=\"has-inline-color\">Claire BRIANT<\/mark><\/a>, <a href=\"https:\/\/www.maisonwabisabi.com\/en\/peggy-germain\/\" target=\"_blank\" rel=\"noreferrer noopener\"><mark style=\"background-color:rgba(0, 0, 0, 0);color:#8d9a83\" class=\"has-inline-color\">Peggy GERMAIN<\/mark><\/a>, <a href=\"https:\/\/www.maisonwabisabi.com\/en\/therese-laumaille\/\" target=\"_blank\" rel=\"noreferrer noopener\"><mark style=\"background-color:rgba(0, 0, 0, 0);color:#8d9a83\" class=\"has-inline-color\">Th\u00e9r\u00e8se LAUMAILL\u00c9<\/mark><\/a>, <a href=\"https:\/\/www.maisonwabisabi.com\/en\/benoit-lamy\/\" target=\"_blank\" rel=\"noreferrer noopener\"><mark style=\"background-color:rgba(0, 0, 0, 0);color:#8d9a83\" class=\"has-inline-color\">Beno\u00eet LAMY<\/mark><\/a>, <a href=\"https:\/\/www.maisonwabisabi.com\/en\/so-isezaki\/\" target=\"_blank\" rel=\"noreferrer noopener\"><mark style=\"background-color:rgba(0, 0, 0, 0);color:#8d9a83\" class=\"has-inline-color\">S\u014d ISEZAKI \u4f0a\u52e2\ufa11\u5275<\/mark><\/a>, <a href=\"https:\/\/www.maisonwabisabi.com\/en\/chikara-shibaoka\/\" target=\"_blank\" rel=\"noreferrer noopener\"><mark style=\"background-color:rgba(0, 0, 0, 0);color:#8d9a83\" class=\"has-inline-color\">Chikara SHIBAOKA \u67f4\u5ca1\u529b<\/mark><\/a>, <a href=\"https:\/\/www.maisonwabisabi.com\/en\/hideo-hadano\/\" target=\"_blank\" rel=\"noreferrer noopener\"><mark style=\"background-color:rgba(0, 0, 0, 0);color:#8d9a83\" class=\"has-inline-color\">Hideo HADANO \u6ce2\u591a\u91ce \u82f1\u751f<\/mark><\/a>, <a href=\"https:\/\/www.maisonwabisabi.com\/en\/takuya-kanamoto\/\" target=\"_blank\" rel=\"noreferrer noopener\"><mark style=\"background-color:rgba(0, 0, 0, 0);color:#8d9a83\" class=\"has-inline-color\">Takuya KANAMOTO \u91d1\u672c\u5353\u4e5f<\/mark><\/a>, Banko-yaki et <a href=\"https:\/\/www.maisonwabisabi.com\/en\/hideki-yanashita\/\" target=\"_blank\" rel=\"noreferrer noopener\"><mark style=\"background-color:rgba(0, 0, 0, 0);color:#8d9a83\" class=\"has-inline-color\">Hideki YANASHITA \u67f3\u4e0b\u5b63\u5668<\/mark><\/a>.<\/p>\n\n\n\n<p class=\"has-black-color has-text-color\" style=\"font-size:17px\">Maison Wabi-Sabi sera en compagnie de :<\/p>\n\n\n\n<ul class=\"wp-block-list\">\n<li class=\"has-black-color has-text-color has-link-color wp-elements-67b8b0d7a90e18685e9723d3dd16782b\" style=\"font-size:17px\"><a href=\"https:\/\/www.maisonwabisabi.com\/en\/sara-mauvilly\/\" target=\"_blank\" rel=\"noreferrer noopener\"><mark style=\"background-color:rgba(0, 0, 0, 0);color:#8d9a83\" class=\"has-inline-color\">Sara MAUVILLY<\/mark><\/a> d&rsquo;Argile124 (Objets d&rsquo;art et Arts de la Table).<\/li>\n\n\n\n<li class=\"has-black-color has-text-color has-link-color wp-elements-8569a3b1e77639736e9f1850c84ec278\" style=\"font-size:17px\"><a href=\"https:\/\/www.maisonwabisabi.com\/en\/product-category\/accessoires\/\" target=\"_blank\" rel=\"noreferrer noopener\"><mark style=\"background-color:rgba(0, 0, 0, 0);color:#8d9a83\" class=\"has-inline-color\">Romain VAN DEN BOGAERT<\/mark><\/a> de Yume-Project (Objets utilitaires en bois sculpt\u00e9s).&nbsp;<\/li>\n<\/ul>\n\n\n\n<p class=\"has-black-color has-text-color has-link-color wp-elements-a2ac2f43a76bd25cfc4067e5d762c0e6\" style=\"font-size:17px\">Vendredi 21 Mars, \u00e0 partir de 17h : Vernissage de l\u2019exposition\/vente.<\/p>\n\n\n\n<figure class=\"wp-block-gallery has-nested-images columns-default is-cropped wp-block-gallery-8 is-layout-flex wp-block-gallery-is-layout-flex\">\n<figure class=\"wp-block-image size-large\"><img decoding=\"async\" data-id=\"32090\" src=\"https:\/\/www.maisonwabisabi.com\/wp-content\/uploads\/2025\/01\/HARU-2025-Website.jpg\" alt=\"Collection HARU 2025 - Website\" class=\"wp-image-32090\"\/><\/figure>\n\n\n\n<figure class=\"wp-block-image size-large\"><img loading=\"lazy\" decoding=\"async\" width=\"1024\" height=\"1024\" data-id=\"33693\" src=\"https:\/\/www.maisonwabisabi.com\/wp-content\/uploads\/2025\/04\/Team-HARU-2025.jpg\" alt=\"Collection HARU 2025 - L'\u00e9quipe de l'expo\/vente\" class=\"wp-image-33693\" srcset=\"https:\/\/www.maisonwabisabi.com\/wp-content\/uploads\/2025\/04\/Team-HARU-2025.jpg 1024w, https:\/\/www.maisonwabisabi.com\/wp-content\/uploads\/2025\/04\/Team-HARU-2025-300x300.jpg 300w, https:\/\/www.maisonwabisabi.com\/wp-content\/uploads\/2025\/04\/Team-HARU-2025-150x150.jpg 150w, https:\/\/www.maisonwabisabi.com\/wp-content\/uploads\/2025\/04\/Team-HARU-2025-768x768.jpg 768w, https:\/\/www.maisonwabisabi.com\/wp-content\/uploads\/2025\/04\/Team-HARU-2025-600x600.jpg 600w, https:\/\/www.maisonwabisabi.com\/wp-content\/uploads\/2025\/04\/Team-HARU-2025-100x100.jpg 100w\" sizes=\"auto, (max-width: 1024px) 100vw, 1024px\" \/><\/figure>\n\n\n\n<figure class=\"wp-block-image size-large\"><img loading=\"lazy\" decoding=\"async\" width=\"1024\" height=\"1024\" data-id=\"33692\" src=\"https:\/\/www.maisonwabisabi.com\/wp-content\/uploads\/2025\/04\/Affiche.jpg\" alt=\"Collection HARU 2025 - Affiche de l'expo\/vente\" class=\"wp-image-33692\" srcset=\"https:\/\/www.maisonwabisabi.com\/wp-content\/uploads\/2025\/04\/Affiche.jpg 1024w, https:\/\/www.maisonwabisabi.com\/wp-content\/uploads\/2025\/04\/Affiche-300x300.jpg 300w, https:\/\/www.maisonwabisabi.com\/wp-content\/uploads\/2025\/04\/Affiche-150x150.jpg 150w, https:\/\/www.maisonwabisabi.com\/wp-content\/uploads\/2025\/04\/Affiche-768x768.jpg 768w, https:\/\/www.maisonwabisabi.com\/wp-content\/uploads\/2025\/04\/Affiche-600x600.jpg 600w, https:\/\/www.maisonwabisabi.com\/wp-content\/uploads\/2025\/04\/Affiche-100x100.jpg 100w\" sizes=\"auto, (max-width: 1024px) 100vw, 1024px\" \/><\/figure>\n<\/figure>\n\n\n\n<p class=\"has-text-align-center has-black-color has-text-color\" style=\"font-size:15px\">Source des photos : Yann san de Maison Wabi-Sabi<\/p>\n\n\n\n<div style=\"height:100px\" aria-hidden=\"true\" class=\"wp-block-spacer\"><\/div>","protected":false},"excerpt":{"rendered":"<p>Expositions \/ Ventes annuelles \u00ab\u00a0L&rsquo;ann\u00e9e 2025, Yann san de Maison Wabi-Sabi a lanc\u00e9 la 10\u00e8me collection saisonni\u00e8re en ligne : [&hellip;]<\/p>\n","protected":false},"author":1,"featured_media":0,"comment_status":"closed","ping_status":"closed","sticky":false,"template":"","format":"standard","meta":{"site-sidebar-layout":"default","site-content-layout":"","ast-site-content-layout":"default","site-content-style":"default","site-sidebar-style":"default","ast-global-header-display":"","ast-banner-title-visibility":"","ast-main-header-display":"","ast-hfb-above-header-display":"","ast-hfb-below-header-display":"","ast-hfb-mobile-header-display":"","site-post-title":"disabled","ast-breadcrumbs-content":"","ast-featured-img":"","footer-sml-layout":"","ast-disable-related-posts":"","theme-transparent-header-meta":"","adv-header-id-meta":"","stick-header-meta":"","header-above-stick-meta":"","header-main-stick-meta":"","header-below-stick-meta":"","astra-migrate-meta-layouts":"default","ast-page-background-enabled":"default","ast-page-background-meta":{"desktop":{"background-color":"var(--ast-global-color-5)","background-image":"","background-repeat":"repeat","background-position":"center center","background-size":"auto","background-attachment":"scroll","background-type":"","background-media":"","overlay-type":"","overlay-color":"","overlay-opacity":"","overlay-gradient":""},"tablet":{"background-color":"","background-image":"","background-repeat":"repeat","background-position":"center center","background-size":"auto","background-attachment":"scroll","background-type":"","background-media":"","overlay-type":"","overlay-color":"","overlay-opacity":"","overlay-gradient":""},"mobile":{"background-color":"","background-image":"","background-repeat":"repeat","background-position":"center center","background-size":"auto","background-attachment":"scroll","background-type":"","background-media":"","overlay-type":"","overlay-color":"","overlay-opacity":"","overlay-gradient":""}},"ast-content-background-meta":{"desktop":{"background-color":"var(--ast-global-color-4)","background-image":"","background-repeat":"repeat","background-position":"center center","background-size":"auto","background-attachment":"scroll","background-type":"","background-media":"","overlay-type":"","overlay-color":"","overlay-opacity":"","overlay-gradient":""},"tablet":{"background-color":"var(--ast-global-color-4)","background-image":"","background-repeat":"repeat","background-position":"center center","background-size":"auto","background-attachment":"scroll","background-type":"","background-media":"","overlay-type":"","overlay-color":"","overlay-opacity":"","overlay-gradient":""},"mobile":{"background-color":"var(--ast-global-color-4)","background-image":"","background-repeat":"repeat","background-position":"center center","background-size":"auto","background-attachment":"scroll","background-type":"","background-media":"","overlay-type":"","overlay-color":"","overlay-opacity":"","overlay-gradient":""}},"footnotes":""},"categories":[275],"tags":[],"class_list":["post-38903","post","type-post","status-publish","format-standard","hentry","category-evenements"],"yoast_head":"<!-- This site is optimized with the Yoast SEO plugin v27.5 - https:\/\/yoast.com\/product\/yoast-seo-wordpress\/ -->\n<title>\u00c9v\u00e8nements 2025 - Maison Wabi-Sabi - C\u00e9ramique d&#039;art du quotidien<\/title>\n<meta name=\"description\" content=\"\u00c9v\u00e8nements 2025. \u00c9v\u00e8nements autour de l&#039;artisanat et du Japon. Expo\/ventes. Collections saisonni\u00e8res. Partenariats. C\u00e9ramique Japonaise.\" \/>\n<meta name=\"robots\" content=\"index, follow, max-snippet:-1, max-image-preview:large, max-video-preview:-1\" \/>\n<link rel=\"canonical\" href=\"https:\/\/www.maisonwabisabi.com\/en\/evenements-2025\/\" \/>\n<meta property=\"og:locale\" content=\"en_GB\" \/>\n<meta property=\"og:type\" content=\"article\" \/>\n<meta property=\"og:title\" content=\"\u00c9v\u00e8nements 2025 - Maison Wabi-Sabi - C\u00e9ramique d&#039;art du quotidien\" \/>\n<meta property=\"og:description\" content=\"\u00c9v\u00e8nements 2025. \u00c9v\u00e8nements autour de l&#039;artisanat et du Japon. Expo\/ventes. Collections saisonni\u00e8res. Partenariats. C\u00e9ramique Japonaise.\" \/>\n<meta property=\"og:url\" content=\"https:\/\/www.maisonwabisabi.com\/en\/evenements-2025\/\" \/>\n<meta property=\"og:site_name\" content=\"Maison Wabi-Sabi\" \/>\n<meta property=\"article:publisher\" content=\"https:\/\/www.facebook.com\/MaisonWabiSabi\" \/>\n<meta property=\"article:author\" content=\"https:\/\/www.facebook.com\/MaisonWabiSabi\" \/>\n<meta property=\"article:published_time\" content=\"2026-01-26T21:06:34+00:00\" \/>\n<meta property=\"article:modified_time\" content=\"2026-01-26T21:20:32+00:00\" \/>\n<meta property=\"og:image\" content=\"https:\/\/www.maisonwabisabi.com\/wp-content\/uploads\/2025\/09\/Evenements-2025.jpg\" \/>\n\t<meta property=\"og:image:width\" content=\"1024\" \/>\n\t<meta property=\"og:image:height\" content=\"1024\" \/>\n\t<meta property=\"og:image:type\" content=\"image\/jpeg\" \/>\n<meta name=\"author\" content=\"Yann san\" \/>\n<meta name=\"twitter:card\" content=\"summary_large_image\" \/>\n<meta name=\"twitter:label1\" content=\"Written by\" \/>\n\t<meta name=\"twitter:data1\" content=\"Yann san\" \/>\n\t<meta name=\"twitter:label2\" content=\"Estimated reading time\" \/>\n\t<meta name=\"twitter:data2\" content=\"14 minutes\" \/>\n<script type=\"application\/ld+json\" class=\"yoast-schema-graph\">{\"@context\":\"https:\\\/\\\/schema.org\",\"@graph\":[{\"@type\":\"Article\",\"@id\":\"https:\\\/\\\/www.maisonwabisabi.com\\\/evenements-2025\\\/#article\",\"isPartOf\":{\"@id\":\"https:\\\/\\\/www.maisonwabisabi.com\\\/evenements-2025\\\/\"},\"author\":{\"name\":\"Yann san\",\"@id\":\"https:\\\/\\\/www.maisonwabisabi.com\\\/#\\\/schema\\\/person\\\/b2458bb9fa2737d1a11eabc63d3aabc9\"},\"headline\":\"\u00c9v\u00e8nements 2025\",\"datePublished\":\"2026-01-26T21:06:34+00:00\",\"dateModified\":\"2026-01-26T21:20:32+00:00\",\"mainEntityOfPage\":{\"@id\":\"https:\\\/\\\/www.maisonwabisabi.com\\\/evenements-2025\\\/\"},\"wordCount\":1814,\"publisher\":{\"@id\":\"https:\\\/\\\/www.maisonwabisabi.com\\\/#organization\"},\"image\":{\"@id\":\"https:\\\/\\\/www.maisonwabisabi.com\\\/evenements-2025\\\/#primaryimage\"},\"thumbnailUrl\":\"https:\\\/\\\/www.maisonwabisabi.com\\\/wp-content\\\/uploads\\\/2025\\\/09\\\/Evenements-2025.jpg\",\"articleSection\":[\"\u00c9v\u00e8nements\"],\"inLanguage\":\"en-GB\"},{\"@type\":\"WebPage\",\"@id\":\"https:\\\/\\\/www.maisonwabisabi.com\\\/evenements-2025\\\/\",\"url\":\"https:\\\/\\\/www.maisonwabisabi.com\\\/evenements-2025\\\/\",\"name\":\"\u00c9v\u00e8nements 2025 - Maison Wabi-Sabi - C\u00e9ramique d'art du quotidien\",\"isPartOf\":{\"@id\":\"https:\\\/\\\/www.maisonwabisabi.com\\\/#website\"},\"primaryImageOfPage\":{\"@id\":\"https:\\\/\\\/www.maisonwabisabi.com\\\/evenements-2025\\\/#primaryimage\"},\"image\":{\"@id\":\"https:\\\/\\\/www.maisonwabisabi.com\\\/evenements-2025\\\/#primaryimage\"},\"thumbnailUrl\":\"https:\\\/\\\/www.maisonwabisabi.com\\\/wp-content\\\/uploads\\\/2025\\\/09\\\/Evenements-2025.jpg\",\"datePublished\":\"2026-01-26T21:06:34+00:00\",\"dateModified\":\"2026-01-26T21:20:32+00:00\",\"description\":\"\u00c9v\u00e8nements 2025. \u00c9v\u00e8nements autour de l'artisanat et du Japon. Expo\\\/ventes. Collections saisonni\u00e8res. Partenariats. C\u00e9ramique Japonaise.\",\"breadcrumb\":{\"@id\":\"https:\\\/\\\/www.maisonwabisabi.com\\\/evenements-2025\\\/#breadcrumb\"},\"inLanguage\":\"en-GB\",\"potentialAction\":[{\"@type\":\"ReadAction\",\"target\":[\"https:\\\/\\\/www.maisonwabisabi.com\\\/evenements-2025\\\/\"]}]},{\"@type\":\"ImageObject\",\"inLanguage\":\"en-GB\",\"@id\":\"https:\\\/\\\/www.maisonwabisabi.com\\\/evenements-2025\\\/#primaryimage\",\"url\":\"https:\\\/\\\/www.maisonwabisabi.com\\\/wp-content\\\/uploads\\\/2025\\\/09\\\/Evenements-2025.jpg\",\"contentUrl\":\"https:\\\/\\\/www.maisonwabisabi.com\\\/wp-content\\\/uploads\\\/2025\\\/09\\\/Evenements-2025.jpg\"},{\"@type\":\"BreadcrumbList\",\"@id\":\"https:\\\/\\\/www.maisonwabisabi.com\\\/evenements-2025\\\/#breadcrumb\",\"itemListElement\":[{\"@type\":\"ListItem\",\"position\":1,\"name\":\"Bienvenue\",\"item\":\"https:\\\/\\\/www.maisonwabisabi.com\\\/\"},{\"@type\":\"ListItem\",\"position\":2,\"name\":\"\u00c9v\u00e8nements 2025\"}]},{\"@type\":\"WebSite\",\"@id\":\"https:\\\/\\\/www.maisonwabisabi.com\\\/#website\",\"url\":\"https:\\\/\\\/www.maisonwabisabi.com\\\/\",\"name\":\"Maison Wabi-Sabi\",\"description\":\"\",\"publisher\":{\"@id\":\"https:\\\/\\\/www.maisonwabisabi.com\\\/#organization\"},\"potentialAction\":[{\"@type\":\"SearchAction\",\"target\":{\"@type\":\"EntryPoint\",\"urlTemplate\":\"https:\\\/\\\/www.maisonwabisabi.com\\\/?s={search_term_string}\"},\"query-input\":{\"@type\":\"PropertyValueSpecification\",\"valueRequired\":true,\"valueName\":\"search_term_string\"}}],\"inLanguage\":\"en-GB\"},{\"@type\":\"Organization\",\"@id\":\"https:\\\/\\\/www.maisonwabisabi.com\\\/#organization\",\"name\":\"Maison Wabi-Sabi\",\"url\":\"https:\\\/\\\/www.maisonwabisabi.com\\\/\",\"logo\":{\"@type\":\"ImageObject\",\"inLanguage\":\"en-GB\",\"@id\":\"https:\\\/\\\/www.maisonwabisabi.com\\\/#\\\/schema\\\/logo\\\/image\\\/\",\"url\":\"https:\\\/\\\/www.maisonwabisabi.com\\\/wp-content\\\/uploads\\\/2021\\\/11\\\/Logo-de-maison-Wabi-Sabi.jpg\",\"contentUrl\":\"https:\\\/\\\/www.maisonwabisabi.com\\\/wp-content\\\/uploads\\\/2021\\\/11\\\/Logo-de-maison-Wabi-Sabi.jpg\",\"width\":1024,\"height\":1024,\"caption\":\"Maison Wabi-Sabi\"},\"image\":{\"@id\":\"https:\\\/\\\/www.maisonwabisabi.com\\\/#\\\/schema\\\/logo\\\/image\\\/\"},\"sameAs\":[\"https:\\\/\\\/www.facebook.com\\\/MaisonWabiSabi\",\"https:\\\/\\\/www.instagram.com\\\/maison.wabi.sabi\\\/?hl=fr\",\"https:\\\/\\\/www.linkedin.com\\\/company\\\/69088467\"]},{\"@type\":\"Person\",\"@id\":\"https:\\\/\\\/www.maisonwabisabi.com\\\/#\\\/schema\\\/person\\\/b2458bb9fa2737d1a11eabc63d3aabc9\",\"name\":\"Yann san\",\"sameAs\":[\"https:\\\/\\\/www.maisonwabisabi.com\",\"https:\\\/\\\/www.facebook.com\\\/MaisonWabiSabi\",\"https:\\\/\\\/www.instagram.com\\\/maison.wabi.sabi\\\/\"],\"url\":\"https:\\\/\\\/www.maisonwabisabi.com\\\/en\\\/author\\\/4729952\\\/\"}]}<\/script>\n<!-- \/ Yoast SEO plugin. -->","yoast_head_json":{"title":"\u00c9v\u00e8nements 2025 - Maison Wabi-Sabi - C\u00e9ramique d'art du quotidien","description":"\u00c9v\u00e8nements 2025. \u00c9v\u00e8nements autour de l'artisanat et du Japon. Expo\/ventes. Collections saisonni\u00e8res. Partenariats. C\u00e9ramique Japonaise.","robots":{"index":"index","follow":"follow","max-snippet":"max-snippet:-1","max-image-preview":"max-image-preview:large","max-video-preview":"max-video-preview:-1"},"canonical":"https:\/\/www.maisonwabisabi.com\/en\/evenements-2025\/","og_locale":"en_GB","og_type":"article","og_title":"\u00c9v\u00e8nements 2025 - Maison Wabi-Sabi - C\u00e9ramique d'art du quotidien","og_description":"\u00c9v\u00e8nements 2025. \u00c9v\u00e8nements autour de l'artisanat et du Japon. Expo\/ventes. Collections saisonni\u00e8res. Partenariats. C\u00e9ramique Japonaise.","og_url":"https:\/\/www.maisonwabisabi.com\/en\/evenements-2025\/","og_site_name":"Maison Wabi-Sabi","article_publisher":"https:\/\/www.facebook.com\/MaisonWabiSabi","article_author":"https:\/\/www.facebook.com\/MaisonWabiSabi","article_published_time":"2026-01-26T21:06:34+00:00","article_modified_time":"2026-01-26T21:20:32+00:00","og_image":[{"width":1024,"height":1024,"url":"https:\/\/www.maisonwabisabi.com\/wp-content\/uploads\/2025\/09\/Evenements-2025.jpg","type":"image\/jpeg"}],"author":"Yann san","twitter_card":"summary_large_image","twitter_misc":{"Written by":"Yann san","Estimated reading time":"14 minutes"},"schema":{"@context":"https:\/\/schema.org","@graph":[{"@type":"Article","@id":"https:\/\/www.maisonwabisabi.com\/evenements-2025\/#article","isPartOf":{"@id":"https:\/\/www.maisonwabisabi.com\/evenements-2025\/"},"author":{"name":"Yann san","@id":"https:\/\/www.maisonwabisabi.com\/#\/schema\/person\/b2458bb9fa2737d1a11eabc63d3aabc9"},"headline":"\u00c9v\u00e8nements 2025","datePublished":"2026-01-26T21:06:34+00:00","dateModified":"2026-01-26T21:20:32+00:00","mainEntityOfPage":{"@id":"https:\/\/www.maisonwabisabi.com\/evenements-2025\/"},"wordCount":1814,"publisher":{"@id":"https:\/\/www.maisonwabisabi.com\/#organization"},"image":{"@id":"https:\/\/www.maisonwabisabi.com\/evenements-2025\/#primaryimage"},"thumbnailUrl":"https:\/\/www.maisonwabisabi.com\/wp-content\/uploads\/2025\/09\/Evenements-2025.jpg","articleSection":["\u00c9v\u00e8nements"],"inLanguage":"en-GB"},{"@type":"WebPage","@id":"https:\/\/www.maisonwabisabi.com\/evenements-2025\/","url":"https:\/\/www.maisonwabisabi.com\/evenements-2025\/","name":"\u00c9v\u00e8nements 2025 - Maison Wabi-Sabi - C\u00e9ramique d'art du quotidien","isPartOf":{"@id":"https:\/\/www.maisonwabisabi.com\/#website"},"primaryImageOfPage":{"@id":"https:\/\/www.maisonwabisabi.com\/evenements-2025\/#primaryimage"},"image":{"@id":"https:\/\/www.maisonwabisabi.com\/evenements-2025\/#primaryimage"},"thumbnailUrl":"https:\/\/www.maisonwabisabi.com\/wp-content\/uploads\/2025\/09\/Evenements-2025.jpg","datePublished":"2026-01-26T21:06:34+00:00","dateModified":"2026-01-26T21:20:32+00:00","description":"\u00c9v\u00e8nements 2025. \u00c9v\u00e8nements autour de l'artisanat et du Japon. Expo\/ventes. Collections saisonni\u00e8res. Partenariats. C\u00e9ramique Japonaise.","breadcrumb":{"@id":"https:\/\/www.maisonwabisabi.com\/evenements-2025\/#breadcrumb"},"inLanguage":"en-GB","potentialAction":[{"@type":"ReadAction","target":["https:\/\/www.maisonwabisabi.com\/evenements-2025\/"]}]},{"@type":"ImageObject","inLanguage":"en-GB","@id":"https:\/\/www.maisonwabisabi.com\/evenements-2025\/#primaryimage","url":"https:\/\/www.maisonwabisabi.com\/wp-content\/uploads\/2025\/09\/Evenements-2025.jpg","contentUrl":"https:\/\/www.maisonwabisabi.com\/wp-content\/uploads\/2025\/09\/Evenements-2025.jpg"},{"@type":"BreadcrumbList","@id":"https:\/\/www.maisonwabisabi.com\/evenements-2025\/#breadcrumb","itemListElement":[{"@type":"ListItem","position":1,"name":"Bienvenue","item":"https:\/\/www.maisonwabisabi.com\/"},{"@type":"ListItem","position":2,"name":"\u00c9v\u00e8nements 2025"}]},{"@type":"WebSite","@id":"https:\/\/www.maisonwabisabi.com\/#website","url":"https:\/\/www.maisonwabisabi.com\/","name":"Maison Wabi-Sabi","description":"","publisher":{"@id":"https:\/\/www.maisonwabisabi.com\/#organization"},"potentialAction":[{"@type":"SearchAction","target":{"@type":"EntryPoint","urlTemplate":"https:\/\/www.maisonwabisabi.com\/?s={search_term_string}"},"query-input":{"@type":"PropertyValueSpecification","valueRequired":true,"valueName":"search_term_string"}}],"inLanguage":"en-GB"},{"@type":"Organization","@id":"https:\/\/www.maisonwabisabi.com\/#organization","name":"Maison Wabi-Sabi","url":"https:\/\/www.maisonwabisabi.com\/","logo":{"@type":"ImageObject","inLanguage":"en-GB","@id":"https:\/\/www.maisonwabisabi.com\/#\/schema\/logo\/image\/","url":"https:\/\/www.maisonwabisabi.com\/wp-content\/uploads\/2021\/11\/Logo-de-maison-Wabi-Sabi.jpg","contentUrl":"https:\/\/www.maisonwabisabi.com\/wp-content\/uploads\/2021\/11\/Logo-de-maison-Wabi-Sabi.jpg","width":1024,"height":1024,"caption":"Maison Wabi-Sabi"},"image":{"@id":"https:\/\/www.maisonwabisabi.com\/#\/schema\/logo\/image\/"},"sameAs":["https:\/\/www.facebook.com\/MaisonWabiSabi","https:\/\/www.instagram.com\/maison.wabi.sabi\/?hl=fr","https:\/\/www.linkedin.com\/company\/69088467"]},{"@type":"Person","@id":"https:\/\/www.maisonwabisabi.com\/#\/schema\/person\/b2458bb9fa2737d1a11eabc63d3aabc9","name":"Yann san","sameAs":["https:\/\/www.maisonwabisabi.com","https:\/\/www.facebook.com\/MaisonWabiSabi","https:\/\/www.instagram.com\/maison.wabi.sabi\/"],"url":"https:\/\/www.maisonwabisabi.com\/en\/author\/4729952\/"}]}},"_links":{"self":[{"href":"https:\/\/www.maisonwabisabi.com\/en\/wp-json\/wp\/v2\/posts\/38903","targetHints":{"allow":["GET"]}}],"collection":[{"href":"https:\/\/www.maisonwabisabi.com\/en\/wp-json\/wp\/v2\/posts"}],"about":[{"href":"https:\/\/www.maisonwabisabi.com\/en\/wp-json\/wp\/v2\/types\/post"}],"author":[{"embeddable":true,"href":"https:\/\/www.maisonwabisabi.com\/en\/wp-json\/wp\/v2\/users\/1"}],"replies":[{"embeddable":true,"href":"https:\/\/www.maisonwabisabi.com\/en\/wp-json\/wp\/v2\/comments?post=38903"}],"version-history":[{"count":2,"href":"https:\/\/www.maisonwabisabi.com\/en\/wp-json\/wp\/v2\/posts\/38903\/revisions"}],"predecessor-version":[{"id":38909,"href":"https:\/\/www.maisonwabisabi.com\/en\/wp-json\/wp\/v2\/posts\/38903\/revisions\/38909"}],"wp:attachment":[{"href":"https:\/\/www.maisonwabisabi.com\/en\/wp-json\/wp\/v2\/media?parent=38903"}],"wp:term":[{"taxonomy":"category","embeddable":true,"href":"https:\/\/www.maisonwabisabi.com\/en\/wp-json\/wp\/v2\/categories?post=38903"},{"taxonomy":"post_tag","embeddable":true,"href":"https:\/\/www.maisonwabisabi.com\/en\/wp-json\/wp\/v2\/tags?post=38903"}],"curies":[{"name":"wp","href":"https:\/\/api.w.org\/{rel}","templated":true}]}}