{"id":36978,"date":"2025-09-13T12:27:41","date_gmt":"2025-09-13T10:27:41","guid":{"rendered":"https:\/\/www.maisonwabisabi.com\/?p=36978"},"modified":"2026-01-26T22:07:33","modified_gmt":"2026-01-26T21:07:33","slug":"evenements-2024","status":"publish","type":"post","link":"https:\/\/www.maisonwabisabi.com\/en\/evenements-2024\/","title":{"rendered":"\u00c9v\u00e8nements 2024"},"content":{"rendered":"<h2 class=\"wp-block-heading has-text-align-center has-black-color has-text-color has-background\" style=\"background-color:#8d9a83;font-size:21px\"><strong><strong><strong><strong><strong><strong><strong>Expositions \/ Ventes annuelles<\/strong><\/strong><\/strong><\/strong><\/strong><\/strong><\/strong><\/h2>\n\n\n\n<div style=\"height:20px\" aria-hidden=\"true\" class=\"wp-block-spacer\"><\/div>\n\n\n\n<div class=\"wp-block-media-text is-stacked-on-mobile\" style=\"grid-template-columns:25% auto\"><figure class=\"wp-block-media-text__media\"><img loading=\"lazy\" decoding=\"async\" width=\"1024\" height=\"1024\" src=\"https:\/\/www.maisonwabisabi.com\/wp-content\/uploads\/2025\/09\/Evenements-2024.jpg\" alt=\"\u00c9v\u00e8nements pass\u00e9s de l'ann\u00e9e 2024 par Maison Wabi-Sabi\" class=\"wp-image-36954 size-full\" srcset=\"https:\/\/www.maisonwabisabi.com\/wp-content\/uploads\/2025\/09\/Evenements-2024.jpg 1024w, https:\/\/www.maisonwabisabi.com\/wp-content\/uploads\/2025\/09\/Evenements-2024-300x300.jpg 300w, https:\/\/www.maisonwabisabi.com\/wp-content\/uploads\/2025\/09\/Evenements-2024-150x150.jpg 150w, https:\/\/www.maisonwabisabi.com\/wp-content\/uploads\/2025\/09\/Evenements-2024-768x768.jpg 768w, https:\/\/www.maisonwabisabi.com\/wp-content\/uploads\/2025\/09\/Evenements-2024-12x12.jpg 12w, https:\/\/www.maisonwabisabi.com\/wp-content\/uploads\/2025\/09\/Evenements-2024-600x600.jpg 600w, https:\/\/www.maisonwabisabi.com\/wp-content\/uploads\/2025\/09\/Evenements-2024-100x100.jpg 100w\" sizes=\"auto, (max-width: 1024px) 100vw, 1024px\" \/><\/figure><div class=\"wp-block-media-text__content\">\n<p>\u00ab\u00a0L&rsquo;ann\u00e9e 2024, Yann san de Maison Wabi-Sabi a particip\u00e9 \u00e0 Maison &amp; Objet avec EAST France. 7\u00e8me collection saisonni\u00e8re en ligne : Collection Printemps \/ HARU 2024 et \u00e0 La Galerie Guilhem \u00e0 Paris. Expo\/vente \u00ab\u00a0MAJOR CRAFTSMAN OF CERAMICS N\u00b001\u00a0\u00bb de Sh\u014dgo IKEDA \u00e0 la galerie 3m2 \u00e0 Paris. Expo\/vente avec EAST France \u00e0 l&rsquo;h\u00f4tel Louvois \u00e0 Paris. 8\u00e8me collection saisonni\u00e8re en ligne : Collection \u00c9t\u00e9 \/ NATSU 2024 et \u00e0 La Galerie Guilhem \u00e0 Paris. Expo\/vente d&rsquo;\u00e9t\u00e9 \u00ab\u00a0SUMMER BREEZE\u00a0\u00bb avec Sara MAUVILLY et Motoko SAKAMAKI \u00e0 La Galerie Guilhem \u00e0 Paris. 9\u00e8me collection saisonni\u00e8re en ligne : Collection Automne \/ AKI 2024 et \u00e0 La Galerie Guilhem \u00e0 Paris. Expo\/vente au 10\u00e8me Salon du Sak\u00e9 2024 \u00e0 Paris. Parution dans le magazine Id\u00e9es japon Automne 2024. Ceramic Tour 2024 au Japon.\u00a0\u00bb<\/p>\n<\/div><\/div>\n\n\n\n<div style=\"height:50px\" aria-hidden=\"true\" class=\"wp-block-spacer\"><\/div>\n\n\n\n<h2 class=\"wp-block-heading has-text-align-center has-black-color has-text-color has-background\" style=\"background-color:#8d9a83;font-size:21px\"><strong>Ceramic Tour 2024 &#8211; Novembre et D\u00e9cembre 2024<\/strong><\/h2>\n\n\n\n<div style=\"height:20px\" aria-hidden=\"true\" class=\"wp-block-spacer\"><\/div>\n\n\n\n<p class=\"has-black-color has-text-color\" style=\"font-size:17px\"><strong>Dates : Lundi 11 Novembre au Vendredi 20 D\u00e9cembre 2024<\/strong><\/p>\n\n\n\n<p class=\"has-black-color has-text-color\" style=\"font-size:17px\"><strong>Lieu : \u014csaka \u00e0&nbsp;\u014csaka, du Centre (\u014csaka) au Sud (Ky\u016bsh\u016b).<\/strong><\/p>\n\n\n\n<p class=\"has-black-color has-text-color\" style=\"font-size:17px\">Cinq semaines et 4 jours : un <a href=\"https:\/\/www.maisonwabisabi.com\/en\/shokunin\/ceramic-tour-2024\/\" target=\"_blank\" rel=\"noreferrer noopener\"><mark style=\"background-color:rgba(0, 0, 0, 0);color:#8d9a83\" class=\"has-inline-color\">Ceramic Tour 2024<\/mark><\/a> pour d\u00e9couvrir les sites historiques de la C\u00e9ramique Japonaise dans l&rsquo;ouest du pays.&nbsp;Rencontrer plus d\u2019une vingtaine de potiers qui&nbsp;collaboreront dans les prochaines collections saisonni\u00e8res. Nous rencontrerons \u00e9galement d\u2019autres potiers par pure passion et admiration de leurs cr\u00e9ations. On visitera les Mus\u00e9es des c\u00e9ramiques r\u00e9gionales, les galeries et les magasins sp\u00e9cialis\u00e9es, les ateliers, les fours ancestraux et locaux, et les villes et villages qui comptent profond\u00e9ment dans la culture japonaise et l\u2019artisanat de la c\u00e9ramique mill\u00e9naire.<\/p>\n\n\n\n<div style=\"height:50px\" aria-hidden=\"true\" class=\"wp-block-spacer\"><\/div>\n\n\n\n<h2 class=\"wp-block-heading has-text-align-center has-black-color has-text-color has-background\" style=\"background-color:#8d9a83;font-size:21px\"><strong>Id\u00e9es Japon &#8211; Automne 2024<\/strong><\/h2>\n\n\n\n<div style=\"height:20px\" aria-hidden=\"true\" class=\"wp-block-spacer\"><\/div>\n\n\n\n<p class=\"has-black-color has-text-color\" style=\"font-size:17px\"><strong>Dates : Mercredi 20 au Samedi 23 Novembre 2024<\/strong><\/p>\n\n\n\n<p class=\"has-black-color has-text-color\" style=\"font-size:17px\"><strong>Lieu : Espace Cinko &#8211; 12-18 Passage Choiseul, 75002 Paris<\/strong><\/p>\n\n\n\n<p class=\"has-black-color has-text-color\" style=\"font-size:17px\">Deuxi\u00e8me participation au <a href=\"https:\/\/www.ideesjapon.com\/salon-2024\/\" target=\"_blank\" rel=\"noreferrer noopener\"><mark style=\"background-color:rgba(0, 0, 0, 0);color:#8d9a83\" class=\"has-inline-color\">Salon Id\u00e9es Japon<\/mark><\/a> mais uniquement dans l&rsquo;\u00e9dition papier \u00ab\u00a0Automne 2024 &#8211; Id\u00e9es Japon\u00a0\u00bb. Le salon est organis\u00e9 par l&rsquo;association Jipango en partenariat&nbsp;avec le journal&nbsp;Id\u00e9es Japon. Id\u00e9es Japon&nbsp;vous fait d\u00e9couvrir le Japon en France&nbsp;\u00e0 travers des&nbsp;informations vari\u00e9es.&nbsp;C&rsquo;est aussi une r\u00e9f\u00e9rence incontournable&nbsp;d&rsquo;id\u00e9es cadeaux de style japonais pr\u00e9sent\u00e9es par des passionn\u00e9s de la culture japonaise. Vous pouvez d\u00e9j\u00e0 retrouver Maison Wabi-Sabi dans l&rsquo;<a href=\"https:\/\/www.ideesjapon.com\/shopping\/entretiens\/maison-wabi-sabi\/\" target=\"_blank\" rel=\"noreferrer noopener\"><mark style=\"background-color:rgba(0, 0, 0, 0);color:#8d9a83\" class=\"has-inline-color\">entretien de Yann san<\/mark><\/a>, dans le <a href=\"https:\/\/www.ideesjapon.com\/shopping\/carnet-d-adresses\/\" target=\"_blank\" rel=\"noreferrer noopener\"><mark style=\"background-color:rgba(0, 0, 0, 0);color:#8d9a83\" class=\"has-inline-color\">carnet d&rsquo;adresses<\/mark><\/a> du 10\u00e8me arrondissement de Paris. Maison Wabi-Sabi est pr\u00e9sent dans le \u00ab\u00a0<a href=\"https:\/\/www.ideesjapon.com\/journal\/\" target=\"_blank\" rel=\"noreferrer noopener\"><mark style=\"background-color:rgba(0, 0, 0, 0);color:#8d9a83\" class=\"has-inline-color\">Journal Id\u00e9es Japon &#8211; Automne 2024<\/mark><\/a>\u00ab\u00a0.<\/p>\n\n\n\n<figure class=\"wp-block-gallery has-nested-images columns-default is-cropped wp-block-gallery-1 is-layout-flex wp-block-gallery-is-layout-flex\">\n<figure class=\"wp-block-image size-full\"><img loading=\"lazy\" decoding=\"async\" width=\"1024\" height=\"1024\" data-id=\"32249\" src=\"https:\/\/www.maisonwabisabi.com\/wp-content\/uploads\/2025\/01\/Idees-Japon-Automne-2024.jpg\" alt=\"Ide\u0301es Japon Automne 2024\" class=\"wp-image-32249\" srcset=\"https:\/\/www.maisonwabisabi.com\/wp-content\/uploads\/2025\/01\/Idees-Japon-Automne-2024.jpg 1024w, https:\/\/www.maisonwabisabi.com\/wp-content\/uploads\/2025\/01\/Idees-Japon-Automne-2024-300x300.jpg 300w, https:\/\/www.maisonwabisabi.com\/wp-content\/uploads\/2025\/01\/Idees-Japon-Automne-2024-150x150.jpg 150w, https:\/\/www.maisonwabisabi.com\/wp-content\/uploads\/2025\/01\/Idees-Japon-Automne-2024-768x768.jpg 768w, https:\/\/www.maisonwabisabi.com\/wp-content\/uploads\/2025\/01\/Idees-Japon-Automne-2024-600x600.jpg 600w, https:\/\/www.maisonwabisabi.com\/wp-content\/uploads\/2025\/01\/Idees-Japon-Automne-2024-100x100.jpg 100w\" sizes=\"auto, (max-width: 1024px) 100vw, 1024px\" \/><\/figure>\n\n\n\n<figure class=\"wp-block-image size-full\"><img loading=\"lazy\" decoding=\"async\" width=\"1024\" height=\"1024\" data-id=\"32253\" src=\"https:\/\/www.maisonwabisabi.com\/wp-content\/uploads\/2025\/01\/Affiche-Salon-Idees-Japon-Automne-2024.jpg\" alt=\"Affiche Salon Ide\u0301es Japon Automne 2024\" class=\"wp-image-32253\" srcset=\"https:\/\/www.maisonwabisabi.com\/wp-content\/uploads\/2025\/01\/Affiche-Salon-Idees-Japon-Automne-2024.jpg 1024w, https:\/\/www.maisonwabisabi.com\/wp-content\/uploads\/2025\/01\/Affiche-Salon-Idees-Japon-Automne-2024-300x300.jpg 300w, https:\/\/www.maisonwabisabi.com\/wp-content\/uploads\/2025\/01\/Affiche-Salon-Idees-Japon-Automne-2024-150x150.jpg 150w, https:\/\/www.maisonwabisabi.com\/wp-content\/uploads\/2025\/01\/Affiche-Salon-Idees-Japon-Automne-2024-768x768.jpg 768w, https:\/\/www.maisonwabisabi.com\/wp-content\/uploads\/2025\/01\/Affiche-Salon-Idees-Japon-Automne-2024-600x600.jpg 600w, https:\/\/www.maisonwabisabi.com\/wp-content\/uploads\/2025\/01\/Affiche-Salon-Idees-Japon-Automne-2024-100x100.jpg 100w\" sizes=\"auto, (max-width: 1024px) 100vw, 1024px\" \/><\/figure>\n<\/figure>\n\n\n\n<p class=\"has-text-align-center has-black-color has-text-color\" style=\"font-size:15px\"> Source des photos : Jipango<\/p>\n\n\n\n<div style=\"height:50px\" aria-hidden=\"true\" class=\"wp-block-spacer\"><\/div>\n\n\n\n<h2 class=\"wp-block-heading has-text-align-center has-black-color has-text-color has-background\" style=\"background-color:#8d9a83;font-size:21px\"><strong>Salon du Sak\u00e9 2024 : Les 10 ans &#8211; Septembre 2024<\/strong><\/h2>\n\n\n\n<div style=\"height:20px\" aria-hidden=\"true\" class=\"wp-block-spacer\"><\/div>\n\n\n\n<p class=\"has-black-color has-text-color\" style=\"font-size:17px\"><strong>Dates : Samedi 28 au Lundi 30 Septembre 2024<\/strong><\/p>\n\n\n\n<p class=\"has-black-color has-text-color\" style=\"font-size:17px\"><strong>Lieu : <a href=\"https:\/\/newcap-eventcenter.com\" target=\"_blank\" rel=\"noreferrer noopener\"><mark style=\"background-color:rgba(0, 0, 0, 0);color:#8d9a83\" class=\"has-inline-color\">Newcap Event Center<\/mark><\/a> &#8211; 3 Quai de Grenelle &#8211; Paris 15\u00e8me<\/strong><\/p>\n\n\n\n<p class=\"has-black-color has-text-color\" style=\"font-size:17px\">Maison Wabi -Sabi pr\u00e9sentera ses <a href=\"https:\/\/www.maisonwabisabi.com\/en\/product-category\/gamme-pour-les-alcools\/\" target=\"_blank\" rel=\"noreferrer noopener\"><mark style=\"background-color:rgba(0, 0, 0, 0);color:#8d9a83\" class=\"has-inline-color\">Utsuwa pour les Alcools<\/mark><\/a> : Guinomi, Sakazuki, Tokkuri et Katakuchi. Nous serons en partenariat avec <a href=\"https:\/\/www.east-france.com\" target=\"_blank\" rel=\"noreferrer noopener\"><mark style=\"background-color:rgba(0, 0, 0, 0);color:#8d9a83\" class=\"has-inline-color\">EAST France<\/mark><\/a> qui pr\u00e9sentera de la verrerie japonaise pour le Sake. Les autres \u00e9v\u00e8nements pendant le <a href=\"http:\/\/salon-du-sake.fr\" target=\"_blank\" rel=\"noreferrer noopener\"><mark style=\"background-color:rgba(0, 0, 0, 0);color:#8d9a83\" class=\"has-inline-color\">Salon du Sak\u00e9 2024<\/mark><\/a>, sont 2 conf\u00e9rences \u00e0 propos de la C\u00e9ramique pour le Sak\u00e9 et la Verrerie pour le Sake.<\/p>\n\n\n\n<figure class=\"wp-block-gallery has-nested-images columns-default is-cropped wp-block-gallery-2 is-layout-flex wp-block-gallery-is-layout-flex\">\n<figure class=\"wp-block-image size-large\"><img loading=\"lazy\" decoding=\"async\" width=\"1024\" height=\"1024\" data-id=\"30642\" src=\"https:\/\/www.maisonwabisabi.com\/wp-content\/uploads\/2024\/09\/Affiche-Salon-du-Sake-2024.jpg\" alt=\"Affiche Salon du Sak\u00e9 2024\" class=\"wp-image-30642\" srcset=\"https:\/\/www.maisonwabisabi.com\/wp-content\/uploads\/2024\/09\/Affiche-Salon-du-Sake-2024.jpg 1024w, https:\/\/www.maisonwabisabi.com\/wp-content\/uploads\/2024\/09\/Affiche-Salon-du-Sake-2024-300x300.jpg 300w, https:\/\/www.maisonwabisabi.com\/wp-content\/uploads\/2024\/09\/Affiche-Salon-du-Sake-2024-150x150.jpg 150w, https:\/\/www.maisonwabisabi.com\/wp-content\/uploads\/2024\/09\/Affiche-Salon-du-Sake-2024-768x768.jpg 768w, https:\/\/www.maisonwabisabi.com\/wp-content\/uploads\/2024\/09\/Affiche-Salon-du-Sake-2024-600x600.jpg 600w, https:\/\/www.maisonwabisabi.com\/wp-content\/uploads\/2024\/09\/Affiche-Salon-du-Sake-2024-100x100.jpg 100w\" sizes=\"auto, (max-width: 1024px) 100vw, 1024px\" \/><\/figure>\n\n\n\n<figure class=\"wp-block-image\"><img loading=\"lazy\" decoding=\"async\" width=\"1024\" height=\"1024\" data-id=\"32243\" src=\"https:\/\/www.maisonwabisabi.com\/wp-content\/uploads\/2025\/01\/Salon-du-Sake-2024-Stand1.jpg\" alt=\"Salon du Sak\u00e9 2024 Stand\" class=\"wp-image-32243\" srcset=\"https:\/\/www.maisonwabisabi.com\/wp-content\/uploads\/2025\/01\/Salon-du-Sake-2024-Stand1.jpg 1024w, https:\/\/www.maisonwabisabi.com\/wp-content\/uploads\/2025\/01\/Salon-du-Sake-2024-Stand1-300x300.jpg 300w, https:\/\/www.maisonwabisabi.com\/wp-content\/uploads\/2025\/01\/Salon-du-Sake-2024-Stand1-150x150.jpg 150w, https:\/\/www.maisonwabisabi.com\/wp-content\/uploads\/2025\/01\/Salon-du-Sake-2024-Stand1-768x768.jpg 768w, https:\/\/www.maisonwabisabi.com\/wp-content\/uploads\/2025\/01\/Salon-du-Sake-2024-Stand1-600x600.jpg 600w, https:\/\/www.maisonwabisabi.com\/wp-content\/uploads\/2025\/01\/Salon-du-Sake-2024-Stand1-100x100.jpg 100w\" sizes=\"auto, (max-width: 1024px) 100vw, 1024px\" \/><\/figure>\n\n\n\n<figure class=\"wp-block-image\"><img loading=\"lazy\" decoding=\"async\" width=\"1024\" height=\"1024\" data-id=\"32242\" src=\"https:\/\/www.maisonwabisabi.com\/wp-content\/uploads\/2025\/01\/Salon-du-Sake-2024-Conference.jpg\" alt=\"Salon du Sak\u00e9 2024 Conf\u00e9rence\" class=\"wp-image-32242\" srcset=\"https:\/\/www.maisonwabisabi.com\/wp-content\/uploads\/2025\/01\/Salon-du-Sake-2024-Conference.jpg 1024w, https:\/\/www.maisonwabisabi.com\/wp-content\/uploads\/2025\/01\/Salon-du-Sake-2024-Conference-300x300.jpg 300w, https:\/\/www.maisonwabisabi.com\/wp-content\/uploads\/2025\/01\/Salon-du-Sake-2024-Conference-150x150.jpg 150w, https:\/\/www.maisonwabisabi.com\/wp-content\/uploads\/2025\/01\/Salon-du-Sake-2024-Conference-768x768.jpg 768w, https:\/\/www.maisonwabisabi.com\/wp-content\/uploads\/2025\/01\/Salon-du-Sake-2024-Conference-600x600.jpg 600w, https:\/\/www.maisonwabisabi.com\/wp-content\/uploads\/2025\/01\/Salon-du-Sake-2024-Conference-100x100.jpg 100w\" sizes=\"auto, (max-width: 1024px) 100vw, 1024px\" \/><\/figure>\n<\/figure>\n\n\n\n<p class=\"has-text-align-center has-black-color has-text-color\" style=\"font-size:15px\">Source des photos : Yann san de Maison Wabi-Sabi et Salon du Sak\u00e9<\/p>\n\n\n\n<div style=\"height:50px\" aria-hidden=\"true\" class=\"wp-block-spacer\"><\/div>\n\n\n\n<h2 class=\"wp-block-heading has-text-align-center has-black-color has-text-color has-background\" style=\"background-color:#8d9a83;font-size:21px\"><strong><strong><strong>Collection AKI 2024 &#8211; Septembre 2024<\/strong><\/strong><\/strong><\/h2>\n\n\n\n<div style=\"height:20px\" aria-hidden=\"true\" class=\"wp-block-spacer\"><\/div>\n\n\n\n<p class=\"has-black-color has-text-color\" style=\"font-size:17px\"><strong>Dates : Mardi 17 au Dimanche 22 Septembre 2024 &#8211; De 12h \u00e0 19h<\/strong><\/p>\n\n\n\n<p class=\"has-black-color has-text-color\" style=\"font-size:17px\"><strong>Lieu :<strong> <strong><a href=\"https:\/\/goo.gl\/maps\/Y8cv7BiswYovsHmG9\" target=\"_blank\" rel=\"noreferrer noopener\"><mark style=\"background-color:rgba(0, 0, 0, 0);color:#8d9a83\" class=\"has-inline-color\">L<\/mark><\/a><a href=\"https:\/\/goo.gl\/maps\/Y8cv7BiswYovsHmG9\"><mark style=\"background-color:rgba(0, 0, 0, 0);color:#8d9a83\" class=\"has-inline-color\">a Galerie Guilhem<\/mark><\/a><\/strong><\/strong> &#8211; 8 rue du G\u00e9n\u00e9ral Guilhem &#8211; Paris 11\u00e8me<\/strong><\/p>\n\n\n\n<p class=\"has-black-color has-text-color has-link-color wp-elements-5c8af9704b597ee41869eb7f038b135a\" style=\"font-size:17px\">\u00a0\u00bb Pour la 9\u00e8me Collection de Maison Wabi-Sabi : <mark style=\"background-color:rgba(0, 0, 0, 0)\" class=\"has-inline-color has-black-color\">AKI 2024<\/mark>. Mon inspiration vient du regard port\u00e9 sur les temples, les jardins et les maisons traditionnelles \u00e0 travers les feuilles des Momiji qui deviennent jaune, orange, rouge, au gr\u00e9 des semaines. Les journ\u00e9es qui raccourcissent, la lumi\u00e8re du soleil qui d\u00e9cline plus rapidement. Des moments qui nous rappellent le temps qui passe.\u00a0\u00bb<\/p>\n\n\n\n<p class=\"has-black-color has-text-color has-link-color wp-elements-80314a1eba1af988f0381c315d45fcb4\" style=\"font-size:17px\">\u00ab\u00a0Une collection en lien avec le mot japonais \u00ab\u00a0Komorebi&nbsp;\u6728\u6f0f\u308c\u65e5\u00a0\u00bbqui d\u00e9signe la lumi\u00e8re du soleil qui filtre \u00e0 travers les feuilles des arbres. Cette lumi\u00e8re qui traverse les f\u00ealures&nbsp;car c\u2019est aux fronti\u00e8res de l&rsquo;art que l&rsquo;on trouve parmi les plus belles repr\u00e9sentations des mondes int\u00e9rieurs.&nbsp;Ces reflets de feuilles transposent la vision de leurs cr\u00e9ateurs. Il capture magnifiquement l&rsquo;interaction de l&rsquo;esth\u00e9tique entre la lumi\u00e8re et les feuilles, et la forme de l&rsquo;existence terrestre la plus profonde de la nature.\u00a0\u00bb<\/p>\n\n\n\n<p class=\"has-black-color has-text-color has-link-color wp-elements-aa5b9fbf55a6e988782dba04fe4e4a27\" style=\"font-size:17px\">\u00ab\u00a0Cette collection&nbsp;sera sous le signe de l\u2019artistique, du cr\u00e9atif, du d\u00e9coratif, de la mode, de la couleur et des formes originales (chaque mot est important). 7 C\u00e9ramistes&nbsp;: 1 belge et 6 japonais. 5 nouveaux c\u00e9ramistes qui aiment les d\u00e9tails et les couleurs, et 2 c\u00e9ramistes japonais que vous connaissez d\u00e9j\u00e0.\u00a0\u00bb<\/p>\n\n\n\n<p class=\"has-black-color has-text-color\" style=\"font-size:17px\">Maison Wabi-Sabi sera en compagnie de :<\/p>\n\n\n\n<ul class=\"wp-block-list\">\n<li class=\"has-black-color has-text-color has-link-color wp-elements-22da1cd84520cd74020043a76e37ea47\" style=\"font-size:17px\">V\u00e9ronique MAURY de l&rsquo;<a href=\"http:\/\/atelier.lecaulet.com\" target=\"_blank\" rel=\"noreferrer noopener\"><mark style=\"background-color:rgba(0, 0, 0, 0);color:#8d9a83\" class=\"has-inline-color\">Atelier Caulet<\/mark><\/a> : objets du Th\u00e9 &amp; Arts de la Table, Artiste Th\u00e9ramiste&nbsp;dans le Vaucluse.<\/li>\n\n\n\n<li class=\"has-black-color has-text-color has-link-color wp-elements-d8701b6e15fb9247c1aac8a3a142742c\" style=\"font-size:17px\">Cl\u00e9mence DANNEAUX de <a href=\"https:\/\/thelmaparis.co\" target=\"_blank\" rel=\"noreferrer noopener\"><mark style=\"background-color:rgba(0, 0, 0, 0);color:#8d9a83\" class=\"has-inline-color\">THELMA Paris<\/mark><\/a> : objets naturels inspir\u00e9s des rituels japonais, l\u2019encens sans l\u2019ent\u00eatement, \u00e0 Paris.&nbsp;<\/li>\n<\/ul>\n\n\n\n<p class=\"has-black-color has-text-color has-link-color wp-elements-59866b4cc29cec2817a3190cef78dc15\" style=\"font-size:17px\">D\u00e9monstration : Ruben BELLINI de <a href=\"https:\/\/www.instagram.com\/fujiwood_furniture\/\" target=\"_blank\" rel=\"noreferrer noopener\"><mark style=\"background-color:rgba(0, 0, 0, 0);color:#8d9a83\" class=\"has-inline-color\">FUJI Handmade Furniture<\/mark><\/a>, \u00e9b\u00e9niste d&rsquo;art et menuisier, il fera des d\u00e9monstrations de Kumiko (technique japonaise d&rsquo;assemblage de pi\u00e8ces en bois sans clou, permettant de former des treillis g\u00e9om\u00e9triques). Il vous pr\u00e9sentera ses cr\u00e9ations utilitaires en bois et vous expliquera son travail.<\/p>\n\n\n\n<p class=\"has-black-color has-text-color has-link-color wp-elements-a2f052f6cd809e198ac087cf118ca023\" style=\"font-size:17px\">Exposition\/vente : 6 \u0153uvres calligraphiques reli\u00e9es sur du tissu de Kimono du Ma\u00eetre calligraphe <a href=\"https:\/\/www.instagram.com\/suisetsu.ota.calligraphie\/\" target=\"_blank\" rel=\"noreferrer noopener\"><mark style=\"background-color:rgba(0, 0, 0, 0);color:#8d9a83\" class=\"has-inline-color\">Suisetsu OTA<\/mark><\/a>, avec comme sujets principaux des ha\u00efkus et des po\u00e8mes cr\u00e9\u00e9s \u00e0 Ise-Shima, dans la pr\u00e9fecture de Mie.<\/p>\n\n\n\n<p class=\"has-black-color has-text-color has-link-color wp-elements-f8a9437cae6bc7f6c2552d91523b1a20\" style=\"font-size:17px\">Mardi 17 Septembre, \u00e0 partir de 17h : Vernissage de l\u2019exposition\/vente. Accompagn\u00e9 d&rsquo;Onigiri r\u00e9alis\u00e9s par <a href=\"https:\/\/www.instagram.com\/iwifood\/\" target=\"_blank\" rel=\"noreferrer noopener\"><mark style=\"background-color:rgba(0, 0, 0, 0);color:#8d9a83\" class=\"has-inline-color\">IWATAYA<\/mark><\/a>, projet culinaire de Aya IWATA de <a href=\"https:\/\/www.instagram.com\/craftslabparis\/\" target=\"_blank\" rel=\"noreferrer noopener\"><mark style=\"background-color:rgba(0, 0, 0, 0);color:#8d9a83\" class=\"has-inline-color\">CraftLab Paris<\/mark><\/a>.<\/p>\n\n\n\n<figure class=\"wp-block-gallery has-nested-images columns-default is-cropped wp-block-gallery-3 is-layout-flex wp-block-gallery-is-layout-flex\">\n<figure class=\"wp-block-image size-full\"><img loading=\"lazy\" decoding=\"async\" width=\"1024\" height=\"1024\" data-id=\"29637\" src=\"https:\/\/www.maisonwabisabi.com\/wp-content\/uploads\/2024\/07\/AKI-2024-Website.jpg\" alt=\"Collection AKI 2024\" class=\"wp-image-29637\" srcset=\"https:\/\/www.maisonwabisabi.com\/wp-content\/uploads\/2024\/07\/AKI-2024-Website.jpg 1024w, https:\/\/www.maisonwabisabi.com\/wp-content\/uploads\/2024\/07\/AKI-2024-Website-300x300.jpg 300w, https:\/\/www.maisonwabisabi.com\/wp-content\/uploads\/2024\/07\/AKI-2024-Website-150x150.jpg 150w, https:\/\/www.maisonwabisabi.com\/wp-content\/uploads\/2024\/07\/AKI-2024-Website-768x768.jpg 768w, https:\/\/www.maisonwabisabi.com\/wp-content\/uploads\/2024\/07\/AKI-2024-Website-600x600.jpg 600w, https:\/\/www.maisonwabisabi.com\/wp-content\/uploads\/2024\/07\/AKI-2024-Website-100x100.jpg 100w\" sizes=\"auto, (max-width: 1024px) 100vw, 1024px\" \/><\/figure>\n\n\n\n<figure class=\"wp-block-image size-full\"><img loading=\"lazy\" decoding=\"async\" width=\"1024\" height=\"1024\" data-id=\"30645\" src=\"https:\/\/www.maisonwabisabi.com\/wp-content\/uploads\/2024\/09\/Affiche-Officielle-AKI-2024.jpg\" alt=\"Affiche Collection AKI 2024\" class=\"wp-image-30645\" srcset=\"https:\/\/www.maisonwabisabi.com\/wp-content\/uploads\/2024\/09\/Affiche-Officielle-AKI-2024.jpg 1024w, https:\/\/www.maisonwabisabi.com\/wp-content\/uploads\/2024\/09\/Affiche-Officielle-AKI-2024-300x300.jpg 300w, https:\/\/www.maisonwabisabi.com\/wp-content\/uploads\/2024\/09\/Affiche-Officielle-AKI-2024-150x150.jpg 150w, https:\/\/www.maisonwabisabi.com\/wp-content\/uploads\/2024\/09\/Affiche-Officielle-AKI-2024-768x768.jpg 768w, https:\/\/www.maisonwabisabi.com\/wp-content\/uploads\/2024\/09\/Affiche-Officielle-AKI-2024-600x600.jpg 600w, https:\/\/www.maisonwabisabi.com\/wp-content\/uploads\/2024\/09\/Affiche-Officielle-AKI-2024-100x100.jpg 100w\" sizes=\"auto, (max-width: 1024px) 100vw, 1024px\" \/><\/figure>\n\n\n\n<figure class=\"wp-block-image size-full\"><img loading=\"lazy\" decoding=\"async\" width=\"1024\" height=\"1024\" data-id=\"32266\" src=\"https:\/\/www.maisonwabisabi.com\/wp-content\/uploads\/2025\/01\/FUJI-wood-furniture.jpg\" alt=\"FUJI Wood Furniture - Ruben BELLINI\" class=\"wp-image-32266\" srcset=\"https:\/\/www.maisonwabisabi.com\/wp-content\/uploads\/2025\/01\/FUJI-wood-furniture.jpg 1024w, https:\/\/www.maisonwabisabi.com\/wp-content\/uploads\/2025\/01\/FUJI-wood-furniture-300x300.jpg 300w, https:\/\/www.maisonwabisabi.com\/wp-content\/uploads\/2025\/01\/FUJI-wood-furniture-150x150.jpg 150w, https:\/\/www.maisonwabisabi.com\/wp-content\/uploads\/2025\/01\/FUJI-wood-furniture-768x768.jpg 768w, https:\/\/www.maisonwabisabi.com\/wp-content\/uploads\/2025\/01\/FUJI-wood-furniture-600x600.jpg 600w, https:\/\/www.maisonwabisabi.com\/wp-content\/uploads\/2025\/01\/FUJI-wood-furniture-100x100.jpg 100w\" sizes=\"auto, (max-width: 1024px) 100vw, 1024px\" \/><\/figure>\n<\/figure>\n\n\n\n<p class=\"has-text-align-center has-black-color has-text-color\" style=\"font-size:15px\">Source des photos : Yann san de Maison Wabi-Sabi<\/p>\n\n\n\n<div style=\"height:50px\" aria-hidden=\"true\" class=\"wp-block-spacer\"><\/div>\n\n\n\n<h2 class=\"wp-block-heading has-text-align-center has-black-color has-text-color has-background\" style=\"background-color:#8d9a83;font-size:21px\"><strong><strong><strong>Summer Breeze &#8211; Juillet 2024<\/strong><\/strong><\/strong><\/h2>\n\n\n\n<div style=\"height:20px\" aria-hidden=\"true\" class=\"wp-block-spacer\"><\/div>\n\n\n\n<p class=\"has-black-color has-text-color\" style=\"font-size:17px\"><strong>Dates : Mercredi 24 au Mardi 30 Juillet 2024 &#8211; De 11h \u00e0 20h<\/strong><\/p>\n\n\n\n<p class=\"has-black-color has-text-color\" style=\"font-size:17px\"><strong>Lieu :<strong> <strong><a href=\"https:\/\/goo.gl\/maps\/Y8cv7BiswYovsHmG9\" target=\"_blank\" rel=\"noreferrer noopener\"><mark style=\"background-color:rgba(0, 0, 0, 0);color:#8d9a83\" class=\"has-inline-color\">L<\/mark><\/a><a href=\"https:\/\/goo.gl\/maps\/Y8cv7BiswYovsHmG9\"><mark style=\"background-color:rgba(0, 0, 0, 0);color:#8d9a83\" class=\"has-inline-color\">a Galerie Guilhem<\/mark><\/a><\/strong><\/strong> &#8211; 8 rue du G\u00e9n\u00e9ral Guilhem &#8211; Paris 11\u00e8me<\/strong><\/p>\n\n\n\n<p class=\"has-black-color has-text-color has-link-color wp-elements-988a7ca925d8ac7a25b3925be97341a1\" style=\"font-size:17px\">Maison Wabi-Sabi partagera la galerie avec <a href=\"https:\/\/www.instagram.com\/sara_mauvilly\/\" target=\"_blank\" rel=\"noreferrer noopener\"><mark style=\"background-color:rgba(0, 0, 0, 0);color:#8d9a83\" class=\"has-inline-color\">Sara MAUVILLY<\/mark><\/a> d&rsquo;<a href=\"https:\/\/www.instagram.com\/argile124\/\" target=\"_blank\" rel=\"noreferrer noopener\"><mark style=\"background-color:rgba(0, 0, 0, 0);color:#8d9a83\" class=\"has-inline-color\">Argile124<\/mark><\/a>, c\u00e9ramiste fran\u00e7aise et <a href=\"https:\/\/www.instagram.com\/motokina_paris\/\" target=\"_blank\" rel=\"noreferrer noopener\"><mark style=\"background-color:rgba(0, 0, 0, 0);color:#8d9a83\" class=\"has-inline-color\">Motoko SAKAMAKI<\/mark><\/a>, papiers et textiles japonais. Une exposition \/ Vente sur la th\u00e9matique de l&rsquo;\u00e9t\u00e9, des couleurs et du vent. Nous vous accueillerons au frais avec un verre de Mugicha. Les <a href=\"https:\/\/www.maisonwabisabi.com\/en\/product-category\/ceramistes-de-france\/ceramiste-sara-mauvilly\/\" target=\"_blank\" rel=\"noreferrer noopener\"><mark style=\"background-color:rgba(0, 0, 0, 0);color:#8d9a83\" class=\"has-inline-color\">c\u00e9ramiques de Sara<\/mark><\/a> pour Maison Wabi-Sabi seront visibles \u00e0 la Galerie.<\/p>\n\n\n\n<figure class=\"wp-block-gallery has-nested-images columns-default is-cropped wp-block-gallery-4 is-layout-flex wp-block-gallery-is-layout-flex\">\n<figure class=\"wp-block-image size-large\"><img loading=\"lazy\" decoding=\"async\" width=\"1024\" height=\"1024\" data-id=\"30636\" src=\"https:\/\/www.maisonwabisabi.com\/wp-content\/uploads\/2024\/09\/Team-Summer-Breeze2.jpg\" alt=\"Expo\/Vente Summer Breeze \u00e0 La Galerie Guilhem Juillet 2024\" class=\"wp-image-30636\" srcset=\"https:\/\/www.maisonwabisabi.com\/wp-content\/uploads\/2024\/09\/Team-Summer-Breeze2.jpg 1024w, https:\/\/www.maisonwabisabi.com\/wp-content\/uploads\/2024\/09\/Team-Summer-Breeze2-300x300.jpg 300w, https:\/\/www.maisonwabisabi.com\/wp-content\/uploads\/2024\/09\/Team-Summer-Breeze2-150x150.jpg 150w, https:\/\/www.maisonwabisabi.com\/wp-content\/uploads\/2024\/09\/Team-Summer-Breeze2-768x768.jpg 768w, https:\/\/www.maisonwabisabi.com\/wp-content\/uploads\/2024\/09\/Team-Summer-Breeze2-600x600.jpg 600w, https:\/\/www.maisonwabisabi.com\/wp-content\/uploads\/2024\/09\/Team-Summer-Breeze2-100x100.jpg 100w\" sizes=\"auto, (max-width: 1024px) 100vw, 1024px\" \/><\/figure>\n\n\n\n<figure class=\"wp-block-image size-large\"><img loading=\"lazy\" decoding=\"async\" width=\"1024\" height=\"1024\" data-id=\"29818\" src=\"https:\/\/www.maisonwabisabi.com\/wp-content\/uploads\/2024\/07\/1Website.jpg\" alt=\"Expo\/Vente Summer Breeze \u00e0 La Galerie Guilhem Juillet 2024\" class=\"wp-image-29818\" srcset=\"https:\/\/www.maisonwabisabi.com\/wp-content\/uploads\/2024\/07\/1Website.jpg 1024w, https:\/\/www.maisonwabisabi.com\/wp-content\/uploads\/2024\/07\/1Website-300x300.jpg 300w, https:\/\/www.maisonwabisabi.com\/wp-content\/uploads\/2024\/07\/1Website-150x150.jpg 150w, https:\/\/www.maisonwabisabi.com\/wp-content\/uploads\/2024\/07\/1Website-768x768.jpg 768w, https:\/\/www.maisonwabisabi.com\/wp-content\/uploads\/2024\/07\/1Website-600x600.jpg 600w, https:\/\/www.maisonwabisabi.com\/wp-content\/uploads\/2024\/07\/1Website-100x100.jpg 100w\" sizes=\"auto, (max-width: 1024px) 100vw, 1024px\" \/><\/figure>\n\n\n\n<figure class=\"wp-block-image size-large\"><img loading=\"lazy\" decoding=\"async\" width=\"1024\" height=\"1024\" data-id=\"30637\" src=\"https:\/\/www.maisonwabisabi.com\/wp-content\/uploads\/2024\/09\/Team-Summer-Breeze3.jpg\" alt=\"Expo\/Vente Summer Breeze \u00e0 La Galerie Guilhem Juillet 2024\" class=\"wp-image-30637\" srcset=\"https:\/\/www.maisonwabisabi.com\/wp-content\/uploads\/2024\/09\/Team-Summer-Breeze3.jpg 1024w, https:\/\/www.maisonwabisabi.com\/wp-content\/uploads\/2024\/09\/Team-Summer-Breeze3-300x300.jpg 300w, https:\/\/www.maisonwabisabi.com\/wp-content\/uploads\/2024\/09\/Team-Summer-Breeze3-150x150.jpg 150w, https:\/\/www.maisonwabisabi.com\/wp-content\/uploads\/2024\/09\/Team-Summer-Breeze3-768x768.jpg 768w, https:\/\/www.maisonwabisabi.com\/wp-content\/uploads\/2024\/09\/Team-Summer-Breeze3-600x600.jpg 600w, https:\/\/www.maisonwabisabi.com\/wp-content\/uploads\/2024\/09\/Team-Summer-Breeze3-100x100.jpg 100w\" sizes=\"auto, (max-width: 1024px) 100vw, 1024px\" \/><\/figure>\n<\/figure>\n\n\n\n<p class=\"has-text-align-center has-black-color has-text-color\" style=\"font-size:15px\">Source des photos : Yann san de Maison Wabi-Sabi<\/p>\n\n\n\n<div style=\"height:50px\" aria-hidden=\"true\" class=\"wp-block-spacer\"><\/div>\n\n\n\n<h2 class=\"wp-block-heading has-text-align-center has-black-color has-text-color has-background\" style=\"background-color:#8d9a83;font-size:21px\"><strong>Collection NATSU 2024 &#8211; Juin 2024<\/strong><\/h2>\n\n\n\n<div style=\"height:20px\" aria-hidden=\"true\" class=\"wp-block-spacer\"><\/div>\n\n\n\n<p class=\"has-black-color has-text-color\" style=\"font-size:17px\"><strong>Dates : Mardi 18 au Dimanche 23 Juin 2024 &#8211; De 12h \u00e0 20h<\/strong><\/p>\n\n\n\n<p class=\"has-black-color has-text-color\" style=\"font-size:17px\"><strong>Lieu :<strong> <strong><a href=\"https:\/\/goo.gl\/maps\/Y8cv7BiswYovsHmG9\" target=\"_blank\" rel=\"noreferrer noopener\"><mark style=\"background-color:rgba(0, 0, 0, 0);color:#8d9a83\" class=\"has-inline-color\">L<\/mark><\/a><a href=\"https:\/\/goo.gl\/maps\/Y8cv7BiswYovsHmG9\"><mark style=\"background-color:rgba(0, 0, 0, 0);color:#8d9a83\" class=\"has-inline-color\">a Galerie Guilhem<\/mark><\/a><\/strong><\/strong> &#8211; 8 rue du G\u00e9n\u00e9ral Guilhem &#8211; Paris 11\u00e8me<\/strong><\/p>\n\n\n\n<p class=\"has-black-color has-text-color\" style=\"font-size:17px\">Pour la 8\u00e8me Collection de Maison Wabi-Sabi : <mark style=\"background-color:rgba(0, 0, 0, 0)\" class=\"has-inline-color has-ast-global-color-6-color\">NATSU 2024<\/mark>. L&rsquo;inspiration vient des souvenirs de promenade dans les jardins japonais. Le chant des \u00ab\u00a0Semi\u00a0\u00bb, cigales japonaises, qui r\u00e9sonne en continu. Les feuilles des Momiji qui dansent au gr\u00e9 du vent et qui prot\u00e8gent des rayons du soleil. Des moments discrets et paisibles qui annoncent une belle saison estivale pleine de couleurs.<\/p>\n\n\n\n<p class=\"has-black-color has-text-color\" style=\"font-size:17px\">Maison Wabi-Sabi pr\u00e9sentera, en partenariat :<\/p>\n\n\n\n<ul class=\"wp-block-list\">\n<li class=\"has-black-color has-text-color has-link-color wp-elements-2b49be2aac0cccb2d38ad6da14409b55\" style=\"font-size:17px\">Un studio de design de Tokyo avec des Mamezara originales de <a href=\"https:\/\/www.maisonwabisabi.com\/en\/arita-yaki\/\" target=\"_blank\" rel=\"noreferrer noopener\"><mark style=\"background-color:rgba(0, 0, 0, 0);color:#8d9a83\" class=\"has-inline-color\">A<\/mark><\/a><a href=\"https:\/\/www.maisonwabisabi.com\/en\/arita-yaki\/\"><mark style=\"background-color:rgba(0, 0, 0, 0);color:#8d9a83\" class=\"has-inline-color\">rita-yaki<\/mark><\/a>.<\/li>\n\n\n\n<li class=\"has-black-color has-text-color has-link-color wp-elements-9ac8b45bc174f6633ce1cd8288291fe6\" style=\"font-size:17px\">Des Futamono en laque de Wajima, de la p\u00e9ninsule de Noto, pr\u00e9fecture d\u2019Ishikawa et d\u2019autres objets.<\/li>\n\n\n\n<li class=\"has-black-color has-text-color has-link-color wp-elements-5550fa5020c0071740aaed320df88ae0\" style=\"font-size:17px\">Une exposition\/vente de 6 \u0153uvres calligraphiques reli\u00e9es sur du tissu de Kimono du Ma\u00eetre calligraphe <a href=\"https:\/\/www.instagram.com\/suisetsu.ota.calligraphie\/\" target=\"_blank\" rel=\"noreferrer noopener\"><mark style=\"background-color:rgba(0, 0, 0, 0);color:#8d9a83\" class=\"has-inline-color\">Suisetsu OTA<\/mark><\/a>, avec comme sujets principaux des ha\u00efkus et des po\u00e8mes cr\u00e9\u00e9s \u00e0 Ise-Shima, dans la pr\u00e9fecture de Mie.<\/li>\n<\/ul>\n\n\n\n<p class=\"has-black-color has-text-color has-link-color wp-elements-905d3cf58e6ddff0c33552f44f1398cf\" style=\"font-size:17px\">Maison Wabi-Sabi partagera la galerie avec Mathilde ROSEANNE BR\u00c9GEON de la <a href=\"https:\/\/www.kaeran.com\/\" target=\"_blank\" rel=\"noreferrer noopener\"><mark style=\"background-color:rgba(0, 0, 0, 0);color:#8d9a83\" class=\"has-inline-color\">Galerie KAERA\u00d1<\/mark><\/a> de Ky\u014dto. Elle pr\u00e9sentera la 5\u00e8me \u00e9dition de \u00ab&nbsp;Mes tr\u00e9sors du Japon&nbsp;\u00bb.<\/p>\n\n\n\n<p class=\"has-black-color has-text-color has-link-color wp-elements-360e694e48c565b10b6e0f031e76e1d0\" style=\"font-size:17px\">Mardi 18 Juin, \u00e0 partir de 18h : Vernissage de l\u2019exposition\/vente. Accompagn\u00e9 de Cidre fermier et d&rsquo;Onigiri r\u00e9alis\u00e9s par <a href=\"https:\/\/www.instagram.com\/iwifood\/\" target=\"_blank\" rel=\"noreferrer noopener\"><mark style=\"background-color:rgba(0, 0, 0, 0);color:#8d9a83\" class=\"has-inline-color\">IWATAYA<\/mark><\/a>, projet culinaire de Aya IWATA de <a href=\"https:\/\/www.instagram.com\/craftslabparis\/\" target=\"_blank\" rel=\"noreferrer noopener\"><mark style=\"background-color:rgba(0, 0, 0, 0);color:#8d9a83\" class=\"has-inline-color\">CraftLab Paris<\/mark><\/a>.<\/p>\n\n\n\n<figure class=\"wp-block-gallery has-nested-images columns-3 is-cropped wp-block-gallery-5 is-layout-flex wp-block-gallery-is-layout-flex\">\n<figure class=\"wp-block-image size-full is-style-default\"><img loading=\"lazy\" decoding=\"async\" width=\"1024\" height=\"1024\" data-id=\"27372\" src=\"https:\/\/www.maisonwabisabi.com\/wp-content\/uploads\/2024\/04\/NATSU-2024-Website.jpg\" alt=\"Collection NATSU 2024\" class=\"wp-image-27372\" srcset=\"https:\/\/www.maisonwabisabi.com\/wp-content\/uploads\/2024\/04\/NATSU-2024-Website.jpg 1024w, https:\/\/www.maisonwabisabi.com\/wp-content\/uploads\/2024\/04\/NATSU-2024-Website-300x300.jpg 300w, https:\/\/www.maisonwabisabi.com\/wp-content\/uploads\/2024\/04\/NATSU-2024-Website-150x150.jpg 150w, https:\/\/www.maisonwabisabi.com\/wp-content\/uploads\/2024\/04\/NATSU-2024-Website-768x768.jpg 768w, https:\/\/www.maisonwabisabi.com\/wp-content\/uploads\/2024\/04\/NATSU-2024-Website-600x600.jpg 600w, https:\/\/www.maisonwabisabi.com\/wp-content\/uploads\/2024\/04\/NATSU-2024-Website-100x100.jpg 100w\" sizes=\"auto, (max-width: 1024px) 100vw, 1024px\" \/><\/figure>\n\n\n\n<figure data-wp-context=\"{&quot;imageId&quot;:&quot;69f12872883f3&quot;}\" data-wp-interactive=\"core\/image\" data-wp-key=\"69f12872883f3\" class=\"wp-block-image size-full wp-lightbox-container\"><img loading=\"lazy\" decoding=\"async\" width=\"1024\" height=\"1024\" data-wp-class--hide=\"state.isContentHidden\" data-wp-class--show=\"state.isContentVisible\" data-wp-init=\"callbacks.setButtonStyles\" data-wp-on--click=\"actions.showLightbox\" data-wp-on--load=\"callbacks.setButtonStyles\" data-wp-on-window--resize=\"callbacks.setButtonStyles\" data-id=\"28551\" src=\"https:\/\/www.maisonwabisabi.com\/wp-content\/uploads\/2024\/06\/Affiche-Officielle.jpg\" alt=\"Collection NATSU 2024 - Affiche Officielle\" class=\"wp-image-28551\" srcset=\"https:\/\/www.maisonwabisabi.com\/wp-content\/uploads\/2024\/06\/Affiche-Officielle.jpg 1024w, https:\/\/www.maisonwabisabi.com\/wp-content\/uploads\/2024\/06\/Affiche-Officielle-300x300.jpg 300w, https:\/\/www.maisonwabisabi.com\/wp-content\/uploads\/2024\/06\/Affiche-Officielle-150x150.jpg 150w, https:\/\/www.maisonwabisabi.com\/wp-content\/uploads\/2024\/06\/Affiche-Officielle-768x768.jpg 768w, https:\/\/www.maisonwabisabi.com\/wp-content\/uploads\/2024\/06\/Affiche-Officielle-600x600.jpg 600w, https:\/\/www.maisonwabisabi.com\/wp-content\/uploads\/2024\/06\/Affiche-Officielle-100x100.jpg 100w\" sizes=\"auto, (max-width: 1024px) 100vw, 1024px\" \/><button\n\t\t\tclass=\"lightbox-trigger\"\n\t\t\ttype=\"button\"\n\t\t\taria-haspopup=\"dialog\"\n\t\t\taria-label=\"Enlarge\"\n\t\t\tdata-wp-init=\"callbacks.initTriggerButton\"\n\t\t\tdata-wp-on--click=\"actions.showLightbox\"\n\t\t\tdata-wp-style--right=\"state.imageButtonRight\"\n\t\t\tdata-wp-style--top=\"state.imageButtonTop\"\n\t\t>\n\t\t\t<svg xmlns=\"http:\/\/www.w3.org\/2000\/svg\" width=\"12\" height=\"12\" fill=\"none\" viewbox=\"0 0 12 12\">\n\t\t\t\t<path fill=\"#fff\" d=\"M2 0a2 2 0 0 0-2 2v2h1.5V2a.5.5 0 0 1 .5-.5h2V0H2Zm2 10.5H2a.5.5 0 0 1-.5-.5V8H0v2a2 2 0 0 0 2 2h2v-1.5ZM8 12v-1.5h2a.5.5 0 0 0 .5-.5V8H12v2a2 2 0 0 1-2 2H8Zm2-12a2 2 0 0 1 2 2v2h-1.5V2a.5.5 0 0 0-.5-.5H8V0h2Z\" \/>\n\t\t\t<\/svg>\n\t\t<\/button><\/figure>\n\n\n\n<figure class=\"wp-block-image size-full\"><img loading=\"lazy\" decoding=\"async\" width=\"1024\" height=\"1024\" data-id=\"28553\" src=\"https:\/\/www.maisonwabisabi.com\/wp-content\/uploads\/2024\/06\/Studio-Kaeran.jpg\" alt=\"Studio KAERAN 5\u00e8me \u00e9dition \u00e0 la Galerie Guilhem\" class=\"wp-image-28553\" srcset=\"https:\/\/www.maisonwabisabi.com\/wp-content\/uploads\/2024\/06\/Studio-Kaeran.jpg 1024w, https:\/\/www.maisonwabisabi.com\/wp-content\/uploads\/2024\/06\/Studio-Kaeran-300x300.jpg 300w, https:\/\/www.maisonwabisabi.com\/wp-content\/uploads\/2024\/06\/Studio-Kaeran-150x150.jpg 150w, https:\/\/www.maisonwabisabi.com\/wp-content\/uploads\/2024\/06\/Studio-Kaeran-768x768.jpg 768w, https:\/\/www.maisonwabisabi.com\/wp-content\/uploads\/2024\/06\/Studio-Kaeran-600x600.jpg 600w, https:\/\/www.maisonwabisabi.com\/wp-content\/uploads\/2024\/06\/Studio-Kaeran-100x100.jpg 100w\" sizes=\"auto, (max-width: 1024px) 100vw, 1024px\" \/><\/figure>\n<\/figure>\n\n\n\n<p class=\"has-text-align-center has-black-color has-text-color\" style=\"font-size:15px\">Source des photos : Yann san de Maison Wabi-Sabi<\/p>\n\n\n\n<div style=\"height:50px\" aria-hidden=\"true\" class=\"wp-block-spacer\"><\/div>\n\n\n\n<h2 class=\"wp-block-heading has-text-align-center has-black-color has-text-color has-background\" style=\"background-color:#8d9a83;font-size:21px\"><strong><strong><strong>Pop-up Store avec EAST France &#8211; Juin 2024<\/strong><\/strong><\/strong><\/h2>\n\n\n\n<div style=\"height:20px\" aria-hidden=\"true\" class=\"wp-block-spacer\"><\/div>\n\n\n\n<p class=\"has-black-color has-text-color\" style=\"font-size:17px\"><strong>Dates : Vendredi 14 au Samedi 15 Juin 2024 de 11h \u00e0 20h<\/strong><\/p>\n\n\n\n<p class=\"has-black-color has-text-color\" style=\"font-size:17px\"><strong>Lieu : <a href=\"https:\/\/www.hotel-louvois-paris.com\/\"><mark style=\"background-color:rgba(0, 0, 0, 0);color:#8d9a83\" class=\"has-inline-color\">H\u00f4tel Square Louvois<\/mark><\/a> &#8211; 12 rue de Louvois &#8211; Paris 2\u00e8me<\/strong><\/p>\n\n\n\n<p class=\"has-black-color has-text-color has-link-color wp-elements-9b3009ac388b7824d752c30cc262e924\" style=\"font-size:17px\">Le premier Pop-Up Store de <a href=\"https:\/\/www.east-france.com\/\" target=\"_blank\" rel=\"noreferrer noopener\"><mark style=\"background-color:rgba(0, 0, 0, 0);color:#8d9a83\" class=\"has-inline-color\">EAST France<\/mark><\/a>, le th\u00e8me est l\u2019Outdoor. Tr\u00e8s en vogue au Japon, l\u2019Outdoor s\u2019est fait une place de choix dans le quotidien des japonais, en qu\u00eate d\u2019espace, de recherche de la nature, d\u2019air pur, de randonn\u00e9es, du camping et du glamping. EAST France a s\u00e9lectionn\u00e9 6 marques de qualit\u00e9, qui correspondent tout \u00e0 fait au quotidien des fran\u00e7ais, pour une utilisation en ext\u00e9rieur et aussi en int\u00e9rieur (sauf les bottes).<\/p>\n\n\n\n<p class=\"has-black-color has-text-color has-link-color wp-elements-25de5852d2b0cadc6da9666c67b95f2b\" style=\"font-size:17px\">AMABRO : Verrerie funky, HIRALI : Tenugui, \u00e9charpe et mouchoir en coton, POKEBOO : Bottes pliables et compactes, MAISON WABI-SABI : C\u00e9ramique d\u2019art du quotidien, KINJO : Verres en silicone, RYOUGA : Coutellerie artisanale.<\/p>\n\n\n\n<p class=\"has-black-color has-text-color has-link-color wp-elements-b438d7c5679de9b94a490ad992342e63\" style=\"font-size:17px\">En plus, il y a une d\u00e9gustation de Sake de la brasserie Ryusuisen Ichinoya, \u00e9tablie en 1865 dans la ville de Omachi, dans la pr\u00e9fecture de Nagano.<\/p>\n\n\n\n<figure class=\"wp-block-gallery has-nested-images columns-default is-cropped wp-block-gallery-6 is-layout-flex wp-block-gallery-is-layout-flex\">\n<figure class=\"wp-block-image size-full\"><a href=\"https:\/\/www.east-france.com\/louvois-juin-2024\/\" target=\"_blank\" rel=\"noreferrer noopener\"><img loading=\"lazy\" decoding=\"async\" width=\"1024\" height=\"1024\" data-id=\"28560\" src=\"https:\/\/www.maisonwabisabi.com\/wp-content\/uploads\/2024\/06\/Affiche-Pop-Up-Louvois.jpg\" alt=\"EAST France - Affiche Officielle\" class=\"wp-image-28560\" srcset=\"https:\/\/www.maisonwabisabi.com\/wp-content\/uploads\/2024\/06\/Affiche-Pop-Up-Louvois.jpg 1024w, https:\/\/www.maisonwabisabi.com\/wp-content\/uploads\/2024\/06\/Affiche-Pop-Up-Louvois-300x300.jpg 300w, https:\/\/www.maisonwabisabi.com\/wp-content\/uploads\/2024\/06\/Affiche-Pop-Up-Louvois-150x150.jpg 150w, https:\/\/www.maisonwabisabi.com\/wp-content\/uploads\/2024\/06\/Affiche-Pop-Up-Louvois-768x768.jpg 768w, https:\/\/www.maisonwabisabi.com\/wp-content\/uploads\/2024\/06\/Affiche-Pop-Up-Louvois-600x600.jpg 600w, https:\/\/www.maisonwabisabi.com\/wp-content\/uploads\/2024\/06\/Affiche-Pop-Up-Louvois-100x100.jpg 100w\" sizes=\"auto, (max-width: 1024px) 100vw, 1024px\" \/><\/a><\/figure>\n\n\n\n<figure class=\"wp-block-image size-large\"><img loading=\"lazy\" decoding=\"async\" width=\"1024\" height=\"1024\" data-id=\"28568\" src=\"https:\/\/www.maisonwabisabi.com\/wp-content\/uploads\/2024\/06\/Hotel-Square-Louvois.jpg\" alt=\"EAST France - H\u00f4tel Square Louvois\" class=\"wp-image-28568\" srcset=\"https:\/\/www.maisonwabisabi.com\/wp-content\/uploads\/2024\/06\/Hotel-Square-Louvois.jpg 1024w, https:\/\/www.maisonwabisabi.com\/wp-content\/uploads\/2024\/06\/Hotel-Square-Louvois-300x300.jpg 300w, https:\/\/www.maisonwabisabi.com\/wp-content\/uploads\/2024\/06\/Hotel-Square-Louvois-150x150.jpg 150w, https:\/\/www.maisonwabisabi.com\/wp-content\/uploads\/2024\/06\/Hotel-Square-Louvois-768x768.jpg 768w, https:\/\/www.maisonwabisabi.com\/wp-content\/uploads\/2024\/06\/Hotel-Square-Louvois-600x600.jpg 600w, https:\/\/www.maisonwabisabi.com\/wp-content\/uploads\/2024\/06\/Hotel-Square-Louvois-100x100.jpg 100w\" sizes=\"auto, (max-width: 1024px) 100vw, 1024px\" \/><\/figure>\n\n\n\n<figure class=\"wp-block-image size-large\"><a href=\"https:\/\/www.maisonwabisabi.com\/en\/boutique\/classiques-maison-wabi-sabi\/\" target=\"_blank\" rel=\"noreferrer noopener\"><img loading=\"lazy\" decoding=\"async\" width=\"1024\" height=\"1024\" data-id=\"28564\" src=\"https:\/\/www.maisonwabisabi.com\/wp-content\/uploads\/2024\/06\/SMO-Maison-Wabi-Sabi.jpg\" alt=\"EAST France - Marque Maison Wabi-Sabi\" class=\"wp-image-28564\" srcset=\"https:\/\/www.maisonwabisabi.com\/wp-content\/uploads\/2024\/06\/SMO-Maison-Wabi-Sabi.jpg 1024w, https:\/\/www.maisonwabisabi.com\/wp-content\/uploads\/2024\/06\/SMO-Maison-Wabi-Sabi-300x300.jpg 300w, https:\/\/www.maisonwabisabi.com\/wp-content\/uploads\/2024\/06\/SMO-Maison-Wabi-Sabi-150x150.jpg 150w, https:\/\/www.maisonwabisabi.com\/wp-content\/uploads\/2024\/06\/SMO-Maison-Wabi-Sabi-768x768.jpg 768w, https:\/\/www.maisonwabisabi.com\/wp-content\/uploads\/2024\/06\/SMO-Maison-Wabi-Sabi-600x600.jpg 600w, https:\/\/www.maisonwabisabi.com\/wp-content\/uploads\/2024\/06\/SMO-Maison-Wabi-Sabi-100x100.jpg 100w\" sizes=\"auto, (max-width: 1024px) 100vw, 1024px\" \/><\/a><\/figure>\n<\/figure>\n\n\n\n<p class=\"has-text-align-center has-black-color has-text-color\" style=\"font-size:15px\">Source des photos : Yann san de Maison Wabi-Sabi<\/p>\n\n\n\n<div style=\"height:50px\" aria-hidden=\"true\" class=\"wp-block-spacer\"><\/div>\n\n\n\n<h2 class=\"wp-block-heading has-text-align-center has-black-color has-text-color has-background\" style=\"background-color:#8d9a83;font-size:21px\"><strong><strong><strong>Major Craftsman of Ceramics N\u00b001 &#8211; Avril 2024<\/strong><\/strong><\/strong><\/h2>\n\n\n\n<div style=\"height:20px\" aria-hidden=\"true\" class=\"wp-block-spacer\"><\/div>\n\n\n\n<p class=\"has-black-color has-text-color\" style=\"font-size:17px\"><strong>Dates : Mercredi 17 au Mardi 23 Avril 2024 de 11h \u00e0 19h<\/strong><\/p>\n\n\n\n<p class=\"has-black-color has-text-color\" style=\"font-size:17px\"><strong>Lieu : <strong><strong><a href=\"https:\/\/3m2.fr\/\"><mark style=\"background-color:rgba(0, 0, 0, 0);color:#8d9a83\" class=\"has-inline-color\">Galerie 3m2<\/mark><\/a><\/strong> &#8211; Jardin du Palais Royal<\/strong> &#8211; 145 Galerie de Valois &#8211; Paris 1er<\/strong><\/p>\n\n\n\n<p class=\"has-black-color has-text-color\" style=\"font-size:17px\">Pour la 1\u00e8re Collection de Maison Wabi-Sabi : \u00ab\u00a0Major Craftsman of Ceramics\u00a0\u00bb (Grand Artisan de la C\u00e9ramique). Yann san vous pr\u00e9sente un artisan de la c\u00e9ramique qui sort des conventions traditionnelles japonaises. Pour cette collection particuli\u00e8re, <a href=\"https:\/\/www.maisonwabisabi.com\/en\/shogo-ikeda\/\" target=\"_blank\" rel=\"noreferrer noopener\"><mark style=\"background-color:rgba(0, 0, 0, 0);color:#8d9a83\" class=\"has-inline-color\">Sh\u014dgo IKEDA<\/mark><\/a> est son invit\u00e9. C&rsquo;est sa premi\u00e8re collection personnelle en France et en Europe. Yann san est fier qu&rsquo;il ait accept\u00e9 de faire partie de la famille d&rsquo;artistes de Maison Wabi-Sabi. Cela fait quelques temps qu&rsquo;il n&rsquo;a pas travaill\u00e9 avec un passionn\u00e9 de c\u00e9ramique japonaise comme lui.<\/p>\n\n\n\n<p class=\"has-black-color has-text-color\" style=\"font-size:17px\">IKEDA san travaille avec des \u00e9maux traditionnels : Oribe, Kohiki, Nanban-yakishime. Il bouscule les codes par son graphisme animalier, ajoutant la culture Manga, le Samoura\u00ef, le Daruma et plein d&rsquo;autres dessins li\u00e9s \u00e0 la Nature. L&rsquo;Ukiyo-e \u6d6e\u4e16\u7d75, le tigre et les bambous sont tr\u00e8s pr\u00e9sents, sans vraiment avoir de limite \u00e0 la cr\u00e9ation. C&rsquo;est un artiste japonais, connu mondialement et il est \u00e9galement professeur de Soft Ball sur la petite \u00eele de Tanegashima, dans la pr\u00e9fecture de Kagoshima, au sud de l&rsquo;\u00eele de Ky\u016bsh\u016b.<\/p>\n\n\n\n<p class=\"has-black-color has-text-color\" style=\"font-size:17px\">Maison Wabi-Sabi pr\u00e9sentera \u00e0 la Galerie :<\/p>\n\n\n\n<ul class=\"wp-block-list\">\n<li class=\"has-black-color has-text-color has-link-color wp-elements-f61bcd21b9a9bc796c88934d2b063607\" style=\"font-size:17px\">20 c\u00e9ramiques : 6 avec leurs bo\u00eetes Kiribako d\u00e9cor\u00e9es par IKEDA san et 14 sans bo\u00eetes Kiribako.<\/li>\n\n\n\n<li class=\"has-black-color has-text-color has-link-color wp-elements-250b289379cbe9c730aeb0da26b88ad2\" style=\"font-size:17px\">Le catalogue de l&rsquo;exposition \u00e9tait mis en vente \u00e0 la Galerie 3m2.<\/li>\n\n\n\n<li class=\"has-black-color has-text-color has-link-color wp-elements-2082a6c4f19f5310b4af41b05a92b1aa\" style=\"font-size:17px\">Le catalogue est offert avec chaque c\u00e9ramique de IKEDA san.<\/li>\n\n\n\n<li class=\"has-black-color has-text-color has-link-color wp-elements-e58d20681374f079770457f2b731183e\" style=\"font-size:17px\">Les c\u00e9ramiques restantes seront disponibles sur le site internet \u00e0 partir du Mercredi 24 Avril 2024.<\/li>\n\n\n\n<li class=\"has-black-color has-text-color has-link-color wp-elements-8a4578a7d830d1573efa54271e40c0db\" style=\"font-size:17px\">La Saisonographie est r\u00e9alis\u00e9e par <a href=\"https:\/\/www.instagram.com\/audrey.jaupitre\/\" target=\"_blank\" rel=\"noreferrer noopener\"><mark style=\"background-color:rgba(0, 0, 0, 0);color:#8d9a83\" class=\"has-inline-color\">Audrey JAUPITRE<\/mark><\/a>.<\/li>\n<\/ul>\n\n\n\n<p class=\"has-black-color has-text-color has-link-color wp-elements-c5863a7f5cc0465c1bc38117c06ca2df\" style=\"font-size:17px\">Mercredi 17 Avril, de 17h \u00e0 21h : Vernissage de l&rsquo;exposition\/vente. Accompagn\u00e9 de Cidre fermier et d&rsquo;Onigiri r\u00e9alis\u00e9s par <a href=\"https:\/\/www.instagram.com\/iwifood\/\" target=\"_blank\" rel=\"noreferrer noopener\"><mark style=\"background-color:rgba(0, 0, 0, 0);color:#8d9a83\" class=\"has-inline-color\">IWATAYA<\/mark><\/a>, projet culinaire de Aya IWATA de <a href=\"https:\/\/www.instagram.com\/craftslabparis\/\" target=\"_blank\" rel=\"noreferrer noopener\"><mark style=\"background-color:rgba(0, 0, 0, 0);color:#8d9a83\" class=\"has-inline-color\">CraftLab Paris<\/mark><\/a>.<\/p>\n\n\n\n<figure class=\"wp-block-gallery has-nested-images columns-default is-cropped wp-block-gallery-7 is-layout-flex wp-block-gallery-is-layout-flex\">\n<figure class=\"wp-block-image size-full\"><img loading=\"lazy\" decoding=\"async\" width=\"1024\" height=\"1024\" data-id=\"27112\" src=\"https:\/\/www.maisonwabisabi.com\/wp-content\/uploads\/2024\/04\/Major-Craftsman-of-Ceramics.jpg\" alt=\"Major Craftsman of Ceramics - Shogo IKEDA\" class=\"wp-image-27112\" srcset=\"https:\/\/www.maisonwabisabi.com\/wp-content\/uploads\/2024\/04\/Major-Craftsman-of-Ceramics.jpg 1024w, https:\/\/www.maisonwabisabi.com\/wp-content\/uploads\/2024\/04\/Major-Craftsman-of-Ceramics-300x300.jpg 300w, https:\/\/www.maisonwabisabi.com\/wp-content\/uploads\/2024\/04\/Major-Craftsman-of-Ceramics-150x150.jpg 150w, https:\/\/www.maisonwabisabi.com\/wp-content\/uploads\/2024\/04\/Major-Craftsman-of-Ceramics-768x768.jpg 768w, https:\/\/www.maisonwabisabi.com\/wp-content\/uploads\/2024\/04\/Major-Craftsman-of-Ceramics-600x600.jpg 600w, https:\/\/www.maisonwabisabi.com\/wp-content\/uploads\/2024\/04\/Major-Craftsman-of-Ceramics-100x100.jpg 100w\" sizes=\"auto, (max-width: 1024px) 100vw, 1024px\" \/><\/figure>\n\n\n\n<figure class=\"wp-block-image size-full\"><img loading=\"lazy\" decoding=\"async\" width=\"1024\" height=\"1024\" data-id=\"27113\" src=\"https:\/\/www.maisonwabisabi.com\/wp-content\/uploads\/2024\/04\/Major-Craftsman-of-Ceramics-Shogo-IKEDA-Portrait.jpg\" alt=\"Major Craftsman of Ceramics - Shogo IKEDA Portrait\" class=\"wp-image-27113\" srcset=\"https:\/\/www.maisonwabisabi.com\/wp-content\/uploads\/2024\/04\/Major-Craftsman-of-Ceramics-Shogo-IKEDA-Portrait.jpg 1024w, https:\/\/www.maisonwabisabi.com\/wp-content\/uploads\/2024\/04\/Major-Craftsman-of-Ceramics-Shogo-IKEDA-Portrait-300x300.jpg 300w, https:\/\/www.maisonwabisabi.com\/wp-content\/uploads\/2024\/04\/Major-Craftsman-of-Ceramics-Shogo-IKEDA-Portrait-150x150.jpg 150w, https:\/\/www.maisonwabisabi.com\/wp-content\/uploads\/2024\/04\/Major-Craftsman-of-Ceramics-Shogo-IKEDA-Portrait-768x768.jpg 768w, https:\/\/www.maisonwabisabi.com\/wp-content\/uploads\/2024\/04\/Major-Craftsman-of-Ceramics-Shogo-IKEDA-Portrait-600x600.jpg 600w, https:\/\/www.maisonwabisabi.com\/wp-content\/uploads\/2024\/04\/Major-Craftsman-of-Ceramics-Shogo-IKEDA-Portrait-100x100.jpg 100w\" sizes=\"auto, (max-width: 1024px) 100vw, 1024px\" \/><\/figure>\n\n\n\n<figure class=\"wp-block-image size-full\"><img loading=\"lazy\" decoding=\"async\" width=\"1024\" height=\"1024\" data-id=\"27111\" src=\"https:\/\/www.maisonwabisabi.com\/wp-content\/uploads\/2024\/04\/Galerie-3m2.jpg\" alt=\"Major Craftsman of Ceramics - Shogo IKEDA\" class=\"wp-image-27111\" srcset=\"https:\/\/www.maisonwabisabi.com\/wp-content\/uploads\/2024\/04\/Galerie-3m2.jpg 1024w, https:\/\/www.maisonwabisabi.com\/wp-content\/uploads\/2024\/04\/Galerie-3m2-300x300.jpg 300w, https:\/\/www.maisonwabisabi.com\/wp-content\/uploads\/2024\/04\/Galerie-3m2-150x150.jpg 150w, https:\/\/www.maisonwabisabi.com\/wp-content\/uploads\/2024\/04\/Galerie-3m2-768x768.jpg 768w, https:\/\/www.maisonwabisabi.com\/wp-content\/uploads\/2024\/04\/Galerie-3m2-600x600.jpg 600w, https:\/\/www.maisonwabisabi.com\/wp-content\/uploads\/2024\/04\/Galerie-3m2-100x100.jpg 100w\" sizes=\"auto, (max-width: 1024px) 100vw, 1024px\" \/><\/figure>\n<\/figure>\n\n\n\n<div data-wp-interactive=\"core\/file\" class=\"wp-block-file has-white-background-color has-background\"><object data-wp-bind--hidden=\"!state.hasPdfPreview\" hidden class=\"wp-block-file__embed\" data=\"https:\/\/www.maisonwabisabi.com\/wp-content\/uploads\/2024\/04\/Catalogue-Shogo-IKEDA.pdf\" type=\"application\/pdf\" style=\"width:100%;height:500px\" aria-label=\"Embed of &lt;strong&gt;Catalogue de l&amp;apos;exposition&lt;\/strong&gt;.\"><\/object><a target=\"_blank\" rel=\"noreferrer noopener\"><strong>Catalogue de l&rsquo;exposition<\/strong><\/a><a href=\"https:\/\/www.maisonwabisabi.com\/wp-content\/uploads\/2024\/04\/Catalogue-Shogo-IKEDA.pdf\" class=\"wp-block-file__button wp-element-button\" download><strong>T\u00e9l\u00e9charger<\/strong><\/a><\/div>\n\n\n\n<p class=\"has-text-align-center has-black-color has-text-color\" style=\"font-size:15px\">Source des photos : Yann san de Maison Wabi-Sabi et Sh\u014dgo IKEDA<\/p>\n\n\n\n<div style=\"height:50px\" aria-hidden=\"true\" class=\"wp-block-spacer\"><\/div>\n\n\n\n<h2 class=\"wp-block-heading has-text-align-center has-black-color has-text-color has-background\" style=\"background-color:#8d9a83;font-size:21px\"><strong><strong><strong>Collection HARU 2024 &#8211; Mars 2024<\/strong><\/strong><\/strong><\/h2>\n\n\n\n<div style=\"height:20px\" aria-hidden=\"true\" class=\"wp-block-spacer\"><\/div>\n\n\n\n<p class=\"has-black-color has-text-color\" style=\"font-size:17px\"><strong>Dates : Mardi 19 au Dimanche 24 Mars 2024 &#8211; De 12h \u00e0 19h<\/strong><\/p>\n\n\n\n<p class=\"has-black-color has-text-color\" style=\"font-size:17px\"><strong>Lieu :<strong> <strong><a href=\"https:\/\/goo.gl\/maps\/Y8cv7BiswYovsHmG9\" target=\"_blank\" rel=\"noreferrer noopener\"><mark style=\"background-color:rgba(0, 0, 0, 0);color:#8d9a83\" class=\"has-inline-color\">L<\/mark><\/a><a href=\"https:\/\/goo.gl\/maps\/Y8cv7BiswYovsHmG9\"><mark style=\"background-color:rgba(0, 0, 0, 0);color:#8d9a83\" class=\"has-inline-color\">a Galerie Guilhem<\/mark><\/a><\/strong><\/strong> &#8211; 8 rue du G\u00e9n\u00e9ral Guilhem &#8211; Paris 11\u00e8me<\/strong><\/p>\n\n\n\n<p class=\"has-black-color has-text-color\" style=\"font-size:17px\">Pour la 7\u00e8me Collection de Maison Wabi-Sabi : <mark style=\"background-color:rgba(0, 0, 0, 0)\" class=\"has-inline-color has-ast-global-color-6-color\">HARU 2024<\/mark>. L&rsquo;inspiration vient de l&rsquo;\u00e9closion de la nature. Les petites pousses d\u00e9licates qui apparaissent sur une branche de cerisier. Les feuilles des Momiji se d\u00e9veloppent tout doucement avec beaucoup de tendresse. Le chant de l&rsquo;Uguisu r\u00e9sonne dans la for\u00eat. Autant de moments discrets et paisibles, qui annonce une belle saison printani\u00e8re. On vous pr\u00e9sentera des nouveaux c\u00e9ramistes de France et de Patagonie et un nouveau c\u00e9ramiste du Japon.<\/p>\n\n\n\n<p class=\"has-black-color has-text-color has-link-color wp-elements-83b0b07c53c64422661570aebfa745c0\" style=\"font-size:17px\">Articles internet : <a href=\"https:\/\/francesushi.fr\/maison-wabi-sabi-collection-haru-2024\" target=\"_blank\" rel=\"noreferrer noopener\"><mark style=\"background-color:rgba(0, 0, 0, 0);color:#8d9a83\" class=\"has-inline-color\">France Sushi Magazine<\/mark><\/a> et <a href=\"https:\/\/www.lejapon.paris\/exposition\/collection-maison-wabi-sabi\" target=\"_blank\" rel=\"noreferrer noopener\"><mark style=\"background-color:rgba(0, 0, 0, 0);color:#8d9a83\" class=\"has-inline-color\">Le Japon \u00e0 Paris<\/mark><\/a><\/p>\n\n\n\n<p class=\"has-black-color has-text-color\" style=\"font-size:17px\">Maison Wabi-Sabi pr\u00e9sentera, en partenariat :<\/p>\n\n\n\n<ul class=\"wp-block-list\">\n<li class=\"has-black-color has-text-color has-link-color wp-elements-dd945e57fe93395b3a6499acb6570ccd\" style=\"font-size:17px\">Une exposition\/vente de 17 \u0153uvres calligraphiques reli\u00e9es sur du tissu de Kimono du Ma\u00eetre calligraphe <a href=\"https:\/\/www.instagram.com\/suisetsu.ota.calligraphie\/\" target=\"_blank\" rel=\"noreferrer noopener\"><mark style=\"background-color:rgba(0, 0, 0, 0);color:#8d9a83\" class=\"has-inline-color\">Suisetsu OTA<\/mark><\/a>, avec comme sujets principaux des ha\u00efkus et des po\u00e8mes cr\u00e9\u00e9s \u00e0 Ise-Shima, dans la pr\u00e9fecture de Mie.<\/li>\n\n\n\n<li class=\"has-black-color has-text-color has-link-color wp-elements-b4bc6af67dacf01ba475b0c19d0f5689\" style=\"font-size:17px\">Une exposition\/vente exclusive d&rsquo;artisanat de <a href=\"https:\/\/nibutani-ainu.com\/index.php\/2023\/12\/03\/letain-i-sapte\/\" target=\"_blank\" rel=\"noreferrer noopener\"><mark style=\"background-color:rgba(0, 0, 0, 0);color:#8d9a83\" class=\"has-inline-color\">l&rsquo;\u00e9tain : i-sapte<\/mark><\/a> du peuple Nibutani A\u00efnou, d&rsquo;Hokkaid\u014d. Une collaboration avec <a href=\"https:\/\/www.nousaku.co.jp\/en\/\" target=\"_blank\" rel=\"noreferrer noopener\"><mark style=\"background-color:rgba(0, 0, 0, 0);color:#8d9a83\" class=\"has-inline-color\">Nousaku<\/mark><\/a> s\u2019est d\u00e9velopp\u00e9e depuis la ville de Takaoka, dans la pr\u00e9fecture de Toyama. Une ville de fabrication de fonderies qui s\u2019est poursuivie pendant plus de 400 ans depuis la p\u00e9riode Edo, jusqu\u2019\u00e0 devenir un fabricant de classe mondiale.<\/li>\n\n\n\n<li class=\"has-black-color has-text-color has-link-color wp-elements-c92d45b1d7b884ffd971245667f13178\" style=\"font-size:17px\">Une vente de 10 lots de 20 cartes postales r\u00e9alis\u00e9es par 20 artistes japonais, pour soutenir les sinistr\u00e9s du tremblement de terre, de la p\u00e9ninsule de Noto, dans la pr\u00e9fecture d&rsquo;Ishikawa. Tous les b\u00e9n\u00e9fices de la vente des cartes seront revers\u00e9s aux r\u00e9gions touch\u00e9es par l&rsquo;interm\u00e9diaire d&rsquo;une organisation japonaise r\u00e9put\u00e9e.<\/li>\n<\/ul>\n\n\n\n<p class=\"has-black-color has-text-color has-link-color wp-elements-7ff13476e2bcf5cb1a69a43eb769052b\" style=\"font-size:17px\">Mardi 19 Mars, de 17h \u00e0 20h : Vernissage de l&rsquo;exposition\/vente en compagnie de Keiko HAGI, amie de Yann san qui vous parlera des calligraphies de Suisetsu OTA, et <a href=\"https:\/\/www.maisonwabisabi.com\/en\/anne-gesret\/\" target=\"_blank\" rel=\"noreferrer noopener\"><mark style=\"background-color:rgba(0, 0, 0, 0);color:#8d9a83\" class=\"has-inline-color\">Anne GESRET<\/mark><\/a>, c\u00e9ramiste de la Collection HARU 2024, venez la rencontrer pour d\u00e9couvrir son travail.<\/p>\n\n\n\n<figure class=\"wp-block-gallery has-nested-images columns-3 is-cropped wp-block-gallery-8 is-layout-flex wp-block-gallery-is-layout-flex\">\n<figure class=\"wp-block-image size-full\"><img loading=\"lazy\" decoding=\"async\" width=\"1024\" height=\"1024\" data-id=\"26827\" src=\"https:\/\/www.maisonwabisabi.com\/wp-content\/uploads\/2024\/03\/HARU-2024-Website.jpg\" alt=\"Collection HARU 2024 - Website\" class=\"wp-image-26827\" srcset=\"https:\/\/www.maisonwabisabi.com\/wp-content\/uploads\/2024\/03\/HARU-2024-Website.jpg 1024w, https:\/\/www.maisonwabisabi.com\/wp-content\/uploads\/2024\/03\/HARU-2024-Website-300x300.jpg 300w, https:\/\/www.maisonwabisabi.com\/wp-content\/uploads\/2024\/03\/HARU-2024-Website-150x150.jpg 150w, https:\/\/www.maisonwabisabi.com\/wp-content\/uploads\/2024\/03\/HARU-2024-Website-768x768.jpg 768w, https:\/\/www.maisonwabisabi.com\/wp-content\/uploads\/2024\/03\/HARU-2024-Website-600x600.jpg 600w, https:\/\/www.maisonwabisabi.com\/wp-content\/uploads\/2024\/03\/HARU-2024-Website-100x100.jpg 100w\" sizes=\"auto, (max-width: 1024px) 100vw, 1024px\" \/><\/figure>\n\n\n\n<figure class=\"wp-block-image size-full\"><img loading=\"lazy\" decoding=\"async\" width=\"1024\" height=\"1024\" data-id=\"26825\" src=\"https:\/\/www.maisonwabisabi.com\/wp-content\/uploads\/2024\/03\/Affiche-Officielle-Website.jpg\" alt=\"Collection HARU 2024 - Affiche officielle\" class=\"wp-image-26825\" srcset=\"https:\/\/www.maisonwabisabi.com\/wp-content\/uploads\/2024\/03\/Affiche-Officielle-Website.jpg 1024w, https:\/\/www.maisonwabisabi.com\/wp-content\/uploads\/2024\/03\/Affiche-Officielle-Website-300x300.jpg 300w, https:\/\/www.maisonwabisabi.com\/wp-content\/uploads\/2024\/03\/Affiche-Officielle-Website-150x150.jpg 150w, https:\/\/www.maisonwabisabi.com\/wp-content\/uploads\/2024\/03\/Affiche-Officielle-Website-768x768.jpg 768w, https:\/\/www.maisonwabisabi.com\/wp-content\/uploads\/2024\/03\/Affiche-Officielle-Website-600x600.jpg 600w, https:\/\/www.maisonwabisabi.com\/wp-content\/uploads\/2024\/03\/Affiche-Officielle-Website-100x100.jpg 100w\" sizes=\"auto, (max-width: 1024px) 100vw, 1024px\" \/><\/figure>\n\n\n\n<figure class=\"wp-block-image size-large\"><img loading=\"lazy\" decoding=\"async\" width=\"1024\" height=\"1024\" data-id=\"26830\" src=\"https:\/\/www.maisonwabisabi.com\/wp-content\/uploads\/2024\/03\/Suisetsu-OTA-Affiche.jpg\" alt=\"Collection HARU 2024 - Calligraphie Suisetsu OTA\" class=\"wp-image-26830\" srcset=\"https:\/\/www.maisonwabisabi.com\/wp-content\/uploads\/2024\/03\/Suisetsu-OTA-Affiche.jpg 1024w, https:\/\/www.maisonwabisabi.com\/wp-content\/uploads\/2024\/03\/Suisetsu-OTA-Affiche-300x300.jpg 300w, https:\/\/www.maisonwabisabi.com\/wp-content\/uploads\/2024\/03\/Suisetsu-OTA-Affiche-150x150.jpg 150w, https:\/\/www.maisonwabisabi.com\/wp-content\/uploads\/2024\/03\/Suisetsu-OTA-Affiche-768x768.jpg 768w, https:\/\/www.maisonwabisabi.com\/wp-content\/uploads\/2024\/03\/Suisetsu-OTA-Affiche-600x600.jpg 600w, https:\/\/www.maisonwabisabi.com\/wp-content\/uploads\/2024\/03\/Suisetsu-OTA-Affiche-100x100.jpg 100w\" sizes=\"auto, (max-width: 1024px) 100vw, 1024px\" \/><\/figure>\n<\/figure>\n\n\n\n<p class=\"has-text-align-center has-black-color has-text-color\" style=\"font-size:15px\">Source des photos : Yann san de Maison Wabi-Sabi<\/p>\n\n\n\n<div style=\"height:50px\" aria-hidden=\"true\" class=\"wp-block-spacer\"><\/div>\n\n\n\n<h2 class=\"wp-block-heading has-text-align-center has-black-color has-text-color has-background\" style=\"background-color:#8d9a83;font-size:21px\"><strong><strong><strong>Maison &amp; Objet 2024 &#8211; Janvier 2024<\/strong><\/strong><\/strong><\/h2>\n\n\n\n<div style=\"height:20px\" aria-hidden=\"true\" class=\"wp-block-spacer\"><\/div>\n\n\n\n<p class=\"has-black-color has-text-color\" style=\"font-size:17px\"><strong>Dates : Mercredi 17 au Lundi 22 Janvier 2024<\/strong><\/p>\n\n\n\n<p class=\"has-black-color has-text-color\" style=\"font-size:17px\"><strong>Lieu : <a href=\"https:\/\/www.maison-objet.com\/paris\" target=\"_blank\" rel=\"noreferrer noopener\"><mark style=\"background-color:rgba(0, 0, 0, 0);color:#8d9a83\" class=\"has-inline-color\">Maison &amp; Objet<\/mark><\/a> &#8211; Parc des expositions &#8211; Paris Nord Villepinte &#8211; 93420 Villepinte<\/strong><\/p>\n\n\n\n<p class=\"has-black-color has-text-color\" style=\"font-size:17px\">Habituellement en tant que visiteur ou acheteur. C&rsquo;\u00e9tait la 1\u00e8re fois que Yann san de Maison Wabi-Sabi travaillait \u00e0 Maison &amp; Objet en tant qu&rsquo;exposant.<\/p>\n\n\n\n<p class=\"has-black-color has-text-color\" style=\"font-size:17px\">Par le biais de EAST France, Yann san a travaill\u00e9 pour la soci\u00e9t\u00e9 japonaise <a href=\"https:\/\/www.fab-japan.co.jp\/en\" target=\"_blank\" rel=\"noreferrer noopener\"><mark style=\"background-color:rgba(0, 0, 0, 0);color:#8d9a83\" class=\"has-inline-color\">Fab Japan Co., Ltd.<\/mark><\/a> Une soci\u00e9t\u00e9 sp\u00e9cialis\u00e9e dans 2 domaines c&rsquo;est \u00e0 dire : OEM qui est l&rsquo;abr\u00e9viation de \u00ab Original Equipment Manufacturer \u00bb et signifie fabriquer pour le compte d&rsquo;un fabricant qui ne poss\u00e8de pas d&rsquo;usines. ODM qui est l&rsquo;abr\u00e9viation de \u00ab Original Design Manufacturing \u00bb. En plus du processus OEM de fabrication et de livraison des produits, cela fait r\u00e9f\u00e9rence \u00e0 un accompagnement total depuis les propositions de planification jusqu&rsquo;\u00e0 la fabrication, en utilisant le savoir-faire d&rsquo;un fabricant de pochettes professionnel. Ils fournissent une production OEM\/ODM aux entreprises sp\u00e9cialis\u00e9es dans les articles de mode et les accessoires tels que les pochettes et les sacs. De la planification et de la proposition du produit \u00e0 la fabrication et \u00e0 la livraison.<\/p>\n\n\n\n<p class=\"has-black-color has-text-color has-link-color wp-elements-d070579d71aa7db464527bad95bf9420\" style=\"font-size:17px\">La marque expos\u00e9e est <a href=\"https:\/\/www.instagram.com\/azabucha\/\" target=\"_blank\" rel=\"noreferrer noopener\"><mark style=\"background-color:rgba(0, 0, 0, 0);color:#8d9a83\" class=\"has-inline-color\">Azabucha<\/mark><\/a>, ce sont des pochettes au design japonais, cr\u00e9\u00e9es par 4 designers. Ces pochettes contiennent 5 sticks de Matcha ou 5 sachets de Sencha, un th\u00e9 fabriqu\u00e9 dans la pr\u00e9fecture de Shizuoka.<\/p>\n\n\n\n<div style=\"height:100px\" aria-hidden=\"true\" class=\"wp-block-spacer\"><\/div>","protected":false},"excerpt":{"rendered":"<p>Expositions \/ Ventes annuelles \u00ab\u00a0L&rsquo;ann\u00e9e 2024, Yann san de Maison Wabi-Sabi a particip\u00e9 \u00e0 Maison &amp; Objet avec EAST France. [&hellip;]<\/p>\n","protected":false},"author":1,"featured_media":0,"comment_status":"closed","ping_status":"closed","sticky":false,"template":"","format":"standard","meta":{"site-sidebar-layout":"default","site-content-layout":"","ast-site-content-layout":"default","site-content-style":"default","site-sidebar-style":"default","ast-global-header-display":"","ast-banner-title-visibility":"","ast-main-header-display":"","ast-hfb-above-header-display":"","ast-hfb-below-header-display":"","ast-hfb-mobile-header-display":"","site-post-title":"disabled","ast-breadcrumbs-content":"","ast-featured-img":"","footer-sml-layout":"","ast-disable-related-posts":"","theme-transparent-header-meta":"","adv-header-id-meta":"","stick-header-meta":"","header-above-stick-meta":"","header-main-stick-meta":"","header-below-stick-meta":"","astra-migrate-meta-layouts":"default","ast-page-background-enabled":"default","ast-page-background-meta":{"desktop":{"background-color":"var(--ast-global-color-5)","background-image":"","background-repeat":"repeat","background-position":"center center","background-size":"auto","background-attachment":"scroll","background-type":"","background-media":"","overlay-type":"","overlay-color":"","overlay-opacity":"","overlay-gradient":""},"tablet":{"background-color":"","background-image":"","background-repeat":"repeat","background-position":"center center","background-size":"auto","background-attachment":"scroll","background-type":"","background-media":"","overlay-type":"","overlay-color":"","overlay-opacity":"","overlay-gradient":""},"mobile":{"background-color":"","background-image":"","background-repeat":"repeat","background-position":"center center","background-size":"auto","background-attachment":"scroll","background-type":"","background-media":"","overlay-type":"","overlay-color":"","overlay-opacity":"","overlay-gradient":""}},"ast-content-background-meta":{"desktop":{"background-color":"var(--ast-global-color-4)","background-image":"","background-repeat":"repeat","background-position":"center center","background-size":"auto","background-attachment":"scroll","background-type":"","background-media":"","overlay-type":"","overlay-color":"","overlay-opacity":"","overlay-gradient":""},"tablet":{"background-color":"var(--ast-global-color-4)","background-image":"","background-repeat":"repeat","background-position":"center center","background-size":"auto","background-attachment":"scroll","background-type":"","background-media":"","overlay-type":"","overlay-color":"","overlay-opacity":"","overlay-gradient":""},"mobile":{"background-color":"var(--ast-global-color-4)","background-image":"","background-repeat":"repeat","background-position":"center center","background-size":"auto","background-attachment":"scroll","background-type":"","background-media":"","overlay-type":"","overlay-color":"","overlay-opacity":"","overlay-gradient":""}},"footnotes":""},"categories":[275],"tags":[],"class_list":["post-36978","post","type-post","status-publish","format-standard","hentry","category-evenements"],"yoast_head":"<!-- This site is optimized with the Yoast SEO plugin v27.5 - https:\/\/yoast.com\/product\/yoast-seo-wordpress\/ -->\n<title>\u00c9v\u00e8nements 2024 - Maison Wabi-Sabi - C\u00e9ramique d&#039;art du quotidien<\/title>\n<meta name=\"description\" content=\"\u00c9v\u00e8nements 2024. \u00c9v\u00e8nements autour de l&#039;artisanat et du Japon. Expo\/ventes. Collections saisonni\u00e8res. Partenariats. C\u00e9ramique Japonaise.\" \/>\n<meta name=\"robots\" content=\"index, follow, max-snippet:-1, max-image-preview:large, max-video-preview:-1\" \/>\n<link rel=\"canonical\" href=\"https:\/\/www.maisonwabisabi.com\/en\/evenements-2024\/\" \/>\n<meta property=\"og:locale\" content=\"en_GB\" \/>\n<meta property=\"og:type\" content=\"article\" \/>\n<meta property=\"og:title\" content=\"\u00c9v\u00e8nements 2024 - Maison Wabi-Sabi - C\u00e9ramique d&#039;art du quotidien\" \/>\n<meta property=\"og:description\" content=\"\u00c9v\u00e8nements 2024. \u00c9v\u00e8nements autour de l&#039;artisanat et du Japon. Expo\/ventes. Collections saisonni\u00e8res. Partenariats. C\u00e9ramique Japonaise.\" \/>\n<meta property=\"og:url\" content=\"https:\/\/www.maisonwabisabi.com\/en\/evenements-2024\/\" \/>\n<meta property=\"og:site_name\" content=\"Maison Wabi-Sabi\" \/>\n<meta property=\"article:publisher\" content=\"https:\/\/www.facebook.com\/MaisonWabiSabi\" \/>\n<meta property=\"article:author\" content=\"https:\/\/www.facebook.com\/MaisonWabiSabi\" \/>\n<meta property=\"article:published_time\" content=\"2025-09-13T10:27:41+00:00\" \/>\n<meta property=\"article:modified_time\" content=\"2026-01-26T21:07:33+00:00\" \/>\n<meta property=\"og:image\" content=\"https:\/\/www.maisonwabisabi.com\/wp-content\/uploads\/2025\/09\/Evenements-2024.jpg\" \/>\n\t<meta property=\"og:image:width\" content=\"1024\" \/>\n\t<meta property=\"og:image:height\" content=\"1024\" \/>\n\t<meta property=\"og:image:type\" content=\"image\/jpeg\" \/>\n<meta name=\"author\" content=\"Yann san\" \/>\n<meta name=\"twitter:card\" content=\"summary_large_image\" \/>\n<meta name=\"twitter:label1\" content=\"Written by\" \/>\n\t<meta name=\"twitter:data1\" content=\"Yann san\" \/>\n\t<meta name=\"twitter:label2\" content=\"Estimated reading time\" \/>\n\t<meta name=\"twitter:data2\" content=\"16 minutes\" \/>\n<script type=\"application\/ld+json\" class=\"yoast-schema-graph\">{\"@context\":\"https:\\\/\\\/schema.org\",\"@graph\":[{\"@type\":\"Article\",\"@id\":\"https:\\\/\\\/www.maisonwabisabi.com\\\/evenements-2024\\\/#article\",\"isPartOf\":{\"@id\":\"https:\\\/\\\/www.maisonwabisabi.com\\\/evenements-2024\\\/\"},\"author\":{\"name\":\"Yann san\",\"@id\":\"https:\\\/\\\/www.maisonwabisabi.com\\\/#\\\/schema\\\/person\\\/b2458bb9fa2737d1a11eabc63d3aabc9\"},\"headline\":\"\u00c9v\u00e8nements 2024\",\"datePublished\":\"2025-09-13T10:27:41+00:00\",\"dateModified\":\"2026-01-26T21:07:33+00:00\",\"mainEntityOfPage\":{\"@id\":\"https:\\\/\\\/www.maisonwabisabi.com\\\/evenements-2024\\\/\"},\"wordCount\":2323,\"publisher\":{\"@id\":\"https:\\\/\\\/www.maisonwabisabi.com\\\/#organization\"},\"image\":{\"@id\":\"https:\\\/\\\/www.maisonwabisabi.com\\\/evenements-2024\\\/#primaryimage\"},\"thumbnailUrl\":\"https:\\\/\\\/www.maisonwabisabi.com\\\/wp-content\\\/uploads\\\/2025\\\/09\\\/Evenements-2024.jpg\",\"articleSection\":[\"\u00c9v\u00e8nements\"],\"inLanguage\":\"en-GB\"},{\"@type\":\"WebPage\",\"@id\":\"https:\\\/\\\/www.maisonwabisabi.com\\\/evenements-2024\\\/\",\"url\":\"https:\\\/\\\/www.maisonwabisabi.com\\\/evenements-2024\\\/\",\"name\":\"\u00c9v\u00e8nements 2024 - Maison Wabi-Sabi - C\u00e9ramique d'art du quotidien\",\"isPartOf\":{\"@id\":\"https:\\\/\\\/www.maisonwabisabi.com\\\/#website\"},\"primaryImageOfPage\":{\"@id\":\"https:\\\/\\\/www.maisonwabisabi.com\\\/evenements-2024\\\/#primaryimage\"},\"image\":{\"@id\":\"https:\\\/\\\/www.maisonwabisabi.com\\\/evenements-2024\\\/#primaryimage\"},\"thumbnailUrl\":\"https:\\\/\\\/www.maisonwabisabi.com\\\/wp-content\\\/uploads\\\/2025\\\/09\\\/Evenements-2024.jpg\",\"datePublished\":\"2025-09-13T10:27:41+00:00\",\"dateModified\":\"2026-01-26T21:07:33+00:00\",\"description\":\"\u00c9v\u00e8nements 2024. \u00c9v\u00e8nements autour de l'artisanat et du Japon. Expo\\\/ventes. Collections saisonni\u00e8res. Partenariats. C\u00e9ramique Japonaise.\",\"breadcrumb\":{\"@id\":\"https:\\\/\\\/www.maisonwabisabi.com\\\/evenements-2024\\\/#breadcrumb\"},\"inLanguage\":\"en-GB\",\"potentialAction\":[{\"@type\":\"ReadAction\",\"target\":[\"https:\\\/\\\/www.maisonwabisabi.com\\\/evenements-2024\\\/\"]}]},{\"@type\":\"ImageObject\",\"inLanguage\":\"en-GB\",\"@id\":\"https:\\\/\\\/www.maisonwabisabi.com\\\/evenements-2024\\\/#primaryimage\",\"url\":\"https:\\\/\\\/www.maisonwabisabi.com\\\/wp-content\\\/uploads\\\/2025\\\/09\\\/Evenements-2024.jpg\",\"contentUrl\":\"https:\\\/\\\/www.maisonwabisabi.com\\\/wp-content\\\/uploads\\\/2025\\\/09\\\/Evenements-2024.jpg\"},{\"@type\":\"BreadcrumbList\",\"@id\":\"https:\\\/\\\/www.maisonwabisabi.com\\\/evenements-2024\\\/#breadcrumb\",\"itemListElement\":[{\"@type\":\"ListItem\",\"position\":1,\"name\":\"Bienvenue\",\"item\":\"https:\\\/\\\/www.maisonwabisabi.com\\\/\"},{\"@type\":\"ListItem\",\"position\":2,\"name\":\"\u00c9v\u00e8nements 2024\"}]},{\"@type\":\"WebSite\",\"@id\":\"https:\\\/\\\/www.maisonwabisabi.com\\\/#website\",\"url\":\"https:\\\/\\\/www.maisonwabisabi.com\\\/\",\"name\":\"Maison Wabi-Sabi\",\"description\":\"\",\"publisher\":{\"@id\":\"https:\\\/\\\/www.maisonwabisabi.com\\\/#organization\"},\"potentialAction\":[{\"@type\":\"SearchAction\",\"target\":{\"@type\":\"EntryPoint\",\"urlTemplate\":\"https:\\\/\\\/www.maisonwabisabi.com\\\/?s={search_term_string}\"},\"query-input\":{\"@type\":\"PropertyValueSpecification\",\"valueRequired\":true,\"valueName\":\"search_term_string\"}}],\"inLanguage\":\"en-GB\"},{\"@type\":\"Organization\",\"@id\":\"https:\\\/\\\/www.maisonwabisabi.com\\\/#organization\",\"name\":\"Maison Wabi-Sabi\",\"url\":\"https:\\\/\\\/www.maisonwabisabi.com\\\/\",\"logo\":{\"@type\":\"ImageObject\",\"inLanguage\":\"en-GB\",\"@id\":\"https:\\\/\\\/www.maisonwabisabi.com\\\/#\\\/schema\\\/logo\\\/image\\\/\",\"url\":\"https:\\\/\\\/www.maisonwabisabi.com\\\/wp-content\\\/uploads\\\/2021\\\/11\\\/Logo-de-maison-Wabi-Sabi.jpg\",\"contentUrl\":\"https:\\\/\\\/www.maisonwabisabi.com\\\/wp-content\\\/uploads\\\/2021\\\/11\\\/Logo-de-maison-Wabi-Sabi.jpg\",\"width\":1024,\"height\":1024,\"caption\":\"Maison Wabi-Sabi\"},\"image\":{\"@id\":\"https:\\\/\\\/www.maisonwabisabi.com\\\/#\\\/schema\\\/logo\\\/image\\\/\"},\"sameAs\":[\"https:\\\/\\\/www.facebook.com\\\/MaisonWabiSabi\",\"https:\\\/\\\/www.instagram.com\\\/maison.wabi.sabi\\\/?hl=fr\",\"https:\\\/\\\/www.linkedin.com\\\/company\\\/69088467\"]},{\"@type\":\"Person\",\"@id\":\"https:\\\/\\\/www.maisonwabisabi.com\\\/#\\\/schema\\\/person\\\/b2458bb9fa2737d1a11eabc63d3aabc9\",\"name\":\"Yann san\",\"sameAs\":[\"https:\\\/\\\/www.maisonwabisabi.com\",\"https:\\\/\\\/www.facebook.com\\\/MaisonWabiSabi\",\"https:\\\/\\\/www.instagram.com\\\/maison.wabi.sabi\\\/\"],\"url\":\"https:\\\/\\\/www.maisonwabisabi.com\\\/en\\\/author\\\/4729952\\\/\"}]}<\/script>\n<!-- \/ Yoast SEO plugin. -->","yoast_head_json":{"title":"\u00c9v\u00e8nements 2024 - Maison Wabi-Sabi - C\u00e9ramique d'art du quotidien","description":"\u00c9v\u00e8nements 2024. \u00c9v\u00e8nements autour de l'artisanat et du Japon. Expo\/ventes. Collections saisonni\u00e8res. Partenariats. C\u00e9ramique Japonaise.","robots":{"index":"index","follow":"follow","max-snippet":"max-snippet:-1","max-image-preview":"max-image-preview:large","max-video-preview":"max-video-preview:-1"},"canonical":"https:\/\/www.maisonwabisabi.com\/en\/evenements-2024\/","og_locale":"en_GB","og_type":"article","og_title":"\u00c9v\u00e8nements 2024 - Maison Wabi-Sabi - C\u00e9ramique d'art du quotidien","og_description":"\u00c9v\u00e8nements 2024. \u00c9v\u00e8nements autour de l'artisanat et du Japon. Expo\/ventes. Collections saisonni\u00e8res. Partenariats. C\u00e9ramique Japonaise.","og_url":"https:\/\/www.maisonwabisabi.com\/en\/evenements-2024\/","og_site_name":"Maison Wabi-Sabi","article_publisher":"https:\/\/www.facebook.com\/MaisonWabiSabi","article_author":"https:\/\/www.facebook.com\/MaisonWabiSabi","article_published_time":"2025-09-13T10:27:41+00:00","article_modified_time":"2026-01-26T21:07:33+00:00","og_image":[{"width":1024,"height":1024,"url":"https:\/\/www.maisonwabisabi.com\/wp-content\/uploads\/2025\/09\/Evenements-2024.jpg","type":"image\/jpeg"}],"author":"Yann san","twitter_card":"summary_large_image","twitter_misc":{"Written by":"Yann san","Estimated reading time":"16 minutes"},"schema":{"@context":"https:\/\/schema.org","@graph":[{"@type":"Article","@id":"https:\/\/www.maisonwabisabi.com\/evenements-2024\/#article","isPartOf":{"@id":"https:\/\/www.maisonwabisabi.com\/evenements-2024\/"},"author":{"name":"Yann san","@id":"https:\/\/www.maisonwabisabi.com\/#\/schema\/person\/b2458bb9fa2737d1a11eabc63d3aabc9"},"headline":"\u00c9v\u00e8nements 2024","datePublished":"2025-09-13T10:27:41+00:00","dateModified":"2026-01-26T21:07:33+00:00","mainEntityOfPage":{"@id":"https:\/\/www.maisonwabisabi.com\/evenements-2024\/"},"wordCount":2323,"publisher":{"@id":"https:\/\/www.maisonwabisabi.com\/#organization"},"image":{"@id":"https:\/\/www.maisonwabisabi.com\/evenements-2024\/#primaryimage"},"thumbnailUrl":"https:\/\/www.maisonwabisabi.com\/wp-content\/uploads\/2025\/09\/Evenements-2024.jpg","articleSection":["\u00c9v\u00e8nements"],"inLanguage":"en-GB"},{"@type":"WebPage","@id":"https:\/\/www.maisonwabisabi.com\/evenements-2024\/","url":"https:\/\/www.maisonwabisabi.com\/evenements-2024\/","name":"\u00c9v\u00e8nements 2024 - Maison Wabi-Sabi - C\u00e9ramique d'art du quotidien","isPartOf":{"@id":"https:\/\/www.maisonwabisabi.com\/#website"},"primaryImageOfPage":{"@id":"https:\/\/www.maisonwabisabi.com\/evenements-2024\/#primaryimage"},"image":{"@id":"https:\/\/www.maisonwabisabi.com\/evenements-2024\/#primaryimage"},"thumbnailUrl":"https:\/\/www.maisonwabisabi.com\/wp-content\/uploads\/2025\/09\/Evenements-2024.jpg","datePublished":"2025-09-13T10:27:41+00:00","dateModified":"2026-01-26T21:07:33+00:00","description":"\u00c9v\u00e8nements 2024. \u00c9v\u00e8nements autour de l'artisanat et du Japon. Expo\/ventes. Collections saisonni\u00e8res. Partenariats. C\u00e9ramique Japonaise.","breadcrumb":{"@id":"https:\/\/www.maisonwabisabi.com\/evenements-2024\/#breadcrumb"},"inLanguage":"en-GB","potentialAction":[{"@type":"ReadAction","target":["https:\/\/www.maisonwabisabi.com\/evenements-2024\/"]}]},{"@type":"ImageObject","inLanguage":"en-GB","@id":"https:\/\/www.maisonwabisabi.com\/evenements-2024\/#primaryimage","url":"https:\/\/www.maisonwabisabi.com\/wp-content\/uploads\/2025\/09\/Evenements-2024.jpg","contentUrl":"https:\/\/www.maisonwabisabi.com\/wp-content\/uploads\/2025\/09\/Evenements-2024.jpg"},{"@type":"BreadcrumbList","@id":"https:\/\/www.maisonwabisabi.com\/evenements-2024\/#breadcrumb","itemListElement":[{"@type":"ListItem","position":1,"name":"Bienvenue","item":"https:\/\/www.maisonwabisabi.com\/"},{"@type":"ListItem","position":2,"name":"\u00c9v\u00e8nements 2024"}]},{"@type":"WebSite","@id":"https:\/\/www.maisonwabisabi.com\/#website","url":"https:\/\/www.maisonwabisabi.com\/","name":"Maison Wabi-Sabi","description":"","publisher":{"@id":"https:\/\/www.maisonwabisabi.com\/#organization"},"potentialAction":[{"@type":"SearchAction","target":{"@type":"EntryPoint","urlTemplate":"https:\/\/www.maisonwabisabi.com\/?s={search_term_string}"},"query-input":{"@type":"PropertyValueSpecification","valueRequired":true,"valueName":"search_term_string"}}],"inLanguage":"en-GB"},{"@type":"Organization","@id":"https:\/\/www.maisonwabisabi.com\/#organization","name":"Maison Wabi-Sabi","url":"https:\/\/www.maisonwabisabi.com\/","logo":{"@type":"ImageObject","inLanguage":"en-GB","@id":"https:\/\/www.maisonwabisabi.com\/#\/schema\/logo\/image\/","url":"https:\/\/www.maisonwabisabi.com\/wp-content\/uploads\/2021\/11\/Logo-de-maison-Wabi-Sabi.jpg","contentUrl":"https:\/\/www.maisonwabisabi.com\/wp-content\/uploads\/2021\/11\/Logo-de-maison-Wabi-Sabi.jpg","width":1024,"height":1024,"caption":"Maison Wabi-Sabi"},"image":{"@id":"https:\/\/www.maisonwabisabi.com\/#\/schema\/logo\/image\/"},"sameAs":["https:\/\/www.facebook.com\/MaisonWabiSabi","https:\/\/www.instagram.com\/maison.wabi.sabi\/?hl=fr","https:\/\/www.linkedin.com\/company\/69088467"]},{"@type":"Person","@id":"https:\/\/www.maisonwabisabi.com\/#\/schema\/person\/b2458bb9fa2737d1a11eabc63d3aabc9","name":"Yann san","sameAs":["https:\/\/www.maisonwabisabi.com","https:\/\/www.facebook.com\/MaisonWabiSabi","https:\/\/www.instagram.com\/maison.wabi.sabi\/"],"url":"https:\/\/www.maisonwabisabi.com\/en\/author\/4729952\/"}]}},"_links":{"self":[{"href":"https:\/\/www.maisonwabisabi.com\/en\/wp-json\/wp\/v2\/posts\/36978","targetHints":{"allow":["GET"]}}],"collection":[{"href":"https:\/\/www.maisonwabisabi.com\/en\/wp-json\/wp\/v2\/posts"}],"about":[{"href":"https:\/\/www.maisonwabisabi.com\/en\/wp-json\/wp\/v2\/types\/post"}],"author":[{"embeddable":true,"href":"https:\/\/www.maisonwabisabi.com\/en\/wp-json\/wp\/v2\/users\/1"}],"replies":[{"embeddable":true,"href":"https:\/\/www.maisonwabisabi.com\/en\/wp-json\/wp\/v2\/comments?post=36978"}],"version-history":[{"count":2,"href":"https:\/\/www.maisonwabisabi.com\/en\/wp-json\/wp\/v2\/posts\/36978\/revisions"}],"predecessor-version":[{"id":38905,"href":"https:\/\/www.maisonwabisabi.com\/en\/wp-json\/wp\/v2\/posts\/36978\/revisions\/38905"}],"wp:attachment":[{"href":"https:\/\/www.maisonwabisabi.com\/en\/wp-json\/wp\/v2\/media?parent=36978"}],"wp:term":[{"taxonomy":"category","embeddable":true,"href":"https:\/\/www.maisonwabisabi.com\/en\/wp-json\/wp\/v2\/categories?post=36978"},{"taxonomy":"post_tag","embeddable":true,"href":"https:\/\/www.maisonwabisabi.com\/en\/wp-json\/wp\/v2\/tags?post=36978"}],"curies":[{"name":"wp","href":"https:\/\/api.w.org\/{rel}","templated":true}]}}