{"id":36924,"date":"2025-09-12T22:03:24","date_gmt":"2025-09-12T20:03:24","guid":{"rendered":"https:\/\/www.maisonwabisabi.com\/?p=36924"},"modified":"2025-09-12T23:46:44","modified_gmt":"2025-09-12T21:46:44","slug":"kyohei-nakagawa","status":"publish","type":"post","link":"https:\/\/www.maisonwabisabi.com\/en\/kyohei-nakagawa\/","title":{"rendered":"Rencontre avec Ky\u014dhei NAKAGAWA \u4e2d\u5ddd\u606d\u5e73 C\u00e9ramiste japonais \u00e0 Karatsu"},"content":{"rendered":"<div style=\"height:20px\" aria-hidden=\"true\" class=\"wp-block-spacer\"><\/div>\n\n\n\n<div class=\"wp-block-media-text is-stacked-on-mobile\"><figure class=\"wp-block-media-text__media\"><img loading=\"lazy\" decoding=\"async\" width=\"1024\" height=\"1024\" src=\"https:\/\/www.maisonwabisabi.com\/wp-content\/uploads\/2025\/09\/Kyohei-NAKAGAWA-Portrait.jpg\" alt=\"Kyohei NAKAGAWA - Portrait\" class=\"wp-image-36930 size-full\" srcset=\"https:\/\/www.maisonwabisabi.com\/wp-content\/uploads\/2025\/09\/Kyohei-NAKAGAWA-Portrait.jpg 1024w, https:\/\/www.maisonwabisabi.com\/wp-content\/uploads\/2025\/09\/Kyohei-NAKAGAWA-Portrait-300x300.jpg 300w, https:\/\/www.maisonwabisabi.com\/wp-content\/uploads\/2025\/09\/Kyohei-NAKAGAWA-Portrait-150x150.jpg 150w, https:\/\/www.maisonwabisabi.com\/wp-content\/uploads\/2025\/09\/Kyohei-NAKAGAWA-Portrait-768x768.jpg 768w, https:\/\/www.maisonwabisabi.com\/wp-content\/uploads\/2025\/09\/Kyohei-NAKAGAWA-Portrait-12x12.jpg 12w, https:\/\/www.maisonwabisabi.com\/wp-content\/uploads\/2025\/09\/Kyohei-NAKAGAWA-Portrait-600x600.jpg 600w, https:\/\/www.maisonwabisabi.com\/wp-content\/uploads\/2025\/09\/Kyohei-NAKAGAWA-Portrait-100x100.jpg 100w\" sizes=\"auto, (max-width: 1024px) 100vw, 1024px\" \/><\/figure><div class=\"wp-block-media-text__content\">\n<p><\/p>\n\n\n\n<h2 class=\"wp-block-heading has-black-color has-text-color\" style=\"font-size:21px\"><strong><mark style=\"background-color:rgba(0, 0, 0, 0);color:#7d4e2d\" class=\"has-inline-color\">Ky\u014dhei NAKAGAWA et<\/mark> <a href=\"https:\/\/www.maisonwabisabi.com\/en\/product-category\/ceramistes-du-japon\/ceramiste-kyohei-nakagawa\/\" target=\"_blank\" rel=\"noreferrer noopener\">ses cr\u00e9ations<\/a><\/strong><\/h2>\n\n\n\n<p class=\"has-black-color has-text-color\" style=\"font-size:17px\">(1983-)<\/p>\n\n\n\n<p class=\"has-black-color has-text-color\" style=\"font-size:17px\">N\u00e9 \u00e0 Genkai, dans la pr\u00e9fecture de Saga, il appartient \u00e0 une lign\u00e9e profond\u00e9ment enracin\u00e9e dans l\u2019histoire du Karatsu-yaki. Son p\u00e8re, Jinenb\u014d NAKAGAWA \u81ea\u7136\u574a, est une figure respect\u00e9e de cette tradition et a b\u00e2ti la r\u00e9putation du four familial. C\u2019est dans cet environnement qu&rsquo;il d\u00e9couvre la c\u00e9ramique, entre odeur de terre humide et rythme du feu.<\/p>\n\n\n\n<p class=\"has-black-color has-text-color\" style=\"font-size:17px\">En 2009, il s\u2019engage officiellement comme apprenti aupr\u00e8s de son p\u00e8re. Cet apprentissage ne se limite pas \u00e0 la technique : il implique l\u2019observation attentive du rapport entre argile, eau, air et feu. Chaque geste r\u00e9p\u00e9t\u00e9 au tour de potier est aussi une le\u00e7on d\u2019humilit\u00e9 face \u00e0 la mati\u00e8re. La transmission de savoir se m\u00eale \u00e0 une exigence de sinc\u00e9rit\u00e9 : comprendre la tradition ne suffit pas, il faut l\u2019incarner. Ce passage par l\u2019atelier paternel devient ainsi le socle d\u2019une d\u00e9marche qui cherchera toujours \u00e0 concilier fid\u00e9lit\u00e9 et singularit\u00e9.<\/p>\n<\/div><\/div>\n\n\n\n<div class=\"wp-block-media-text has-media-on-the-right is-stacked-on-mobile\"><div class=\"wp-block-media-text__content\">\n<p class=\"has-black-color has-text-color has-link-color wp-elements-4022e0bb845d7cc22e1475740bdab338\" style=\"font-size:17px\"><\/p>\n\n\n\n<p class=\"has-black-color has-text-color has-link-color wp-elements-3f3bbcab92f1bcfbaacbd9b2fd8b5981\" style=\"font-size:17px\">En 2012, Ky\u014dhei reprend le four Jinenb\u014d-gama et signe d\u00e9sormais ses \u0153uvres sous son nom. Cette transition marque une \u00e9tape d\u00e9cisive : il h\u00e9rite d\u2019un patrimoine technique et symbolique, mais se doit de tracer une voie personnelle.<\/p>\n\n\n\n<p class=\"has-black-color has-text-color has-link-color wp-elements-5a38824503c4db3a84c0805958c4b5b4\" style=\"font-size:17px\">Ses premi\u00e8res productions r\u00e9v\u00e8lent une recherche d\u2019\u00e9quilibre entre l\u2019\u00e9nergie du feu et l\u2019usage quotidien. Ses bols, tasses et assiettes, bien que fortement marqu\u00e9s par la cuisson, restent pens\u00e9s pour la main, pour le repas, pour le contact direct avec l\u2019utilisateur. Rapidement, on note chez lui une volont\u00e9 d\u2019explorer des formes moins attendues dans le Karatsu. Comme les pi\u00e8ces carr\u00e9es, qui contrastent avec la tradition des courbes organiques.<\/p>\n\n\n\n<p class=\"has-black-color has-text-color has-link-color wp-elements-1498dd7e56fcb9ca13d52394c763b33f\" style=\"font-size:17px\">Cette audace formelle souligne son d\u00e9sir de ne pas reproduire un h\u00e9ritage fig\u00e9, mais de le faire \u00e9voluer. Tout en \u00e9tant conscient de la responsabilit\u00e9 de porter un nom respect\u00e9, il choisit de donner \u00e0 ses pi\u00e8ces une identit\u00e9 propre, parfois rude, toujours vivante.<\/p>\n<\/div><figure class=\"wp-block-media-text__media\"><img loading=\"lazy\" decoding=\"async\" width=\"1024\" height=\"1024\" src=\"https:\/\/www.maisonwabisabi.com\/wp-content\/uploads\/2025\/09\/Kyohei-NAKAGAWA-Sencha.jpg\" alt=\"Kyohei NAKAGAWA - Sencha\" class=\"wp-image-36931 size-full\" srcset=\"https:\/\/www.maisonwabisabi.com\/wp-content\/uploads\/2025\/09\/Kyohei-NAKAGAWA-Sencha.jpg 1024w, https:\/\/www.maisonwabisabi.com\/wp-content\/uploads\/2025\/09\/Kyohei-NAKAGAWA-Sencha-300x300.jpg 300w, https:\/\/www.maisonwabisabi.com\/wp-content\/uploads\/2025\/09\/Kyohei-NAKAGAWA-Sencha-150x150.jpg 150w, https:\/\/www.maisonwabisabi.com\/wp-content\/uploads\/2025\/09\/Kyohei-NAKAGAWA-Sencha-768x768.jpg 768w, https:\/\/www.maisonwabisabi.com\/wp-content\/uploads\/2025\/09\/Kyohei-NAKAGAWA-Sencha-12x12.jpg 12w, https:\/\/www.maisonwabisabi.com\/wp-content\/uploads\/2025\/09\/Kyohei-NAKAGAWA-Sencha-600x600.jpg 600w, https:\/\/www.maisonwabisabi.com\/wp-content\/uploads\/2025\/09\/Kyohei-NAKAGAWA-Sencha-100x100.jpg 100w\" sizes=\"auto, (max-width: 1024px) 100vw, 1024px\" \/><\/figure><\/div>\n\n\n\n<div class=\"wp-block-media-text is-stacked-on-mobile\"><figure class=\"wp-block-media-text__media\"><img loading=\"lazy\" decoding=\"async\" width=\"1024\" height=\"1024\" src=\"https:\/\/www.maisonwabisabi.com\/wp-content\/uploads\/2025\/09\/Kyohei-NAKAGAWA-Atelier.jpg\" alt=\"Kyohei NAKAGAWA - Atelier\" class=\"wp-image-36926 size-full\" srcset=\"https:\/\/www.maisonwabisabi.com\/wp-content\/uploads\/2025\/09\/Kyohei-NAKAGAWA-Atelier.jpg 1024w, https:\/\/www.maisonwabisabi.com\/wp-content\/uploads\/2025\/09\/Kyohei-NAKAGAWA-Atelier-300x300.jpg 300w, https:\/\/www.maisonwabisabi.com\/wp-content\/uploads\/2025\/09\/Kyohei-NAKAGAWA-Atelier-150x150.jpg 150w, https:\/\/www.maisonwabisabi.com\/wp-content\/uploads\/2025\/09\/Kyohei-NAKAGAWA-Atelier-768x768.jpg 768w, https:\/\/www.maisonwabisabi.com\/wp-content\/uploads\/2025\/09\/Kyohei-NAKAGAWA-Atelier-12x12.jpg 12w, https:\/\/www.maisonwabisabi.com\/wp-content\/uploads\/2025\/09\/Kyohei-NAKAGAWA-Atelier-600x600.jpg 600w, https:\/\/www.maisonwabisabi.com\/wp-content\/uploads\/2025\/09\/Kyohei-NAKAGAWA-Atelier-100x100.jpg 100w\" sizes=\"auto, (max-width: 1024px) 100vw, 1024px\" \/><\/figure><div class=\"wp-block-media-text__content\">\n<p class=\"has-black-color has-text-color has-link-color wp-elements-4022e0bb845d7cc22e1475740bdab338\" style=\"font-size:17px\"><\/p>\n\n\n\n<p class=\"has-black-color has-text-color has-link-color wp-elements-59f778067c8947107747dfa713c71657\" style=\"font-size:17px\">Sur le plan technique, NAKAGAWA san travaille principalement avec des argiles locales riches en fer, typiques de la r\u00e9gion de Karatsu.<\/p>\n\n\n\n<p class=\"has-black-color has-text-color has-link-color wp-elements-f9df9a51ccd9caf0c5cd6f864bf31ecb\" style=\"font-size:17px\">Il utilise des gla\u00e7ures traditionnelles comme le Kohiki. Un engobe blanc adoucit la surface et lui conf\u00e8re une texture poudr\u00e9e. Le Madara Karatsu, reconnaissable \u00e0 ses effets mouchet\u00e9s et transparents. Le Hakeme, d\u00e9cor au pinceau, r\u00e9v\u00e8le quant \u00e0 lui la force du geste, laissant visibles les traces de l\u2019outil.<\/p>\n\n\n\n<p class=\"has-black-color has-text-color has-link-color wp-elements-94bea76b642fe93f23ab252c243a829f\" style=\"font-size:17px\">Ses cuissons sont exigeantes et risqu\u00e9es, o\u00f9 de nombreuses pi\u00e8ces sont perdues pour ne laisser subsister que celles qui ont r\u00e9sist\u00e9 au feu. Ce processus volontairement fragile t\u00e9moigne de sa conviction que la v\u00e9ritable intensit\u00e9 na\u00eet de l\u2019impr\u00e9visible. Chaque pi\u00e8ce devient une \u201csurvivante\u201d, portant la m\u00e9moire d\u2019un combat entre l\u2019intention du potier et la dynamique du four. La puissance de ses cuissons, relev\u00e9e par les critiques, constitue aujourd\u2019hui l\u2019une de ses signatures esth\u00e9tiques majeures.<\/p>\n<\/div><\/div>\n\n\n\n<div class=\"wp-block-media-text has-media-on-the-right is-stacked-on-mobile\"><div class=\"wp-block-media-text__content\">\n<p class=\"has-black-color has-text-color has-link-color wp-elements-4022e0bb845d7cc22e1475740bdab338\" style=\"font-size:17px\"><\/p>\n\n\n\n<p class=\"has-black-color has-text-color has-link-color wp-elements-a331480ea176f2a426dbe6ac72b6a082\" style=\"font-size:17px\">Ky\u014dhei exprime souvent le d\u00e9sir de cr\u00e9er des \u0153uvres \u201cint\u00e9ressantes\u201d plut\u00f4t que simplement belles. Par ce terme, il entend des pi\u00e8ces capables de provoquer la curiosit\u00e9, de retenir l\u2019attention par leurs irr\u00e9gularit\u00e9s, leurs contrastes et leur vitalit\u00e9.<\/p>\n\n\n\n<p class=\"has-black-color has-text-color has-link-color wp-elements-154c95ee9dc06114a20115bf317f68a1\" style=\"font-size:17px\">Son esth\u00e9tique se fonde sur l\u2019acceptation du hasard et de l\u2019accident, dans une vision o\u00f9 le potier n\u2019impose pas une domination totale \u00e0 la mati\u00e8re mais dialogue avec elle. Cette philosophie l\u2019\u00e9loigne d\u2019une recherche de perfection formelle pour se rapprocher d\u2019une v\u00e9rit\u00e9 plus organique : une tasse, un bol ou une assiette doit continuer \u00e0 r\u00e9v\u00e9ler son caract\u00e8re au fil de l\u2019usage.<\/p>\n\n\n\n<p class=\"has-black-color has-text-color has-link-color wp-elements-e89741e307badcb24a69e12ca16a5d83\" style=\"font-size:17px\">Depuis sa premi\u00e8re exposition personnelle en 2020 \u00e0 la Galerie Tachibana, ses \u0153uvres sont accueillies avec enthousiasme et reconnaissance. Ses expositions r\u00e9centes, comme Genkai Karatsu, confirment sa place parmi les voix fortes de la nouvelle g\u00e9n\u00e9ration, o\u00f9 h\u00e9ritage, audace technique et sinc\u00e9rit\u00e9 philosophique se rencontrent harmonieusement.<\/p>\n<\/div><figure class=\"wp-block-media-text__media\"><img loading=\"lazy\" decoding=\"async\" width=\"1024\" height=\"1024\" src=\"https:\/\/www.maisonwabisabi.com\/wp-content\/uploads\/2025\/09\/Kyohei-NAKAGAWA-Glacure.jpg\" alt=\"Kyohei NAKAGAWA - Gla\u00e7ure\" class=\"wp-image-36928 size-full\" srcset=\"https:\/\/www.maisonwabisabi.com\/wp-content\/uploads\/2025\/09\/Kyohei-NAKAGAWA-Glacure.jpg 1024w, https:\/\/www.maisonwabisabi.com\/wp-content\/uploads\/2025\/09\/Kyohei-NAKAGAWA-Glacure-300x300.jpg 300w, https:\/\/www.maisonwabisabi.com\/wp-content\/uploads\/2025\/09\/Kyohei-NAKAGAWA-Glacure-150x150.jpg 150w, https:\/\/www.maisonwabisabi.com\/wp-content\/uploads\/2025\/09\/Kyohei-NAKAGAWA-Glacure-768x768.jpg 768w, https:\/\/www.maisonwabisabi.com\/wp-content\/uploads\/2025\/09\/Kyohei-NAKAGAWA-Glacure-12x12.jpg 12w, https:\/\/www.maisonwabisabi.com\/wp-content\/uploads\/2025\/09\/Kyohei-NAKAGAWA-Glacure-600x600.jpg 600w, https:\/\/www.maisonwabisabi.com\/wp-content\/uploads\/2025\/09\/Kyohei-NAKAGAWA-Glacure-100x100.jpg 100w\" sizes=\"auto, (max-width: 1024px) 100vw, 1024px\" \/><\/figure><\/div>\n\n\n\n<div class=\"wp-block-media-text is-stacked-on-mobile\"><figure class=\"wp-block-media-text__media\"><img loading=\"lazy\" decoding=\"async\" width=\"1024\" height=\"1024\" src=\"https:\/\/www.maisonwabisabi.com\/wp-content\/uploads\/2025\/09\/Kyohei-NAKAGAWA-Four.jpg\" alt=\"Kyohei NAKAGAWA - Four\" class=\"wp-image-36927 size-full\" srcset=\"https:\/\/www.maisonwabisabi.com\/wp-content\/uploads\/2025\/09\/Kyohei-NAKAGAWA-Four.jpg 1024w, https:\/\/www.maisonwabisabi.com\/wp-content\/uploads\/2025\/09\/Kyohei-NAKAGAWA-Four-300x300.jpg 300w, https:\/\/www.maisonwabisabi.com\/wp-content\/uploads\/2025\/09\/Kyohei-NAKAGAWA-Four-150x150.jpg 150w, https:\/\/www.maisonwabisabi.com\/wp-content\/uploads\/2025\/09\/Kyohei-NAKAGAWA-Four-768x768.jpg 768w, https:\/\/www.maisonwabisabi.com\/wp-content\/uploads\/2025\/09\/Kyohei-NAKAGAWA-Four-12x12.jpg 12w, https:\/\/www.maisonwabisabi.com\/wp-content\/uploads\/2025\/09\/Kyohei-NAKAGAWA-Four-600x600.jpg 600w, https:\/\/www.maisonwabisabi.com\/wp-content\/uploads\/2025\/09\/Kyohei-NAKAGAWA-Four-100x100.jpg 100w\" sizes=\"auto, (max-width: 1024px) 100vw, 1024px\" \/><\/figure><div class=\"wp-block-media-text__content\">\n<p class=\"has-black-color has-text-color has-link-color wp-elements-8388fead378c1cae0b6233c386e09352\" style=\"font-size:17px\"><\/p>\n\n\n\n<h3 class=\"wp-block-heading has-black-color has-text-color has-link-color wp-elements-2cddcf22f67438deefcaf89171c34355\" style=\"font-size:17px\"><strong><mark style=\"background-color:rgba(0, 0, 0, 0);color:#7d4e2d\" class=\"has-inline-color\"><strong>Ky\u014dhei NAKAGAWA<\/strong>\u00a0en 5 dates importantes :<\/mark><\/strong><\/h3>\n\n\n\n<p class=\"has-black-color has-text-color has-link-color wp-elements-4a38035321dd3365c618d0cdd226748a\" style=\"font-size:17px\">1983\u00a0: Naissance \u00e0 Genkai (pr\u00e9fecture de Saga).<\/p>\n\n\n\n<p>2009\u00a0: D\u00e9but de son apprentissage aupr\u00e8s de son p\u00e8re.<\/p>\n\n\n\n<p>2012\u00a0: Reprise du four familial\u00a0Jinenb\u014d-gama.<\/p>\n\n\n\n<p>2020\u00a0: Premi\u00e8re exposition personnelle \u00e0 la Galerie Tachibana (Nara).<\/p>\n\n\n\n<p class=\"has-black-color has-text-color has-link-color wp-elements-be39654645e0f7bb94cadc0ec0d656e2\" style=\"font-size:17px\">2023\u20132025\u00a0: Expositions\u00a0Genkai Karatsu, affirmation de son style et reconnaissance \u00e9largie.<\/p>\n<\/div><\/div>\n\n\n\n<p class=\"has-text-align-center has-black-color has-text-color\" style=\"font-size:15px\">Source des photos et des textes : Ky\u014dhei NAKAGAWA et Yann san<\/p>\n\n\n\n<div style=\"height:100px\" aria-hidden=\"true\" class=\"wp-block-spacer\"><\/div>","protected":false},"excerpt":{"rendered":"<p>Ky\u014dhei NAKAGAWA et ses cr\u00e9ations (1983-) N\u00e9 \u00e0 Genkai, dans la pr\u00e9fecture de Saga, il appartient \u00e0 une lign\u00e9e profond\u00e9ment [&hellip;]<\/p>\n","protected":false},"author":1,"featured_media":0,"comment_status":"closed","ping_status":"closed","sticky":false,"template":"","format":"standard","meta":{"site-sidebar-layout":"default","site-content-layout":"","ast-site-content-layout":"default","site-content-style":"default","site-sidebar-style":"default","ast-global-header-display":"","ast-banner-title-visibility":"","ast-main-header-display":"","ast-hfb-above-header-display":"","ast-hfb-below-header-display":"","ast-hfb-mobile-header-display":"","site-post-title":"disabled","ast-breadcrumbs-content":"","ast-featured-img":"","footer-sml-layout":"","ast-disable-related-posts":"","theme-transparent-header-meta":"","adv-header-id-meta":"","stick-header-meta":"","header-above-stick-meta":"","header-main-stick-meta":"","header-below-stick-meta":"","astra-migrate-meta-layouts":"default","ast-page-background-enabled":"default","ast-page-background-meta":{"desktop":{"background-color":"var(--ast-global-color-5)","background-image":"","background-repeat":"repeat","background-position":"center center","background-size":"auto","background-attachment":"scroll","background-type":"","background-media":"","overlay-type":"","overlay-color":"","overlay-opacity":"","overlay-gradient":""},"tablet":{"background-color":"","background-image":"","background-repeat":"repeat","background-position":"center center","background-size":"auto","background-attachment":"scroll","background-type":"","background-media":"","overlay-type":"","overlay-color":"","overlay-opacity":"","overlay-gradient":""},"mobile":{"background-color":"","background-image":"","background-repeat":"repeat","background-position":"center center","background-size":"auto","background-attachment":"scroll","background-type":"","background-media":"","overlay-type":"","overlay-color":"","overlay-opacity":"","overlay-gradient":""}},"ast-content-background-meta":{"desktop":{"background-color":"var(--ast-global-color-4)","background-image":"","background-repeat":"repeat","background-position":"center center","background-size":"auto","background-attachment":"scroll","background-type":"","background-media":"","overlay-type":"","overlay-color":"","overlay-opacity":"","overlay-gradient":""},"tablet":{"background-color":"var(--ast-global-color-4)","background-image":"","background-repeat":"repeat","background-position":"center center","background-size":"auto","background-attachment":"scroll","background-type":"","background-media":"","overlay-type":"","overlay-color":"","overlay-opacity":"","overlay-gradient":""},"mobile":{"background-color":"var(--ast-global-color-4)","background-image":"","background-repeat":"repeat","background-position":"center center","background-size":"auto","background-attachment":"scroll","background-type":"","background-media":"","overlay-type":"","overlay-color":"","overlay-opacity":"","overlay-gradient":""}},"footnotes":""},"categories":[76],"tags":[234,232,238,236,230,237,235,231,239],"class_list":["post-36924","post","type-post","status-publish","format-standard","hentry","category-ceramistes","tag-art-de-la-table-en-poterie","tag-ceramique-artisanale","tag-creations-en-poterie","tag-objets-en-ceramique","tag-poterie-artisanale","tag-poterie-dart","tag-poterie-decorative","tag-poterie-faite-main","tag-poterie-unique"],"yoast_head":"<!-- This site is optimized with the Yoast SEO plugin v27.5 - https:\/\/yoast.com\/product\/yoast-seo-wordpress\/ -->\n<title>Ky\u014dhei NAKAGAWA - Maison Wabi-Sabi - C\u00e9ramistes<\/title>\n<meta name=\"description\" content=\"Ky\u014dhei NAKAGAWA \u4e2d\u5ddd\u606d\u5e73 est \u00e0 Karatsu, pr\u00e9fecture de Saga. H\u00e2te de vous pr\u00e9senter ses cr\u00e9ations dans la boutique. C\u00e9ramique japonaise.\" \/>\n<meta name=\"robots\" content=\"index, follow, max-snippet:-1, max-image-preview:large, max-video-preview:-1\" \/>\n<link rel=\"canonical\" href=\"https:\/\/www.maisonwabisabi.com\/en\/kyohei-nakagawa\/\" \/>\n<meta property=\"og:locale\" content=\"en_GB\" \/>\n<meta property=\"og:type\" content=\"article\" \/>\n<meta property=\"og:title\" content=\"Ky\u014dhei NAKAGAWA - Maison Wabi-Sabi - C\u00e9ramistes\" \/>\n<meta property=\"og:description\" content=\"Ky\u014dhei NAKAGAWA \u4e2d\u5ddd\u606d\u5e73 est \u00e0 Karatsu, pr\u00e9fecture de Saga. H\u00e2te de vous pr\u00e9senter ses cr\u00e9ations dans la boutique. C\u00e9ramique japonaise.\" \/>\n<meta property=\"og:url\" content=\"https:\/\/www.maisonwabisabi.com\/en\/kyohei-nakagawa\/\" \/>\n<meta property=\"og:site_name\" content=\"Maison Wabi-Sabi\" \/>\n<meta property=\"article:publisher\" content=\"https:\/\/www.facebook.com\/MaisonWabiSabi\" \/>\n<meta property=\"article:author\" content=\"https:\/\/www.facebook.com\/MaisonWabiSabi\" \/>\n<meta property=\"article:published_time\" content=\"2025-09-12T20:03:24+00:00\" \/>\n<meta property=\"article:modified_time\" content=\"2025-09-12T21:46:44+00:00\" \/>\n<meta property=\"og:image\" content=\"https:\/\/www.maisonwabisabi.com\/wp-content\/uploads\/2025\/09\/Kyohei-NAKAGAWA-Portrait.jpg\" \/>\n\t<meta property=\"og:image:width\" content=\"1024\" \/>\n\t<meta property=\"og:image:height\" content=\"1024\" \/>\n\t<meta property=\"og:image:type\" content=\"image\/jpeg\" \/>\n<meta name=\"author\" content=\"Yann san\" \/>\n<meta name=\"twitter:card\" content=\"summary_large_image\" \/>\n<meta name=\"twitter:label1\" content=\"Written by\" \/>\n\t<meta name=\"twitter:data1\" content=\"Yann san\" \/>\n\t<meta name=\"twitter:label2\" content=\"Estimated reading time\" \/>\n\t<meta name=\"twitter:data2\" content=\"5 minutes\" \/>\n<script type=\"application\/ld+json\" class=\"yoast-schema-graph\">{\"@context\":\"https:\\\/\\\/schema.org\",\"@graph\":[{\"@type\":\"Article\",\"@id\":\"https:\\\/\\\/www.maisonwabisabi.com\\\/kyohei-nakagawa\\\/#article\",\"isPartOf\":{\"@id\":\"https:\\\/\\\/www.maisonwabisabi.com\\\/kyohei-nakagawa\\\/\"},\"author\":{\"name\":\"Yann san\",\"@id\":\"https:\\\/\\\/www.maisonwabisabi.com\\\/#\\\/schema\\\/person\\\/b2458bb9fa2737d1a11eabc63d3aabc9\"},\"headline\":\"Rencontre avec Ky\u014dhei NAKAGAWA \u4e2d\u5ddd\u606d\u5e73 C\u00e9ramiste japonais \u00e0 Karatsu\",\"datePublished\":\"2025-09-12T20:03:24+00:00\",\"dateModified\":\"2025-09-12T21:46:44+00:00\",\"mainEntityOfPage\":{\"@id\":\"https:\\\/\\\/www.maisonwabisabi.com\\\/kyohei-nakagawa\\\/\"},\"wordCount\":741,\"publisher\":{\"@id\":\"https:\\\/\\\/www.maisonwabisabi.com\\\/#organization\"},\"image\":{\"@id\":\"https:\\\/\\\/www.maisonwabisabi.com\\\/kyohei-nakagawa\\\/#primaryimage\"},\"thumbnailUrl\":\"https:\\\/\\\/www.maisonwabisabi.com\\\/wp-content\\\/uploads\\\/2025\\\/09\\\/Kyohei-NAKAGAWA-Portrait.jpg\",\"keywords\":[\"Art de la table en poterie\",\"C\u00e9ramique artisanale\",\"Cr\u00e9ations en poterie\",\"Objets en c\u00e9ramique\",\"Poterie artisanale\",\"Poterie d'art\",\"Poterie d\u00e9corative\",\"Poterie faite main\",\"Poterie unique\"],\"articleSection\":[\"C\u00e9ramistes\"],\"inLanguage\":\"en-GB\"},{\"@type\":\"WebPage\",\"@id\":\"https:\\\/\\\/www.maisonwabisabi.com\\\/kyohei-nakagawa\\\/\",\"url\":\"https:\\\/\\\/www.maisonwabisabi.com\\\/kyohei-nakagawa\\\/\",\"name\":\"Ky\u014dhei NAKAGAWA - Maison Wabi-Sabi - C\u00e9ramistes\",\"isPartOf\":{\"@id\":\"https:\\\/\\\/www.maisonwabisabi.com\\\/#website\"},\"primaryImageOfPage\":{\"@id\":\"https:\\\/\\\/www.maisonwabisabi.com\\\/kyohei-nakagawa\\\/#primaryimage\"},\"image\":{\"@id\":\"https:\\\/\\\/www.maisonwabisabi.com\\\/kyohei-nakagawa\\\/#primaryimage\"},\"thumbnailUrl\":\"https:\\\/\\\/www.maisonwabisabi.com\\\/wp-content\\\/uploads\\\/2025\\\/09\\\/Kyohei-NAKAGAWA-Portrait.jpg\",\"datePublished\":\"2025-09-12T20:03:24+00:00\",\"dateModified\":\"2025-09-12T21:46:44+00:00\",\"description\":\"Ky\u014dhei NAKAGAWA \u4e2d\u5ddd\u606d\u5e73 est \u00e0 Karatsu, pr\u00e9fecture de Saga. H\u00e2te de vous pr\u00e9senter ses cr\u00e9ations dans la boutique. C\u00e9ramique japonaise.\",\"breadcrumb\":{\"@id\":\"https:\\\/\\\/www.maisonwabisabi.com\\\/kyohei-nakagawa\\\/#breadcrumb\"},\"inLanguage\":\"en-GB\",\"potentialAction\":[{\"@type\":\"ReadAction\",\"target\":[\"https:\\\/\\\/www.maisonwabisabi.com\\\/kyohei-nakagawa\\\/\"]}]},{\"@type\":\"ImageObject\",\"inLanguage\":\"en-GB\",\"@id\":\"https:\\\/\\\/www.maisonwabisabi.com\\\/kyohei-nakagawa\\\/#primaryimage\",\"url\":\"https:\\\/\\\/www.maisonwabisabi.com\\\/wp-content\\\/uploads\\\/2025\\\/09\\\/Kyohei-NAKAGAWA-Portrait.jpg\",\"contentUrl\":\"https:\\\/\\\/www.maisonwabisabi.com\\\/wp-content\\\/uploads\\\/2025\\\/09\\\/Kyohei-NAKAGAWA-Portrait.jpg\"},{\"@type\":\"BreadcrumbList\",\"@id\":\"https:\\\/\\\/www.maisonwabisabi.com\\\/kyohei-nakagawa\\\/#breadcrumb\",\"itemListElement\":[{\"@type\":\"ListItem\",\"position\":1,\"name\":\"Bienvenue\",\"item\":\"https:\\\/\\\/www.maisonwabisabi.com\\\/\"},{\"@type\":\"ListItem\",\"position\":2,\"name\":\"Rencontre avec Ky\u014dhei NAKAGAWA \u4e2d\u5ddd\u606d\u5e73 C\u00e9ramiste japonais \u00e0 Karatsu\"}]},{\"@type\":\"WebSite\",\"@id\":\"https:\\\/\\\/www.maisonwabisabi.com\\\/#website\",\"url\":\"https:\\\/\\\/www.maisonwabisabi.com\\\/\",\"name\":\"Maison Wabi-Sabi\",\"description\":\"\",\"publisher\":{\"@id\":\"https:\\\/\\\/www.maisonwabisabi.com\\\/#organization\"},\"potentialAction\":[{\"@type\":\"SearchAction\",\"target\":{\"@type\":\"EntryPoint\",\"urlTemplate\":\"https:\\\/\\\/www.maisonwabisabi.com\\\/?s={search_term_string}\"},\"query-input\":{\"@type\":\"PropertyValueSpecification\",\"valueRequired\":true,\"valueName\":\"search_term_string\"}}],\"inLanguage\":\"en-GB\"},{\"@type\":\"Organization\",\"@id\":\"https:\\\/\\\/www.maisonwabisabi.com\\\/#organization\",\"name\":\"Maison Wabi-Sabi\",\"url\":\"https:\\\/\\\/www.maisonwabisabi.com\\\/\",\"logo\":{\"@type\":\"ImageObject\",\"inLanguage\":\"en-GB\",\"@id\":\"https:\\\/\\\/www.maisonwabisabi.com\\\/#\\\/schema\\\/logo\\\/image\\\/\",\"url\":\"https:\\\/\\\/www.maisonwabisabi.com\\\/wp-content\\\/uploads\\\/2021\\\/11\\\/Logo-de-maison-Wabi-Sabi.jpg\",\"contentUrl\":\"https:\\\/\\\/www.maisonwabisabi.com\\\/wp-content\\\/uploads\\\/2021\\\/11\\\/Logo-de-maison-Wabi-Sabi.jpg\",\"width\":1024,\"height\":1024,\"caption\":\"Maison Wabi-Sabi\"},\"image\":{\"@id\":\"https:\\\/\\\/www.maisonwabisabi.com\\\/#\\\/schema\\\/logo\\\/image\\\/\"},\"sameAs\":[\"https:\\\/\\\/www.facebook.com\\\/MaisonWabiSabi\",\"https:\\\/\\\/www.instagram.com\\\/maison.wabi.sabi\\\/?hl=fr\",\"https:\\\/\\\/www.linkedin.com\\\/company\\\/69088467\"]},{\"@type\":\"Person\",\"@id\":\"https:\\\/\\\/www.maisonwabisabi.com\\\/#\\\/schema\\\/person\\\/b2458bb9fa2737d1a11eabc63d3aabc9\",\"name\":\"Yann san\",\"sameAs\":[\"https:\\\/\\\/www.maisonwabisabi.com\",\"https:\\\/\\\/www.facebook.com\\\/MaisonWabiSabi\",\"https:\\\/\\\/www.instagram.com\\\/maison.wabi.sabi\\\/\"],\"url\":\"https:\\\/\\\/www.maisonwabisabi.com\\\/en\\\/author\\\/4729952\\\/\"}]}<\/script>\n<!-- \/ Yoast SEO plugin. -->","yoast_head_json":{"title":"Ky\u014dhei NAKAGAWA - Maison Wabi-Sabi - C\u00e9ramistes","description":"Ky\u014dhei NAKAGAWA \u4e2d\u5ddd\u606d\u5e73 est \u00e0 Karatsu, pr\u00e9fecture de Saga. H\u00e2te de vous pr\u00e9senter ses cr\u00e9ations dans la boutique. C\u00e9ramique japonaise.","robots":{"index":"index","follow":"follow","max-snippet":"max-snippet:-1","max-image-preview":"max-image-preview:large","max-video-preview":"max-video-preview:-1"},"canonical":"https:\/\/www.maisonwabisabi.com\/en\/kyohei-nakagawa\/","og_locale":"en_GB","og_type":"article","og_title":"Ky\u014dhei NAKAGAWA - Maison Wabi-Sabi - C\u00e9ramistes","og_description":"Ky\u014dhei NAKAGAWA \u4e2d\u5ddd\u606d\u5e73 est \u00e0 Karatsu, pr\u00e9fecture de Saga. H\u00e2te de vous pr\u00e9senter ses cr\u00e9ations dans la boutique. C\u00e9ramique japonaise.","og_url":"https:\/\/www.maisonwabisabi.com\/en\/kyohei-nakagawa\/","og_site_name":"Maison Wabi-Sabi","article_publisher":"https:\/\/www.facebook.com\/MaisonWabiSabi","article_author":"https:\/\/www.facebook.com\/MaisonWabiSabi","article_published_time":"2025-09-12T20:03:24+00:00","article_modified_time":"2025-09-12T21:46:44+00:00","og_image":[{"width":1024,"height":1024,"url":"https:\/\/www.maisonwabisabi.com\/wp-content\/uploads\/2025\/09\/Kyohei-NAKAGAWA-Portrait.jpg","type":"image\/jpeg"}],"author":"Yann san","twitter_card":"summary_large_image","twitter_misc":{"Written by":"Yann san","Estimated reading time":"5 minutes"},"schema":{"@context":"https:\/\/schema.org","@graph":[{"@type":"Article","@id":"https:\/\/www.maisonwabisabi.com\/kyohei-nakagawa\/#article","isPartOf":{"@id":"https:\/\/www.maisonwabisabi.com\/kyohei-nakagawa\/"},"author":{"name":"Yann san","@id":"https:\/\/www.maisonwabisabi.com\/#\/schema\/person\/b2458bb9fa2737d1a11eabc63d3aabc9"},"headline":"Rencontre avec Ky\u014dhei NAKAGAWA \u4e2d\u5ddd\u606d\u5e73 C\u00e9ramiste japonais \u00e0 Karatsu","datePublished":"2025-09-12T20:03:24+00:00","dateModified":"2025-09-12T21:46:44+00:00","mainEntityOfPage":{"@id":"https:\/\/www.maisonwabisabi.com\/kyohei-nakagawa\/"},"wordCount":741,"publisher":{"@id":"https:\/\/www.maisonwabisabi.com\/#organization"},"image":{"@id":"https:\/\/www.maisonwabisabi.com\/kyohei-nakagawa\/#primaryimage"},"thumbnailUrl":"https:\/\/www.maisonwabisabi.com\/wp-content\/uploads\/2025\/09\/Kyohei-NAKAGAWA-Portrait.jpg","keywords":["Art de la table en poterie","C\u00e9ramique artisanale","Cr\u00e9ations en poterie","Objets en c\u00e9ramique","Poterie artisanale","Poterie d'art","Poterie d\u00e9corative","Poterie faite main","Poterie unique"],"articleSection":["C\u00e9ramistes"],"inLanguage":"en-GB"},{"@type":"WebPage","@id":"https:\/\/www.maisonwabisabi.com\/kyohei-nakagawa\/","url":"https:\/\/www.maisonwabisabi.com\/kyohei-nakagawa\/","name":"Ky\u014dhei NAKAGAWA - Maison Wabi-Sabi - C\u00e9ramistes","isPartOf":{"@id":"https:\/\/www.maisonwabisabi.com\/#website"},"primaryImageOfPage":{"@id":"https:\/\/www.maisonwabisabi.com\/kyohei-nakagawa\/#primaryimage"},"image":{"@id":"https:\/\/www.maisonwabisabi.com\/kyohei-nakagawa\/#primaryimage"},"thumbnailUrl":"https:\/\/www.maisonwabisabi.com\/wp-content\/uploads\/2025\/09\/Kyohei-NAKAGAWA-Portrait.jpg","datePublished":"2025-09-12T20:03:24+00:00","dateModified":"2025-09-12T21:46:44+00:00","description":"Ky\u014dhei NAKAGAWA \u4e2d\u5ddd\u606d\u5e73 est \u00e0 Karatsu, pr\u00e9fecture de Saga. H\u00e2te de vous pr\u00e9senter ses cr\u00e9ations dans la boutique. C\u00e9ramique japonaise.","breadcrumb":{"@id":"https:\/\/www.maisonwabisabi.com\/kyohei-nakagawa\/#breadcrumb"},"inLanguage":"en-GB","potentialAction":[{"@type":"ReadAction","target":["https:\/\/www.maisonwabisabi.com\/kyohei-nakagawa\/"]}]},{"@type":"ImageObject","inLanguage":"en-GB","@id":"https:\/\/www.maisonwabisabi.com\/kyohei-nakagawa\/#primaryimage","url":"https:\/\/www.maisonwabisabi.com\/wp-content\/uploads\/2025\/09\/Kyohei-NAKAGAWA-Portrait.jpg","contentUrl":"https:\/\/www.maisonwabisabi.com\/wp-content\/uploads\/2025\/09\/Kyohei-NAKAGAWA-Portrait.jpg"},{"@type":"BreadcrumbList","@id":"https:\/\/www.maisonwabisabi.com\/kyohei-nakagawa\/#breadcrumb","itemListElement":[{"@type":"ListItem","position":1,"name":"Bienvenue","item":"https:\/\/www.maisonwabisabi.com\/"},{"@type":"ListItem","position":2,"name":"Rencontre avec Ky\u014dhei NAKAGAWA \u4e2d\u5ddd\u606d\u5e73 C\u00e9ramiste japonais \u00e0 Karatsu"}]},{"@type":"WebSite","@id":"https:\/\/www.maisonwabisabi.com\/#website","url":"https:\/\/www.maisonwabisabi.com\/","name":"Maison Wabi-Sabi","description":"","publisher":{"@id":"https:\/\/www.maisonwabisabi.com\/#organization"},"potentialAction":[{"@type":"SearchAction","target":{"@type":"EntryPoint","urlTemplate":"https:\/\/www.maisonwabisabi.com\/?s={search_term_string}"},"query-input":{"@type":"PropertyValueSpecification","valueRequired":true,"valueName":"search_term_string"}}],"inLanguage":"en-GB"},{"@type":"Organization","@id":"https:\/\/www.maisonwabisabi.com\/#organization","name":"Maison Wabi-Sabi","url":"https:\/\/www.maisonwabisabi.com\/","logo":{"@type":"ImageObject","inLanguage":"en-GB","@id":"https:\/\/www.maisonwabisabi.com\/#\/schema\/logo\/image\/","url":"https:\/\/www.maisonwabisabi.com\/wp-content\/uploads\/2021\/11\/Logo-de-maison-Wabi-Sabi.jpg","contentUrl":"https:\/\/www.maisonwabisabi.com\/wp-content\/uploads\/2021\/11\/Logo-de-maison-Wabi-Sabi.jpg","width":1024,"height":1024,"caption":"Maison Wabi-Sabi"},"image":{"@id":"https:\/\/www.maisonwabisabi.com\/#\/schema\/logo\/image\/"},"sameAs":["https:\/\/www.facebook.com\/MaisonWabiSabi","https:\/\/www.instagram.com\/maison.wabi.sabi\/?hl=fr","https:\/\/www.linkedin.com\/company\/69088467"]},{"@type":"Person","@id":"https:\/\/www.maisonwabisabi.com\/#\/schema\/person\/b2458bb9fa2737d1a11eabc63d3aabc9","name":"Yann san","sameAs":["https:\/\/www.maisonwabisabi.com","https:\/\/www.facebook.com\/MaisonWabiSabi","https:\/\/www.instagram.com\/maison.wabi.sabi\/"],"url":"https:\/\/www.maisonwabisabi.com\/en\/author\/4729952\/"}]}},"_links":{"self":[{"href":"https:\/\/www.maisonwabisabi.com\/en\/wp-json\/wp\/v2\/posts\/36924","targetHints":{"allow":["GET"]}}],"collection":[{"href":"https:\/\/www.maisonwabisabi.com\/en\/wp-json\/wp\/v2\/posts"}],"about":[{"href":"https:\/\/www.maisonwabisabi.com\/en\/wp-json\/wp\/v2\/types\/post"}],"author":[{"embeddable":true,"href":"https:\/\/www.maisonwabisabi.com\/en\/wp-json\/wp\/v2\/users\/1"}],"replies":[{"embeddable":true,"href":"https:\/\/www.maisonwabisabi.com\/en\/wp-json\/wp\/v2\/comments?post=36924"}],"version-history":[{"count":2,"href":"https:\/\/www.maisonwabisabi.com\/en\/wp-json\/wp\/v2\/posts\/36924\/revisions"}],"predecessor-version":[{"id":36934,"href":"https:\/\/www.maisonwabisabi.com\/en\/wp-json\/wp\/v2\/posts\/36924\/revisions\/36934"}],"wp:attachment":[{"href":"https:\/\/www.maisonwabisabi.com\/en\/wp-json\/wp\/v2\/media?parent=36924"}],"wp:term":[{"taxonomy":"category","embeddable":true,"href":"https:\/\/www.maisonwabisabi.com\/en\/wp-json\/wp\/v2\/categories?post=36924"},{"taxonomy":"post_tag","embeddable":true,"href":"https:\/\/www.maisonwabisabi.com\/en\/wp-json\/wp\/v2\/tags?post=36924"}],"curies":[{"name":"wp","href":"https:\/\/api.w.org\/{rel}","templated":true}]}}