{"id":3394,"date":"2022-03-17T18:23:18","date_gmt":"2022-03-17T17:23:18","guid":{"rendered":"https:\/\/www.maisonwabisabi.com\/?p=3394"},"modified":"2025-08-08T00:13:43","modified_gmt":"2025-08-07T22:13:43","slug":"veronique-maury","status":"publish","type":"post","link":"https:\/\/www.maisonwabisabi.com\/en\/veronique-maury\/","title":{"rendered":"Rencontre avec V\u00e9ronique MAURY C\u00e9ramiste fran\u00e7aise \u00e0 St Saturnin L\u00e8s Apt"},"content":{"rendered":"<div style=\"height:20px\" aria-hidden=\"true\" class=\"wp-block-spacer\"><\/div>\n\n\n\n<div class=\"wp-block-media-text is-stacked-on-mobile\"><figure class=\"wp-block-media-text__media\"><img loading=\"lazy\" decoding=\"async\" width=\"1024\" height=\"1024\" src=\"https:\/\/www.maisonwabisabi.com\/wp-content\/uploads\/2022\/03\/Ve\u0301ronique-MAURY-Portrait-2.jpg\" alt=\"V\u00e9ronique MAURY - Portrait\" class=\"wp-image-3609 size-full\" srcset=\"https:\/\/www.maisonwabisabi.com\/wp-content\/uploads\/2022\/03\/Ve\u0301ronique-MAURY-Portrait-2.jpg 1024w, https:\/\/www.maisonwabisabi.com\/wp-content\/uploads\/2022\/03\/Ve\u0301ronique-MAURY-Portrait-2-300x300.jpg 300w, https:\/\/www.maisonwabisabi.com\/wp-content\/uploads\/2022\/03\/Ve\u0301ronique-MAURY-Portrait-2-100x100.jpg 100w, https:\/\/www.maisonwabisabi.com\/wp-content\/uploads\/2022\/03\/Ve\u0301ronique-MAURY-Portrait-2-600x600.jpg 600w, https:\/\/www.maisonwabisabi.com\/wp-content\/uploads\/2022\/03\/Ve\u0301ronique-MAURY-Portrait-2-150x150.jpg 150w, https:\/\/www.maisonwabisabi.com\/wp-content\/uploads\/2022\/03\/Ve\u0301ronique-MAURY-Portrait-2-768x768.jpg 768w\" sizes=\"auto, (max-width: 1024px) 100vw, 1024px\" \/><\/figure><div class=\"wp-block-media-text__content\">\n<p><\/p>\n\n\n\n<h1 class=\"wp-block-heading has-black-color has-text-color\" style=\"font-size:21px\"><strong><mark style=\"background-color:rgba(0, 0, 0, 0);color:#7d4e2d\" class=\"has-inline-color\">V\u00e9ronique MAURY et<\/mark> <a href=\"https:\/\/www.maisonwabisabi.com\/en\/product-category\/ceramistes-de-france\/ceramiste-veronique-maury\/\" target=\"_blank\" rel=\"noreferrer noopener\">ses cr\u00e9ations<\/a><\/strong><\/h1>\n\n\n\n<p class=\"has-black-color has-text-color\" style=\"font-size:17px\">(1959-)<\/p>\n\n\n\n<p class=\"has-black-color has-text-color\" style=\"font-size:17px\">Originaire du sud de la France, Perpignan et Avignon par ses 2 parents et install\u00e9e dans le Vaucluse depuis 25 ans. <\/p>\n\n\n\n<p class=\"has-black-color has-text-color\" style=\"font-size:17px\">\u00ab\u00a0Un atelier perdu entre terre et ciel. La terre, l&rsquo;eau, l&rsquo;air et le feu. Les 5 sens en \u00e9veil par amour du th\u00e9. Ma vie\u2026\u00a0\u00bb<\/p>\n\n\n\n<p class=\"has-black-color has-text-color\" style=\"font-size:17px\">Une amie l&rsquo;a d\u00e9finie un jour comme une Th\u00e9-ramiste : c\u00e9ramiste du th\u00e9. Pour elle le Potier fait des pots, et elle ne fait pas que \u00e7a. Artiste lui para\u00eet, peut-\u00eatre \u00e0 tort, un peu pr\u00e9tentieux. Artisan plut\u00f4t vague (ma\u00e7on, boulanger\u2026). Le C\u00e9ramiste r\u00e9unit tout \u00e7a.<\/p>\n<\/div><\/div>\n\n\n\n<div class=\"wp-block-media-text has-media-on-the-right is-stacked-on-mobile\"><div class=\"wp-block-media-text__content\">\n<p><\/p>\n\n\n\n<p class=\"has-text-align-left has-black-color has-text-color\" style=\"font-size:17px\">\u00ab\u00a0J&rsquo;ai d\u00e9couvert la c\u00e9ramique dans les mus\u00e9es quand j&rsquo;\u00e9tais enfant. Avec le souvenir d&rsquo;en avoir fait un peu au coll\u00e8ge, mais surtout plus tard apr\u00e8s le bac pendant mes \u00e9tudes.<\/p>\n\n\n\n<p class=\"has-text-align-left has-black-color has-text-color\" style=\"font-size:17px\">Cela faisait partie du cursus d&rsquo;\u00e9tudes que j&rsquo;avais choisi, \u00e0 savoir l&rsquo;enseignement des Travaux Manuels que j&rsquo;ai enseign\u00e9 quelques ann\u00e9es, avant sa dramatique disparition au \u00ab\u00a0profit\u00a0\u00bb de la Technologie.<\/p>\n\n\n\n<p class=\"has-text-align-left has-black-color has-text-color\" style=\"font-size:17px\">Pendant mes 4 ans d&rsquo;\u00e9tudes, qui comportaient un module de C\u00e9ramique, j&rsquo;ai fait des stages d&rsquo;\u00e9t\u00e9, le tout premier de 3 semaines \u00e0 <a href=\"https:\/\/new.chateauderatilly.fr\/gres-de-ratilly\/\" target=\"_blank\" rel=\"noreferrer noopener\"><mark style=\"background-color:rgba(0, 0, 0, 0);color:#8d9a83\" class=\"has-inline-color\">Ratilly<\/mark><\/a> chez Norbert PIERLOT.<\/p>\n\n\n\n<p class=\"has-text-align-left has-black-color has-text-color\" style=\"font-size:17px\">Ensuite j&rsquo;ai enseign\u00e9 20 ans, en partie \u00e0 temps partiel pour me lib\u00e9rer du temps pour la c\u00e9ramique. C&rsquo;est \u00e0 cette p\u00e9riode que j&rsquo;ai d\u00e9couvert la pratique du Raku chez une amie c\u00e9ramiste o\u00f9 je prenais des cours, et en stage avec <a href=\"https:\/\/galerie-ancienne-poste.com\/portfolio-item\/camille-virot\/\" target=\"_blank\" rel=\"noreferrer noopener\"><mark style=\"background-color:rgba(0, 0, 0, 0);color:#8d9a83\" class=\"has-inline-color\">Camille VIROT<\/mark><\/a>. En 2003 j&rsquo;ai arr\u00eat\u00e9 l&rsquo;enseignement, je me d\u00e9truisais \u00e0 enseigner la Technologie, une mati\u00e8re qui ne me correspondait pas du tout.\u00a0\u00bb<\/p>\n<\/div><figure class=\"wp-block-media-text__media\"><img loading=\"lazy\" decoding=\"async\" width=\"1024\" height=\"1024\" src=\"https:\/\/www.maisonwabisabi.com\/wp-content\/uploads\/2022\/03\/Ve\u0301ronique-MAURY-Style-1.jpg\" alt=\"Ve\u0301ronique MAURY - Style 1\" class=\"wp-image-3528 size-full\" srcset=\"https:\/\/www.maisonwabisabi.com\/wp-content\/uploads\/2022\/03\/Ve\u0301ronique-MAURY-Style-1.jpg 1024w, https:\/\/www.maisonwabisabi.com\/wp-content\/uploads\/2022\/03\/Ve\u0301ronique-MAURY-Style-1-300x300.jpg 300w, https:\/\/www.maisonwabisabi.com\/wp-content\/uploads\/2022\/03\/Ve\u0301ronique-MAURY-Style-1-100x100.jpg 100w, https:\/\/www.maisonwabisabi.com\/wp-content\/uploads\/2022\/03\/Ve\u0301ronique-MAURY-Style-1-600x600.jpg 600w, https:\/\/www.maisonwabisabi.com\/wp-content\/uploads\/2022\/03\/Ve\u0301ronique-MAURY-Style-1-150x150.jpg 150w, https:\/\/www.maisonwabisabi.com\/wp-content\/uploads\/2022\/03\/Ve\u0301ronique-MAURY-Style-1-768x768.jpg 768w\" sizes=\"auto, (max-width: 1024px) 100vw, 1024px\" \/><\/figure><\/div>\n\n\n\n<div class=\"wp-block-media-text is-stacked-on-mobile\"><figure class=\"wp-block-media-text__media\"><img loading=\"lazy\" decoding=\"async\" width=\"1024\" height=\"1024\" src=\"https:\/\/www.maisonwabisabi.com\/wp-content\/uploads\/2022\/03\/Ve\u0301ronique-MAURY-Atelier-1.jpg\" alt=\"Ve\u0301ronique MAURY - Atelier 1\" class=\"wp-image-3536 size-full\" srcset=\"https:\/\/www.maisonwabisabi.com\/wp-content\/uploads\/2022\/03\/Ve\u0301ronique-MAURY-Atelier-1.jpg 1024w, https:\/\/www.maisonwabisabi.com\/wp-content\/uploads\/2022\/03\/Ve\u0301ronique-MAURY-Atelier-1-300x300.jpg 300w, https:\/\/www.maisonwabisabi.com\/wp-content\/uploads\/2022\/03\/Ve\u0301ronique-MAURY-Atelier-1-100x100.jpg 100w, https:\/\/www.maisonwabisabi.com\/wp-content\/uploads\/2022\/03\/Ve\u0301ronique-MAURY-Atelier-1-600x600.jpg 600w, https:\/\/www.maisonwabisabi.com\/wp-content\/uploads\/2022\/03\/Ve\u0301ronique-MAURY-Atelier-1-150x150.jpg 150w, https:\/\/www.maisonwabisabi.com\/wp-content\/uploads\/2022\/03\/Ve\u0301ronique-MAURY-Atelier-1-768x768.jpg 768w\" sizes=\"auto, (max-width: 1024px) 100vw, 1024px\" \/><\/figure><div class=\"wp-block-media-text__content\">\n<p><\/p>\n\n\n\n<p class=\"has-black-color has-text-color\" style=\"font-size:17px\">\u00ab\u00a0J&rsquo;ai alors install\u00e9 mon atelier chez moi et con\u00e7u ma production de raku. J&rsquo;ai commenc\u00e9 \u00e0 faire des march\u00e9s potiers, tout en continuant \u00e0 me former aupr\u00e8s de <a href=\"https:\/\/galerie-ancienne-poste.com\/portfolio-item\/camille-virot\/\" target=\"_blank\" rel=\"noreferrer noopener\"><mark style=\"background-color:rgba(0, 0, 0, 0);color:#8d9a83\" class=\"has-inline-color\">Camille VIROT<\/mark><\/a>, <a href=\"http:\/\/www.nanichampyschott.com\/\" target=\"_blank\" rel=\"noreferrer noopener\"><mark style=\"background-color:rgba(0, 0, 0, 0);color:#8d9a83\" class=\"has-inline-color\">Nani CHAMPY-SCHOTT<\/mark><\/a> et <a href=\"https:\/\/davidroberts-ceramics.com\" target=\"_blank\" rel=\"noreferrer noopener\"><mark style=\"background-color:rgba(0, 0, 0, 0);color:#8d9a83\" class=\"has-inline-color\">David ROBERTS<\/mark><\/a>.<\/p>\n\n\n\n<p class=\"has-black-color has-text-color\" style=\"font-size:17px\">En 2009, je me suis sentie enferm\u00e9e dans cette production, avec le d\u00e9sir d&rsquo;en changer, mais sans le bagage technique pour y arriver. Je suis donc partie 6 mois dans un centre de formation \u00e0 Paris : <a href=\"https:\/\/www.ateliercheminsdelaceramique.com\/\" target=\"_blank\" rel=\"noreferrer noopener\"><mark style=\"background-color:rgba(0, 0, 0, 0);color:#8d9a83\" class=\"has-inline-color\">Atelier Chemins de la C\u00e9ramique<\/mark><\/a>, dirig\u00e9 \u00e0 l&rsquo;\u00e9poque par Thierry FOUQUET. C&rsquo;\u00e9tait pour tout y (r\u00e9)apprendre, tournage, coulage, terres, \u00e9maux, histoire de l&rsquo;art, etc.<\/p>\n\n\n\n<p class=\"has-black-color has-text-color\" style=\"font-size:17px\">En 2013, je passe une semaine \u00e0 l&rsquo;Ecole du Th\u00e9, du Palais des Th\u00e9s. Suite \u00e0 cela je pr\u00e9pare et donne quelques conf\u00e9rences sur le th\u00e8me : C\u00e9ramique et Th\u00e9. Je continue \u00e0 me former r\u00e9guli\u00e8rement, stages (Rizu TAKAHASHI, <a href=\"https:\/\/www.yohtanimoto.com\" target=\"_blank\" rel=\"noreferrer noopener\"><mark style=\"background-color:rgba(0, 0, 0, 0);color:#8d9a83\" class=\"has-inline-color\">Yoh TANIMOTO<\/mark><\/a> \u8c37\u672c\u6d0b), tournage de grosses pi\u00e8ces avec <a href=\"https:\/\/www.vienne-condrieu.com\/commerce-et-service\/atelier-de-poterie-jean-jacques-dubernard-vienne\/\" target=\"_blank\" rel=\"noreferrer noopener\"><mark style=\"background-color:rgba(0, 0, 0, 0);color:#8d9a83\" class=\"has-inline-color\">Jean-Jacques DUBERNARD<\/mark><\/a>, construction de four \u00e0 bois avec <a href=\"http:\/\/francois-fresnais.fr\" target=\"_blank\" rel=\"noreferrer noopener\"><mark style=\"background-color:rgba(0, 0, 0, 0);color:#8d9a83\" class=\"has-inline-color\">Fran\u00e7ois FRESNAIS<\/mark><\/a>, cuisson anagama chez Michel COHEN, les Rencontres du Printemps des Potiers \u00e0 Bandol.\u00a0\u00bb<\/p>\n<\/div><\/div>\n\n\n\n<div class=\"wp-block-media-text has-media-on-the-right is-stacked-on-mobile\"><div class=\"wp-block-media-text__content\">\n<p><\/p>\n\n\n\n<p class=\"has-text-align-left has-black-color has-text-color\" style=\"font-size:17px\">\u00ab\u00a0J&rsquo;ai aussi beaucoup lu, beaucoup vu d&rsquo;ateliers et d&rsquo;expositions de c\u00e9ramique, en France et partout dans le monde o\u00f9 j&rsquo;ai voyag\u00e9, et appris pendant un an la calligraphie chinoise. Tout cela a fait partie de ma formation. L&rsquo;Univers du Th\u00e9 est mon domaine de pr\u00e9dilection, donc forc\u00e9ment d&rsquo;inspiration asiatique.<\/p>\n\n\n\n<p class=\"has-text-align-left has-black-color has-text-color\" style=\"font-size:17px\">J&rsquo;utilise des terres \u00e0 gr\u00e8s tr\u00e8s chamott\u00e9es,  pour leur force et leur pr\u00e9sence sous cette peau que sont les engobes et l&rsquo;\u00e9mail qui les recouvrent. Je recherche en permanence une coh\u00e9rence entre la terre, la forme et le d\u00e9cor, le tout dans la sobri\u00e9t\u00e9, pour que les 5 sens soient en \u00e9veil devant chaque pi\u00e8ce.<\/p>\n\n\n\n<p class=\"has-text-align-left\" style=\"font-size:17px\">Pour certaines commandes (assiettes pour restaurants ou particuliers) il m&rsquo;arrive aussi d&rsquo;utiliser un gr\u00e8s lisse de St Amand, sans grand int\u00e9r\u00eat en temps que tel mais id\u00e9al pour un travail de superposition d&rsquo;\u00e9maux.<\/p>\n\n\n\n<p class=\"has-text-align-left\" style=\"font-size:17px\">Mon inspiration vient d&rsquo;un caillou, un paysage, une peinture, une recette de cuisine, un motif de tissu, une lecture, une architecture, le Japon, les lieux o\u00f9 j&rsquo;ai voyag\u00e9, Ha\u00efti et l&rsquo;Afrique o\u00f9 j&rsquo;ai v\u00e9cu, les autres c\u00e9ramistes, mais surtout la c\u00e9ramique japonaise.\u00a0\u00bb<\/p>\n<\/div><figure class=\"wp-block-media-text__media\"><img loading=\"lazy\" decoding=\"async\" width=\"1024\" height=\"1024\" src=\"https:\/\/www.maisonwabisabi.com\/wp-content\/uploads\/2022\/03\/Ve\u0301ronique-MAURY-Bureau.jpg\" alt=\"\" class=\"wp-image-3543 size-full\" srcset=\"https:\/\/www.maisonwabisabi.com\/wp-content\/uploads\/2022\/03\/Ve\u0301ronique-MAURY-Bureau.jpg 1024w, https:\/\/www.maisonwabisabi.com\/wp-content\/uploads\/2022\/03\/Ve\u0301ronique-MAURY-Bureau-300x300.jpg 300w, https:\/\/www.maisonwabisabi.com\/wp-content\/uploads\/2022\/03\/Ve\u0301ronique-MAURY-Bureau-100x100.jpg 100w, https:\/\/www.maisonwabisabi.com\/wp-content\/uploads\/2022\/03\/Ve\u0301ronique-MAURY-Bureau-600x600.jpg 600w, https:\/\/www.maisonwabisabi.com\/wp-content\/uploads\/2022\/03\/Ve\u0301ronique-MAURY-Bureau-150x150.jpg 150w, https:\/\/www.maisonwabisabi.com\/wp-content\/uploads\/2022\/03\/Ve\u0301ronique-MAURY-Bureau-768x768.jpg 768w\" sizes=\"auto, (max-width: 1024px) 100vw, 1024px\" \/><\/figure><\/div>\n\n\n\n<div class=\"wp-block-media-text is-stacked-on-mobile\"><figure class=\"wp-block-media-text__media\"><img loading=\"lazy\" decoding=\"async\" width=\"1024\" height=\"1024\" src=\"https:\/\/www.maisonwabisabi.com\/wp-content\/uploads\/2022\/03\/Ve\u0301ronique-MAURY-Four-e\u0301lectrique.jpg\" alt=\"Ve\u0301ronique MAURY - Four e\u0301lectrique\" class=\"wp-image-3550 size-full\" srcset=\"https:\/\/www.maisonwabisabi.com\/wp-content\/uploads\/2022\/03\/Ve\u0301ronique-MAURY-Four-e\u0301lectrique.jpg 1024w, https:\/\/www.maisonwabisabi.com\/wp-content\/uploads\/2022\/03\/Ve\u0301ronique-MAURY-Four-e\u0301lectrique-300x300.jpg 300w, https:\/\/www.maisonwabisabi.com\/wp-content\/uploads\/2022\/03\/Ve\u0301ronique-MAURY-Four-e\u0301lectrique-100x100.jpg 100w, https:\/\/www.maisonwabisabi.com\/wp-content\/uploads\/2022\/03\/Ve\u0301ronique-MAURY-Four-e\u0301lectrique-600x600.jpg 600w, https:\/\/www.maisonwabisabi.com\/wp-content\/uploads\/2022\/03\/Ve\u0301ronique-MAURY-Four-e\u0301lectrique-150x150.jpg 150w, https:\/\/www.maisonwabisabi.com\/wp-content\/uploads\/2022\/03\/Ve\u0301ronique-MAURY-Four-e\u0301lectrique-768x768.jpg 768w\" sizes=\"auto, (max-width: 1024px) 100vw, 1024px\" \/><\/figure><div class=\"wp-block-media-text__content\">\n<p><\/p>\n\n\n\n<p class=\"has-black-color has-text-color\" style=\"font-size:17px\">\u00ab\u00a0J&rsquo;ai 2 fours \u00e9lectriques (150 et 165 litres) et un four \u00e0 bois r\u00e9cemment construit qui n&rsquo;a servi qu&rsquo;une seule fois pour l&rsquo;instant. L\u00e0 o\u00f9 j&rsquo;habite il m&rsquo;est difficile d&rsquo;avoir une cuve de gaz, d&rsquo;o\u00f9 mes fours \u00e9lectriques. Mes cuissons durent 7 heures pour le biscuit (980\u00b0C), et 8 heures pour la cuisson d&rsquo;\u00e9mail (gr\u00e8s, 1280\u00b0C).<\/p>\n\n\n\n<p class=\"has-black-color has-text-color\" style=\"font-size:17px\">A chaque ouverture de four, je suis rassur\u00e9e quand tout s&rsquo;est bien d\u00e9roul\u00e9, si je vois que je n&rsquo;ai pas fait d&rsquo;erreur. Tous les potiers sont impatients d&rsquo;ouvrir leur four. Les \u00e9checs ne me d\u00e9couragent pas, ils me donnent l&rsquo;envie de recommencer.<\/p>\n\n\n\n<p class=\"has-black-color has-text-color\" style=\"font-size:17px\">L&rsquo;envie du four \u00e0 bois est venue apr\u00e8s, par go\u00fbt du feu, dans le but de produire des pi\u00e8ces sur lesquelles le passage de la flamme laisse son empreinte, et pour pouvoir utiliser le ph\u00e9nom\u00e8ne de r\u00e9duction sur le rendu des \u00e9maux.  J&rsquo;ai con\u00e7u mon four \u00e0 bois pour pouvoir mener seule une cuisson sur une journ\u00e9e. Le pin et le ch\u00eane vert sont disponibles sur place et sont compl\u00e9mentaires.\u00a0\u00bb<\/p>\n<\/div><\/div>\n\n\n\n<div class=\"wp-block-media-text has-media-on-the-right is-stacked-on-mobile\"><div class=\"wp-block-media-text__content\">\n<p><\/p>\n\n\n\n<p class=\"has-text-align-left has-black-color has-text-color\" style=\"font-size:17px\">\u00ab\u00a0Mon \u00e9mail principal, celui qui recouvre la plupart de mes pi\u00e8ces, est une adaptation d&rsquo;un Kudo-Matto japonais, que je pose par-dessus l&rsquo;engobe et le d\u00e9cor. C&rsquo;est un \u00e9mail que j&rsquo;assemble moi-m\u00eame \u00e0 base de poudres de roches. En r\u00e8gle g\u00e9n\u00e9rale, pas d&rsquo;\u00e9mail tout pr\u00eat, sauf pour quelques essais de superpositions pour une commande sp\u00e9cifique.<\/p>\n\n\n\n<p class=\"has-text-align-left has-black-color has-text-color\" style=\"font-size:17px\">Bien qu&rsquo;\u00e9tant centr\u00e9e sur les objets du th\u00e9, ma gamme de pi\u00e8ces est assez large, puisqu&rsquo;ouverte aussi sur les arts de la table et le v\u00e9g\u00e9tal. Je ne suis aucune mode, juste ce qui me parle comme couleurs, textures et formes. J&rsquo;ai sans cesse d&rsquo;autres id\u00e9es, d&rsquo;autres envies. Les commandes aussi me portent vers d&rsquo;autres chemins. <\/p>\n\n\n\n<p class=\"has-text-align-left has-black-color has-text-color\" style=\"font-size:17px\">Je prends beaucoup de plaisir \u00e0 parler de la c\u00e9ramique et du th\u00e9 avec qui veut mais je ne donne pas de cours particuliers.\u00a0\u00bb<\/p>\n<\/div><figure class=\"wp-block-media-text__media\"><img loading=\"lazy\" decoding=\"async\" width=\"1024\" height=\"1024\" src=\"https:\/\/www.maisonwabisabi.com\/wp-content\/uploads\/2022\/03\/Ve\u0301ronique-MAURY-Tour-de-potier.jpg\" alt=\"\" class=\"wp-image-3555 size-full\" srcset=\"https:\/\/www.maisonwabisabi.com\/wp-content\/uploads\/2022\/03\/Ve\u0301ronique-MAURY-Tour-de-potier.jpg 1024w, https:\/\/www.maisonwabisabi.com\/wp-content\/uploads\/2022\/03\/Ve\u0301ronique-MAURY-Tour-de-potier-300x300.jpg 300w, https:\/\/www.maisonwabisabi.com\/wp-content\/uploads\/2022\/03\/Ve\u0301ronique-MAURY-Tour-de-potier-100x100.jpg 100w, https:\/\/www.maisonwabisabi.com\/wp-content\/uploads\/2022\/03\/Ve\u0301ronique-MAURY-Tour-de-potier-600x600.jpg 600w, https:\/\/www.maisonwabisabi.com\/wp-content\/uploads\/2022\/03\/Ve\u0301ronique-MAURY-Tour-de-potier-150x150.jpg 150w, https:\/\/www.maisonwabisabi.com\/wp-content\/uploads\/2022\/03\/Ve\u0301ronique-MAURY-Tour-de-potier-768x768.jpg 768w\" sizes=\"auto, (max-width: 1024px) 100vw, 1024px\" \/><\/figure><\/div>\n\n\n\n<div class=\"wp-block-media-text is-stacked-on-mobile\"><figure class=\"wp-block-media-text__media\"><img loading=\"lazy\" decoding=\"async\" width=\"1024\" height=\"1024\" src=\"https:\/\/www.maisonwabisabi.com\/wp-content\/uploads\/2022\/03\/Ve\u0301ronique-MAURY-Four-a\u0300-bois.jpg\" alt=\"\" class=\"wp-image-3558 size-full\" srcset=\"https:\/\/www.maisonwabisabi.com\/wp-content\/uploads\/2022\/03\/Ve\u0301ronique-MAURY-Four-a\u0300-bois.jpg 1024w, https:\/\/www.maisonwabisabi.com\/wp-content\/uploads\/2022\/03\/Ve\u0301ronique-MAURY-Four-a\u0300-bois-300x300.jpg 300w, https:\/\/www.maisonwabisabi.com\/wp-content\/uploads\/2022\/03\/Ve\u0301ronique-MAURY-Four-a\u0300-bois-100x100.jpg 100w, https:\/\/www.maisonwabisabi.com\/wp-content\/uploads\/2022\/03\/Ve\u0301ronique-MAURY-Four-a\u0300-bois-600x600.jpg 600w, https:\/\/www.maisonwabisabi.com\/wp-content\/uploads\/2022\/03\/Ve\u0301ronique-MAURY-Four-a\u0300-bois-150x150.jpg 150w, https:\/\/www.maisonwabisabi.com\/wp-content\/uploads\/2022\/03\/Ve\u0301ronique-MAURY-Four-a\u0300-bois-768x768.jpg 768w\" sizes=\"auto, (max-width: 1024px) 100vw, 1024px\" \/><\/figure><div class=\"wp-block-media-text__content\">\n<p><\/p>\n\n\n\n<p class=\"has-black-color has-text-color\" style=\"font-size:17px\">\u00ab\u00a0Ce qui me para\u00eet indispensable dans la transmission c&rsquo;est partager les connaissances que l&rsquo;on a, les pistes de recherche et leurs r\u00e9sultats, pour que chacun dans son coin ne recommence pas sans cesse \u00e0 z\u00e9ro.<\/p>\n\n\n\n<p class=\"has-black-color has-text-color\" style=\"font-size:17px\">Je suis tr\u00e8s attach\u00e9e \u00e0 l&rsquo;id\u00e9e du collectif, du partage, de l&rsquo;\u00e9change, de la solidarit\u00e9. Je fais partie depuis longtemps de <a href=\"https:\/\/www.terresdeprovence.org\/\" target=\"_blank\" rel=\"noreferrer noopener\"><mark style=\"background-color:rgba(0, 0, 0, 0);color:#8d9a83\" class=\"has-inline-color\">Terres de Provence<\/mark><\/a>, association r\u00e9gionale des c\u00e9ramistes de PACA, faisant partie du <a href=\"http:\/\/www.collectif-ceramistes.org\/\" target=\"_blank\" rel=\"noreferrer noopener\"><mark style=\"background-color:rgba(0, 0, 0, 0);color:#8d9a83\" class=\"has-inline-color\">Collectif National des C\u00e9ramistes<\/mark><\/a>.<\/p>\n\n\n\n<p class=\"has-black-color has-text-color\" style=\"font-size:17px\">J&rsquo;ai ador\u00e9 la confrontation avec le feu pendant toutes les ann\u00e9es o\u00f9 j&rsquo;ai pratiqu\u00e9 le raku, d&rsquo;o\u00f9 l&rsquo;envie d&rsquo;avoir maintenant mon four \u00e0 bois.<\/p>\n\n\n\n<p class=\"has-black-color has-text-color\" style=\"font-size:17px\">Ma relation \u00e0 la cr\u00e9ation est loin de n&rsquo;\u00eatre \u00ab\u00a0que du bonheur\u00a0\u00bb, elle est compliqu\u00e9e et conflictuelle, pleine de doutes et de questionnements dont il m&rsquo;est quelques fois difficile de sortir. Heureusement il y a l&rsquo;\u0153il de l&rsquo;autre et son regard pour me rassurer et me faire avancer.\u00a0\u00bb<\/p>\n<\/div><\/div>\n\n\n\n<div class=\"wp-block-media-text has-media-on-the-right is-stacked-on-mobile\"><div class=\"wp-block-media-text__content\">\n<p><\/p>\n\n\n\n<h3 class=\"wp-block-heading has-text-align-left has-black-color has-text-color\" style=\"font-size:17px\"><strong><mark style=\"background-color:rgba(0, 0, 0, 0);color:#7d4e2d\" class=\"has-inline-color\">V\u00e9ronique MAURY en 7 dates importantes :<\/mark><\/strong><\/h3>\n\n\n\n<p class=\"has-text-align-left has-black-color has-text-color\" style=\"font-size:17px\">1978 : Stage et rencontre avec Norbert PIERLOT \u00e0 Ratilly.<\/p>\n\n\n\n<p class=\"has-text-align-left has-black-color has-text-color\" style=\"font-size:17px\">2009 : Formation professionnelle \u00e0 Chemins de Terres (maintenant Atelier Chemins de la C\u00e9ramique).<\/p>\n\n\n\n<p class=\"has-text-align-left has-black-color has-text-color\" style=\"font-size:17px\">2013 : Formation \u00e0 l&rsquo;Ecole du Th\u00e9 du Palais des Th\u00e9s.<\/p>\n\n\n\n<p class=\"has-text-align-left has-black-color has-text-color\" style=\"font-size:17px\">2018 \/ 2023 \/ 2025 : Voyages au Japon.<\/p>\n\n\n\n<p class=\"has-text-align-left has-black-color has-text-color\" style=\"font-size:17px\">2020 : Cr\u00e9ation de mon compte Instagram pendant le premier confinement qui m&rsquo;a ouvert d&rsquo;autres horizons, et donn\u00e9 un nouveau souffle.<\/p>\n\n\n\n<p><\/p>\n\n\n\n<p class=\"has-text-align-left has-black-color has-text-color\" style=\"font-size:17px\">\u00ab\u00a0Ce qui n&rsquo;est pas advenu offre la passion de poursuivre &#8211; Jacqueline LERAT\u00a0\u00bb<\/p>\n<\/div><figure class=\"wp-block-media-text__media\"><img loading=\"lazy\" decoding=\"async\" width=\"1024\" height=\"1024\" src=\"https:\/\/www.maisonwabisabi.com\/wp-content\/uploads\/2022\/03\/Ve\u0301ronique-MAURY-Se\u0301chage.jpg\" alt=\"Ve\u0301ronique MAURY - Se\u0301chage\" class=\"wp-image-3552 size-full\" srcset=\"https:\/\/www.maisonwabisabi.com\/wp-content\/uploads\/2022\/03\/Ve\u0301ronique-MAURY-Se\u0301chage.jpg 1024w, https:\/\/www.maisonwabisabi.com\/wp-content\/uploads\/2022\/03\/Ve\u0301ronique-MAURY-Se\u0301chage-300x300.jpg 300w, https:\/\/www.maisonwabisabi.com\/wp-content\/uploads\/2022\/03\/Ve\u0301ronique-MAURY-Se\u0301chage-100x100.jpg 100w, https:\/\/www.maisonwabisabi.com\/wp-content\/uploads\/2022\/03\/Ve\u0301ronique-MAURY-Se\u0301chage-600x600.jpg 600w, https:\/\/www.maisonwabisabi.com\/wp-content\/uploads\/2022\/03\/Ve\u0301ronique-MAURY-Se\u0301chage-150x150.jpg 150w, https:\/\/www.maisonwabisabi.com\/wp-content\/uploads\/2022\/03\/Ve\u0301ronique-MAURY-Se\u0301chage-768x768.jpg 768w\" sizes=\"auto, (max-width: 1024px) 100vw, 1024px\" \/><\/figure><\/div>\n\n\n\n<div style=\"height:20px\" aria-hidden=\"true\" class=\"wp-block-spacer\"><\/div>\n\n\n\n<p class=\"has-text-align-center has-black-color has-text-color\" style=\"font-size:15px\">Source des photos et des textes : V\u00e9ronique MAURY et Yann san<\/p>\n\n\n\n<div style=\"height:100px\" aria-hidden=\"true\" class=\"wp-block-spacer\"><\/div>","protected":false},"excerpt":{"rendered":"<p>V\u00e9ronique MAURY et ses cr\u00e9ations (1959-) Originaire du sud de la France, Perpignan et Avignon par ses 2 parents et [&hellip;]<\/p>\n","protected":false},"author":1,"featured_media":0,"comment_status":"closed","ping_status":"closed","sticky":false,"template":"","format":"standard","meta":{"site-sidebar-layout":"default","site-content-layout":"","ast-site-content-layout":"default","site-content-style":"default","site-sidebar-style":"default","ast-global-header-display":"","ast-banner-title-visibility":"","ast-main-header-display":"","ast-hfb-above-header-display":"","ast-hfb-below-header-display":"","ast-hfb-mobile-header-display":"","site-post-title":"disabled","ast-breadcrumbs-content":"","ast-featured-img":"","footer-sml-layout":"","ast-disable-related-posts":"","theme-transparent-header-meta":"","adv-header-id-meta":"","stick-header-meta":"","header-above-stick-meta":"","header-main-stick-meta":"","header-below-stick-meta":"","astra-migrate-meta-layouts":"default","ast-page-background-enabled":"default","ast-page-background-meta":{"desktop":{"background-color":"var(--ast-global-color-5)","background-image":"","background-repeat":"repeat","background-position":"center center","background-size":"auto","background-attachment":"scroll","background-type":"","background-media":"","overlay-type":"","overlay-color":"","overlay-opacity":"","overlay-gradient":""},"tablet":{"background-color":"","background-image":"","background-repeat":"repeat","background-position":"center center","background-size":"auto","background-attachment":"scroll","background-type":"","background-media":"","overlay-type":"","overlay-color":"","overlay-opacity":"","overlay-gradient":""},"mobile":{"background-color":"","background-image":"","background-repeat":"repeat","background-position":"center center","background-size":"auto","background-attachment":"scroll","background-type":"","background-media":"","overlay-type":"","overlay-color":"","overlay-opacity":"","overlay-gradient":""}},"ast-content-background-meta":{"desktop":{"background-color":"var(--ast-global-color-4)","background-image":"","background-repeat":"repeat","background-position":"center center","background-size":"auto","background-attachment":"scroll","background-type":"","background-media":"","overlay-type":"","overlay-color":"","overlay-opacity":"","overlay-gradient":""},"tablet":{"background-color":"var(--ast-global-color-4)","background-image":"","background-repeat":"repeat","background-position":"center center","background-size":"auto","background-attachment":"scroll","background-type":"","background-media":"","overlay-type":"","overlay-color":"","overlay-opacity":"","overlay-gradient":""},"mobile":{"background-color":"var(--ast-global-color-4)","background-image":"","background-repeat":"repeat","background-position":"center center","background-size":"auto","background-attachment":"scroll","background-type":"","background-media":"","overlay-type":"","overlay-color":"","overlay-opacity":"","overlay-gradient":""}},"footnotes":""},"categories":[76],"tags":[],"class_list":["post-3394","post","type-post","status-publish","format-standard","hentry","category-ceramistes"],"yoast_head":"<!-- This site is optimized with the Yoast SEO plugin v27.5 - https:\/\/yoast.com\/product\/yoast-seo-wordpress\/ -->\n<title>V\u00e9ronique MAURY - Maison Wabi-Sabi - C\u00e9ramistes<\/title>\n<meta name=\"description\" content=\"V\u00e9ronique MAURY est \u00e0 St. Saturnin l\u00e8s Apt, Vaucluse. H\u00e2te de vous pr\u00e9senter ses cr\u00e9ations dans la boutique. C\u00e9ramique fran\u00e7aise.\" \/>\n<meta name=\"robots\" content=\"index, follow, max-snippet:-1, max-image-preview:large, max-video-preview:-1\" \/>\n<link rel=\"canonical\" href=\"https:\/\/www.maisonwabisabi.com\/en\/veronique-maury\/\" \/>\n<meta property=\"og:locale\" content=\"en_GB\" \/>\n<meta property=\"og:type\" content=\"article\" \/>\n<meta property=\"og:title\" content=\"V\u00e9ronique MAURY - Maison Wabi-Sabi - C\u00e9ramistes\" \/>\n<meta property=\"og:description\" content=\"V\u00e9ronique MAURY est \u00e0 St. Saturnin l\u00e8s Apt, Vaucluse. H\u00e2te de vous pr\u00e9senter ses cr\u00e9ations dans la boutique. C\u00e9ramique fran\u00e7aise.\" \/>\n<meta property=\"og:url\" content=\"https:\/\/www.maisonwabisabi.com\/en\/veronique-maury\/\" \/>\n<meta property=\"og:site_name\" content=\"Maison Wabi-Sabi\" \/>\n<meta property=\"article:publisher\" content=\"https:\/\/www.facebook.com\/MaisonWabiSabi\" \/>\n<meta property=\"article:author\" content=\"https:\/\/www.facebook.com\/MaisonWabiSabi\" \/>\n<meta property=\"article:published_time\" content=\"2022-03-17T17:23:18+00:00\" \/>\n<meta property=\"article:modified_time\" content=\"2025-08-07T22:13:43+00:00\" \/>\n<meta name=\"author\" content=\"Yann san\" \/>\n<meta name=\"twitter:card\" content=\"summary_large_image\" \/>\n<meta name=\"twitter:label1\" content=\"Written by\" \/>\n\t<meta name=\"twitter:data1\" content=\"Yann san\" \/>\n\t<meta name=\"twitter:label2\" content=\"Estimated reading time\" \/>\n\t<meta name=\"twitter:data2\" content=\"8 minutes\" \/>\n<script type=\"application\/ld+json\" class=\"yoast-schema-graph\">{\"@context\":\"https:\\\/\\\/schema.org\",\"@graph\":[{\"@type\":\"Article\",\"@id\":\"https:\\\/\\\/www.maisonwabisabi.com\\\/veronique-maury\\\/#article\",\"isPartOf\":{\"@id\":\"https:\\\/\\\/www.maisonwabisabi.com\\\/veronique-maury\\\/\"},\"author\":{\"name\":\"Yann san\",\"@id\":\"https:\\\/\\\/www.maisonwabisabi.com\\\/#\\\/schema\\\/person\\\/b2458bb9fa2737d1a11eabc63d3aabc9\"},\"headline\":\"Rencontre avec V\u00e9ronique MAURY C\u00e9ramiste fran\u00e7aise \u00e0 St Saturnin L\u00e8s Apt\",\"datePublished\":\"2022-03-17T17:23:18+00:00\",\"dateModified\":\"2025-08-07T22:13:43+00:00\",\"mainEntityOfPage\":{\"@id\":\"https:\\\/\\\/www.maisonwabisabi.com\\\/veronique-maury\\\/\"},\"wordCount\":1279,\"publisher\":{\"@id\":\"https:\\\/\\\/www.maisonwabisabi.com\\\/#organization\"},\"articleSection\":[\"C\u00e9ramistes\"],\"inLanguage\":\"en-GB\"},{\"@type\":\"WebPage\",\"@id\":\"https:\\\/\\\/www.maisonwabisabi.com\\\/veronique-maury\\\/\",\"url\":\"https:\\\/\\\/www.maisonwabisabi.com\\\/veronique-maury\\\/\",\"name\":\"V\u00e9ronique MAURY - Maison Wabi-Sabi - C\u00e9ramistes\",\"isPartOf\":{\"@id\":\"https:\\\/\\\/www.maisonwabisabi.com\\\/#website\"},\"datePublished\":\"2022-03-17T17:23:18+00:00\",\"dateModified\":\"2025-08-07T22:13:43+00:00\",\"description\":\"V\u00e9ronique MAURY est \u00e0 St. Saturnin l\u00e8s Apt, Vaucluse. H\u00e2te de vous pr\u00e9senter ses cr\u00e9ations dans la boutique. C\u00e9ramique fran\u00e7aise.\",\"breadcrumb\":{\"@id\":\"https:\\\/\\\/www.maisonwabisabi.com\\\/veronique-maury\\\/#breadcrumb\"},\"inLanguage\":\"en-GB\",\"potentialAction\":[{\"@type\":\"ReadAction\",\"target\":[\"https:\\\/\\\/www.maisonwabisabi.com\\\/veronique-maury\\\/\"]}]},{\"@type\":\"BreadcrumbList\",\"@id\":\"https:\\\/\\\/www.maisonwabisabi.com\\\/veronique-maury\\\/#breadcrumb\",\"itemListElement\":[{\"@type\":\"ListItem\",\"position\":1,\"name\":\"Bienvenue\",\"item\":\"https:\\\/\\\/www.maisonwabisabi.com\\\/\"},{\"@type\":\"ListItem\",\"position\":2,\"name\":\"Rencontre avec V\u00e9ronique MAURY C\u00e9ramiste fran\u00e7aise \u00e0 St Saturnin L\u00e8s Apt\"}]},{\"@type\":\"WebSite\",\"@id\":\"https:\\\/\\\/www.maisonwabisabi.com\\\/#website\",\"url\":\"https:\\\/\\\/www.maisonwabisabi.com\\\/\",\"name\":\"Maison Wabi-Sabi\",\"description\":\"\",\"publisher\":{\"@id\":\"https:\\\/\\\/www.maisonwabisabi.com\\\/#organization\"},\"potentialAction\":[{\"@type\":\"SearchAction\",\"target\":{\"@type\":\"EntryPoint\",\"urlTemplate\":\"https:\\\/\\\/www.maisonwabisabi.com\\\/?s={search_term_string}\"},\"query-input\":{\"@type\":\"PropertyValueSpecification\",\"valueRequired\":true,\"valueName\":\"search_term_string\"}}],\"inLanguage\":\"en-GB\"},{\"@type\":\"Organization\",\"@id\":\"https:\\\/\\\/www.maisonwabisabi.com\\\/#organization\",\"name\":\"Maison Wabi-Sabi\",\"url\":\"https:\\\/\\\/www.maisonwabisabi.com\\\/\",\"logo\":{\"@type\":\"ImageObject\",\"inLanguage\":\"en-GB\",\"@id\":\"https:\\\/\\\/www.maisonwabisabi.com\\\/#\\\/schema\\\/logo\\\/image\\\/\",\"url\":\"https:\\\/\\\/www.maisonwabisabi.com\\\/wp-content\\\/uploads\\\/2021\\\/11\\\/Logo-de-maison-Wabi-Sabi.jpg\",\"contentUrl\":\"https:\\\/\\\/www.maisonwabisabi.com\\\/wp-content\\\/uploads\\\/2021\\\/11\\\/Logo-de-maison-Wabi-Sabi.jpg\",\"width\":1024,\"height\":1024,\"caption\":\"Maison Wabi-Sabi\"},\"image\":{\"@id\":\"https:\\\/\\\/www.maisonwabisabi.com\\\/#\\\/schema\\\/logo\\\/image\\\/\"},\"sameAs\":[\"https:\\\/\\\/www.facebook.com\\\/MaisonWabiSabi\",\"https:\\\/\\\/www.instagram.com\\\/maison.wabi.sabi\\\/?hl=fr\",\"https:\\\/\\\/www.linkedin.com\\\/company\\\/69088467\"]},{\"@type\":\"Person\",\"@id\":\"https:\\\/\\\/www.maisonwabisabi.com\\\/#\\\/schema\\\/person\\\/b2458bb9fa2737d1a11eabc63d3aabc9\",\"name\":\"Yann san\",\"sameAs\":[\"https:\\\/\\\/www.maisonwabisabi.com\",\"https:\\\/\\\/www.facebook.com\\\/MaisonWabiSabi\",\"https:\\\/\\\/www.instagram.com\\\/maison.wabi.sabi\\\/\"],\"url\":\"https:\\\/\\\/www.maisonwabisabi.com\\\/en\\\/author\\\/4729952\\\/\"}]}<\/script>\n<!-- \/ Yoast SEO plugin. -->","yoast_head_json":{"title":"V\u00e9ronique MAURY - Maison Wabi-Sabi - C\u00e9ramistes","description":"V\u00e9ronique MAURY est \u00e0 St. Saturnin l\u00e8s Apt, Vaucluse. H\u00e2te de vous pr\u00e9senter ses cr\u00e9ations dans la boutique. C\u00e9ramique fran\u00e7aise.","robots":{"index":"index","follow":"follow","max-snippet":"max-snippet:-1","max-image-preview":"max-image-preview:large","max-video-preview":"max-video-preview:-1"},"canonical":"https:\/\/www.maisonwabisabi.com\/en\/veronique-maury\/","og_locale":"en_GB","og_type":"article","og_title":"V\u00e9ronique MAURY - Maison Wabi-Sabi - C\u00e9ramistes","og_description":"V\u00e9ronique MAURY est \u00e0 St. Saturnin l\u00e8s Apt, Vaucluse. H\u00e2te de vous pr\u00e9senter ses cr\u00e9ations dans la boutique. C\u00e9ramique fran\u00e7aise.","og_url":"https:\/\/www.maisonwabisabi.com\/en\/veronique-maury\/","og_site_name":"Maison Wabi-Sabi","article_publisher":"https:\/\/www.facebook.com\/MaisonWabiSabi","article_author":"https:\/\/www.facebook.com\/MaisonWabiSabi","article_published_time":"2022-03-17T17:23:18+00:00","article_modified_time":"2025-08-07T22:13:43+00:00","author":"Yann san","twitter_card":"summary_large_image","twitter_misc":{"Written by":"Yann san","Estimated reading time":"8 minutes"},"schema":{"@context":"https:\/\/schema.org","@graph":[{"@type":"Article","@id":"https:\/\/www.maisonwabisabi.com\/veronique-maury\/#article","isPartOf":{"@id":"https:\/\/www.maisonwabisabi.com\/veronique-maury\/"},"author":{"name":"Yann san","@id":"https:\/\/www.maisonwabisabi.com\/#\/schema\/person\/b2458bb9fa2737d1a11eabc63d3aabc9"},"headline":"Rencontre avec V\u00e9ronique MAURY C\u00e9ramiste fran\u00e7aise \u00e0 St Saturnin L\u00e8s Apt","datePublished":"2022-03-17T17:23:18+00:00","dateModified":"2025-08-07T22:13:43+00:00","mainEntityOfPage":{"@id":"https:\/\/www.maisonwabisabi.com\/veronique-maury\/"},"wordCount":1279,"publisher":{"@id":"https:\/\/www.maisonwabisabi.com\/#organization"},"articleSection":["C\u00e9ramistes"],"inLanguage":"en-GB"},{"@type":"WebPage","@id":"https:\/\/www.maisonwabisabi.com\/veronique-maury\/","url":"https:\/\/www.maisonwabisabi.com\/veronique-maury\/","name":"V\u00e9ronique MAURY - Maison Wabi-Sabi - C\u00e9ramistes","isPartOf":{"@id":"https:\/\/www.maisonwabisabi.com\/#website"},"datePublished":"2022-03-17T17:23:18+00:00","dateModified":"2025-08-07T22:13:43+00:00","description":"V\u00e9ronique MAURY est \u00e0 St. Saturnin l\u00e8s Apt, Vaucluse. H\u00e2te de vous pr\u00e9senter ses cr\u00e9ations dans la boutique. C\u00e9ramique fran\u00e7aise.","breadcrumb":{"@id":"https:\/\/www.maisonwabisabi.com\/veronique-maury\/#breadcrumb"},"inLanguage":"en-GB","potentialAction":[{"@type":"ReadAction","target":["https:\/\/www.maisonwabisabi.com\/veronique-maury\/"]}]},{"@type":"BreadcrumbList","@id":"https:\/\/www.maisonwabisabi.com\/veronique-maury\/#breadcrumb","itemListElement":[{"@type":"ListItem","position":1,"name":"Bienvenue","item":"https:\/\/www.maisonwabisabi.com\/"},{"@type":"ListItem","position":2,"name":"Rencontre avec V\u00e9ronique MAURY C\u00e9ramiste fran\u00e7aise \u00e0 St Saturnin L\u00e8s Apt"}]},{"@type":"WebSite","@id":"https:\/\/www.maisonwabisabi.com\/#website","url":"https:\/\/www.maisonwabisabi.com\/","name":"Maison Wabi-Sabi","description":"","publisher":{"@id":"https:\/\/www.maisonwabisabi.com\/#organization"},"potentialAction":[{"@type":"SearchAction","target":{"@type":"EntryPoint","urlTemplate":"https:\/\/www.maisonwabisabi.com\/?s={search_term_string}"},"query-input":{"@type":"PropertyValueSpecification","valueRequired":true,"valueName":"search_term_string"}}],"inLanguage":"en-GB"},{"@type":"Organization","@id":"https:\/\/www.maisonwabisabi.com\/#organization","name":"Maison Wabi-Sabi","url":"https:\/\/www.maisonwabisabi.com\/","logo":{"@type":"ImageObject","inLanguage":"en-GB","@id":"https:\/\/www.maisonwabisabi.com\/#\/schema\/logo\/image\/","url":"https:\/\/www.maisonwabisabi.com\/wp-content\/uploads\/2021\/11\/Logo-de-maison-Wabi-Sabi.jpg","contentUrl":"https:\/\/www.maisonwabisabi.com\/wp-content\/uploads\/2021\/11\/Logo-de-maison-Wabi-Sabi.jpg","width":1024,"height":1024,"caption":"Maison Wabi-Sabi"},"image":{"@id":"https:\/\/www.maisonwabisabi.com\/#\/schema\/logo\/image\/"},"sameAs":["https:\/\/www.facebook.com\/MaisonWabiSabi","https:\/\/www.instagram.com\/maison.wabi.sabi\/?hl=fr","https:\/\/www.linkedin.com\/company\/69088467"]},{"@type":"Person","@id":"https:\/\/www.maisonwabisabi.com\/#\/schema\/person\/b2458bb9fa2737d1a11eabc63d3aabc9","name":"Yann san","sameAs":["https:\/\/www.maisonwabisabi.com","https:\/\/www.facebook.com\/MaisonWabiSabi","https:\/\/www.instagram.com\/maison.wabi.sabi\/"],"url":"https:\/\/www.maisonwabisabi.com\/en\/author\/4729952\/"}]}},"_links":{"self":[{"href":"https:\/\/www.maisonwabisabi.com\/en\/wp-json\/wp\/v2\/posts\/3394","targetHints":{"allow":["GET"]}}],"collection":[{"href":"https:\/\/www.maisonwabisabi.com\/en\/wp-json\/wp\/v2\/posts"}],"about":[{"href":"https:\/\/www.maisonwabisabi.com\/en\/wp-json\/wp\/v2\/types\/post"}],"author":[{"embeddable":true,"href":"https:\/\/www.maisonwabisabi.com\/en\/wp-json\/wp\/v2\/users\/1"}],"replies":[{"embeddable":true,"href":"https:\/\/www.maisonwabisabi.com\/en\/wp-json\/wp\/v2\/comments?post=3394"}],"version-history":[{"count":2,"href":"https:\/\/www.maisonwabisabi.com\/en\/wp-json\/wp\/v2\/posts\/3394\/revisions"}],"predecessor-version":[{"id":36213,"href":"https:\/\/www.maisonwabisabi.com\/en\/wp-json\/wp\/v2\/posts\/3394\/revisions\/36213"}],"wp:attachment":[{"href":"https:\/\/www.maisonwabisabi.com\/en\/wp-json\/wp\/v2\/media?parent=3394"}],"wp:term":[{"taxonomy":"category","embeddable":true,"href":"https:\/\/www.maisonwabisabi.com\/en\/wp-json\/wp\/v2\/categories?post=3394"},{"taxonomy":"post_tag","embeddable":true,"href":"https:\/\/www.maisonwabisabi.com\/en\/wp-json\/wp\/v2\/tags?post=3394"}],"curies":[{"name":"wp","href":"https:\/\/api.w.org\/{rel}","templated":true}]}}