{"id":33272,"date":"2025-03-25T23:42:30","date_gmt":"2025-03-25T22:42:30","guid":{"rendered":"https:\/\/www.maisonwabisabi.com\/?p=33272"},"modified":"2025-09-02T23:00:22","modified_gmt":"2025-09-02T21:00:22","slug":"romain-van-den-bogaert","status":"publish","type":"post","link":"https:\/\/www.maisonwabisabi.com\/en\/romain-van-den-bogaert\/","title":{"rendered":"Rencontre avec Romain VAN DEN BOGAERT Sculpteur sur bois \u00e0 Le Forez"},"content":{"rendered":"<div style=\"height:20px\" aria-hidden=\"true\" class=\"wp-block-spacer\"><\/div>\n\n\n\n<div class=\"wp-block-media-text is-stacked-on-mobile\"><figure class=\"wp-block-media-text__media\"><img loading=\"lazy\" decoding=\"async\" width=\"1024\" height=\"1024\" src=\"https:\/\/www.maisonwabisabi.com\/wp-content\/uploads\/2025\/04\/Romain-VAN-DEN-BOGAERT-Portrait-1024x1024.jpg\" alt=\"Romain VAN DEN BOGAERT - Portrait\" class=\"wp-image-33294 size-full\" srcset=\"https:\/\/www.maisonwabisabi.com\/wp-content\/uploads\/2025\/04\/Romain-VAN-DEN-BOGAERT-Portrait-1024x1024.jpg 1024w, https:\/\/www.maisonwabisabi.com\/wp-content\/uploads\/2025\/04\/Romain-VAN-DEN-BOGAERT-Portrait-300x300.jpg 300w, https:\/\/www.maisonwabisabi.com\/wp-content\/uploads\/2025\/04\/Romain-VAN-DEN-BOGAERT-Portrait-150x150.jpg 150w, https:\/\/www.maisonwabisabi.com\/wp-content\/uploads\/2025\/04\/Romain-VAN-DEN-BOGAERT-Portrait-768x768.jpg 768w, https:\/\/www.maisonwabisabi.com\/wp-content\/uploads\/2025\/04\/Romain-VAN-DEN-BOGAERT-Portrait-600x600.jpg 600w, https:\/\/www.maisonwabisabi.com\/wp-content\/uploads\/2025\/04\/Romain-VAN-DEN-BOGAERT-Portrait-100x100.jpg 100w, https:\/\/www.maisonwabisabi.com\/wp-content\/uploads\/2025\/04\/Romain-VAN-DEN-BOGAERT-Portrait.jpg 1026w\" sizes=\"auto, (max-width: 1024px) 100vw, 1024px\" \/><\/figure><div class=\"wp-block-media-text__content\">\n<p><\/p>\n\n\n\n<h2 class=\"wp-block-heading has-black-color has-text-color\" style=\"font-size:21px\"><strong><mark style=\"background-color:rgba(0, 0, 0, 0);color:#7d4e2d\" class=\"has-inline-color\">Romain VAN DEN BOGAERT et<\/mark> <a href=\"https:\/\/www.maisonwabisabi.com\/en\/product-category\/autres-artisanats\/objet-utile-en-bois\/\" target=\"_blank\" rel=\"noreferrer noopener\">ses cr\u00e9ations<\/a><\/strong><\/h2>\n\n\n\n<p class=\"has-black-color has-text-color\" style=\"font-size:17px\">(1987-)<\/p>\n\n\n\n<p class=\"has-black-color has-text-color\" style=\"font-size:17px\">Originaire de banlieue parisienne. Son atelier est situ\u00e9 \u00e0 Forez, dans le Massif Central. Il se nomme \u00ab\u00a0Yume Project\u00a0\u00bb. Yume signifie R\u00eave en japonais. Romain est un ancien scientifique. Il est sculpteur figuratif et artisan designer. Il se situe quelque part dans un continuum entre la sculpture et l\u2019objet utilitaire.<\/p>\n\n\n\n<p class=\"has-black-color has-text-color has-link-color wp-elements-7b625cc67f487fa6805b955595db2fc3\" style=\"font-size:17px\">\u00ab\u00a0J&rsquo;ai d\u00e9couvert la c\u00e9ramique et le travail du bois via mon go\u00fbt pour ce qu&rsquo;on appelle les \u00ab\u00a0arts premiers\u00a0\u00bb. J&rsquo;ai commenc\u00e9 \u00e0 travailler le bois et la c\u00e9ramique il y a seulement quelques ann\u00e9es, et de fa\u00e7on plus assidue depuis 1 an. Je suis au d\u00e9but d&rsquo;un long parcours. Je viens du monde du design et de la manufacture d&rsquo;objet via l&rsquo;aspect esth\u00e9tique. J&rsquo;aime les objets et je suis sensible \u00e0 leur beaut\u00e9. \u00c9tant curieux de nombreux processus de cr\u00e9ations j&rsquo;ai progressivement voulu apprendre le fa\u00e7onnage du bois et la cr\u00e9ation de poterie de fa\u00e7on assez intuitive.\u00a0\u00bb<\/p>\n<\/div><\/div>\n\n\n\n<div class=\"wp-block-media-text has-media-on-the-right is-stacked-on-mobile\"><div class=\"wp-block-media-text__content\">\n<p><\/p>\n\n\n\n<p class=\"has-black-color has-text-color has-link-color wp-elements-dd87469b1f2daeec778929e433c839f1\" style=\"font-size:17px\">Je suis \u00e9galement port\u00e9 par un aspect du monde contemporain, c&rsquo;est \u00e0 dire la n\u00e9cessit\u00e9 de me recentrer vers la cr\u00e9ation d&rsquo;objets utiles et l&rsquo;utilisation de mat\u00e9riaux naturels. Autodidacte pour le moment. Les objets que je cr\u00e9e se situent quelque part entre la sculpture et l\u2019objet utilitaire, avec des influences japonaises, du modernisme am\u00e9ricain des ann\u00e9es 50-70 et de l&rsquo;artisanat traditionnel de nombreuses civilisations.\u00a0\u00bb<\/p>\n\n\n\n<p class=\"has-black-color has-text-color has-link-color wp-elements-08a8f83863c83140beec6bdbe7918e55\" style=\"font-size:17px\">\u00ab\u00a0Pour la c\u00e9ramique j&rsquo;utilise un four \u00e9lectrique pour le moment. Mes cuissons durent une nuit. \u00c9tant dans un grande phase de recherche, les surprises sont courantes quand je sors mes c\u00e9ramiques du four. J&rsquo;utilise des \u00e9maux cr\u00e9e \u00e0 partir de min\u00e9raux de r\u00e9colte et de cendre. Venant du monde de la sculpture, j&rsquo;ai tendance \u00e0 cr\u00e9er des pi\u00e8ces uniques.\u00a0\u00bb<\/p>\n\n\n\n<p class=\"has-black-color has-text-color has-link-color wp-elements-658b6057c22441832378687f4cd79678\" style=\"font-size:17px\">\u00ab\u00a0Je donne des cours de sculpture particulier et en petits groupes. La transmission est importante dans une vision globale de transmission des savoirs entre les g\u00e9n\u00e9rations. J&rsquo;aime transmettre quand je me sens l\u00e9gitime \u00e0 le faire, mais je pr\u00e9f\u00e8re garder cette partie pour des occasions particuli\u00e8res.\u00a0\u00bb<\/p>\n<\/div><figure class=\"wp-block-media-text__media\"><img loading=\"lazy\" decoding=\"async\" width=\"1024\" height=\"1024\" src=\"https:\/\/www.maisonwabisabi.com\/wp-content\/uploads\/2025\/03\/Romain-VAN-DEN-BOGAERT-Statue.jpg\" alt=\"Romain VAN DEN BOGAERT - Statue\" class=\"wp-image-33277 size-full\" srcset=\"https:\/\/www.maisonwabisabi.com\/wp-content\/uploads\/2025\/03\/Romain-VAN-DEN-BOGAERT-Statue.jpg 1024w, https:\/\/www.maisonwabisabi.com\/wp-content\/uploads\/2025\/03\/Romain-VAN-DEN-BOGAERT-Statue-300x300.jpg 300w, https:\/\/www.maisonwabisabi.com\/wp-content\/uploads\/2025\/03\/Romain-VAN-DEN-BOGAERT-Statue-150x150.jpg 150w, https:\/\/www.maisonwabisabi.com\/wp-content\/uploads\/2025\/03\/Romain-VAN-DEN-BOGAERT-Statue-768x768.jpg 768w, https:\/\/www.maisonwabisabi.com\/wp-content\/uploads\/2025\/03\/Romain-VAN-DEN-BOGAERT-Statue-600x600.jpg 600w, https:\/\/www.maisonwabisabi.com\/wp-content\/uploads\/2025\/03\/Romain-VAN-DEN-BOGAERT-Statue-100x100.jpg 100w\" sizes=\"auto, (max-width: 1024px) 100vw, 1024px\" \/><\/figure><\/div>\n\n\n\n<div class=\"wp-block-media-text is-stacked-on-mobile\"><figure class=\"wp-block-media-text__media\"><img loading=\"lazy\" decoding=\"async\" width=\"1024\" height=\"1024\" src=\"https:\/\/www.maisonwabisabi.com\/wp-content\/uploads\/2025\/03\/Romain-VAN-DEN-BOGAERT-Sculpture.jpg\" alt=\"Romain VAN DEN BOGAERT - Sculpture1\" class=\"wp-image-33275 size-full\" srcset=\"https:\/\/www.maisonwabisabi.com\/wp-content\/uploads\/2025\/03\/Romain-VAN-DEN-BOGAERT-Sculpture.jpg 1024w, https:\/\/www.maisonwabisabi.com\/wp-content\/uploads\/2025\/03\/Romain-VAN-DEN-BOGAERT-Sculpture-300x300.jpg 300w, https:\/\/www.maisonwabisabi.com\/wp-content\/uploads\/2025\/03\/Romain-VAN-DEN-BOGAERT-Sculpture-150x150.jpg 150w, https:\/\/www.maisonwabisabi.com\/wp-content\/uploads\/2025\/03\/Romain-VAN-DEN-BOGAERT-Sculpture-768x768.jpg 768w, https:\/\/www.maisonwabisabi.com\/wp-content\/uploads\/2025\/03\/Romain-VAN-DEN-BOGAERT-Sculpture-600x600.jpg 600w, https:\/\/www.maisonwabisabi.com\/wp-content\/uploads\/2025\/03\/Romain-VAN-DEN-BOGAERT-Sculpture-100x100.jpg 100w\" sizes=\"auto, (max-width: 1024px) 100vw, 1024px\" \/><\/figure><div class=\"wp-block-media-text__content\">\n<p class=\"has-black-color has-text-color has-link-color wp-elements-8388fead378c1cae0b6233c386e09352\" style=\"font-size:17px\"><\/p>\n\n\n\n<p class=\"has-black-color has-text-color has-link-color wp-elements-a143bd7fd3de7e31785478351616c408\" style=\"font-size:17px\">\u00ab\u00a0J&rsquo;ai une relation assez fluide avec le bois et l&rsquo;argile. Avec le temps je me rend compte que plus le mat\u00e9riau est naturel, sans interm\u00e9diaire, plus j&rsquo;ai une relation simple et fluide avec le mat\u00e9riau en question. Mon parcours m&rsquo;a fait passer par des \u00e9tudes et une th\u00e8se scientifique en p\u00e9dologie centr\u00e9 sur les argiles dans les sols, et je la retrouve finalement via l\u2019aspect artisanal.\u00a0\u00bb<\/p>\n\n\n\n<p class=\"has-black-color has-text-color has-link-color wp-elements-b77dd5d77eb3098dfa6c5869acb2d92c\" style=\"font-size:17px\">\u00ab\u00a0Mon parcours dans l&rsquo;artisanat d&rsquo;art est encore assez bref, je dirais que le grand moment est mon installation dans mon actuel lieu de vie, dont la partie atelier est encore en construction. Je m&rsquo;occupe avec ma compagne de tous les travaux, et le projet est assez cons\u00e9quent. Cet atelier, une fois en fonctionnement m&rsquo;offrira une superbe plateforme de cr\u00e9ation, pour montrer mon travail, ou programmer des r\u00e9sidences artisanales et artistique.\u00a0\u00bb<\/p>\n<\/div><\/div>\n\n\n\n<p class=\"has-text-align-center has-black-color has-text-color\" style=\"font-size:15px\">Source des photos et des textes : Romain VAN DEN BOGAERT et Yann san<\/p>\n\n\n\n<div style=\"height:100px\" aria-hidden=\"true\" class=\"wp-block-spacer\"><\/div>","protected":false},"excerpt":{"rendered":"<p>Romain VAN DEN BOGAERT et ses cr\u00e9ations (1987-) Originaire de banlieue parisienne. Son atelier est situ\u00e9 \u00e0 Forez, dans le [&hellip;]<\/p>\n","protected":false},"author":1,"featured_media":0,"comment_status":"closed","ping_status":"closed","sticky":false,"template":"","format":"standard","meta":{"site-sidebar-layout":"default","site-content-layout":"","ast-site-content-layout":"default","site-content-style":"default","site-sidebar-style":"default","ast-global-header-display":"","ast-banner-title-visibility":"","ast-main-header-display":"","ast-hfb-above-header-display":"","ast-hfb-below-header-display":"","ast-hfb-mobile-header-display":"","site-post-title":"disabled","ast-breadcrumbs-content":"","ast-featured-img":"","footer-sml-layout":"","ast-disable-related-posts":"","theme-transparent-header-meta":"","adv-header-id-meta":"","stick-header-meta":"","header-above-stick-meta":"","header-main-stick-meta":"","header-below-stick-meta":"","astra-migrate-meta-layouts":"default","ast-page-background-enabled":"default","ast-page-background-meta":{"desktop":{"background-color":"var(--ast-global-color-5)","background-image":"","background-repeat":"repeat","background-position":"center center","background-size":"auto","background-attachment":"scroll","background-type":"","background-media":"","overlay-type":"","overlay-color":"","overlay-opacity":"","overlay-gradient":""},"tablet":{"background-color":"","background-image":"","background-repeat":"repeat","background-position":"center center","background-size":"auto","background-attachment":"scroll","background-type":"","background-media":"","overlay-type":"","overlay-color":"","overlay-opacity":"","overlay-gradient":""},"mobile":{"background-color":"","background-image":"","background-repeat":"repeat","background-position":"center center","background-size":"auto","background-attachment":"scroll","background-type":"","background-media":"","overlay-type":"","overlay-color":"","overlay-opacity":"","overlay-gradient":""}},"ast-content-background-meta":{"desktop":{"background-color":"var(--ast-global-color-4)","background-image":"","background-repeat":"repeat","background-position":"center center","background-size":"auto","background-attachment":"scroll","background-type":"","background-media":"","overlay-type":"","overlay-color":"","overlay-opacity":"","overlay-gradient":""},"tablet":{"background-color":"var(--ast-global-color-4)","background-image":"","background-repeat":"repeat","background-position":"center center","background-size":"auto","background-attachment":"scroll","background-type":"","background-media":"","overlay-type":"","overlay-color":"","overlay-opacity":"","overlay-gradient":""},"mobile":{"background-color":"var(--ast-global-color-4)","background-image":"","background-repeat":"repeat","background-position":"center center","background-size":"auto","background-attachment":"scroll","background-type":"","background-media":"","overlay-type":"","overlay-color":"","overlay-opacity":"","overlay-gradient":""}},"footnotes":""},"categories":[76],"tags":[],"class_list":["post-33272","post","type-post","status-publish","format-standard","hentry","category-ceramistes"],"yoast_head":"<!-- This site is optimized with the Yoast SEO plugin v27.5 - https:\/\/yoast.com\/product\/yoast-seo-wordpress\/ -->\n<title>Romain VAN DEN BOGAERT - Maison Wabi-Sabi - Autres Artisanats<\/title>\n<meta name=\"description\" content=\"Romain VAN DEN BOGAERT est \u00e0 Le Forez, dans le Massif Central. H\u00e2te de vous pr\u00e9senter ses cr\u00e9ations dans la boutique. Sculpteur du bois.\" \/>\n<meta name=\"robots\" content=\"index, follow, max-snippet:-1, max-image-preview:large, max-video-preview:-1\" \/>\n<link rel=\"canonical\" href=\"https:\/\/www.maisonwabisabi.com\/en\/romain-van-den-bogaert\/\" \/>\n<meta property=\"og:locale\" content=\"en_GB\" \/>\n<meta property=\"og:type\" content=\"article\" \/>\n<meta property=\"og:title\" content=\"Romain VAN DEN BOGAERT - Maison Wabi-Sabi - Autres Artisanats\" \/>\n<meta property=\"og:description\" content=\"Romain VAN DEN BOGAERT est \u00e0 Le Forez, dans le Massif Central. H\u00e2te de vous pr\u00e9senter ses cr\u00e9ations dans la boutique. Sculpteur du bois.\" \/>\n<meta property=\"og:url\" content=\"https:\/\/www.maisonwabisabi.com\/en\/romain-van-den-bogaert\/\" \/>\n<meta property=\"og:site_name\" content=\"Maison Wabi-Sabi\" \/>\n<meta property=\"article:publisher\" content=\"https:\/\/www.facebook.com\/MaisonWabiSabi\" \/>\n<meta property=\"article:author\" content=\"https:\/\/www.facebook.com\/MaisonWabiSabi\" \/>\n<meta property=\"article:published_time\" content=\"2025-03-25T22:42:30+00:00\" \/>\n<meta property=\"article:modified_time\" content=\"2025-09-02T21:00:22+00:00\" \/>\n<meta property=\"og:image\" content=\"https:\/\/www.maisonwabisabi.com\/wp-content\/uploads\/2025\/04\/Romain-VAN-DEN-BOGAERT-Portrait.jpg\" \/>\n\t<meta property=\"og:image:width\" content=\"1026\" \/>\n\t<meta property=\"og:image:height\" content=\"1026\" \/>\n\t<meta property=\"og:image:type\" content=\"image\/jpeg\" \/>\n<meta name=\"author\" content=\"Yann san\" \/>\n<meta name=\"twitter:card\" content=\"summary_large_image\" \/>\n<meta name=\"twitter:label1\" content=\"Written by\" \/>\n\t<meta name=\"twitter:data1\" content=\"Yann san\" \/>\n\t<meta name=\"twitter:label2\" content=\"Estimated reading time\" \/>\n\t<meta name=\"twitter:data2\" content=\"4 minutes\" \/>\n<script type=\"application\/ld+json\" class=\"yoast-schema-graph\">{\"@context\":\"https:\\\/\\\/schema.org\",\"@graph\":[{\"@type\":\"Article\",\"@id\":\"https:\\\/\\\/www.maisonwabisabi.com\\\/romain-van-den-bogaert\\\/#article\",\"isPartOf\":{\"@id\":\"https:\\\/\\\/www.maisonwabisabi.com\\\/romain-van-den-bogaert\\\/\"},\"author\":{\"name\":\"Yann san\",\"@id\":\"https:\\\/\\\/www.maisonwabisabi.com\\\/#\\\/schema\\\/person\\\/b2458bb9fa2737d1a11eabc63d3aabc9\"},\"headline\":\"Rencontre avec Romain VAN DEN BOGAERT Sculpteur sur bois \u00e0 Le Forez\",\"datePublished\":\"2025-03-25T22:42:30+00:00\",\"dateModified\":\"2025-09-02T21:00:22+00:00\",\"mainEntityOfPage\":{\"@id\":\"https:\\\/\\\/www.maisonwabisabi.com\\\/romain-van-den-bogaert\\\/\"},\"wordCount\":544,\"publisher\":{\"@id\":\"https:\\\/\\\/www.maisonwabisabi.com\\\/#organization\"},\"image\":{\"@id\":\"https:\\\/\\\/www.maisonwabisabi.com\\\/romain-van-den-bogaert\\\/#primaryimage\"},\"thumbnailUrl\":\"https:\\\/\\\/www.maisonwabisabi.com\\\/wp-content\\\/uploads\\\/2025\\\/04\\\/Romain-VAN-DEN-BOGAERT-Portrait-1024x1024.jpg\",\"articleSection\":[\"C\u00e9ramistes\"],\"inLanguage\":\"en-GB\"},{\"@type\":\"WebPage\",\"@id\":\"https:\\\/\\\/www.maisonwabisabi.com\\\/romain-van-den-bogaert\\\/\",\"url\":\"https:\\\/\\\/www.maisonwabisabi.com\\\/romain-van-den-bogaert\\\/\",\"name\":\"Romain VAN DEN BOGAERT - Maison Wabi-Sabi - Autres Artisanats\",\"isPartOf\":{\"@id\":\"https:\\\/\\\/www.maisonwabisabi.com\\\/#website\"},\"primaryImageOfPage\":{\"@id\":\"https:\\\/\\\/www.maisonwabisabi.com\\\/romain-van-den-bogaert\\\/#primaryimage\"},\"image\":{\"@id\":\"https:\\\/\\\/www.maisonwabisabi.com\\\/romain-van-den-bogaert\\\/#primaryimage\"},\"thumbnailUrl\":\"https:\\\/\\\/www.maisonwabisabi.com\\\/wp-content\\\/uploads\\\/2025\\\/04\\\/Romain-VAN-DEN-BOGAERT-Portrait-1024x1024.jpg\",\"datePublished\":\"2025-03-25T22:42:30+00:00\",\"dateModified\":\"2025-09-02T21:00:22+00:00\",\"description\":\"Romain VAN DEN BOGAERT est \u00e0 Le Forez, dans le Massif Central. H\u00e2te de vous pr\u00e9senter ses cr\u00e9ations dans la boutique. Sculpteur du bois.\",\"breadcrumb\":{\"@id\":\"https:\\\/\\\/www.maisonwabisabi.com\\\/romain-van-den-bogaert\\\/#breadcrumb\"},\"inLanguage\":\"en-GB\",\"potentialAction\":[{\"@type\":\"ReadAction\",\"target\":[\"https:\\\/\\\/www.maisonwabisabi.com\\\/romain-van-den-bogaert\\\/\"]}]},{\"@type\":\"ImageObject\",\"inLanguage\":\"en-GB\",\"@id\":\"https:\\\/\\\/www.maisonwabisabi.com\\\/romain-van-den-bogaert\\\/#primaryimage\",\"url\":\"https:\\\/\\\/www.maisonwabisabi.com\\\/wp-content\\\/uploads\\\/2025\\\/04\\\/Romain-VAN-DEN-BOGAERT-Portrait-1024x1024.jpg\",\"contentUrl\":\"https:\\\/\\\/www.maisonwabisabi.com\\\/wp-content\\\/uploads\\\/2025\\\/04\\\/Romain-VAN-DEN-BOGAERT-Portrait-1024x1024.jpg\"},{\"@type\":\"BreadcrumbList\",\"@id\":\"https:\\\/\\\/www.maisonwabisabi.com\\\/romain-van-den-bogaert\\\/#breadcrumb\",\"itemListElement\":[{\"@type\":\"ListItem\",\"position\":1,\"name\":\"Bienvenue\",\"item\":\"https:\\\/\\\/www.maisonwabisabi.com\\\/\"},{\"@type\":\"ListItem\",\"position\":2,\"name\":\"Rencontre avec Romain VAN DEN BOGAERT Sculpteur sur bois \u00e0 Le Forez\"}]},{\"@type\":\"WebSite\",\"@id\":\"https:\\\/\\\/www.maisonwabisabi.com\\\/#website\",\"url\":\"https:\\\/\\\/www.maisonwabisabi.com\\\/\",\"name\":\"Maison Wabi-Sabi\",\"description\":\"\",\"publisher\":{\"@id\":\"https:\\\/\\\/www.maisonwabisabi.com\\\/#organization\"},\"potentialAction\":[{\"@type\":\"SearchAction\",\"target\":{\"@type\":\"EntryPoint\",\"urlTemplate\":\"https:\\\/\\\/www.maisonwabisabi.com\\\/?s={search_term_string}\"},\"query-input\":{\"@type\":\"PropertyValueSpecification\",\"valueRequired\":true,\"valueName\":\"search_term_string\"}}],\"inLanguage\":\"en-GB\"},{\"@type\":\"Organization\",\"@id\":\"https:\\\/\\\/www.maisonwabisabi.com\\\/#organization\",\"name\":\"Maison Wabi-Sabi\",\"url\":\"https:\\\/\\\/www.maisonwabisabi.com\\\/\",\"logo\":{\"@type\":\"ImageObject\",\"inLanguage\":\"en-GB\",\"@id\":\"https:\\\/\\\/www.maisonwabisabi.com\\\/#\\\/schema\\\/logo\\\/image\\\/\",\"url\":\"https:\\\/\\\/www.maisonwabisabi.com\\\/wp-content\\\/uploads\\\/2021\\\/11\\\/Logo-de-maison-Wabi-Sabi.jpg\",\"contentUrl\":\"https:\\\/\\\/www.maisonwabisabi.com\\\/wp-content\\\/uploads\\\/2021\\\/11\\\/Logo-de-maison-Wabi-Sabi.jpg\",\"width\":1024,\"height\":1024,\"caption\":\"Maison Wabi-Sabi\"},\"image\":{\"@id\":\"https:\\\/\\\/www.maisonwabisabi.com\\\/#\\\/schema\\\/logo\\\/image\\\/\"},\"sameAs\":[\"https:\\\/\\\/www.facebook.com\\\/MaisonWabiSabi\",\"https:\\\/\\\/www.instagram.com\\\/maison.wabi.sabi\\\/?hl=fr\",\"https:\\\/\\\/www.linkedin.com\\\/company\\\/69088467\"]},{\"@type\":\"Person\",\"@id\":\"https:\\\/\\\/www.maisonwabisabi.com\\\/#\\\/schema\\\/person\\\/b2458bb9fa2737d1a11eabc63d3aabc9\",\"name\":\"Yann san\",\"sameAs\":[\"https:\\\/\\\/www.maisonwabisabi.com\",\"https:\\\/\\\/www.facebook.com\\\/MaisonWabiSabi\",\"https:\\\/\\\/www.instagram.com\\\/maison.wabi.sabi\\\/\"],\"url\":\"https:\\\/\\\/www.maisonwabisabi.com\\\/en\\\/author\\\/4729952\\\/\"}]}<\/script>\n<!-- \/ Yoast SEO plugin. -->","yoast_head_json":{"title":"Romain VAN DEN BOGAERT - Maison Wabi-Sabi - Autres Artisanats","description":"Romain VAN DEN BOGAERT est \u00e0 Le Forez, dans le Massif Central. H\u00e2te de vous pr\u00e9senter ses cr\u00e9ations dans la boutique. Sculpteur du bois.","robots":{"index":"index","follow":"follow","max-snippet":"max-snippet:-1","max-image-preview":"max-image-preview:large","max-video-preview":"max-video-preview:-1"},"canonical":"https:\/\/www.maisonwabisabi.com\/en\/romain-van-den-bogaert\/","og_locale":"en_GB","og_type":"article","og_title":"Romain VAN DEN BOGAERT - Maison Wabi-Sabi - Autres Artisanats","og_description":"Romain VAN DEN BOGAERT est \u00e0 Le Forez, dans le Massif Central. H\u00e2te de vous pr\u00e9senter ses cr\u00e9ations dans la boutique. Sculpteur du bois.","og_url":"https:\/\/www.maisonwabisabi.com\/en\/romain-van-den-bogaert\/","og_site_name":"Maison Wabi-Sabi","article_publisher":"https:\/\/www.facebook.com\/MaisonWabiSabi","article_author":"https:\/\/www.facebook.com\/MaisonWabiSabi","article_published_time":"2025-03-25T22:42:30+00:00","article_modified_time":"2025-09-02T21:00:22+00:00","og_image":[{"width":1026,"height":1026,"url":"https:\/\/www.maisonwabisabi.com\/wp-content\/uploads\/2025\/04\/Romain-VAN-DEN-BOGAERT-Portrait.jpg","type":"image\/jpeg"}],"author":"Yann san","twitter_card":"summary_large_image","twitter_misc":{"Written by":"Yann san","Estimated reading time":"4 minutes"},"schema":{"@context":"https:\/\/schema.org","@graph":[{"@type":"Article","@id":"https:\/\/www.maisonwabisabi.com\/romain-van-den-bogaert\/#article","isPartOf":{"@id":"https:\/\/www.maisonwabisabi.com\/romain-van-den-bogaert\/"},"author":{"name":"Yann san","@id":"https:\/\/www.maisonwabisabi.com\/#\/schema\/person\/b2458bb9fa2737d1a11eabc63d3aabc9"},"headline":"Rencontre avec Romain VAN DEN BOGAERT Sculpteur sur bois \u00e0 Le Forez","datePublished":"2025-03-25T22:42:30+00:00","dateModified":"2025-09-02T21:00:22+00:00","mainEntityOfPage":{"@id":"https:\/\/www.maisonwabisabi.com\/romain-van-den-bogaert\/"},"wordCount":544,"publisher":{"@id":"https:\/\/www.maisonwabisabi.com\/#organization"},"image":{"@id":"https:\/\/www.maisonwabisabi.com\/romain-van-den-bogaert\/#primaryimage"},"thumbnailUrl":"https:\/\/www.maisonwabisabi.com\/wp-content\/uploads\/2025\/04\/Romain-VAN-DEN-BOGAERT-Portrait-1024x1024.jpg","articleSection":["C\u00e9ramistes"],"inLanguage":"en-GB"},{"@type":"WebPage","@id":"https:\/\/www.maisonwabisabi.com\/romain-van-den-bogaert\/","url":"https:\/\/www.maisonwabisabi.com\/romain-van-den-bogaert\/","name":"Romain VAN DEN BOGAERT - Maison Wabi-Sabi - Autres Artisanats","isPartOf":{"@id":"https:\/\/www.maisonwabisabi.com\/#website"},"primaryImageOfPage":{"@id":"https:\/\/www.maisonwabisabi.com\/romain-van-den-bogaert\/#primaryimage"},"image":{"@id":"https:\/\/www.maisonwabisabi.com\/romain-van-den-bogaert\/#primaryimage"},"thumbnailUrl":"https:\/\/www.maisonwabisabi.com\/wp-content\/uploads\/2025\/04\/Romain-VAN-DEN-BOGAERT-Portrait-1024x1024.jpg","datePublished":"2025-03-25T22:42:30+00:00","dateModified":"2025-09-02T21:00:22+00:00","description":"Romain VAN DEN BOGAERT est \u00e0 Le Forez, dans le Massif Central. H\u00e2te de vous pr\u00e9senter ses cr\u00e9ations dans la boutique. Sculpteur du bois.","breadcrumb":{"@id":"https:\/\/www.maisonwabisabi.com\/romain-van-den-bogaert\/#breadcrumb"},"inLanguage":"en-GB","potentialAction":[{"@type":"ReadAction","target":["https:\/\/www.maisonwabisabi.com\/romain-van-den-bogaert\/"]}]},{"@type":"ImageObject","inLanguage":"en-GB","@id":"https:\/\/www.maisonwabisabi.com\/romain-van-den-bogaert\/#primaryimage","url":"https:\/\/www.maisonwabisabi.com\/wp-content\/uploads\/2025\/04\/Romain-VAN-DEN-BOGAERT-Portrait-1024x1024.jpg","contentUrl":"https:\/\/www.maisonwabisabi.com\/wp-content\/uploads\/2025\/04\/Romain-VAN-DEN-BOGAERT-Portrait-1024x1024.jpg"},{"@type":"BreadcrumbList","@id":"https:\/\/www.maisonwabisabi.com\/romain-van-den-bogaert\/#breadcrumb","itemListElement":[{"@type":"ListItem","position":1,"name":"Bienvenue","item":"https:\/\/www.maisonwabisabi.com\/"},{"@type":"ListItem","position":2,"name":"Rencontre avec Romain VAN DEN BOGAERT Sculpteur sur bois \u00e0 Le Forez"}]},{"@type":"WebSite","@id":"https:\/\/www.maisonwabisabi.com\/#website","url":"https:\/\/www.maisonwabisabi.com\/","name":"Maison Wabi-Sabi","description":"","publisher":{"@id":"https:\/\/www.maisonwabisabi.com\/#organization"},"potentialAction":[{"@type":"SearchAction","target":{"@type":"EntryPoint","urlTemplate":"https:\/\/www.maisonwabisabi.com\/?s={search_term_string}"},"query-input":{"@type":"PropertyValueSpecification","valueRequired":true,"valueName":"search_term_string"}}],"inLanguage":"en-GB"},{"@type":"Organization","@id":"https:\/\/www.maisonwabisabi.com\/#organization","name":"Maison Wabi-Sabi","url":"https:\/\/www.maisonwabisabi.com\/","logo":{"@type":"ImageObject","inLanguage":"en-GB","@id":"https:\/\/www.maisonwabisabi.com\/#\/schema\/logo\/image\/","url":"https:\/\/www.maisonwabisabi.com\/wp-content\/uploads\/2021\/11\/Logo-de-maison-Wabi-Sabi.jpg","contentUrl":"https:\/\/www.maisonwabisabi.com\/wp-content\/uploads\/2021\/11\/Logo-de-maison-Wabi-Sabi.jpg","width":1024,"height":1024,"caption":"Maison Wabi-Sabi"},"image":{"@id":"https:\/\/www.maisonwabisabi.com\/#\/schema\/logo\/image\/"},"sameAs":["https:\/\/www.facebook.com\/MaisonWabiSabi","https:\/\/www.instagram.com\/maison.wabi.sabi\/?hl=fr","https:\/\/www.linkedin.com\/company\/69088467"]},{"@type":"Person","@id":"https:\/\/www.maisonwabisabi.com\/#\/schema\/person\/b2458bb9fa2737d1a11eabc63d3aabc9","name":"Yann san","sameAs":["https:\/\/www.maisonwabisabi.com","https:\/\/www.facebook.com\/MaisonWabiSabi","https:\/\/www.instagram.com\/maison.wabi.sabi\/"],"url":"https:\/\/www.maisonwabisabi.com\/en\/author\/4729952\/"}]}},"_links":{"self":[{"href":"https:\/\/www.maisonwabisabi.com\/en\/wp-json\/wp\/v2\/posts\/33272","targetHints":{"allow":["GET"]}}],"collection":[{"href":"https:\/\/www.maisonwabisabi.com\/en\/wp-json\/wp\/v2\/posts"}],"about":[{"href":"https:\/\/www.maisonwabisabi.com\/en\/wp-json\/wp\/v2\/types\/post"}],"author":[{"embeddable":true,"href":"https:\/\/www.maisonwabisabi.com\/en\/wp-json\/wp\/v2\/users\/1"}],"replies":[{"embeddable":true,"href":"https:\/\/www.maisonwabisabi.com\/en\/wp-json\/wp\/v2\/comments?post=33272"}],"version-history":[{"count":2,"href":"https:\/\/www.maisonwabisabi.com\/en\/wp-json\/wp\/v2\/posts\/33272\/revisions"}],"predecessor-version":[{"id":36749,"href":"https:\/\/www.maisonwabisabi.com\/en\/wp-json\/wp\/v2\/posts\/33272\/revisions\/36749"}],"wp:attachment":[{"href":"https:\/\/www.maisonwabisabi.com\/en\/wp-json\/wp\/v2\/media?parent=33272"}],"wp:term":[{"taxonomy":"category","embeddable":true,"href":"https:\/\/www.maisonwabisabi.com\/en\/wp-json\/wp\/v2\/categories?post=33272"},{"taxonomy":"post_tag","embeddable":true,"href":"https:\/\/www.maisonwabisabi.com\/en\/wp-json\/wp\/v2\/tags?post=33272"}],"curies":[{"name":"wp","href":"https:\/\/api.w.org\/{rel}","templated":true}]}}