{"id":32609,"date":"2025-02-11T21:03:18","date_gmt":"2025-02-11T20:03:18","guid":{"rendered":"https:\/\/www.maisonwabisabi.com\/?p=32609"},"modified":"2026-03-07T16:38:58","modified_gmt":"2026-03-07T15:38:58","slug":"peggy-germain","status":"publish","type":"post","link":"https:\/\/www.maisonwabisabi.com\/en\/peggy-germain\/","title":{"rendered":"Rencontre avec Peggy GERMAIN C\u00e9ramiste fran\u00e7aise \u00e0 Riec-sur-B\u00e9lon"},"content":{"rendered":"<div style=\"height:20px\" aria-hidden=\"true\" class=\"wp-block-spacer\"><\/div>\n\n\n\n<div class=\"wp-block-media-text is-stacked-on-mobile\"><figure class=\"wp-block-media-text__media\"><img loading=\"lazy\" decoding=\"async\" width=\"1024\" height=\"1024\" src=\"https:\/\/www.maisonwabisabi.com\/wp-content\/uploads\/2025\/02\/Peggy-GERMAIN-Portrait.jpg\" alt=\"Peggy GERMAIN - Portrait\" class=\"wp-image-32929 size-full\" srcset=\"https:\/\/www.maisonwabisabi.com\/wp-content\/uploads\/2025\/02\/Peggy-GERMAIN-Portrait.jpg 1024w, https:\/\/www.maisonwabisabi.com\/wp-content\/uploads\/2025\/02\/Peggy-GERMAIN-Portrait-300x300.jpg 300w, https:\/\/www.maisonwabisabi.com\/wp-content\/uploads\/2025\/02\/Peggy-GERMAIN-Portrait-150x150.jpg 150w, https:\/\/www.maisonwabisabi.com\/wp-content\/uploads\/2025\/02\/Peggy-GERMAIN-Portrait-768x768.jpg 768w, https:\/\/www.maisonwabisabi.com\/wp-content\/uploads\/2025\/02\/Peggy-GERMAIN-Portrait-600x600.jpg 600w, https:\/\/www.maisonwabisabi.com\/wp-content\/uploads\/2025\/02\/Peggy-GERMAIN-Portrait-100x100.jpg 100w\" sizes=\"auto, (max-width: 1024px) 100vw, 1024px\" \/><\/figure><div class=\"wp-block-media-text__content\">\n<p><\/p>\n\n\n\n<h2 class=\"wp-block-heading has-black-color has-text-color\" style=\"font-size:21px\"><strong><mark style=\"background-color:rgba(0, 0, 0, 0);color:#7d4e2d\" class=\"has-inline-color\">Peggy GERMAIN et<\/mark> <a href=\"https:\/\/www.maisonwabisabi.com\/en\/product-category\/ceramistes-de-france\/ceramiste-peggy-germain\/\" target=\"_blank\" rel=\"noreferrer noopener\">ses cr\u00e9ations<\/a><\/strong><\/h2>\n\n\n\n<p class=\"has-black-color has-text-color\" style=\"font-size:17px\">(1973-)<\/p>\n\n\n\n<p class=\"has-black-color has-text-color\" style=\"font-size:17px\">\u00ab\u00a0Originaire de Bretagne. Elle vit actuellement \u00e0 Riec-sur-B\u00e9lon, en Sud Finist\u00e8re, pr\u00e8s de Pont-Aven, le pays de son enfance. Apr\u00e8s un bac litt\u00e9raire, elle entreprend des \u00e9tudes d&rsquo;infographiste. Sur son temps libre, elle pratique depuis toujours le dessin et la peinture au travers d&rsquo;ateliers artistiques. Elle travaille aussi l&rsquo;argile, plus pour du modelage ou de la sculpture. C&rsquo;est vers 40 ans, que le m\u00e9tier de c\u00e9ramiste s&rsquo;impose \u00e0 elle de mani\u00e8re professionnelle comme une \u00e9vidence.\u00a0\u00bb<\/p>\n\n\n\n<p class=\"has-black-color has-text-color has-link-color wp-elements-438ad9bb9689c47813a7882dcf27bf3a\" style=\"font-size:17px\">\u00ab\u00a0C\u00e9ramiste et peut-\u00eatre un peu artiste. Je ne me sens pas \u00ab&nbsp;poti\u00e8re&nbsp;\u00bb dans le sens o\u00f9 l&rsquo;on imagine un potier sur son \u00ab&nbsp;tour&nbsp;\u00bb \u00e0 cr\u00e9er des s\u00e9ries de pots utilitaires. Le terme \u00ab&nbsp;c\u00e9ramiste&nbsp;\u00bb a un champ d&rsquo;action plus large dans sa d\u00e9finition et qui me convient mieux. Je ne tourne quasiment pas si ce n&rsquo;est les \u00ab&nbsp;bases&nbsp;\u00bb et les \u00ab&nbsp;l\u00e8vres&nbsp;\u00bb quand il s&rsquo;agit de bols. Un peu artiste aussi car mes formes et mati\u00e8res, surtout mes jarres,&nbsp;ne sont pas toujours utilitaires, juste un pr\u00e9texte \u00e0 exprimer des lignes, des courbes, des textures et des couleurs qui me parlent.\u00a0\u00bb<\/p>\n\n\n\n<p class=\"has-black-color has-text-color has-link-color wp-elements-cc9c25b8f6f688270f1d1d930abcce75\" style=\"font-size:17px\">\u00ab\u00a0D\u00e8s l&rsquo;enfance, chez mes grand-parents et ma tante \u00e0 Port-Manech, pr\u00e8s de Pont-Aven. L&rsquo;Art y est tr\u00e8s pr\u00e9sent. Avec ma grand-m\u00e8re, je parcourais les plages \u00e0 la recherche de brisures de c\u00e9ramiques polies par la mer, le vent et le temps, tels des puzzles nous recherchions l&rsquo;harmonie pour de futures mosa\u00efques. Avec mon grand-p\u00e8re qui \u00e9tait g\u00e9ologue, nous partions en ballade \u00e0 la recherche de \u00ab&nbsp;pierres pr\u00e9cieuses&nbsp;\u00bb. Nous creusions l&rsquo;argile et les roches au piolet. Dans l&rsquo;atelier de ma tante, peintre et sculpteur, elle \u00e9duque mon \u0153il et mes mains. Elle m&#8217;emm\u00e8ne de temps en temps dans un atelier de poterie o\u00f9 elle pratique le modelage.\u00a0\u00bb<\/p>\n<\/div><\/div>\n\n\n\n<div class=\"wp-block-media-text has-media-on-the-right is-stacked-on-mobile\"><div class=\"wp-block-media-text__content\">\n<p><\/p>\n\n\n\n<p class=\"has-black-color has-text-color has-link-color wp-elements-4a1cfd90fb51865d5e5a72c0a3ced0cb\" style=\"font-size:17px\">\u00ab\u00a0Il y a une vingtaine d&rsquo;ann\u00e9es, je fais l&rsquo;acquisition d&rsquo;un four \u00e9lectrique, j&rsquo;envisageais plus \u00e0 l&rsquo;\u00e9poque de m&rsquo;en servir pour de la sculpture ou du modelage mais j&rsquo;ai tr\u00e8s vite voulu en profiter pour fa\u00e7onner des petits objets utilitaires. De mani\u00e8re tr\u00e8s autodidacte, je me procure quelques ouvrages p\u00e9dagogiques et je commence \u00e0 exp\u00e9rimenter.\u00a0\u00bb<\/p>\n\n\n\n<p class=\"has-black-color has-text-color has-link-color wp-elements-0d2eab3ae8e2bbca8b9c1ea737f16aaf\" style=\"font-size:17px\">\u00ab\u00a0Il y a une quinzaine d&rsquo;ann\u00e9es, lors d&rsquo;un cours de dessin, un des \u00e9l\u00e8ves offre un bol \u00e0 notre professeur. C&rsquo;est la premi\u00e8re fois que je suis aussi \u00e9mue devant un bol, un d\u00e9hanch\u00e9 pas possible, une brutalit\u00e9 m\u00eal\u00e9e de po\u00e9sie\u2026 un vrai coup de foudre\u00a0! Je fais ainsi la connaissance de <a href=\"https:\/\/terredefeu.art\" target=\"_blank\" rel=\"noreferrer noopener\"><mark style=\"background-color:rgba(0, 0, 0, 0);color:#8d9a83\" class=\"has-inline-color\">Philippe FERRETTI<\/mark><\/a>, un potier des Alpes, venu s&rsquo;installer en Bretagne.\u00a0\u00bb<\/p>\n\n\n\n<p class=\"has-black-color has-text-color has-link-color wp-elements-9844823ca33cd3c4ce2b1848dc53b531\" style=\"font-size:17px\">\u00ab\u00a0Il me prendra sous son aile pendant 2 ans. Il pratique une c\u00e9ramique \u00e0 basse temp\u00e9rature, Raku occidental (enfumage) et <a href=\"https:\/\/ceraformation.fr\/post\/2016\/10\/28\/Enfumage-dans-une-fosse-ou-technique-pit-fire\" target=\"_blank\" rel=\"noreferrer noopener\"><mark style=\"background-color:rgba(0, 0, 0, 0);color:#8d9a83\" class=\"has-inline-color\">pit fire<\/mark><\/a>. Form\u00e9 dans sa jeunesse \u00e0 <a href=\"https:\/\/www.vallauris-golfe-juan.fr\/20749-vallauris-et-la-ceramique.htm\" target=\"_blank\" rel=\"noreferrer noopener\"><mark style=\"background-color:rgba(0, 0, 0, 0);color:#8d9a83\" class=\"has-inline-color\">Valauris<\/mark><\/a> et par Camille VIROT. On travaille \u00e0 quatre mains. Petit \u00e0 petit je m&rsquo;\u00e9mancipe, jusqu&rsquo;au jour o\u00f9 Philippe me dit d&rsquo;aller explorer d&rsquo;autres potiers, c\u00e9ramistes, d&rsquo;autres techniques, travailler la haute temp\u00e9rature.\u00a0\u00bb<\/p>\n\n\n\n<p class=\"has-black-color has-text-color has-link-color wp-elements-dbfbe8cccc4f8b6f6d0109e526cea746\" style=\"font-size:17px\">Je commence \u00e0 chercher et \u00e0 ce moment l\u00e0 appara\u00eet une \u00ab\u00a0masterclass\u00a0\u00bb chez <a href=\"https:\/\/patcassone.com\" target=\"_blank\" rel=\"noreferrer noopener\"><mark style=\"background-color:rgba(0, 0, 0, 0);color:#8d9a83\" class=\"has-inline-color\">Patricia CASSONE<\/mark><\/a> avec le c\u00e9ramiste <a href=\"https:\/\/akirasatake.com\/home\/\" target=\"_blank\" rel=\"noreferrer noopener\"><mark style=\"background-color:rgba(0, 0, 0, 0);color:#8d9a83\" class=\"has-inline-color\">Akira SATAKE<\/mark><\/a> dont j&rsquo;admirais d\u00e9j\u00e0 tant le travail. C&rsquo;\u00e9tait la premi\u00e8re fois qu&rsquo;il venait en France. Je d\u00e9couvre la C\u00e9ramique Japonaise. C&rsquo;est un tournant artistique qui influence encore aujourd&rsquo;hui mon travail. Pendant ce workshop, je rencontre <a href=\"https:\/\/www.instagram.com\/suzannepoterie\/\" target=\"_blank\" rel=\"noreferrer noopener\"><mark style=\"background-color:rgba(0, 0, 0, 0);color:#8d9a83\" class=\"has-inline-color\">Suzanne PERESSE<\/mark><\/a>. En visite \u00e0 son atelier, je d\u00e9couvre une petite assiette noire assez brute avec des bleus intenses m\u00eal\u00e9s de rouille et surtout cuite \u00e0 haute temp\u00e9rature. Elle me partage encore aujourd&rsquo;hui ses conseils, recettes, exp\u00e9rimentations et r\u00e9sultats.\u00a0\u00bb<\/p>\n<\/div><figure class=\"wp-block-media-text__media\"><img loading=\"lazy\" decoding=\"async\" width=\"1024\" height=\"1024\" src=\"https:\/\/www.maisonwabisabi.com\/wp-content\/uploads\/2025\/02\/Peggy-GERMAIN-Style2.jpg\" alt=\"Peggy GERMAIN - Style2\" class=\"wp-image-32931 size-full\" srcset=\"https:\/\/www.maisonwabisabi.com\/wp-content\/uploads\/2025\/02\/Peggy-GERMAIN-Style2.jpg 1024w, https:\/\/www.maisonwabisabi.com\/wp-content\/uploads\/2025\/02\/Peggy-GERMAIN-Style2-300x300.jpg 300w, https:\/\/www.maisonwabisabi.com\/wp-content\/uploads\/2025\/02\/Peggy-GERMAIN-Style2-150x150.jpg 150w, https:\/\/www.maisonwabisabi.com\/wp-content\/uploads\/2025\/02\/Peggy-GERMAIN-Style2-768x768.jpg 768w, https:\/\/www.maisonwabisabi.com\/wp-content\/uploads\/2025\/02\/Peggy-GERMAIN-Style2-600x600.jpg 600w, https:\/\/www.maisonwabisabi.com\/wp-content\/uploads\/2025\/02\/Peggy-GERMAIN-Style2-100x100.jpg 100w\" sizes=\"auto, (max-width: 1024px) 100vw, 1024px\" \/><\/figure><\/div>\n\n\n\n<div class=\"wp-block-media-text is-stacked-on-mobile\"><figure class=\"wp-block-media-text__media\"><img loading=\"lazy\" decoding=\"async\" width=\"1024\" height=\"1024\" src=\"https:\/\/www.maisonwabisabi.com\/wp-content\/uploads\/2025\/02\/Peggy-GERMAIN-Tsubo.jpg\" alt=\"Peggy GERMAIN - Tsubo\" class=\"wp-image-32932 size-full\" srcset=\"https:\/\/www.maisonwabisabi.com\/wp-content\/uploads\/2025\/02\/Peggy-GERMAIN-Tsubo.jpg 1024w, https:\/\/www.maisonwabisabi.com\/wp-content\/uploads\/2025\/02\/Peggy-GERMAIN-Tsubo-300x300.jpg 300w, https:\/\/www.maisonwabisabi.com\/wp-content\/uploads\/2025\/02\/Peggy-GERMAIN-Tsubo-150x150.jpg 150w, https:\/\/www.maisonwabisabi.com\/wp-content\/uploads\/2025\/02\/Peggy-GERMAIN-Tsubo-768x768.jpg 768w, https:\/\/www.maisonwabisabi.com\/wp-content\/uploads\/2025\/02\/Peggy-GERMAIN-Tsubo-600x600.jpg 600w, https:\/\/www.maisonwabisabi.com\/wp-content\/uploads\/2025\/02\/Peggy-GERMAIN-Tsubo-100x100.jpg 100w\" sizes=\"auto, (max-width: 1024px) 100vw, 1024px\" \/><\/figure><div class=\"wp-block-media-text__content\">\n<p><\/p>\n\n\n\n<p class=\"has-black-color has-text-color has-link-color wp-elements-fa065c6733675fb1cd03c374db90334b\" style=\"font-size:17px\">\u00ab\u00a0Mon esth\u00e9tique navigue entre deux grands th\u00e8mes : des bols, tasses, th\u00e9i\u00e8res avec un style japonisant et mon empreinte d&rsquo;occidentale.&nbsp;De grandes jarres plus artistiques ou sculpturales. De mani\u00e8re g\u00e9n\u00e9rale je recherche des formes assez discr\u00e8tes et simples. J&rsquo;essaie de leur apporter un peu de \u00ab&nbsp;swing&nbsp;\u00bb pour les rendre int\u00e9ressantes. Mes go\u00fbts \u00e9voluent constamment et je consacre beaucoup de temps et d\u2019\u00e9nergie \u00e0 trouver des nouvelles formes, mati\u00e8res, \u00e9maux, combinaisons et superpositions diverses et vari\u00e9es.\u00a0\u00bb<\/p>\n\n\n\n<p class=\"has-black-color has-text-color has-link-color wp-elements-ce77a9043ce4ac691d65cf61a50e3b42\" style=\"font-size:17px\">\u00ab\u00a0Ce qui est assez permanent c&rsquo;est cette recherche d&rsquo;accord entre le brut et le sophistiqu\u00e9. Une r\u00e9sonance entre notre nature primitive et notre culture. Notre capacit\u00e9 \u00e0 ajouter un peu d&rsquo;\u00e9l\u00e9gance, du confort et du raffinement aux asp\u00e9rit\u00e9s de la vie. L&rsquo;id\u00e9e \u00e9tant de ne pas \u00e9craser ou voiler cette nature premi\u00e8re mais de l&rsquo;accompagner. A part pour la vaisselle o\u00f9 je dois m&rsquo;assurer de l&rsquo;\u00e9tanch\u00e9it\u00e9 et d&rsquo;un \u00e9mail propre \u00e0 la consommation j&rsquo;essaie de conserver un maximum la pr\u00e9sence de l&rsquo;argile. Je travaille diff\u00e9rents gr\u00e8s cuits en g\u00e9n\u00e9ral entre 1260 et 1280\u00b0C. Je texture mes pi\u00e8ces avec ce que j&rsquo;appelle des enduits mais qui ne sont que des boues de gr\u00e8s de diff\u00e9rentes couleurs s\u00e9lectionn\u00e9es selon l&rsquo;\u00e9mail que je poserai.\u00a0\u00bb<\/p>\n\n\n\n<p class=\"has-black-color has-text-color has-link-color wp-elements-97af92a6cae5a342be8132d2a6889deb\" style=\"font-size:17px\">\u00ab\u00a0Je dessine en amont les formes que je voudrais exprimer. Je recherche une harmonie de lignes, courbes et contre courbes. Je pars donc avec une intention, assez mentale. Mais dans l&rsquo;action cela se passe rarement comme pr\u00e9vu. Souvent, \u00e0 mi chemin de mon fa\u00e7onnage, je dois m&rsquo;adapter&nbsp;: ou redresser ou r\u00e9parer ou taper selon l&rsquo;\u00e9v\u00e8nement, c&rsquo;est \u00e0 ce moment pr\u00e9cis qu&rsquo;intervient lutte ou accompagnement du d\u00e9faut. C&rsquo;est dans cet espace\/temps qu&rsquo;il peut parfois arriver quelque chose d&rsquo;int\u00e9ressant.\u00a0\u00bb<\/p>\n\n\n\n<p class=\"has-black-color has-text-color has-link-color wp-elements-494a584166debf64d765d93bbb630e2c\" style=\"font-size:17px\">\u00ab\u00a0La pose de mes enduits sera aussi l&rsquo;occasion de m&rsquo;inspirer. Des paysages, des ambiances apparaissent. Je sculpte ces enduits pour mieux pr\u00e9ciser ce que je vois. A ce stade, je r\u00e9fl\u00e9chis \u00e0 la mani\u00e8re dont je poserai l&rsquo;\u00e9mail pr\u00e9vu pour mettre en lumi\u00e8re ce premier travail. De nature tr\u00e8s curieuse, je regarde aussi beaucoup le travail et les techniques des autres c\u00e9ramistes, peintres et sculpteurs.\u00a0\u00bb<\/p>\n<\/div><\/div>\n\n\n\n<div class=\"wp-block-media-text has-media-on-the-right is-stacked-on-mobile\"><div class=\"wp-block-media-text__content\">\n<p class=\"has-black-color has-text-color has-link-color wp-elements-8388fead378c1cae0b6233c386e09352\" style=\"font-size:17px\"><\/p>\n\n\n\n<p class=\"has-black-color has-text-color has-link-color wp-elements-e8eb7ab67920f10aa6ebda0e8243a841\" style=\"font-size:17px\">\u00ab\u00a0J&rsquo;utilise un four \u00e9lectrique. C&rsquo;est pratique&nbsp;! Je peux dormir tranquille la nuit. Je sais qu&rsquo;il est tr\u00e8s difficile de rendre un \u00e9mail int\u00e9ressant avec une cuisson neutre mais j&rsquo;ai appris \u00e0 faire avec, m&rsquo;adapter et m\u00eame si je pense souvent aux \u00ab&nbsp;r\u00e9ductions&nbsp;\u00bb comme un \u00e9largissement des possibilit\u00e9s je reste tr\u00e8s attach\u00e9e au confort de mes exp\u00e9riences acquises en four \u00e9lectrique. Mais je ne me ferme pas \u00e0 cette \u00e9volution qui sera bienvenue quand cela deviendra une \u00e9vidence.\u00a0\u00bb<\/p>\n\n\n\n<p class=\"has-black-color has-text-color has-link-color wp-elements-681a352be422e5b41f1e62900a1b9c5e\" style=\"font-size:17px\">\u00ab\u00a0J&rsquo;ai plusieurs courbes de temp\u00e9ratures selon les \u00e9maux. En g\u00e9n\u00e9ral je tends \u00e0 monter assez vite jusqu&rsquo;\u00e0 1100\/1150\u00b0C puis je le ralentis \u00e0 pas d&rsquo;escargot jusqu&rsquo;au degr\u00e9 final. En moyenne une dizaine d&rsquo;heures. Le refroidissement \u00e9tant le plus long (1 \u00e0 2 jours selon le chargement et le type de pi\u00e8ces). Je fais aussi des mono-cuissons, surtout quand il y a de la cendre dans l&rsquo;\u00e9mail. La courbe est de fait, plus longue.\u00a0\u00bb<\/p>\n\n\n\n<p class=\"has-black-color has-text-color has-link-color wp-elements-d0d55f0efc632041ab2ffdf1ca0b1fbf\" style=\"font-size:17px\">\u00ab\u00a0J&rsquo;aime les \u00e9maux satin\u00e9s \u00e0 mats voire \u00ab&nbsp;savonneux&nbsp;\u00bb. Tons sourds de base pour faire ressortir des couleurs plus chatoyantes en superposition. Je recuis plusieurs fois mes pi\u00e8ces. Le fait de \u00ab&nbsp;fatiguer&nbsp;\u00bb l&rsquo;\u00e9mail \u00e0 \u00eatre cuit et recuit va produire une sorte d&rsquo;accord tr\u00e8s fusionnel avec la terre. C&rsquo;est ce qui m\u2019int\u00e9resse le plus. Il y a une litt\u00e9rature fabuleuse de recettes. Quand je prends une recette dans un livre, j&rsquo;obtiens rarement le m\u00eame r\u00e9sultat que sur la photo et c&rsquo;est tr\u00e8s bien. Je peux d&rsquo;ailleurs utiliser des \u00e9maux pr\u00e9vus pour de la r\u00e9duction, type C\u00e9ladon, qui selon le support, gr\u00e8s roux, blancs, engobes porcelaniques. Ils m&rsquo;offriront une gamme allant de verts tendres au bronze que j&rsquo;affectionne beaucoup.\u00a0\u00bb<\/p>\n<\/div><figure class=\"wp-block-media-text__media\"><img loading=\"lazy\" decoding=\"async\" width=\"1024\" height=\"1024\" src=\"https:\/\/www.maisonwabisabi.com\/wp-content\/uploads\/2025\/02\/Peggy-GERMAIN-Style1.jpg\" alt=\"Peggy GERMAIN - Style1\" class=\"wp-image-32930 size-full\" srcset=\"https:\/\/www.maisonwabisabi.com\/wp-content\/uploads\/2025\/02\/Peggy-GERMAIN-Style1.jpg 1024w, https:\/\/www.maisonwabisabi.com\/wp-content\/uploads\/2025\/02\/Peggy-GERMAIN-Style1-300x300.jpg 300w, https:\/\/www.maisonwabisabi.com\/wp-content\/uploads\/2025\/02\/Peggy-GERMAIN-Style1-150x150.jpg 150w, https:\/\/www.maisonwabisabi.com\/wp-content\/uploads\/2025\/02\/Peggy-GERMAIN-Style1-768x768.jpg 768w, https:\/\/www.maisonwabisabi.com\/wp-content\/uploads\/2025\/02\/Peggy-GERMAIN-Style1-600x600.jpg 600w, https:\/\/www.maisonwabisabi.com\/wp-content\/uploads\/2025\/02\/Peggy-GERMAIN-Style1-100x100.jpg 100w\" sizes=\"auto, (max-width: 1024px) 100vw, 1024px\" \/><\/figure><\/div>\n\n\n\n<div class=\"wp-block-media-text is-stacked-on-mobile\"><figure class=\"wp-block-media-text__media\"><img loading=\"lazy\" decoding=\"async\" width=\"1024\" height=\"1024\" src=\"https:\/\/www.maisonwabisabi.com\/wp-content\/uploads\/2025\/02\/Peggy-GERMAIN-Style3.jpg\" alt=\"Peggy GERMAIN - Style3\" class=\"wp-image-32943 size-full\" srcset=\"https:\/\/www.maisonwabisabi.com\/wp-content\/uploads\/2025\/02\/Peggy-GERMAIN-Style3.jpg 1024w, https:\/\/www.maisonwabisabi.com\/wp-content\/uploads\/2025\/02\/Peggy-GERMAIN-Style3-300x300.jpg 300w, https:\/\/www.maisonwabisabi.com\/wp-content\/uploads\/2025\/02\/Peggy-GERMAIN-Style3-150x150.jpg 150w, https:\/\/www.maisonwabisabi.com\/wp-content\/uploads\/2025\/02\/Peggy-GERMAIN-Style3-768x768.jpg 768w, https:\/\/www.maisonwabisabi.com\/wp-content\/uploads\/2025\/02\/Peggy-GERMAIN-Style3-600x600.jpg 600w, https:\/\/www.maisonwabisabi.com\/wp-content\/uploads\/2025\/02\/Peggy-GERMAIN-Style3-100x100.jpg 100w\" sizes=\"auto, (max-width: 1024px) 100vw, 1024px\" \/><\/figure><div class=\"wp-block-media-text__content\">\n<p><\/p>\n\n\n\n<h3 class=\"wp-block-heading has-black-color has-text-color has-link-color wp-elements-b45ddcee2cf4d2a598ebefc56e692593\" style=\"font-size:17px\"><strong><mark style=\"background-color:rgba(0, 0, 0, 0);color:#7d4e2d\" class=\"has-inline-color\"><strong><strong>Peggy GERMAIN<\/strong><\/strong> en 5 dates importantes :<\/mark><\/strong><\/h3>\n\n\n\n<p class=\"has-black-color has-text-color has-link-color wp-elements-8f2c5014c5736df843785b1678c6b718\" style=\"font-size:17px\">2003 : Ma rencontre avec Olivier, mon compagnon de route, qui m&rsquo;a toujours encourag\u00e9 \u00e0 pers\u00e9v\u00e9rer dans cette voie artistique et aussi en priorisant un cadre de vie ad\u00e9quat \u00e0 mon travail.<\/p>\n\n\n\n<p class=\"has-black-color has-text-color has-link-color wp-elements-c4043c96260b02b7a657714af9830dba\" style=\"font-size:17px\">2010 : Rencontre avec Philippe FERRETTI qui m\u2019apprend les bases du m\u00e9tier.<\/p>\n\n\n\n<p class=\"has-black-color has-text-color has-link-color wp-elements-2a81a2edf3a2517e09d4956d11871433\" style=\"font-size:17px\">2015 : Ce stage avec Akira SATAKE qui orientera plus pr\u00e9cis\u00e9ment mon travail.<\/p>\n\n\n\n<p class=\"has-black-color has-text-color has-link-color wp-elements-379af4a871862937bb672af5c56dfad8\" style=\"font-size:17px\">2015 : Rencontre avec Suzanne PERESSE qui m&rsquo;initie aux \u00e9maux de haute temp\u00e9rature.<\/p>\n\n\n\n<p class=\"has-black-color has-text-color has-link-color wp-elements-fa45761764ea3fc91d1779db522a79bb\" style=\"font-size:17px\">2018 : Rencontre avec Randall MORRIS et Shari CAVIN de la galerie <a href=\"https:\/\/www.cavinmorris.com\"><mark style=\"background-color:rgba(0, 0, 0, 0);color:#8d9a83\" class=\"has-inline-color\">Cavin-Morris<\/mark><\/a> \u00e0 New York au salon de l&rsquo;Outsider Art Fair \u00e0 Paris. Ils exposent depuis mon travail dans leur galerie et cela a contribu\u00e9 \u00e0 une suite d&rsquo;heureuses rencontres professionnelles.<\/p>\n<\/div><\/div>\n\n\n\n<p class=\"has-text-align-center has-black-color has-text-color\" style=\"font-size:15px\">Source des photos et des textes : Peggy GERMAIN et Yann san<\/p>\n\n\n\n<div style=\"height:100px\" aria-hidden=\"true\" class=\"wp-block-spacer\"><\/div>","protected":false},"excerpt":{"rendered":"<p>Peggy GERMAIN et ses cr\u00e9ations (1973-) \u00ab\u00a0Originaire de Bretagne. Elle vit actuellement \u00e0 Riec-sur-B\u00e9lon, en Sud Finist\u00e8re, pr\u00e8s de Pont-Aven, [&hellip;]<\/p>\n","protected":false},"author":1,"featured_media":0,"comment_status":"closed","ping_status":"closed","sticky":false,"template":"","format":"standard","meta":{"site-sidebar-layout":"default","site-content-layout":"","ast-site-content-layout":"default","site-content-style":"default","site-sidebar-style":"default","ast-global-header-display":"","ast-banner-title-visibility":"","ast-main-header-display":"","ast-hfb-above-header-display":"","ast-hfb-below-header-display":"","ast-hfb-mobile-header-display":"","site-post-title":"disabled","ast-breadcrumbs-content":"","ast-featured-img":"","footer-sml-layout":"","ast-disable-related-posts":"","theme-transparent-header-meta":"","adv-header-id-meta":"","stick-header-meta":"","header-above-stick-meta":"","header-main-stick-meta":"","header-below-stick-meta":"","astra-migrate-meta-layouts":"default","ast-page-background-enabled":"default","ast-page-background-meta":{"desktop":{"background-color":"var(--ast-global-color-5)","background-image":"","background-repeat":"repeat","background-position":"center center","background-size":"auto","background-attachment":"scroll","background-type":"","background-media":"","overlay-type":"","overlay-color":"","overlay-opacity":"","overlay-gradient":""},"tablet":{"background-color":"","background-image":"","background-repeat":"repeat","background-position":"center center","background-size":"auto","background-attachment":"scroll","background-type":"","background-media":"","overlay-type":"","overlay-color":"","overlay-opacity":"","overlay-gradient":""},"mobile":{"background-color":"","background-image":"","background-repeat":"repeat","background-position":"center center","background-size":"auto","background-attachment":"scroll","background-type":"","background-media":"","overlay-type":"","overlay-color":"","overlay-opacity":"","overlay-gradient":""}},"ast-content-background-meta":{"desktop":{"background-color":"var(--ast-global-color-4)","background-image":"","background-repeat":"repeat","background-position":"center center","background-size":"auto","background-attachment":"scroll","background-type":"","background-media":"","overlay-type":"","overlay-color":"","overlay-opacity":"","overlay-gradient":""},"tablet":{"background-color":"var(--ast-global-color-4)","background-image":"","background-repeat":"repeat","background-position":"center center","background-size":"auto","background-attachment":"scroll","background-type":"","background-media":"","overlay-type":"","overlay-color":"","overlay-opacity":"","overlay-gradient":""},"mobile":{"background-color":"var(--ast-global-color-4)","background-image":"","background-repeat":"repeat","background-position":"center center","background-size":"auto","background-attachment":"scroll","background-type":"","background-media":"","overlay-type":"","overlay-color":"","overlay-opacity":"","overlay-gradient":""}},"footnotes":""},"categories":[76],"tags":[234,232,238,236,230,237,235,231,239],"class_list":["post-32609","post","type-post","status-publish","format-standard","hentry","category-ceramistes","tag-art-de-la-table-en-poterie","tag-ceramique-artisanale","tag-creations-en-poterie","tag-objets-en-ceramique","tag-poterie-artisanale","tag-poterie-dart","tag-poterie-decorative","tag-poterie-faite-main","tag-poterie-unique"],"yoast_head":"<!-- This site is optimized with the Yoast SEO plugin v27.5 - https:\/\/yoast.com\/product\/yoast-seo-wordpress\/ -->\n<title>Peggy GERMAIN - Maison Wabi-Sabi - C\u00e9ramistes<\/title>\n<meta name=\"description\" content=\"Peggy GERMAIN est \u00e0 Quimper, dans la r\u00e9gion Bretagne. H\u00e2te de vous pr\u00e9senter ses cr\u00e9ations dans la boutique. C\u00e9ramique fran\u00e7aise.\" \/>\n<meta name=\"robots\" content=\"index, follow, max-snippet:-1, max-image-preview:large, max-video-preview:-1\" \/>\n<link rel=\"canonical\" href=\"https:\/\/www.maisonwabisabi.com\/en\/peggy-germain\/\" \/>\n<meta property=\"og:locale\" content=\"en_GB\" \/>\n<meta property=\"og:type\" content=\"article\" \/>\n<meta property=\"og:title\" content=\"Peggy GERMAIN - Maison Wabi-Sabi - C\u00e9ramistes\" \/>\n<meta property=\"og:description\" content=\"Peggy GERMAIN est \u00e0 Quimper, dans la r\u00e9gion Bretagne. H\u00e2te de vous pr\u00e9senter ses cr\u00e9ations dans la boutique. C\u00e9ramique fran\u00e7aise.\" \/>\n<meta property=\"og:url\" content=\"https:\/\/www.maisonwabisabi.com\/en\/peggy-germain\/\" \/>\n<meta property=\"og:site_name\" content=\"Maison Wabi-Sabi\" \/>\n<meta property=\"article:publisher\" content=\"https:\/\/www.facebook.com\/MaisonWabiSabi\" \/>\n<meta property=\"article:author\" content=\"https:\/\/www.facebook.com\/MaisonWabiSabi\" \/>\n<meta property=\"article:published_time\" content=\"2025-02-11T20:03:18+00:00\" \/>\n<meta property=\"article:modified_time\" content=\"2026-03-07T15:38:58+00:00\" \/>\n<meta property=\"og:image\" content=\"https:\/\/www.maisonwabisabi.com\/wp-content\/uploads\/2025\/02\/Peggy-GERMAIN-Portrait.jpg\" \/>\n\t<meta property=\"og:image:width\" content=\"1024\" \/>\n\t<meta property=\"og:image:height\" content=\"1024\" \/>\n\t<meta property=\"og:image:type\" content=\"image\/jpeg\" \/>\n<meta name=\"author\" content=\"Yann san\" \/>\n<meta name=\"twitter:card\" content=\"summary_large_image\" \/>\n<meta name=\"twitter:label1\" content=\"Written by\" \/>\n\t<meta name=\"twitter:data1\" content=\"Yann san\" \/>\n\t<meta name=\"twitter:label2\" content=\"Estimated reading time\" \/>\n\t<meta name=\"twitter:data2\" content=\"8 minutes\" \/>\n<script type=\"application\/ld+json\" class=\"yoast-schema-graph\">{\"@context\":\"https:\\\/\\\/schema.org\",\"@graph\":[{\"@type\":\"Article\",\"@id\":\"https:\\\/\\\/www.maisonwabisabi.com\\\/peggy-germain\\\/#article\",\"isPartOf\":{\"@id\":\"https:\\\/\\\/www.maisonwabisabi.com\\\/peggy-germain\\\/\"},\"author\":{\"name\":\"Yann san\",\"@id\":\"https:\\\/\\\/www.maisonwabisabi.com\\\/#\\\/schema\\\/person\\\/b2458bb9fa2737d1a11eabc63d3aabc9\"},\"headline\":\"Rencontre avec Peggy GERMAIN C\u00e9ramiste fran\u00e7aise \u00e0 Riec-sur-B\u00e9lon\",\"datePublished\":\"2025-02-11T20:03:18+00:00\",\"dateModified\":\"2026-03-07T15:38:58+00:00\",\"mainEntityOfPage\":{\"@id\":\"https:\\\/\\\/www.maisonwabisabi.com\\\/peggy-germain\\\/\"},\"wordCount\":1493,\"publisher\":{\"@id\":\"https:\\\/\\\/www.maisonwabisabi.com\\\/#organization\"},\"image\":{\"@id\":\"https:\\\/\\\/www.maisonwabisabi.com\\\/peggy-germain\\\/#primaryimage\"},\"thumbnailUrl\":\"https:\\\/\\\/www.maisonwabisabi.com\\\/wp-content\\\/uploads\\\/2025\\\/02\\\/Peggy-GERMAIN-Portrait.jpg\",\"keywords\":[\"Art de la table en poterie\",\"C\u00e9ramique artisanale\",\"Cr\u00e9ations en poterie\",\"Objets en c\u00e9ramique\",\"Poterie artisanale\",\"Poterie d'art\",\"Poterie d\u00e9corative\",\"Poterie faite main\",\"Poterie unique\"],\"articleSection\":[\"C\u00e9ramistes\"],\"inLanguage\":\"en-GB\"},{\"@type\":\"WebPage\",\"@id\":\"https:\\\/\\\/www.maisonwabisabi.com\\\/peggy-germain\\\/\",\"url\":\"https:\\\/\\\/www.maisonwabisabi.com\\\/peggy-germain\\\/\",\"name\":\"Peggy GERMAIN - Maison Wabi-Sabi - C\u00e9ramistes\",\"isPartOf\":{\"@id\":\"https:\\\/\\\/www.maisonwabisabi.com\\\/#website\"},\"primaryImageOfPage\":{\"@id\":\"https:\\\/\\\/www.maisonwabisabi.com\\\/peggy-germain\\\/#primaryimage\"},\"image\":{\"@id\":\"https:\\\/\\\/www.maisonwabisabi.com\\\/peggy-germain\\\/#primaryimage\"},\"thumbnailUrl\":\"https:\\\/\\\/www.maisonwabisabi.com\\\/wp-content\\\/uploads\\\/2025\\\/02\\\/Peggy-GERMAIN-Portrait.jpg\",\"datePublished\":\"2025-02-11T20:03:18+00:00\",\"dateModified\":\"2026-03-07T15:38:58+00:00\",\"description\":\"Peggy GERMAIN est \u00e0 Quimper, dans la r\u00e9gion Bretagne. H\u00e2te de vous pr\u00e9senter ses cr\u00e9ations dans la boutique. C\u00e9ramique fran\u00e7aise.\",\"breadcrumb\":{\"@id\":\"https:\\\/\\\/www.maisonwabisabi.com\\\/peggy-germain\\\/#breadcrumb\"},\"inLanguage\":\"en-GB\",\"potentialAction\":[{\"@type\":\"ReadAction\",\"target\":[\"https:\\\/\\\/www.maisonwabisabi.com\\\/peggy-germain\\\/\"]}]},{\"@type\":\"ImageObject\",\"inLanguage\":\"en-GB\",\"@id\":\"https:\\\/\\\/www.maisonwabisabi.com\\\/peggy-germain\\\/#primaryimage\",\"url\":\"https:\\\/\\\/www.maisonwabisabi.com\\\/wp-content\\\/uploads\\\/2025\\\/02\\\/Peggy-GERMAIN-Portrait.jpg\",\"contentUrl\":\"https:\\\/\\\/www.maisonwabisabi.com\\\/wp-content\\\/uploads\\\/2025\\\/02\\\/Peggy-GERMAIN-Portrait.jpg\"},{\"@type\":\"BreadcrumbList\",\"@id\":\"https:\\\/\\\/www.maisonwabisabi.com\\\/peggy-germain\\\/#breadcrumb\",\"itemListElement\":[{\"@type\":\"ListItem\",\"position\":1,\"name\":\"Bienvenue\",\"item\":\"https:\\\/\\\/www.maisonwabisabi.com\\\/\"},{\"@type\":\"ListItem\",\"position\":2,\"name\":\"Rencontre avec Peggy GERMAIN C\u00e9ramiste fran\u00e7aise \u00e0 Riec-sur-B\u00e9lon\"}]},{\"@type\":\"WebSite\",\"@id\":\"https:\\\/\\\/www.maisonwabisabi.com\\\/#website\",\"url\":\"https:\\\/\\\/www.maisonwabisabi.com\\\/\",\"name\":\"Maison Wabi-Sabi\",\"description\":\"\",\"publisher\":{\"@id\":\"https:\\\/\\\/www.maisonwabisabi.com\\\/#organization\"},\"potentialAction\":[{\"@type\":\"SearchAction\",\"target\":{\"@type\":\"EntryPoint\",\"urlTemplate\":\"https:\\\/\\\/www.maisonwabisabi.com\\\/?s={search_term_string}\"},\"query-input\":{\"@type\":\"PropertyValueSpecification\",\"valueRequired\":true,\"valueName\":\"search_term_string\"}}],\"inLanguage\":\"en-GB\"},{\"@type\":\"Organization\",\"@id\":\"https:\\\/\\\/www.maisonwabisabi.com\\\/#organization\",\"name\":\"Maison Wabi-Sabi\",\"url\":\"https:\\\/\\\/www.maisonwabisabi.com\\\/\",\"logo\":{\"@type\":\"ImageObject\",\"inLanguage\":\"en-GB\",\"@id\":\"https:\\\/\\\/www.maisonwabisabi.com\\\/#\\\/schema\\\/logo\\\/image\\\/\",\"url\":\"https:\\\/\\\/www.maisonwabisabi.com\\\/wp-content\\\/uploads\\\/2021\\\/11\\\/Logo-de-maison-Wabi-Sabi.jpg\",\"contentUrl\":\"https:\\\/\\\/www.maisonwabisabi.com\\\/wp-content\\\/uploads\\\/2021\\\/11\\\/Logo-de-maison-Wabi-Sabi.jpg\",\"width\":1024,\"height\":1024,\"caption\":\"Maison Wabi-Sabi\"},\"image\":{\"@id\":\"https:\\\/\\\/www.maisonwabisabi.com\\\/#\\\/schema\\\/logo\\\/image\\\/\"},\"sameAs\":[\"https:\\\/\\\/www.facebook.com\\\/MaisonWabiSabi\",\"https:\\\/\\\/www.instagram.com\\\/maison.wabi.sabi\\\/?hl=fr\",\"https:\\\/\\\/www.linkedin.com\\\/company\\\/69088467\"]},{\"@type\":\"Person\",\"@id\":\"https:\\\/\\\/www.maisonwabisabi.com\\\/#\\\/schema\\\/person\\\/b2458bb9fa2737d1a11eabc63d3aabc9\",\"name\":\"Yann san\",\"sameAs\":[\"https:\\\/\\\/www.maisonwabisabi.com\",\"https:\\\/\\\/www.facebook.com\\\/MaisonWabiSabi\",\"https:\\\/\\\/www.instagram.com\\\/maison.wabi.sabi\\\/\"],\"url\":\"https:\\\/\\\/www.maisonwabisabi.com\\\/en\\\/author\\\/4729952\\\/\"}]}<\/script>\n<!-- \/ Yoast SEO plugin. -->","yoast_head_json":{"title":"Peggy GERMAIN - Maison Wabi-Sabi - C\u00e9ramistes","description":"Peggy GERMAIN est \u00e0 Quimper, dans la r\u00e9gion Bretagne. H\u00e2te de vous pr\u00e9senter ses cr\u00e9ations dans la boutique. C\u00e9ramique fran\u00e7aise.","robots":{"index":"index","follow":"follow","max-snippet":"max-snippet:-1","max-image-preview":"max-image-preview:large","max-video-preview":"max-video-preview:-1"},"canonical":"https:\/\/www.maisonwabisabi.com\/en\/peggy-germain\/","og_locale":"en_GB","og_type":"article","og_title":"Peggy GERMAIN - Maison Wabi-Sabi - C\u00e9ramistes","og_description":"Peggy GERMAIN est \u00e0 Quimper, dans la r\u00e9gion Bretagne. H\u00e2te de vous pr\u00e9senter ses cr\u00e9ations dans la boutique. C\u00e9ramique fran\u00e7aise.","og_url":"https:\/\/www.maisonwabisabi.com\/en\/peggy-germain\/","og_site_name":"Maison Wabi-Sabi","article_publisher":"https:\/\/www.facebook.com\/MaisonWabiSabi","article_author":"https:\/\/www.facebook.com\/MaisonWabiSabi","article_published_time":"2025-02-11T20:03:18+00:00","article_modified_time":"2026-03-07T15:38:58+00:00","og_image":[{"width":1024,"height":1024,"url":"https:\/\/www.maisonwabisabi.com\/wp-content\/uploads\/2025\/02\/Peggy-GERMAIN-Portrait.jpg","type":"image\/jpeg"}],"author":"Yann san","twitter_card":"summary_large_image","twitter_misc":{"Written by":"Yann san","Estimated reading time":"8 minutes"},"schema":{"@context":"https:\/\/schema.org","@graph":[{"@type":"Article","@id":"https:\/\/www.maisonwabisabi.com\/peggy-germain\/#article","isPartOf":{"@id":"https:\/\/www.maisonwabisabi.com\/peggy-germain\/"},"author":{"name":"Yann san","@id":"https:\/\/www.maisonwabisabi.com\/#\/schema\/person\/b2458bb9fa2737d1a11eabc63d3aabc9"},"headline":"Rencontre avec Peggy GERMAIN C\u00e9ramiste fran\u00e7aise \u00e0 Riec-sur-B\u00e9lon","datePublished":"2025-02-11T20:03:18+00:00","dateModified":"2026-03-07T15:38:58+00:00","mainEntityOfPage":{"@id":"https:\/\/www.maisonwabisabi.com\/peggy-germain\/"},"wordCount":1493,"publisher":{"@id":"https:\/\/www.maisonwabisabi.com\/#organization"},"image":{"@id":"https:\/\/www.maisonwabisabi.com\/peggy-germain\/#primaryimage"},"thumbnailUrl":"https:\/\/www.maisonwabisabi.com\/wp-content\/uploads\/2025\/02\/Peggy-GERMAIN-Portrait.jpg","keywords":["Art de la table en poterie","C\u00e9ramique artisanale","Cr\u00e9ations en poterie","Objets en c\u00e9ramique","Poterie artisanale","Poterie d'art","Poterie d\u00e9corative","Poterie faite main","Poterie unique"],"articleSection":["C\u00e9ramistes"],"inLanguage":"en-GB"},{"@type":"WebPage","@id":"https:\/\/www.maisonwabisabi.com\/peggy-germain\/","url":"https:\/\/www.maisonwabisabi.com\/peggy-germain\/","name":"Peggy GERMAIN - Maison Wabi-Sabi - C\u00e9ramistes","isPartOf":{"@id":"https:\/\/www.maisonwabisabi.com\/#website"},"primaryImageOfPage":{"@id":"https:\/\/www.maisonwabisabi.com\/peggy-germain\/#primaryimage"},"image":{"@id":"https:\/\/www.maisonwabisabi.com\/peggy-germain\/#primaryimage"},"thumbnailUrl":"https:\/\/www.maisonwabisabi.com\/wp-content\/uploads\/2025\/02\/Peggy-GERMAIN-Portrait.jpg","datePublished":"2025-02-11T20:03:18+00:00","dateModified":"2026-03-07T15:38:58+00:00","description":"Peggy GERMAIN est \u00e0 Quimper, dans la r\u00e9gion Bretagne. H\u00e2te de vous pr\u00e9senter ses cr\u00e9ations dans la boutique. C\u00e9ramique fran\u00e7aise.","breadcrumb":{"@id":"https:\/\/www.maisonwabisabi.com\/peggy-germain\/#breadcrumb"},"inLanguage":"en-GB","potentialAction":[{"@type":"ReadAction","target":["https:\/\/www.maisonwabisabi.com\/peggy-germain\/"]}]},{"@type":"ImageObject","inLanguage":"en-GB","@id":"https:\/\/www.maisonwabisabi.com\/peggy-germain\/#primaryimage","url":"https:\/\/www.maisonwabisabi.com\/wp-content\/uploads\/2025\/02\/Peggy-GERMAIN-Portrait.jpg","contentUrl":"https:\/\/www.maisonwabisabi.com\/wp-content\/uploads\/2025\/02\/Peggy-GERMAIN-Portrait.jpg"},{"@type":"BreadcrumbList","@id":"https:\/\/www.maisonwabisabi.com\/peggy-germain\/#breadcrumb","itemListElement":[{"@type":"ListItem","position":1,"name":"Bienvenue","item":"https:\/\/www.maisonwabisabi.com\/"},{"@type":"ListItem","position":2,"name":"Rencontre avec Peggy GERMAIN C\u00e9ramiste fran\u00e7aise \u00e0 Riec-sur-B\u00e9lon"}]},{"@type":"WebSite","@id":"https:\/\/www.maisonwabisabi.com\/#website","url":"https:\/\/www.maisonwabisabi.com\/","name":"Maison Wabi-Sabi","description":"","publisher":{"@id":"https:\/\/www.maisonwabisabi.com\/#organization"},"potentialAction":[{"@type":"SearchAction","target":{"@type":"EntryPoint","urlTemplate":"https:\/\/www.maisonwabisabi.com\/?s={search_term_string}"},"query-input":{"@type":"PropertyValueSpecification","valueRequired":true,"valueName":"search_term_string"}}],"inLanguage":"en-GB"},{"@type":"Organization","@id":"https:\/\/www.maisonwabisabi.com\/#organization","name":"Maison Wabi-Sabi","url":"https:\/\/www.maisonwabisabi.com\/","logo":{"@type":"ImageObject","inLanguage":"en-GB","@id":"https:\/\/www.maisonwabisabi.com\/#\/schema\/logo\/image\/","url":"https:\/\/www.maisonwabisabi.com\/wp-content\/uploads\/2021\/11\/Logo-de-maison-Wabi-Sabi.jpg","contentUrl":"https:\/\/www.maisonwabisabi.com\/wp-content\/uploads\/2021\/11\/Logo-de-maison-Wabi-Sabi.jpg","width":1024,"height":1024,"caption":"Maison Wabi-Sabi"},"image":{"@id":"https:\/\/www.maisonwabisabi.com\/#\/schema\/logo\/image\/"},"sameAs":["https:\/\/www.facebook.com\/MaisonWabiSabi","https:\/\/www.instagram.com\/maison.wabi.sabi\/?hl=fr","https:\/\/www.linkedin.com\/company\/69088467"]},{"@type":"Person","@id":"https:\/\/www.maisonwabisabi.com\/#\/schema\/person\/b2458bb9fa2737d1a11eabc63d3aabc9","name":"Yann san","sameAs":["https:\/\/www.maisonwabisabi.com","https:\/\/www.facebook.com\/MaisonWabiSabi","https:\/\/www.instagram.com\/maison.wabi.sabi\/"],"url":"https:\/\/www.maisonwabisabi.com\/en\/author\/4729952\/"}]}},"_links":{"self":[{"href":"https:\/\/www.maisonwabisabi.com\/en\/wp-json\/wp\/v2\/posts\/32609","targetHints":{"allow":["GET"]}}],"collection":[{"href":"https:\/\/www.maisonwabisabi.com\/en\/wp-json\/wp\/v2\/posts"}],"about":[{"href":"https:\/\/www.maisonwabisabi.com\/en\/wp-json\/wp\/v2\/types\/post"}],"author":[{"embeddable":true,"href":"https:\/\/www.maisonwabisabi.com\/en\/wp-json\/wp\/v2\/users\/1"}],"replies":[{"embeddable":true,"href":"https:\/\/www.maisonwabisabi.com\/en\/wp-json\/wp\/v2\/comments?post=32609"}],"version-history":[{"count":2,"href":"https:\/\/www.maisonwabisabi.com\/en\/wp-json\/wp\/v2\/posts\/32609\/revisions"}],"predecessor-version":[{"id":36801,"href":"https:\/\/www.maisonwabisabi.com\/en\/wp-json\/wp\/v2\/posts\/32609\/revisions\/36801"}],"wp:attachment":[{"href":"https:\/\/www.maisonwabisabi.com\/en\/wp-json\/wp\/v2\/media?parent=32609"}],"wp:term":[{"taxonomy":"category","embeddable":true,"href":"https:\/\/www.maisonwabisabi.com\/en\/wp-json\/wp\/v2\/categories?post=32609"},{"taxonomy":"post_tag","embeddable":true,"href":"https:\/\/www.maisonwabisabi.com\/en\/wp-json\/wp\/v2\/tags?post=32609"}],"curies":[{"name":"wp","href":"https:\/\/api.w.org\/{rel}","templated":true}]}}