{"id":32605,"date":"2025-02-11T20:25:14","date_gmt":"2025-02-11T19:25:14","guid":{"rendered":"https:\/\/www.maisonwabisabi.com\/?p=32605"},"modified":"2025-09-11T18:00:30","modified_gmt":"2025-09-11T16:00:30","slug":"therese-laumaille","status":"publish","type":"post","link":"https:\/\/www.maisonwabisabi.com\/en\/therese-laumaille\/","title":{"rendered":"Rencontre avec Th\u00e9r\u00e8se LAUMAILL\u00c9 C\u00e9ramiste fran\u00e7aise \u00e0 Loguivy Plougras"},"content":{"rendered":"<div style=\"height:20px\" aria-hidden=\"true\" class=\"wp-block-spacer\"><\/div>\n\n\n\n<div class=\"wp-block-media-text is-stacked-on-mobile\"><figure class=\"wp-block-media-text__media\"><img loading=\"lazy\" decoding=\"async\" width=\"1024\" height=\"1024\" src=\"https:\/\/www.maisonwabisabi.com\/wp-content\/uploads\/2025\/02\/Therese-LAUMAILLE-Portrait.jpg\" alt=\"The\u0301re\u0300se LAUMAILLE\u0301 - Portrait\" class=\"wp-image-32802 size-full\" srcset=\"https:\/\/www.maisonwabisabi.com\/wp-content\/uploads\/2025\/02\/Therese-LAUMAILLE-Portrait.jpg 1024w, https:\/\/www.maisonwabisabi.com\/wp-content\/uploads\/2025\/02\/Therese-LAUMAILLE-Portrait-300x300.jpg 300w, https:\/\/www.maisonwabisabi.com\/wp-content\/uploads\/2025\/02\/Therese-LAUMAILLE-Portrait-150x150.jpg 150w, https:\/\/www.maisonwabisabi.com\/wp-content\/uploads\/2025\/02\/Therese-LAUMAILLE-Portrait-768x768.jpg 768w, https:\/\/www.maisonwabisabi.com\/wp-content\/uploads\/2025\/02\/Therese-LAUMAILLE-Portrait-600x600.jpg 600w, https:\/\/www.maisonwabisabi.com\/wp-content\/uploads\/2025\/02\/Therese-LAUMAILLE-Portrait-100x100.jpg 100w\" sizes=\"auto, (max-width: 1024px) 100vw, 1024px\" \/><\/figure><div class=\"wp-block-media-text__content\">\n<p><\/p>\n\n\n\n<h2 class=\"wp-block-heading has-black-color has-text-color\" style=\"font-size:21px\"><strong><mark style=\"background-color:rgba(0, 0, 0, 0);color:#7d4e2d\" class=\"has-inline-color\">Th\u00e9r\u00e8se LAUMAILL\u00c9 et<\/mark> <a href=\"https:\/\/www.maisonwabisabi.com\/en\/product-category\/ceramistes-de-france\/ceramiste-therese-laumaille\/\" target=\"_blank\" rel=\"noreferrer noopener\">ses cr\u00e9ations<\/a><\/strong><\/h2>\n\n\n\n<p class=\"has-black-color has-text-color\" style=\"font-size:17px\">(1980-)<\/p>\n\n\n\n<p class=\"has-black-color has-text-color\" style=\"font-size:17px\">N\u00e9e \u00e0 \u00c9vreux. Curieuse et disciplin\u00e9e, Th\u00e9r\u00e8se Laumaill\u00e9 est c\u00e9ramiste parce qu&rsquo;elle transforme l&rsquo;argile par le feu, avec un go\u00fbt pour les beaux objets du quotidien. Autodidacte, elle a commenc\u00e9 il y a 3 ans, au c\u00f4t\u00e9 de son compagnon c\u00e9ramiste, Beno\u00eet LAMY.<\/p>\n\n\n\n<p class=\"has-black-color has-text-color\" style=\"font-size:17px\">Elle est bas\u00e9e \u00e0 Loguivy-Plougras, \u00e0 l&rsquo;ouest des C\u00f4tes d&rsquo;Armor, en Bretagne. Elle est la fondatrice de l&rsquo;Atelier Tsukimi, o\u00f9 elle cr\u00e9e des objets utilitaires et d\u00e9coratifs en c\u00e9ramique, des c\u00e9ramiques pour le th\u00e9 fa\u00e7onn\u00e9 par pression des doigts sur l&rsquo;argile (Tebineri) et et cuites au feu de bois (Yakishime), ce qui leur conf\u00e8re une authenticit\u00e9 et une singularit\u00e9 particuli\u00e8res.<\/p>\n\n\n\n<p class=\"has-black-color has-text-color has-link-color wp-elements-c3d4c82d508eb5c0f44a9a88b275f6d9\" style=\"font-size:17px\">\u00ab\u00a0Ma relation avec la terre, le feu, l&rsquo;eau, le vent, la c\u00e9ramique et les \u00e9maux est sensuelle, car j&rsquo;aime toucher, sentir, regarder.\u00a0\u00bb<\/p>\n<\/div><\/div>\n\n\n\n<div class=\"wp-block-media-text has-media-on-the-right is-stacked-on-mobile\"><div class=\"wp-block-media-text__content\">\n<p><\/p>\n\n\n\n<p class=\"has-black-color has-text-color has-link-color wp-elements-3c206956df4acff3605278aa7920c245\" style=\"font-size:17px\">\u00ab\u00a0Th\u00e9r\u00e8se s&rsquo;inspire de pi\u00e8ces traditionnelles asiatiques et de son environnement (mer, for\u00eat, nature). Avec Beno\u00eet, ils utilisent un four \u00e0 bois auto-construit \u00e0 flamme directe, pour \u00eatre autonome et pour ressentir l&rsquo;\u00e9nergie du feu. Les mati\u00e8res premi\u00e8res pour le four sont les essences locales et du bois de r\u00e9cup\u00e9ration, dans une logique de proximit\u00e9 et de bon sens.\u00a0\u00bb<\/p>\n\n\n\n<p class=\"has-black-color has-text-color has-link-color wp-elements-15ccfe46b76fbfc97513b4f1067bf892\" style=\"font-size:17px\">\u00ab\u00a0Environ 12 cuissons par an, entre 8h et 10h. Les pi\u00e8ces sont g\u00e9n\u00e9ralement sans \u00e9maux, quelques shino et gla\u00e7ures aux cendres.\u00a0\u00bb<\/p>\n\n\n\n<p class=\"has-black-color has-text-color\" style=\"font-size:17px\">\u00ab\u00a0Lors de la F\u00eate du th\u00e9 2023 \u00e0 Rennes, Th\u00e9r\u00e8se a pr\u00e9sent\u00e9 ses cr\u00e9ations aux c\u00f4t\u00e9s d&rsquo;autres c\u00e9ramistes bretons, mettant en avant son expertise dans la fabrication de bols adapt\u00e9s \u00e0 la c\u00e9r\u00e9monie du th\u00e9.\u00a0\u00bb<\/p>\n\n\n\n<p class=\"has-black-color has-text-color\" style=\"font-size:17px\">\u00ab\u00a0Elle a \u00e9galement anim\u00e9 des ateliers d&rsquo;initiation \u00e0 la d\u00e9gustation du th\u00e9, partageant sa passion pour cette boisson mill\u00e9naire et son savoir-faire en mati\u00e8re de c\u00e9ramique.\u00a0\u00bb<\/p>\n<\/div><figure class=\"wp-block-media-text__media\"><img loading=\"lazy\" decoding=\"async\" width=\"1024\" height=\"1024\" src=\"https:\/\/www.maisonwabisabi.com\/wp-content\/uploads\/2025\/02\/Therese-LAUMAILLE-Atelier.jpg\" alt=\"The\u0301re\u0300se LAUMAILLE\u0301 - Atelier\" class=\"wp-image-32799 size-full\" srcset=\"https:\/\/www.maisonwabisabi.com\/wp-content\/uploads\/2025\/02\/Therese-LAUMAILLE-Atelier.jpg 1024w, https:\/\/www.maisonwabisabi.com\/wp-content\/uploads\/2025\/02\/Therese-LAUMAILLE-Atelier-300x300.jpg 300w, https:\/\/www.maisonwabisabi.com\/wp-content\/uploads\/2025\/02\/Therese-LAUMAILLE-Atelier-150x150.jpg 150w, https:\/\/www.maisonwabisabi.com\/wp-content\/uploads\/2025\/02\/Therese-LAUMAILLE-Atelier-768x768.jpg 768w, https:\/\/www.maisonwabisabi.com\/wp-content\/uploads\/2025\/02\/Therese-LAUMAILLE-Atelier-600x600.jpg 600w, https:\/\/www.maisonwabisabi.com\/wp-content\/uploads\/2025\/02\/Therese-LAUMAILLE-Atelier-100x100.jpg 100w\" sizes=\"auto, (max-width: 1024px) 100vw, 1024px\" \/><\/figure><\/div>\n\n\n\n<div class=\"wp-block-media-text is-stacked-on-mobile\"><figure class=\"wp-block-media-text__media\"><img loading=\"lazy\" decoding=\"async\" width=\"1024\" height=\"1024\" src=\"https:\/\/www.maisonwabisabi.com\/wp-content\/uploads\/2025\/02\/Therese-LAUMAILLE-Four-a-bois.jpg\" alt=\"The\u0301re\u0300se LAUMAILLE\u0301 - Four \u00e0 bois\" class=\"wp-image-32801 size-full\" srcset=\"https:\/\/www.maisonwabisabi.com\/wp-content\/uploads\/2025\/02\/Therese-LAUMAILLE-Four-a-bois.jpg 1024w, https:\/\/www.maisonwabisabi.com\/wp-content\/uploads\/2025\/02\/Therese-LAUMAILLE-Four-a-bois-300x300.jpg 300w, https:\/\/www.maisonwabisabi.com\/wp-content\/uploads\/2025\/02\/Therese-LAUMAILLE-Four-a-bois-150x150.jpg 150w, https:\/\/www.maisonwabisabi.com\/wp-content\/uploads\/2025\/02\/Therese-LAUMAILLE-Four-a-bois-768x768.jpg 768w, https:\/\/www.maisonwabisabi.com\/wp-content\/uploads\/2025\/02\/Therese-LAUMAILLE-Four-a-bois-600x600.jpg 600w, https:\/\/www.maisonwabisabi.com\/wp-content\/uploads\/2025\/02\/Therese-LAUMAILLE-Four-a-bois-100x100.jpg 100w\" sizes=\"auto, (max-width: 1024px) 100vw, 1024px\" \/><\/figure><div class=\"wp-block-media-text__content\">\n<p><\/p>\n\n\n\n<h3 class=\"wp-block-heading has-black-color has-text-color has-link-color wp-elements-2444bb0c4bd7ef76789b3a2690690063\" style=\"font-size:17px\"><strong><mark style=\"background-color:rgba(0, 0, 0, 0);color:#7d4e2d\" class=\"has-inline-color\"><strong><strong>Th\u00e9r\u00e8se LAUMAILL\u00c9<\/strong><\/strong> en 4 dates importantes :<\/mark><\/strong><\/h3>\n\n\n\n<p class=\"has-black-color has-text-color has-link-color wp-elements-0327e63145a35c27204265b131355091\" style=\"font-size:17px\">2010 : Premier Sencha \u00e0 Cancale.<\/p>\n\n\n\n<p class=\"has-black-color has-text-color has-link-color wp-elements-19a76aa5cca11f726ffbac55b61179e3\" style=\"font-size:17px\">Premier Ky\u016bsu offert \u00e0 son anniversaire \u00e0 Rennes. <\/p>\n\n\n\n<p class=\"has-black-color has-text-color has-link-color wp-elements-3241c7d484f8c2c70082d935e46bb1e4\" style=\"font-size:17px\">2017 : Premi\u00e8re r\u00e9colte d&rsquo;argile \u00e0 Locqu\u00e9meau.<\/p>\n\n\n\n<p class=\"has-black-color has-text-color has-link-color wp-elements-2bbc619a2171dbcc8d6a7b9c1c0b065d\" style=\"font-size:17px\">2019 : D\u00e9couverte de la cuisson au feu et du fa\u00e7onnage sans machine.<\/p>\n\n\n\n<p><\/p>\n\n\n\n<p class=\"has-black-color has-text-color has-link-color wp-elements-3bccc02b9f9a7163d1ea8c16bff970d1\" style=\"font-size:17px\">\u00ab\u00a0Faire na\u00eetre des objets de mes mains a quelque chose de magique qui me surprend toujours.\u00a0\u00bb<\/p>\n<\/div><\/div>\n\n\n\n<p class=\"has-text-align-center has-black-color has-text-color\" style=\"font-size:15px\">Source des photos et des textes : Th\u00e9r\u00e8se LAUMAILL\u00c9 et Yann san<\/p>\n\n\n\n<div style=\"height:100px\" aria-hidden=\"true\" class=\"wp-block-spacer\"><\/div>","protected":false},"excerpt":{"rendered":"<p>Th\u00e9r\u00e8se LAUMAILL\u00c9 et ses cr\u00e9ations (1980-) N\u00e9e \u00e0 \u00c9vreux. Curieuse et disciplin\u00e9e, Th\u00e9r\u00e8se Laumaill\u00e9 est c\u00e9ramiste parce qu&rsquo;elle transforme l&rsquo;argile [&hellip;]<\/p>\n","protected":false},"author":1,"featured_media":0,"comment_status":"closed","ping_status":"closed","sticky":false,"template":"","format":"standard","meta":{"site-sidebar-layout":"default","site-content-layout":"","ast-site-content-layout":"default","site-content-style":"default","site-sidebar-style":"default","ast-global-header-display":"","ast-banner-title-visibility":"","ast-main-header-display":"","ast-hfb-above-header-display":"","ast-hfb-below-header-display":"","ast-hfb-mobile-header-display":"","site-post-title":"disabled","ast-breadcrumbs-content":"","ast-featured-img":"","footer-sml-layout":"","ast-disable-related-posts":"","theme-transparent-header-meta":"","adv-header-id-meta":"","stick-header-meta":"","header-above-stick-meta":"","header-main-stick-meta":"","header-below-stick-meta":"","astra-migrate-meta-layouts":"default","ast-page-background-enabled":"default","ast-page-background-meta":{"desktop":{"background-color":"var(--ast-global-color-5)","background-image":"","background-repeat":"repeat","background-position":"center center","background-size":"auto","background-attachment":"scroll","background-type":"","background-media":"","overlay-type":"","overlay-color":"","overlay-opacity":"","overlay-gradient":""},"tablet":{"background-color":"","background-image":"","background-repeat":"repeat","background-position":"center center","background-size":"auto","background-attachment":"scroll","background-type":"","background-media":"","overlay-type":"","overlay-color":"","overlay-opacity":"","overlay-gradient":""},"mobile":{"background-color":"","background-image":"","background-repeat":"repeat","background-position":"center center","background-size":"auto","background-attachment":"scroll","background-type":"","background-media":"","overlay-type":"","overlay-color":"","overlay-opacity":"","overlay-gradient":""}},"ast-content-background-meta":{"desktop":{"background-color":"var(--ast-global-color-4)","background-image":"","background-repeat":"repeat","background-position":"center center","background-size":"auto","background-attachment":"scroll","background-type":"","background-media":"","overlay-type":"","overlay-color":"","overlay-opacity":"","overlay-gradient":""},"tablet":{"background-color":"var(--ast-global-color-4)","background-image":"","background-repeat":"repeat","background-position":"center center","background-size":"auto","background-attachment":"scroll","background-type":"","background-media":"","overlay-type":"","overlay-color":"","overlay-opacity":"","overlay-gradient":""},"mobile":{"background-color":"var(--ast-global-color-4)","background-image":"","background-repeat":"repeat","background-position":"center center","background-size":"auto","background-attachment":"scroll","background-type":"","background-media":"","overlay-type":"","overlay-color":"","overlay-opacity":"","overlay-gradient":""}},"footnotes":""},"categories":[76],"tags":[234,232,238,236,230,237,235,231],"class_list":["post-32605","post","type-post","status-publish","format-standard","hentry","category-ceramistes","tag-art-de-la-table-en-poterie","tag-ceramique-artisanale","tag-creations-en-poterie","tag-objets-en-ceramique","tag-poterie-artisanale","tag-poterie-dart","tag-poterie-decorative","tag-poterie-faite-main"],"yoast_head":"<!-- This site is optimized with the Yoast SEO plugin v27.5 - https:\/\/yoast.com\/product\/yoast-seo-wordpress\/ -->\n<title>Th\u00e9r\u00e8se LAUMAILL\u00c9 - Maison Wabi-Sabi - C\u00e9ramistes<\/title>\n<meta name=\"description\" content=\"Th\u00e9r\u00e8se LAUMAILL\u00c9 est \u00e0 Loguivy Plougras, en Bretagne. H\u00e2te de vous pr\u00e9senter ses cr\u00e9ations dans la boutique. C\u00e9ramique fran\u00e7aise.\" \/>\n<meta name=\"robots\" content=\"index, follow, max-snippet:-1, max-image-preview:large, max-video-preview:-1\" \/>\n<link rel=\"canonical\" href=\"https:\/\/www.maisonwabisabi.com\/en\/therese-laumaille\/\" \/>\n<meta property=\"og:locale\" content=\"en_GB\" \/>\n<meta property=\"og:type\" content=\"article\" \/>\n<meta property=\"og:title\" content=\"Th\u00e9r\u00e8se LAUMAILL\u00c9 - Maison Wabi-Sabi - C\u00e9ramistes\" \/>\n<meta property=\"og:description\" content=\"Th\u00e9r\u00e8se LAUMAILL\u00c9 est \u00e0 Loguivy Plougras, en Bretagne. H\u00e2te de vous pr\u00e9senter ses cr\u00e9ations dans la boutique. C\u00e9ramique fran\u00e7aise.\" \/>\n<meta property=\"og:url\" content=\"https:\/\/www.maisonwabisabi.com\/en\/therese-laumaille\/\" \/>\n<meta property=\"og:site_name\" content=\"Maison Wabi-Sabi\" \/>\n<meta property=\"article:publisher\" content=\"https:\/\/www.facebook.com\/MaisonWabiSabi\" \/>\n<meta property=\"article:author\" content=\"https:\/\/www.facebook.com\/MaisonWabiSabi\" \/>\n<meta property=\"article:published_time\" content=\"2025-02-11T19:25:14+00:00\" \/>\n<meta property=\"article:modified_time\" content=\"2025-09-11T16:00:30+00:00\" \/>\n<meta property=\"og:image\" content=\"https:\/\/www.maisonwabisabi.com\/wp-content\/uploads\/2025\/02\/Therese-LAUMAILLE-Portrait.jpg\" \/>\n\t<meta property=\"og:image:width\" content=\"1024\" \/>\n\t<meta property=\"og:image:height\" content=\"1024\" \/>\n\t<meta property=\"og:image:type\" content=\"image\/jpeg\" \/>\n<meta name=\"author\" content=\"Yann san\" \/>\n<meta name=\"twitter:card\" content=\"summary_large_image\" \/>\n<meta name=\"twitter:label1\" content=\"Written by\" \/>\n\t<meta name=\"twitter:data1\" content=\"Yann san\" \/>\n\t<meta name=\"twitter:label2\" content=\"Estimated reading time\" \/>\n\t<meta name=\"twitter:data2\" content=\"3 minutes\" \/>\n<script type=\"application\/ld+json\" class=\"yoast-schema-graph\">{\"@context\":\"https:\\\/\\\/schema.org\",\"@graph\":[{\"@type\":\"Article\",\"@id\":\"https:\\\/\\\/www.maisonwabisabi.com\\\/therese-laumaille\\\/#article\",\"isPartOf\":{\"@id\":\"https:\\\/\\\/www.maisonwabisabi.com\\\/therese-laumaille\\\/\"},\"author\":{\"name\":\"Yann san\",\"@id\":\"https:\\\/\\\/www.maisonwabisabi.com\\\/#\\\/schema\\\/person\\\/b2458bb9fa2737d1a11eabc63d3aabc9\"},\"headline\":\"Rencontre avec Th\u00e9r\u00e8se LAUMAILL\u00c9 C\u00e9ramiste fran\u00e7aise \u00e0 Loguivy Plougras\",\"datePublished\":\"2025-02-11T19:25:14+00:00\",\"dateModified\":\"2025-09-11T16:00:30+00:00\",\"mainEntityOfPage\":{\"@id\":\"https:\\\/\\\/www.maisonwabisabi.com\\\/therese-laumaille\\\/\"},\"wordCount\":402,\"publisher\":{\"@id\":\"https:\\\/\\\/www.maisonwabisabi.com\\\/#organization\"},\"image\":{\"@id\":\"https:\\\/\\\/www.maisonwabisabi.com\\\/therese-laumaille\\\/#primaryimage\"},\"thumbnailUrl\":\"https:\\\/\\\/www.maisonwabisabi.com\\\/wp-content\\\/uploads\\\/2025\\\/02\\\/Therese-LAUMAILLE-Portrait.jpg\",\"keywords\":[\"Art de la table en poterie\",\"C\u00e9ramique artisanale\",\"Cr\u00e9ations en poterie\",\"Objets en c\u00e9ramique\",\"Poterie artisanale\",\"Poterie d'art\",\"Poterie d\u00e9corative\",\"Poterie faite main\"],\"articleSection\":[\"C\u00e9ramistes\"],\"inLanguage\":\"en-GB\"},{\"@type\":\"WebPage\",\"@id\":\"https:\\\/\\\/www.maisonwabisabi.com\\\/therese-laumaille\\\/\",\"url\":\"https:\\\/\\\/www.maisonwabisabi.com\\\/therese-laumaille\\\/\",\"name\":\"Th\u00e9r\u00e8se LAUMAILL\u00c9 - Maison Wabi-Sabi - C\u00e9ramistes\",\"isPartOf\":{\"@id\":\"https:\\\/\\\/www.maisonwabisabi.com\\\/#website\"},\"primaryImageOfPage\":{\"@id\":\"https:\\\/\\\/www.maisonwabisabi.com\\\/therese-laumaille\\\/#primaryimage\"},\"image\":{\"@id\":\"https:\\\/\\\/www.maisonwabisabi.com\\\/therese-laumaille\\\/#primaryimage\"},\"thumbnailUrl\":\"https:\\\/\\\/www.maisonwabisabi.com\\\/wp-content\\\/uploads\\\/2025\\\/02\\\/Therese-LAUMAILLE-Portrait.jpg\",\"datePublished\":\"2025-02-11T19:25:14+00:00\",\"dateModified\":\"2025-09-11T16:00:30+00:00\",\"description\":\"Th\u00e9r\u00e8se LAUMAILL\u00c9 est \u00e0 Loguivy Plougras, en Bretagne. H\u00e2te de vous pr\u00e9senter ses cr\u00e9ations dans la boutique. C\u00e9ramique fran\u00e7aise.\",\"breadcrumb\":{\"@id\":\"https:\\\/\\\/www.maisonwabisabi.com\\\/therese-laumaille\\\/#breadcrumb\"},\"inLanguage\":\"en-GB\",\"potentialAction\":[{\"@type\":\"ReadAction\",\"target\":[\"https:\\\/\\\/www.maisonwabisabi.com\\\/therese-laumaille\\\/\"]}]},{\"@type\":\"ImageObject\",\"inLanguage\":\"en-GB\",\"@id\":\"https:\\\/\\\/www.maisonwabisabi.com\\\/therese-laumaille\\\/#primaryimage\",\"url\":\"https:\\\/\\\/www.maisonwabisabi.com\\\/wp-content\\\/uploads\\\/2025\\\/02\\\/Therese-LAUMAILLE-Portrait.jpg\",\"contentUrl\":\"https:\\\/\\\/www.maisonwabisabi.com\\\/wp-content\\\/uploads\\\/2025\\\/02\\\/Therese-LAUMAILLE-Portrait.jpg\"},{\"@type\":\"BreadcrumbList\",\"@id\":\"https:\\\/\\\/www.maisonwabisabi.com\\\/therese-laumaille\\\/#breadcrumb\",\"itemListElement\":[{\"@type\":\"ListItem\",\"position\":1,\"name\":\"Bienvenue\",\"item\":\"https:\\\/\\\/www.maisonwabisabi.com\\\/\"},{\"@type\":\"ListItem\",\"position\":2,\"name\":\"Rencontre avec Th\u00e9r\u00e8se LAUMAILL\u00c9 C\u00e9ramiste fran\u00e7aise \u00e0 Loguivy Plougras\"}]},{\"@type\":\"WebSite\",\"@id\":\"https:\\\/\\\/www.maisonwabisabi.com\\\/#website\",\"url\":\"https:\\\/\\\/www.maisonwabisabi.com\\\/\",\"name\":\"Maison Wabi-Sabi\",\"description\":\"\",\"publisher\":{\"@id\":\"https:\\\/\\\/www.maisonwabisabi.com\\\/#organization\"},\"potentialAction\":[{\"@type\":\"SearchAction\",\"target\":{\"@type\":\"EntryPoint\",\"urlTemplate\":\"https:\\\/\\\/www.maisonwabisabi.com\\\/?s={search_term_string}\"},\"query-input\":{\"@type\":\"PropertyValueSpecification\",\"valueRequired\":true,\"valueName\":\"search_term_string\"}}],\"inLanguage\":\"en-GB\"},{\"@type\":\"Organization\",\"@id\":\"https:\\\/\\\/www.maisonwabisabi.com\\\/#organization\",\"name\":\"Maison Wabi-Sabi\",\"url\":\"https:\\\/\\\/www.maisonwabisabi.com\\\/\",\"logo\":{\"@type\":\"ImageObject\",\"inLanguage\":\"en-GB\",\"@id\":\"https:\\\/\\\/www.maisonwabisabi.com\\\/#\\\/schema\\\/logo\\\/image\\\/\",\"url\":\"https:\\\/\\\/www.maisonwabisabi.com\\\/wp-content\\\/uploads\\\/2021\\\/11\\\/Logo-de-maison-Wabi-Sabi.jpg\",\"contentUrl\":\"https:\\\/\\\/www.maisonwabisabi.com\\\/wp-content\\\/uploads\\\/2021\\\/11\\\/Logo-de-maison-Wabi-Sabi.jpg\",\"width\":1024,\"height\":1024,\"caption\":\"Maison Wabi-Sabi\"},\"image\":{\"@id\":\"https:\\\/\\\/www.maisonwabisabi.com\\\/#\\\/schema\\\/logo\\\/image\\\/\"},\"sameAs\":[\"https:\\\/\\\/www.facebook.com\\\/MaisonWabiSabi\",\"https:\\\/\\\/www.instagram.com\\\/maison.wabi.sabi\\\/?hl=fr\",\"https:\\\/\\\/www.linkedin.com\\\/company\\\/69088467\"]},{\"@type\":\"Person\",\"@id\":\"https:\\\/\\\/www.maisonwabisabi.com\\\/#\\\/schema\\\/person\\\/b2458bb9fa2737d1a11eabc63d3aabc9\",\"name\":\"Yann san\",\"sameAs\":[\"https:\\\/\\\/www.maisonwabisabi.com\",\"https:\\\/\\\/www.facebook.com\\\/MaisonWabiSabi\",\"https:\\\/\\\/www.instagram.com\\\/maison.wabi.sabi\\\/\"],\"url\":\"https:\\\/\\\/www.maisonwabisabi.com\\\/en\\\/author\\\/4729952\\\/\"}]}<\/script>\n<!-- \/ Yoast SEO plugin. -->","yoast_head_json":{"title":"Th\u00e9r\u00e8se LAUMAILL\u00c9 - Maison Wabi-Sabi - C\u00e9ramistes","description":"Th\u00e9r\u00e8se LAUMAILL\u00c9 est \u00e0 Loguivy Plougras, en Bretagne. H\u00e2te de vous pr\u00e9senter ses cr\u00e9ations dans la boutique. C\u00e9ramique fran\u00e7aise.","robots":{"index":"index","follow":"follow","max-snippet":"max-snippet:-1","max-image-preview":"max-image-preview:large","max-video-preview":"max-video-preview:-1"},"canonical":"https:\/\/www.maisonwabisabi.com\/en\/therese-laumaille\/","og_locale":"en_GB","og_type":"article","og_title":"Th\u00e9r\u00e8se LAUMAILL\u00c9 - Maison Wabi-Sabi - C\u00e9ramistes","og_description":"Th\u00e9r\u00e8se LAUMAILL\u00c9 est \u00e0 Loguivy Plougras, en Bretagne. H\u00e2te de vous pr\u00e9senter ses cr\u00e9ations dans la boutique. C\u00e9ramique fran\u00e7aise.","og_url":"https:\/\/www.maisonwabisabi.com\/en\/therese-laumaille\/","og_site_name":"Maison Wabi-Sabi","article_publisher":"https:\/\/www.facebook.com\/MaisonWabiSabi","article_author":"https:\/\/www.facebook.com\/MaisonWabiSabi","article_published_time":"2025-02-11T19:25:14+00:00","article_modified_time":"2025-09-11T16:00:30+00:00","og_image":[{"width":1024,"height":1024,"url":"https:\/\/www.maisonwabisabi.com\/wp-content\/uploads\/2025\/02\/Therese-LAUMAILLE-Portrait.jpg","type":"image\/jpeg"}],"author":"Yann san","twitter_card":"summary_large_image","twitter_misc":{"Written by":"Yann san","Estimated reading time":"3 minutes"},"schema":{"@context":"https:\/\/schema.org","@graph":[{"@type":"Article","@id":"https:\/\/www.maisonwabisabi.com\/therese-laumaille\/#article","isPartOf":{"@id":"https:\/\/www.maisonwabisabi.com\/therese-laumaille\/"},"author":{"name":"Yann san","@id":"https:\/\/www.maisonwabisabi.com\/#\/schema\/person\/b2458bb9fa2737d1a11eabc63d3aabc9"},"headline":"Rencontre avec Th\u00e9r\u00e8se LAUMAILL\u00c9 C\u00e9ramiste fran\u00e7aise \u00e0 Loguivy Plougras","datePublished":"2025-02-11T19:25:14+00:00","dateModified":"2025-09-11T16:00:30+00:00","mainEntityOfPage":{"@id":"https:\/\/www.maisonwabisabi.com\/therese-laumaille\/"},"wordCount":402,"publisher":{"@id":"https:\/\/www.maisonwabisabi.com\/#organization"},"image":{"@id":"https:\/\/www.maisonwabisabi.com\/therese-laumaille\/#primaryimage"},"thumbnailUrl":"https:\/\/www.maisonwabisabi.com\/wp-content\/uploads\/2025\/02\/Therese-LAUMAILLE-Portrait.jpg","keywords":["Art de la table en poterie","C\u00e9ramique artisanale","Cr\u00e9ations en poterie","Objets en c\u00e9ramique","Poterie artisanale","Poterie d'art","Poterie d\u00e9corative","Poterie faite main"],"articleSection":["C\u00e9ramistes"],"inLanguage":"en-GB"},{"@type":"WebPage","@id":"https:\/\/www.maisonwabisabi.com\/therese-laumaille\/","url":"https:\/\/www.maisonwabisabi.com\/therese-laumaille\/","name":"Th\u00e9r\u00e8se LAUMAILL\u00c9 - Maison Wabi-Sabi - C\u00e9ramistes","isPartOf":{"@id":"https:\/\/www.maisonwabisabi.com\/#website"},"primaryImageOfPage":{"@id":"https:\/\/www.maisonwabisabi.com\/therese-laumaille\/#primaryimage"},"image":{"@id":"https:\/\/www.maisonwabisabi.com\/therese-laumaille\/#primaryimage"},"thumbnailUrl":"https:\/\/www.maisonwabisabi.com\/wp-content\/uploads\/2025\/02\/Therese-LAUMAILLE-Portrait.jpg","datePublished":"2025-02-11T19:25:14+00:00","dateModified":"2025-09-11T16:00:30+00:00","description":"Th\u00e9r\u00e8se LAUMAILL\u00c9 est \u00e0 Loguivy Plougras, en Bretagne. H\u00e2te de vous pr\u00e9senter ses cr\u00e9ations dans la boutique. C\u00e9ramique fran\u00e7aise.","breadcrumb":{"@id":"https:\/\/www.maisonwabisabi.com\/therese-laumaille\/#breadcrumb"},"inLanguage":"en-GB","potentialAction":[{"@type":"ReadAction","target":["https:\/\/www.maisonwabisabi.com\/therese-laumaille\/"]}]},{"@type":"ImageObject","inLanguage":"en-GB","@id":"https:\/\/www.maisonwabisabi.com\/therese-laumaille\/#primaryimage","url":"https:\/\/www.maisonwabisabi.com\/wp-content\/uploads\/2025\/02\/Therese-LAUMAILLE-Portrait.jpg","contentUrl":"https:\/\/www.maisonwabisabi.com\/wp-content\/uploads\/2025\/02\/Therese-LAUMAILLE-Portrait.jpg"},{"@type":"BreadcrumbList","@id":"https:\/\/www.maisonwabisabi.com\/therese-laumaille\/#breadcrumb","itemListElement":[{"@type":"ListItem","position":1,"name":"Bienvenue","item":"https:\/\/www.maisonwabisabi.com\/"},{"@type":"ListItem","position":2,"name":"Rencontre avec Th\u00e9r\u00e8se LAUMAILL\u00c9 C\u00e9ramiste fran\u00e7aise \u00e0 Loguivy Plougras"}]},{"@type":"WebSite","@id":"https:\/\/www.maisonwabisabi.com\/#website","url":"https:\/\/www.maisonwabisabi.com\/","name":"Maison Wabi-Sabi","description":"","publisher":{"@id":"https:\/\/www.maisonwabisabi.com\/#organization"},"potentialAction":[{"@type":"SearchAction","target":{"@type":"EntryPoint","urlTemplate":"https:\/\/www.maisonwabisabi.com\/?s={search_term_string}"},"query-input":{"@type":"PropertyValueSpecification","valueRequired":true,"valueName":"search_term_string"}}],"inLanguage":"en-GB"},{"@type":"Organization","@id":"https:\/\/www.maisonwabisabi.com\/#organization","name":"Maison Wabi-Sabi","url":"https:\/\/www.maisonwabisabi.com\/","logo":{"@type":"ImageObject","inLanguage":"en-GB","@id":"https:\/\/www.maisonwabisabi.com\/#\/schema\/logo\/image\/","url":"https:\/\/www.maisonwabisabi.com\/wp-content\/uploads\/2021\/11\/Logo-de-maison-Wabi-Sabi.jpg","contentUrl":"https:\/\/www.maisonwabisabi.com\/wp-content\/uploads\/2021\/11\/Logo-de-maison-Wabi-Sabi.jpg","width":1024,"height":1024,"caption":"Maison Wabi-Sabi"},"image":{"@id":"https:\/\/www.maisonwabisabi.com\/#\/schema\/logo\/image\/"},"sameAs":["https:\/\/www.facebook.com\/MaisonWabiSabi","https:\/\/www.instagram.com\/maison.wabi.sabi\/?hl=fr","https:\/\/www.linkedin.com\/company\/69088467"]},{"@type":"Person","@id":"https:\/\/www.maisonwabisabi.com\/#\/schema\/person\/b2458bb9fa2737d1a11eabc63d3aabc9","name":"Yann san","sameAs":["https:\/\/www.maisonwabisabi.com","https:\/\/www.facebook.com\/MaisonWabiSabi","https:\/\/www.instagram.com\/maison.wabi.sabi\/"],"url":"https:\/\/www.maisonwabisabi.com\/en\/author\/4729952\/"}]}},"_links":{"self":[{"href":"https:\/\/www.maisonwabisabi.com\/en\/wp-json\/wp\/v2\/posts\/32605","targetHints":{"allow":["GET"]}}],"collection":[{"href":"https:\/\/www.maisonwabisabi.com\/en\/wp-json\/wp\/v2\/posts"}],"about":[{"href":"https:\/\/www.maisonwabisabi.com\/en\/wp-json\/wp\/v2\/types\/post"}],"author":[{"embeddable":true,"href":"https:\/\/www.maisonwabisabi.com\/en\/wp-json\/wp\/v2\/users\/1"}],"replies":[{"embeddable":true,"href":"https:\/\/www.maisonwabisabi.com\/en\/wp-json\/wp\/v2\/comments?post=32605"}],"version-history":[{"count":1,"href":"https:\/\/www.maisonwabisabi.com\/en\/wp-json\/wp\/v2\/posts\/32605\/revisions"}],"predecessor-version":[{"id":36864,"href":"https:\/\/www.maisonwabisabi.com\/en\/wp-json\/wp\/v2\/posts\/32605\/revisions\/36864"}],"wp:attachment":[{"href":"https:\/\/www.maisonwabisabi.com\/en\/wp-json\/wp\/v2\/media?parent=32605"}],"wp:term":[{"taxonomy":"category","embeddable":true,"href":"https:\/\/www.maisonwabisabi.com\/en\/wp-json\/wp\/v2\/categories?post=32605"},{"taxonomy":"post_tag","embeddable":true,"href":"https:\/\/www.maisonwabisabi.com\/en\/wp-json\/wp\/v2\/tags?post=32605"}],"curies":[{"name":"wp","href":"https:\/\/api.w.org\/{rel}","templated":true}]}}