{"id":32597,"date":"2025-02-11T19:03:23","date_gmt":"2025-02-11T18:03:23","guid":{"rendered":"https:\/\/www.maisonwabisabi.com\/?p=32597"},"modified":"2025-09-11T18:37:32","modified_gmt":"2025-09-11T16:37:32","slug":"hideki-yanashita","status":"publish","type":"post","link":"https:\/\/www.maisonwabisabi.com\/en\/hideki-yanashita\/","title":{"rendered":"Rencontre avec Hideki YANASHITA \u67f3\u4e0b\u5b63\u5668 C\u00e9ramiste japonais \u00e0 Iga"},"content":{"rendered":"<div style=\"height:20px\" aria-hidden=\"true\" class=\"wp-block-spacer\"><\/div>\n\n\n\n<div class=\"wp-block-media-text is-stacked-on-mobile\"><figure class=\"wp-block-media-text__media\"><img loading=\"lazy\" decoding=\"async\" width=\"1024\" height=\"1024\" src=\"https:\/\/www.maisonwabisabi.com\/wp-content\/uploads\/2025\/02\/Hideki-YANASHITA-Portrait.jpg\" alt=\"Hideki YANASHITA - Portrait\" class=\"wp-image-32599 size-full\" srcset=\"https:\/\/www.maisonwabisabi.com\/wp-content\/uploads\/2025\/02\/Hideki-YANASHITA-Portrait.jpg 1024w, https:\/\/www.maisonwabisabi.com\/wp-content\/uploads\/2025\/02\/Hideki-YANASHITA-Portrait-300x300.jpg 300w, https:\/\/www.maisonwabisabi.com\/wp-content\/uploads\/2025\/02\/Hideki-YANASHITA-Portrait-150x150.jpg 150w, https:\/\/www.maisonwabisabi.com\/wp-content\/uploads\/2025\/02\/Hideki-YANASHITA-Portrait-768x768.jpg 768w, https:\/\/www.maisonwabisabi.com\/wp-content\/uploads\/2025\/02\/Hideki-YANASHITA-Portrait-600x600.jpg 600w, https:\/\/www.maisonwabisabi.com\/wp-content\/uploads\/2025\/02\/Hideki-YANASHITA-Portrait-100x100.jpg 100w\" sizes=\"auto, (max-width: 1024px) 100vw, 1024px\" \/><\/figure><div class=\"wp-block-media-text__content\">\n<p><\/p>\n\n\n\n<h2 class=\"wp-block-heading has-black-color has-text-color\" style=\"font-size:21px\"><strong><mark style=\"background-color:rgba(0, 0, 0, 0);color:#7d4e2d\" class=\"has-inline-color\">Hideki YANASHITA et<\/mark> <a href=\"https:\/\/www.maisonwabisabi.com\/en\/product-category\/ceramistes-du-japon\/ceramiste-hideki-yanashita\/\" target=\"_blank\" rel=\"noreferrer noopener\">ses cr\u00e9ations<\/a><\/strong><\/h2>\n\n\n\n<p class=\"has-black-color has-text-color\" style=\"font-size:17px\">(1967-)<\/p>\n\n\n\n<p class=\"has-black-color has-text-color\" style=\"font-size:17px\">Originaire de Tokyo. D\u00e8s son plus jeune \u00e2ge, il s\u2019int\u00e9resse aux arts et au design, ce qui le conduit \u00e0 poursuivre des \u00e9tudes \u00e0 l\u2019Institut de design Kuwasawa, une \u00e9cole de renom au Japon. Contrairement \u00e0 de nombreux c\u00e9ramistes japonais qui h\u00e9ritent souvent d\u2019un savoir-faire familial, YANASHITA san n\u2019a pas grandi dans une lign\u00e9e de potiers. Son parcours dans la c\u00e9ramique est le fruit d\u2019une qu\u00eate personnelle et d\u2019une passion profonde pour les textures, les formes et les philosophies esth\u00e9tiques du Japon.<\/p>\n\n\n\n<p class=\"has-black-color has-text-color has-link-color wp-elements-1f72ab8620778b5bea0800b21195121c\" style=\"font-size:17px\">Apr\u00e8s ses \u00e9tudes, il d\u00e9cide de se former au centre de la c\u00e9ramique japonaise traditionnelle et contemporaine, \u00e0 Shigaraki, une des six grandes traditions c\u00e9ramiques du Japon. Cette p\u00e9riode de formation lui permet de s\u2019impr\u00e9gner des techniques de cuisson au bois et de la philosophie du Wabi-Sabi, qui influence profond\u00e9ment son travail par la suite.<\/p>\n<\/div><\/div>\n\n\n\n<div class=\"wp-block-media-text has-media-on-the-right is-stacked-on-mobile\"><div class=\"wp-block-media-text__content\">\n<p><\/p>\n\n\n\n<p class=\"has-black-color has-text-color has-link-color wp-elements-6ce3c4954d51de427ebddbc0af421222\" style=\"font-size:17px\">Il s\u2019installe ensuite \u00e0 Iga, dans la pr\u00e9fecture de Mie, o\u00f9 il construit son propre four \u00e0 flamme directe, baptis\u00e9 le four Jinden-gama \u795e\u7530\u7aaf. Cette installation marque un tournant majeur dans son travail, car elle lui permet d\u2019exp\u00e9rimenter librement les effets de la flamme et des cendres sur ses pi\u00e8ces.<\/p>\n\n\n\n<p class=\"has-black-color has-text-color has-link-color wp-elements-9bc314fe8a29427b01501e4e40aa9dbe\" style=\"font-size:17px\">En 2007, il approfondit ses connaissances sous la direction du c\u00e9ramiste Sadamitsu SUGIMOTO \u6749\u672c\u8c9e\u5149, qui lui transmet un savoir pr\u00e9cieux sur la technique du Raku et l\u2019approche plus spirituelle de la fabrication des bols \u00e0 th\u00e9.<\/p>\n\n\n\n<p class=\"has-black-color has-text-color has-link-color wp-elements-4fc7b165318a0b45156e63ab440d055b\" style=\"font-size:17px\">Le travail de Hideki s\u2019inscrit dans la tradition du Wabi-Sabi, un concept esth\u00e9tique japonais qui c\u00e9l\u00e8bre la beaut\u00e9 de l\u2019imperfection, du vieillissement et de la simplicit\u00e9. Ses \u0153uvres refl\u00e8tent une approche intuitive et m\u00e9ditative de la c\u00e9ramique, o\u00f9 chaque pi\u00e8ce raconte une histoire \u00e0 travers ses fissures, ses irr\u00e9gularit\u00e9s et ses nuances de couleur. Yanashita san travaille principalement avec quatre styles distincts :<\/p>\n<\/div><figure class=\"wp-block-media-text__media\"><img loading=\"lazy\" decoding=\"async\" width=\"1024\" height=\"1024\" src=\"https:\/\/www.maisonwabisabi.com\/wp-content\/uploads\/2025\/02\/Hideki-YANASHITA-Showroom.jpg\" alt=\"Hideki YANASHITA - Showroom\" class=\"wp-image-32600 size-full\" srcset=\"https:\/\/www.maisonwabisabi.com\/wp-content\/uploads\/2025\/02\/Hideki-YANASHITA-Showroom.jpg 1024w, https:\/\/www.maisonwabisabi.com\/wp-content\/uploads\/2025\/02\/Hideki-YANASHITA-Showroom-300x300.jpg 300w, https:\/\/www.maisonwabisabi.com\/wp-content\/uploads\/2025\/02\/Hideki-YANASHITA-Showroom-150x150.jpg 150w, https:\/\/www.maisonwabisabi.com\/wp-content\/uploads\/2025\/02\/Hideki-YANASHITA-Showroom-768x768.jpg 768w, https:\/\/www.maisonwabisabi.com\/wp-content\/uploads\/2025\/02\/Hideki-YANASHITA-Showroom-600x600.jpg 600w, https:\/\/www.maisonwabisabi.com\/wp-content\/uploads\/2025\/02\/Hideki-YANASHITA-Showroom-100x100.jpg 100w\" sizes=\"auto, (max-width: 1024px) 100vw, 1024px\" \/><\/figure><\/div>\n\n\n\n<div class=\"wp-block-media-text is-stacked-on-mobile\"><figure class=\"wp-block-media-text__media\"><img loading=\"lazy\" decoding=\"async\" width=\"1024\" height=\"1024\" src=\"https:\/\/www.maisonwabisabi.com\/wp-content\/uploads\/2025\/02\/Hideki-YANASHITA-Guinomi.jpg\" alt=\"Hideki YANASHITA - Guinomi\" class=\"wp-image-36870 size-full\" srcset=\"https:\/\/www.maisonwabisabi.com\/wp-content\/uploads\/2025\/02\/Hideki-YANASHITA-Guinomi.jpg 1024w, https:\/\/www.maisonwabisabi.com\/wp-content\/uploads\/2025\/02\/Hideki-YANASHITA-Guinomi-300x300.jpg 300w, https:\/\/www.maisonwabisabi.com\/wp-content\/uploads\/2025\/02\/Hideki-YANASHITA-Guinomi-150x150.jpg 150w, https:\/\/www.maisonwabisabi.com\/wp-content\/uploads\/2025\/02\/Hideki-YANASHITA-Guinomi-768x768.jpg 768w, https:\/\/www.maisonwabisabi.com\/wp-content\/uploads\/2025\/02\/Hideki-YANASHITA-Guinomi-12x12.jpg 12w, https:\/\/www.maisonwabisabi.com\/wp-content\/uploads\/2025\/02\/Hideki-YANASHITA-Guinomi-600x600.jpg 600w, https:\/\/www.maisonwabisabi.com\/wp-content\/uploads\/2025\/02\/Hideki-YANASHITA-Guinomi-100x100.jpg 100w\" sizes=\"auto, (max-width: 1024px) 100vw, 1024px\" \/><\/figure><div class=\"wp-block-media-text__content\">\n<p class=\"has-black-color has-text-color has-link-color wp-elements-8388fead378c1cae0b6233c386e09352\" style=\"font-size:17px\"><\/p>\n\n\n\n<p class=\"has-black-color has-text-color has-link-color wp-elements-a5dbeff723fcffe5c51c117472f68ccf\" style=\"font-size:17px\">Le Raku \u697d\u713c : Inspir\u00e9 de la tradition du raku-yaki, utilis\u00e9e pour les bols \u00e0 th\u00e9 du rituel du Chanoyu, il fa\u00e7onne des pi\u00e8ces qui incarnent la simplicit\u00e9 et la spontan\u00e9it\u00e9. Il r\u00e9alise des bols \u00e0 th\u00e9 noirs, rouges et blancs, dont certains sont inspir\u00e9s de formes naturelles comme le mont Fuji. Le processus de cuisson rapide du Raku, qui consiste \u00e0 retirer les pi\u00e8ces incandescentes du four et \u00e0 les refroidir brusquement, cr\u00e9e des craquelures uniques et des variations de surface impr\u00e9visibles.<\/p>\n\n\n\n<p class=\"has-black-color has-text-color has-link-color wp-elements-c4d6f18369ad6bec528e47f1ffb3a3be\" style=\"font-size:17px\">Le Yakishime \u713c\u7de0 : Cette cuisson \u00e0 haute temp\u00e9rature sans gla\u00e7ure met en valeur la texture brute de l\u2019argile. Son four \u00e0 flamme directe lui permet de jouer avec l\u2019effet des cendres et de la r\u00e9duction, cr\u00e9ant des surfaces subtiles allant du brun rouge\u00e2tre aux nuances noires et grises profondes. Cette approche est inspir\u00e9e de Bizen, Shigaraki et Iga.<\/p>\n\n\n\n<p class=\"has-black-color has-text-color has-link-color wp-elements-4fc8845fcbd4974a1c2198851e52c67c\" style=\"font-size:17px\">L\u2019Ido \u4e95\u6238\u8336\u7897 : Il cr\u00e9e des bols \u00e0 th\u00e9 influenc\u00e9s par les c\u00e9l\u00e8bres Ido Chawan. Des bols cor\u00e9ens adopt\u00e9s par les ma\u00eetres de th\u00e9 japonais pour leur rusticit\u00e9 et leur forme irr\u00e9guli\u00e8re. Ses bols sont asym\u00e9triques et pr\u00e9sentent des \u00e9maux doux et laiteux qui \u00e9voquent le passage du temps.<\/p>\n<\/div><\/div>\n\n\n\n<div class=\"wp-block-media-text has-media-on-the-right is-stacked-on-mobile\"><div class=\"wp-block-media-text__content\">\n<p class=\"has-black-color has-text-color has-link-color wp-elements-8388fead378c1cae0b6233c386e09352\" style=\"font-size:17px\"><\/p>\n\n\n\n<p class=\"has-black-color has-text-color has-link-color wp-elements-19ba4608f1f36c6a1e37bf591edfd80c\" style=\"font-size:17px\">L\u2019Oribe \u7e54\u90e8\u713c : Inspir\u00e9 de la c\u00e9ramique du ma\u00eetre de th\u00e9 Furuta ORIBE (1544-1615), il utilise des gla\u00e7ures vertes profondes et des formes expressives. Ses pi\u00e8ces Oribe sont souvent d\u00e9cor\u00e9es de motifs abstraits et de formes anguleuses, contrastant avec ses autres \u0153uvres plus organiques.<\/p>\n\n\n\n<p class=\"has-black-color has-text-color has-link-color wp-elements-f24eaf1dd4e533a4812c0eadf4927e28\" style=\"font-size:17px\">Chaque pi\u00e8ce de Hideki YANASHITA est fa\u00e7onn\u00e9e \u00e0 la main, souvent avec une approche instinctive qui laisse place \u00e0 des irr\u00e9gularit\u00e9s volontairement assum\u00e9es.<\/p>\n\n\n\n<p class=\"has-black-color has-text-color has-link-color wp-elements-ad62edf1ecd967398244d5231fc61d24\" style=\"font-size:17px\">Son travail met en avant des cuissons longues et lentes\u00a0: particuli\u00e8rement pour ses pi\u00e8ces Yakishime, qui n\u00e9cessitent plusieurs jours dans son four \u00e0 bois afin d\u2019obtenir des surfaces riches et vari\u00e9es. <\/p>\n\n\n\n<p class=\"has-black-color has-text-color has-link-color wp-elements-3698f6b3466986c32ab19816b40ef9a3\" style=\"font-size:17px\">Le fa\u00e7onnage au tour et \u00e0 la main, bien qu\u2019il utilise le tour de potier, il favorise souvent des finitions manuelles pour cr\u00e9er des formes organiques.<\/p>\n<\/div><figure class=\"wp-block-media-text__media\"><img loading=\"lazy\" decoding=\"async\" width=\"1024\" height=\"1024\" src=\"https:\/\/www.maisonwabisabi.com\/wp-content\/uploads\/2025\/02\/Hideki-YANASHITA-Four-a-bois.jpg\" alt=\"Hideki YANASHITA - Four a\u0300 bois\" class=\"wp-image-32598 size-full\" srcset=\"https:\/\/www.maisonwabisabi.com\/wp-content\/uploads\/2025\/02\/Hideki-YANASHITA-Four-a-bois.jpg 1024w, https:\/\/www.maisonwabisabi.com\/wp-content\/uploads\/2025\/02\/Hideki-YANASHITA-Four-a-bois-300x300.jpg 300w, https:\/\/www.maisonwabisabi.com\/wp-content\/uploads\/2025\/02\/Hideki-YANASHITA-Four-a-bois-150x150.jpg 150w, https:\/\/www.maisonwabisabi.com\/wp-content\/uploads\/2025\/02\/Hideki-YANASHITA-Four-a-bois-768x768.jpg 768w, https:\/\/www.maisonwabisabi.com\/wp-content\/uploads\/2025\/02\/Hideki-YANASHITA-Four-a-bois-600x600.jpg 600w, https:\/\/www.maisonwabisabi.com\/wp-content\/uploads\/2025\/02\/Hideki-YANASHITA-Four-a-bois-100x100.jpg 100w\" sizes=\"auto, (max-width: 1024px) 100vw, 1024px\" \/><\/figure><\/div>\n\n\n\n<div class=\"wp-block-media-text is-stacked-on-mobile\"><figure class=\"wp-block-media-text__media\"><img loading=\"lazy\" decoding=\"async\" width=\"1024\" height=\"1024\" src=\"https:\/\/www.maisonwabisabi.com\/wp-content\/uploads\/2025\/02\/Hideki-YANASHITA-Anagama.jpg\" alt=\"Hideki YANASHITA - Anagama\" class=\"wp-image-36869 size-full\" srcset=\"https:\/\/www.maisonwabisabi.com\/wp-content\/uploads\/2025\/02\/Hideki-YANASHITA-Anagama.jpg 1024w, https:\/\/www.maisonwabisabi.com\/wp-content\/uploads\/2025\/02\/Hideki-YANASHITA-Anagama-300x300.jpg 300w, https:\/\/www.maisonwabisabi.com\/wp-content\/uploads\/2025\/02\/Hideki-YANASHITA-Anagama-150x150.jpg 150w, https:\/\/www.maisonwabisabi.com\/wp-content\/uploads\/2025\/02\/Hideki-YANASHITA-Anagama-768x768.jpg 768w, https:\/\/www.maisonwabisabi.com\/wp-content\/uploads\/2025\/02\/Hideki-YANASHITA-Anagama-12x12.jpg 12w, https:\/\/www.maisonwabisabi.com\/wp-content\/uploads\/2025\/02\/Hideki-YANASHITA-Anagama-600x600.jpg 600w, https:\/\/www.maisonwabisabi.com\/wp-content\/uploads\/2025\/02\/Hideki-YANASHITA-Anagama-100x100.jpg 100w\" sizes=\"auto, (max-width: 1024px) 100vw, 1024px\" \/><\/figure><div class=\"wp-block-media-text__content\">\n<p class=\"has-black-color has-text-color has-link-color wp-elements-8388fead378c1cae0b6233c386e09352\" style=\"font-size:17px\"><\/p>\n\n\n\n<p class=\"has-black-color has-text-color has-link-color wp-elements-58f5d7602c84c36b7868a75885b360c7\" style=\"font-size:17px\">L\u2019utilisation d\u2019argiles naturelles, il s\u00e9lectionne soigneusement ses argiles, en fonction de la porosit\u00e9 et de la r\u00e9action \u00e0 la flamme. Il utilise 3 fours : Four Anagama (5 jours de cuisson), Four \u00e0 bois (2-3 jours de cuisson) et Imayakigama (3-4 heures de cuisson, plus de 10 fois par an).<\/p>\n\n\n\n<p class=\"has-black-color has-text-color has-link-color wp-elements-abbddb467f630267c10743784e0cf100\" style=\"font-size:17px\">Hideki Yanashita est un c\u00e9ramiste qui incarne parfaitement l\u2019alliance entre tradition et innovation. \u00c0 travers ses explorations, il r\u00e9interpr\u00e8te des techniques s\u00e9culaires tout en leur insufflant une sensibilit\u00e9 contemporaine.<\/p>\n\n\n\n<p class=\"has-black-color has-text-color has-link-color wp-elements-60a3e3b1644600131ec1bde3e68ba4d6\" style=\"font-size:17px\">Son approche intuitive et son respect de l\u2019esth\u00e9tique Wabi-Sabi font de lui un artiste incontournable dans le monde de la c\u00e9ramique japonaise contemporaine. Ses \u0153uvres, empreintes de simplicit\u00e9 et de profondeur, s\u2019adressent autant aux amateurs d\u2019art qu\u2019aux pratiquants du Chanoyu, perp\u00e9tuant ainsi une tradition vivante et en constante \u00e9volution. Son inspiration est li\u00e9e au <a href=\"https:\/\/www.nisshin-global.com\/blog-archive\/fueki-ryuko-\u4e0d\u6613\u6d41\u884c\/\" target=\"_blank\" rel=\"noreferrer noopener\"><mark style=\"background-color:rgba(0, 0, 0, 0)\" class=\"has-inline-color has-vivid-red-color\">Fueki Ryuko \u4e0d\u6613\u6d41\u884c<\/mark><\/a> et \u00e0 l&rsquo;\u00e9poque Momoyama.<\/p>\n<\/div><\/div>\n\n\n\n<div class=\"wp-block-media-text has-media-on-the-right is-stacked-on-mobile\"><div class=\"wp-block-media-text__content\">\n<p><\/p>\n\n\n\n<h3 class=\"wp-block-heading has-black-color has-text-color has-link-color wp-elements-2c1efe14d7905a034b3bbc8b7483598f\" style=\"font-size:17px\"><strong><mark style=\"background-color:rgba(0, 0, 0, 0);color:#7d4e2d\" class=\"has-inline-color\"><strong><strong>Hideki YANASHITA<\/strong><\/strong> en quelques dates importantes :<\/mark><\/strong><\/h3>\n\n\n\n<p class=\"has-black-color has-text-color has-link-color wp-elements-81f78c9dd91a89da81d3d4e8e7160f42\" style=\"font-size:17px\">Depuis 2002 : Galerie Takashimaya (Yokohama, Ky\u014dto, \u014csaka). Matsuya Ginza (Tokyo). HULS Gallery Tokyo et Singapour, sp\u00e9cialis\u00e9e dans la c\u00e9ramique d\u2019exception.<br>TOBETOBEKUSA.<\/p>\n\n\n\n<p class=\"has-black-color has-text-color has-link-color wp-elements-d26ced57aa6e35b61f3a48ae4375197a\" style=\"font-size:17px\">2007 : Formation sous la direction du c\u00e9ramiste Sadamitsu SUGIMOTO \u6749\u672c\u8c9e\u5149<\/p>\n\n\n\n<p class=\"has-black-color has-text-color has-link-color wp-elements-104c5848add7ede08ba26f427ca5491b\" style=\"font-size:17px\">2023 : Exposition majeure de ses \u0153uvres \u00e0 la galerie TOBETOBEKUSA, illustrant son engagement dans l\u2019\u00e9volution de la c\u00e9ramique japonaise contemporaine.<\/p>\n\n\n\n<p class=\"has-black-color has-text-color has-link-color wp-elements-c84eb7c528a46d944b9bbf1196a9fe86\" style=\"font-size:17px\">\u00ab\u00a0Depuis que j&rsquo;ai \u00e9t\u00e9 inspir\u00e9 par l&rsquo;univers du Wabi-Sabi de la p\u00e9riode Momoyama, je n\u2019ai cess\u00e9 d\u2019approfondir ma propre compr\u00e9hension de cette vision du monde. Je travaille avec des mat\u00e9riaux modernes et cr\u00e9e des poteries en qu\u00eate de nouvelles \u00e9volutions qui ne seront pas emport\u00e9es par les courants de notre \u00e9poque.\u00a0\u00bb<\/p>\n<\/div><figure class=\"wp-block-media-text__media\"><img loading=\"lazy\" decoding=\"async\" width=\"1024\" height=\"1024\" src=\"https:\/\/www.maisonwabisabi.com\/wp-content\/uploads\/2025\/02\/Hideki-YANASHITA-Yann-et-YANASHITA-san.jpg\" alt=\"Hideki YANASHITA - Yann et YANASHITA san\" class=\"wp-image-32603 size-full\" srcset=\"https:\/\/www.maisonwabisabi.com\/wp-content\/uploads\/2025\/02\/Hideki-YANASHITA-Yann-et-YANASHITA-san.jpg 1024w, https:\/\/www.maisonwabisabi.com\/wp-content\/uploads\/2025\/02\/Hideki-YANASHITA-Yann-et-YANASHITA-san-300x300.jpg 300w, https:\/\/www.maisonwabisabi.com\/wp-content\/uploads\/2025\/02\/Hideki-YANASHITA-Yann-et-YANASHITA-san-150x150.jpg 150w, https:\/\/www.maisonwabisabi.com\/wp-content\/uploads\/2025\/02\/Hideki-YANASHITA-Yann-et-YANASHITA-san-768x768.jpg 768w, https:\/\/www.maisonwabisabi.com\/wp-content\/uploads\/2025\/02\/Hideki-YANASHITA-Yann-et-YANASHITA-san-600x600.jpg 600w, https:\/\/www.maisonwabisabi.com\/wp-content\/uploads\/2025\/02\/Hideki-YANASHITA-Yann-et-YANASHITA-san-100x100.jpg 100w\" sizes=\"auto, (max-width: 1024px) 100vw, 1024px\" \/><\/figure><\/div>\n\n\n\n<p class=\"has-text-align-center has-black-color has-text-color\" style=\"font-size:15px\">Source des photos et des textes : Hideki YANASHITA et Yann san<\/p>\n\n\n\n<div style=\"height:100px\" aria-hidden=\"true\" class=\"wp-block-spacer\"><\/div>","protected":false},"excerpt":{"rendered":"<p>Hideki YANASHITA et ses cr\u00e9ations (1967-) Originaire de Tokyo. D\u00e8s son plus jeune \u00e2ge, il s\u2019int\u00e9resse aux arts et au [&hellip;]<\/p>\n","protected":false},"author":1,"featured_media":0,"comment_status":"closed","ping_status":"closed","sticky":false,"template":"","format":"standard","meta":{"site-sidebar-layout":"default","site-content-layout":"","ast-site-content-layout":"default","site-content-style":"default","site-sidebar-style":"default","ast-global-header-display":"","ast-banner-title-visibility":"","ast-main-header-display":"","ast-hfb-above-header-display":"","ast-hfb-below-header-display":"","ast-hfb-mobile-header-display":"","site-post-title":"disabled","ast-breadcrumbs-content":"","ast-featured-img":"","footer-sml-layout":"","ast-disable-related-posts":"","theme-transparent-header-meta":"","adv-header-id-meta":"","stick-header-meta":"","header-above-stick-meta":"","header-main-stick-meta":"","header-below-stick-meta":"","astra-migrate-meta-layouts":"default","ast-page-background-enabled":"default","ast-page-background-meta":{"desktop":{"background-color":"var(--ast-global-color-5)","background-image":"","background-repeat":"repeat","background-position":"center center","background-size":"auto","background-attachment":"scroll","background-type":"","background-media":"","overlay-type":"","overlay-color":"","overlay-opacity":"","overlay-gradient":""},"tablet":{"background-color":"","background-image":"","background-repeat":"repeat","background-position":"center center","background-size":"auto","background-attachment":"scroll","background-type":"","background-media":"","overlay-type":"","overlay-color":"","overlay-opacity":"","overlay-gradient":""},"mobile":{"background-color":"","background-image":"","background-repeat":"repeat","background-position":"center center","background-size":"auto","background-attachment":"scroll","background-type":"","background-media":"","overlay-type":"","overlay-color":"","overlay-opacity":"","overlay-gradient":""}},"ast-content-background-meta":{"desktop":{"background-color":"var(--ast-global-color-4)","background-image":"","background-repeat":"repeat","background-position":"center center","background-size":"auto","background-attachment":"scroll","background-type":"","background-media":"","overlay-type":"","overlay-color":"","overlay-opacity":"","overlay-gradient":""},"tablet":{"background-color":"var(--ast-global-color-4)","background-image":"","background-repeat":"repeat","background-position":"center center","background-size":"auto","background-attachment":"scroll","background-type":"","background-media":"","overlay-type":"","overlay-color":"","overlay-opacity":"","overlay-gradient":""},"mobile":{"background-color":"var(--ast-global-color-4)","background-image":"","background-repeat":"repeat","background-position":"center center","background-size":"auto","background-attachment":"scroll","background-type":"","background-media":"","overlay-type":"","overlay-color":"","overlay-opacity":"","overlay-gradient":""}},"footnotes":""},"categories":[76],"tags":[234,232,238,236,230,237,235,231,239],"class_list":["post-32597","post","type-post","status-publish","format-standard","hentry","category-ceramistes","tag-art-de-la-table-en-poterie","tag-ceramique-artisanale","tag-creations-en-poterie","tag-objets-en-ceramique","tag-poterie-artisanale","tag-poterie-dart","tag-poterie-decorative","tag-poterie-faite-main","tag-poterie-unique"],"yoast_head":"<!-- This site is optimized with the Yoast SEO plugin v27.5 - https:\/\/yoast.com\/product\/yoast-seo-wordpress\/ -->\n<title>Hideki YANASHITA - Maison Wabi-Sabi - C\u00e9ramistes<\/title>\n<meta name=\"description\" content=\"Hideki YANASHITA \u67f3\u4e0b\u5b63\u5668 est \u00e0 Iga, dans la pr\u00e9fecture de Mie. H\u00e2te de vous pr\u00e9senter ses cr\u00e9ations dans la boutique. C\u00e9ramique japonaise.\" \/>\n<meta name=\"robots\" content=\"index, follow, max-snippet:-1, max-image-preview:large, max-video-preview:-1\" \/>\n<link rel=\"canonical\" href=\"https:\/\/www.maisonwabisabi.com\/en\/hideki-yanashita\/\" \/>\n<meta property=\"og:locale\" content=\"en_GB\" \/>\n<meta property=\"og:type\" content=\"article\" \/>\n<meta property=\"og:title\" content=\"Hideki YANASHITA - Maison Wabi-Sabi - C\u00e9ramistes\" \/>\n<meta property=\"og:description\" content=\"Hideki YANASHITA \u67f3\u4e0b\u5b63\u5668 est \u00e0 Iga, dans la pr\u00e9fecture de Mie. H\u00e2te de vous pr\u00e9senter ses cr\u00e9ations dans la boutique. C\u00e9ramique japonaise.\" \/>\n<meta property=\"og:url\" content=\"https:\/\/www.maisonwabisabi.com\/en\/hideki-yanashita\/\" \/>\n<meta property=\"og:site_name\" content=\"Maison Wabi-Sabi\" \/>\n<meta property=\"article:publisher\" content=\"https:\/\/www.facebook.com\/MaisonWabiSabi\" \/>\n<meta property=\"article:author\" content=\"https:\/\/www.facebook.com\/MaisonWabiSabi\" \/>\n<meta property=\"article:published_time\" content=\"2025-02-11T18:03:23+00:00\" \/>\n<meta property=\"article:modified_time\" content=\"2025-09-11T16:37:32+00:00\" \/>\n<meta property=\"og:image\" content=\"https:\/\/www.maisonwabisabi.com\/wp-content\/uploads\/2025\/02\/Hideki-YANASHITA-Portrait.jpg\" \/>\n\t<meta property=\"og:image:width\" content=\"1024\" \/>\n\t<meta property=\"og:image:height\" content=\"1024\" \/>\n\t<meta property=\"og:image:type\" content=\"image\/jpeg\" \/>\n<meta name=\"author\" content=\"Yann san\" \/>\n<meta name=\"twitter:card\" content=\"summary_large_image\" \/>\n<meta name=\"twitter:label1\" content=\"Written by\" \/>\n\t<meta name=\"twitter:data1\" content=\"Yann san\" \/>\n\t<meta name=\"twitter:label2\" content=\"Estimated reading time\" \/>\n\t<meta name=\"twitter:data2\" content=\"6 minutes\" \/>\n<script type=\"application\/ld+json\" class=\"yoast-schema-graph\">{\"@context\":\"https:\\\/\\\/schema.org\",\"@graph\":[{\"@type\":\"Article\",\"@id\":\"https:\\\/\\\/www.maisonwabisabi.com\\\/hideki-yanashita\\\/#article\",\"isPartOf\":{\"@id\":\"https:\\\/\\\/www.maisonwabisabi.com\\\/hideki-yanashita\\\/\"},\"author\":{\"name\":\"Yann san\",\"@id\":\"https:\\\/\\\/www.maisonwabisabi.com\\\/#\\\/schema\\\/person\\\/b2458bb9fa2737d1a11eabc63d3aabc9\"},\"headline\":\"Rencontre avec Hideki YANASHITA \u67f3\u4e0b\u5b63\u5668 C\u00e9ramiste japonais \u00e0 Iga\",\"datePublished\":\"2025-02-11T18:03:23+00:00\",\"dateModified\":\"2025-09-11T16:37:32+00:00\",\"mainEntityOfPage\":{\"@id\":\"https:\\\/\\\/www.maisonwabisabi.com\\\/hideki-yanashita\\\/\"},\"wordCount\":957,\"publisher\":{\"@id\":\"https:\\\/\\\/www.maisonwabisabi.com\\\/#organization\"},\"image\":{\"@id\":\"https:\\\/\\\/www.maisonwabisabi.com\\\/hideki-yanashita\\\/#primaryimage\"},\"thumbnailUrl\":\"https:\\\/\\\/www.maisonwabisabi.com\\\/wp-content\\\/uploads\\\/2025\\\/02\\\/Hideki-YANASHITA-Portrait.jpg\",\"keywords\":[\"Art de la table en poterie\",\"C\u00e9ramique artisanale\",\"Cr\u00e9ations en poterie\",\"Objets en c\u00e9ramique\",\"Poterie artisanale\",\"Poterie d'art\",\"Poterie d\u00e9corative\",\"Poterie faite main\",\"Poterie unique\"],\"articleSection\":[\"C\u00e9ramistes\"],\"inLanguage\":\"en-GB\"},{\"@type\":\"WebPage\",\"@id\":\"https:\\\/\\\/www.maisonwabisabi.com\\\/hideki-yanashita\\\/\",\"url\":\"https:\\\/\\\/www.maisonwabisabi.com\\\/hideki-yanashita\\\/\",\"name\":\"Hideki YANASHITA - Maison Wabi-Sabi - C\u00e9ramistes\",\"isPartOf\":{\"@id\":\"https:\\\/\\\/www.maisonwabisabi.com\\\/#website\"},\"primaryImageOfPage\":{\"@id\":\"https:\\\/\\\/www.maisonwabisabi.com\\\/hideki-yanashita\\\/#primaryimage\"},\"image\":{\"@id\":\"https:\\\/\\\/www.maisonwabisabi.com\\\/hideki-yanashita\\\/#primaryimage\"},\"thumbnailUrl\":\"https:\\\/\\\/www.maisonwabisabi.com\\\/wp-content\\\/uploads\\\/2025\\\/02\\\/Hideki-YANASHITA-Portrait.jpg\",\"datePublished\":\"2025-02-11T18:03:23+00:00\",\"dateModified\":\"2025-09-11T16:37:32+00:00\",\"description\":\"Hideki YANASHITA \u67f3\u4e0b\u5b63\u5668 est \u00e0 Iga, dans la pr\u00e9fecture de Mie. H\u00e2te de vous pr\u00e9senter ses cr\u00e9ations dans la boutique. C\u00e9ramique japonaise.\",\"breadcrumb\":{\"@id\":\"https:\\\/\\\/www.maisonwabisabi.com\\\/hideki-yanashita\\\/#breadcrumb\"},\"inLanguage\":\"en-GB\",\"potentialAction\":[{\"@type\":\"ReadAction\",\"target\":[\"https:\\\/\\\/www.maisonwabisabi.com\\\/hideki-yanashita\\\/\"]}]},{\"@type\":\"ImageObject\",\"inLanguage\":\"en-GB\",\"@id\":\"https:\\\/\\\/www.maisonwabisabi.com\\\/hideki-yanashita\\\/#primaryimage\",\"url\":\"https:\\\/\\\/www.maisonwabisabi.com\\\/wp-content\\\/uploads\\\/2025\\\/02\\\/Hideki-YANASHITA-Portrait.jpg\",\"contentUrl\":\"https:\\\/\\\/www.maisonwabisabi.com\\\/wp-content\\\/uploads\\\/2025\\\/02\\\/Hideki-YANASHITA-Portrait.jpg\"},{\"@type\":\"BreadcrumbList\",\"@id\":\"https:\\\/\\\/www.maisonwabisabi.com\\\/hideki-yanashita\\\/#breadcrumb\",\"itemListElement\":[{\"@type\":\"ListItem\",\"position\":1,\"name\":\"Bienvenue\",\"item\":\"https:\\\/\\\/www.maisonwabisabi.com\\\/\"},{\"@type\":\"ListItem\",\"position\":2,\"name\":\"Rencontre avec Hideki YANASHITA \u67f3\u4e0b\u5b63\u5668 C\u00e9ramiste japonais \u00e0 Iga\"}]},{\"@type\":\"WebSite\",\"@id\":\"https:\\\/\\\/www.maisonwabisabi.com\\\/#website\",\"url\":\"https:\\\/\\\/www.maisonwabisabi.com\\\/\",\"name\":\"Maison Wabi-Sabi\",\"description\":\"\",\"publisher\":{\"@id\":\"https:\\\/\\\/www.maisonwabisabi.com\\\/#organization\"},\"potentialAction\":[{\"@type\":\"SearchAction\",\"target\":{\"@type\":\"EntryPoint\",\"urlTemplate\":\"https:\\\/\\\/www.maisonwabisabi.com\\\/?s={search_term_string}\"},\"query-input\":{\"@type\":\"PropertyValueSpecification\",\"valueRequired\":true,\"valueName\":\"search_term_string\"}}],\"inLanguage\":\"en-GB\"},{\"@type\":\"Organization\",\"@id\":\"https:\\\/\\\/www.maisonwabisabi.com\\\/#organization\",\"name\":\"Maison Wabi-Sabi\",\"url\":\"https:\\\/\\\/www.maisonwabisabi.com\\\/\",\"logo\":{\"@type\":\"ImageObject\",\"inLanguage\":\"en-GB\",\"@id\":\"https:\\\/\\\/www.maisonwabisabi.com\\\/#\\\/schema\\\/logo\\\/image\\\/\",\"url\":\"https:\\\/\\\/www.maisonwabisabi.com\\\/wp-content\\\/uploads\\\/2021\\\/11\\\/Logo-de-maison-Wabi-Sabi.jpg\",\"contentUrl\":\"https:\\\/\\\/www.maisonwabisabi.com\\\/wp-content\\\/uploads\\\/2021\\\/11\\\/Logo-de-maison-Wabi-Sabi.jpg\",\"width\":1024,\"height\":1024,\"caption\":\"Maison Wabi-Sabi\"},\"image\":{\"@id\":\"https:\\\/\\\/www.maisonwabisabi.com\\\/#\\\/schema\\\/logo\\\/image\\\/\"},\"sameAs\":[\"https:\\\/\\\/www.facebook.com\\\/MaisonWabiSabi\",\"https:\\\/\\\/www.instagram.com\\\/maison.wabi.sabi\\\/?hl=fr\",\"https:\\\/\\\/www.linkedin.com\\\/company\\\/69088467\"]},{\"@type\":\"Person\",\"@id\":\"https:\\\/\\\/www.maisonwabisabi.com\\\/#\\\/schema\\\/person\\\/b2458bb9fa2737d1a11eabc63d3aabc9\",\"name\":\"Yann san\",\"sameAs\":[\"https:\\\/\\\/www.maisonwabisabi.com\",\"https:\\\/\\\/www.facebook.com\\\/MaisonWabiSabi\",\"https:\\\/\\\/www.instagram.com\\\/maison.wabi.sabi\\\/\"],\"url\":\"https:\\\/\\\/www.maisonwabisabi.com\\\/en\\\/author\\\/4729952\\\/\"}]}<\/script>\n<!-- \/ Yoast SEO plugin. -->","yoast_head_json":{"title":"Hideki YANASHITA - Maison Wabi-Sabi - C\u00e9ramistes","description":"Hideki YANASHITA \u67f3\u4e0b\u5b63\u5668 est \u00e0 Iga, dans la pr\u00e9fecture de Mie. H\u00e2te de vous pr\u00e9senter ses cr\u00e9ations dans la boutique. C\u00e9ramique japonaise.","robots":{"index":"index","follow":"follow","max-snippet":"max-snippet:-1","max-image-preview":"max-image-preview:large","max-video-preview":"max-video-preview:-1"},"canonical":"https:\/\/www.maisonwabisabi.com\/en\/hideki-yanashita\/","og_locale":"en_GB","og_type":"article","og_title":"Hideki YANASHITA - Maison Wabi-Sabi - C\u00e9ramistes","og_description":"Hideki YANASHITA \u67f3\u4e0b\u5b63\u5668 est \u00e0 Iga, dans la pr\u00e9fecture de Mie. H\u00e2te de vous pr\u00e9senter ses cr\u00e9ations dans la boutique. C\u00e9ramique japonaise.","og_url":"https:\/\/www.maisonwabisabi.com\/en\/hideki-yanashita\/","og_site_name":"Maison Wabi-Sabi","article_publisher":"https:\/\/www.facebook.com\/MaisonWabiSabi","article_author":"https:\/\/www.facebook.com\/MaisonWabiSabi","article_published_time":"2025-02-11T18:03:23+00:00","article_modified_time":"2025-09-11T16:37:32+00:00","og_image":[{"width":1024,"height":1024,"url":"https:\/\/www.maisonwabisabi.com\/wp-content\/uploads\/2025\/02\/Hideki-YANASHITA-Portrait.jpg","type":"image\/jpeg"}],"author":"Yann san","twitter_card":"summary_large_image","twitter_misc":{"Written by":"Yann san","Estimated reading time":"6 minutes"},"schema":{"@context":"https:\/\/schema.org","@graph":[{"@type":"Article","@id":"https:\/\/www.maisonwabisabi.com\/hideki-yanashita\/#article","isPartOf":{"@id":"https:\/\/www.maisonwabisabi.com\/hideki-yanashita\/"},"author":{"name":"Yann san","@id":"https:\/\/www.maisonwabisabi.com\/#\/schema\/person\/b2458bb9fa2737d1a11eabc63d3aabc9"},"headline":"Rencontre avec Hideki YANASHITA \u67f3\u4e0b\u5b63\u5668 C\u00e9ramiste japonais \u00e0 Iga","datePublished":"2025-02-11T18:03:23+00:00","dateModified":"2025-09-11T16:37:32+00:00","mainEntityOfPage":{"@id":"https:\/\/www.maisonwabisabi.com\/hideki-yanashita\/"},"wordCount":957,"publisher":{"@id":"https:\/\/www.maisonwabisabi.com\/#organization"},"image":{"@id":"https:\/\/www.maisonwabisabi.com\/hideki-yanashita\/#primaryimage"},"thumbnailUrl":"https:\/\/www.maisonwabisabi.com\/wp-content\/uploads\/2025\/02\/Hideki-YANASHITA-Portrait.jpg","keywords":["Art de la table en poterie","C\u00e9ramique artisanale","Cr\u00e9ations en poterie","Objets en c\u00e9ramique","Poterie artisanale","Poterie d'art","Poterie d\u00e9corative","Poterie faite main","Poterie unique"],"articleSection":["C\u00e9ramistes"],"inLanguage":"en-GB"},{"@type":"WebPage","@id":"https:\/\/www.maisonwabisabi.com\/hideki-yanashita\/","url":"https:\/\/www.maisonwabisabi.com\/hideki-yanashita\/","name":"Hideki YANASHITA - Maison Wabi-Sabi - C\u00e9ramistes","isPartOf":{"@id":"https:\/\/www.maisonwabisabi.com\/#website"},"primaryImageOfPage":{"@id":"https:\/\/www.maisonwabisabi.com\/hideki-yanashita\/#primaryimage"},"image":{"@id":"https:\/\/www.maisonwabisabi.com\/hideki-yanashita\/#primaryimage"},"thumbnailUrl":"https:\/\/www.maisonwabisabi.com\/wp-content\/uploads\/2025\/02\/Hideki-YANASHITA-Portrait.jpg","datePublished":"2025-02-11T18:03:23+00:00","dateModified":"2025-09-11T16:37:32+00:00","description":"Hideki YANASHITA \u67f3\u4e0b\u5b63\u5668 est \u00e0 Iga, dans la pr\u00e9fecture de Mie. H\u00e2te de vous pr\u00e9senter ses cr\u00e9ations dans la boutique. C\u00e9ramique japonaise.","breadcrumb":{"@id":"https:\/\/www.maisonwabisabi.com\/hideki-yanashita\/#breadcrumb"},"inLanguage":"en-GB","potentialAction":[{"@type":"ReadAction","target":["https:\/\/www.maisonwabisabi.com\/hideki-yanashita\/"]}]},{"@type":"ImageObject","inLanguage":"en-GB","@id":"https:\/\/www.maisonwabisabi.com\/hideki-yanashita\/#primaryimage","url":"https:\/\/www.maisonwabisabi.com\/wp-content\/uploads\/2025\/02\/Hideki-YANASHITA-Portrait.jpg","contentUrl":"https:\/\/www.maisonwabisabi.com\/wp-content\/uploads\/2025\/02\/Hideki-YANASHITA-Portrait.jpg"},{"@type":"BreadcrumbList","@id":"https:\/\/www.maisonwabisabi.com\/hideki-yanashita\/#breadcrumb","itemListElement":[{"@type":"ListItem","position":1,"name":"Bienvenue","item":"https:\/\/www.maisonwabisabi.com\/"},{"@type":"ListItem","position":2,"name":"Rencontre avec Hideki YANASHITA \u67f3\u4e0b\u5b63\u5668 C\u00e9ramiste japonais \u00e0 Iga"}]},{"@type":"WebSite","@id":"https:\/\/www.maisonwabisabi.com\/#website","url":"https:\/\/www.maisonwabisabi.com\/","name":"Maison Wabi-Sabi","description":"","publisher":{"@id":"https:\/\/www.maisonwabisabi.com\/#organization"},"potentialAction":[{"@type":"SearchAction","target":{"@type":"EntryPoint","urlTemplate":"https:\/\/www.maisonwabisabi.com\/?s={search_term_string}"},"query-input":{"@type":"PropertyValueSpecification","valueRequired":true,"valueName":"search_term_string"}}],"inLanguage":"en-GB"},{"@type":"Organization","@id":"https:\/\/www.maisonwabisabi.com\/#organization","name":"Maison Wabi-Sabi","url":"https:\/\/www.maisonwabisabi.com\/","logo":{"@type":"ImageObject","inLanguage":"en-GB","@id":"https:\/\/www.maisonwabisabi.com\/#\/schema\/logo\/image\/","url":"https:\/\/www.maisonwabisabi.com\/wp-content\/uploads\/2021\/11\/Logo-de-maison-Wabi-Sabi.jpg","contentUrl":"https:\/\/www.maisonwabisabi.com\/wp-content\/uploads\/2021\/11\/Logo-de-maison-Wabi-Sabi.jpg","width":1024,"height":1024,"caption":"Maison Wabi-Sabi"},"image":{"@id":"https:\/\/www.maisonwabisabi.com\/#\/schema\/logo\/image\/"},"sameAs":["https:\/\/www.facebook.com\/MaisonWabiSabi","https:\/\/www.instagram.com\/maison.wabi.sabi\/?hl=fr","https:\/\/www.linkedin.com\/company\/69088467"]},{"@type":"Person","@id":"https:\/\/www.maisonwabisabi.com\/#\/schema\/person\/b2458bb9fa2737d1a11eabc63d3aabc9","name":"Yann san","sameAs":["https:\/\/www.maisonwabisabi.com","https:\/\/www.facebook.com\/MaisonWabiSabi","https:\/\/www.instagram.com\/maison.wabi.sabi\/"],"url":"https:\/\/www.maisonwabisabi.com\/en\/author\/4729952\/"}]}},"_links":{"self":[{"href":"https:\/\/www.maisonwabisabi.com\/en\/wp-json\/wp\/v2\/posts\/32597","targetHints":{"allow":["GET"]}}],"collection":[{"href":"https:\/\/www.maisonwabisabi.com\/en\/wp-json\/wp\/v2\/posts"}],"about":[{"href":"https:\/\/www.maisonwabisabi.com\/en\/wp-json\/wp\/v2\/types\/post"}],"author":[{"embeddable":true,"href":"https:\/\/www.maisonwabisabi.com\/en\/wp-json\/wp\/v2\/users\/1"}],"replies":[{"embeddable":true,"href":"https:\/\/www.maisonwabisabi.com\/en\/wp-json\/wp\/v2\/comments?post=32597"}],"version-history":[{"count":2,"href":"https:\/\/www.maisonwabisabi.com\/en\/wp-json\/wp\/v2\/posts\/32597\/revisions"}],"predecessor-version":[{"id":36871,"href":"https:\/\/www.maisonwabisabi.com\/en\/wp-json\/wp\/v2\/posts\/32597\/revisions\/36871"}],"wp:attachment":[{"href":"https:\/\/www.maisonwabisabi.com\/en\/wp-json\/wp\/v2\/media?parent=32597"}],"wp:term":[{"taxonomy":"category","embeddable":true,"href":"https:\/\/www.maisonwabisabi.com\/en\/wp-json\/wp\/v2\/categories?post=32597"},{"taxonomy":"post_tag","embeddable":true,"href":"https:\/\/www.maisonwabisabi.com\/en\/wp-json\/wp\/v2\/tags?post=32597"}],"curies":[{"name":"wp","href":"https:\/\/api.w.org\/{rel}","templated":true}]}}