{"id":29765,"date":"2024-07-11T18:38:56","date_gmt":"2024-07-11T16:38:56","guid":{"rendered":"https:\/\/www.maisonwabisabi.com\/?p=29765"},"modified":"2025-09-22T18:38:50","modified_gmt":"2025-09-22T16:38:50","slug":"geert-van-der-borght","status":"publish","type":"post","link":"https:\/\/www.maisonwabisabi.com\/en\/geert-van-der-borght\/","title":{"rendered":"Rencontre avec Geert VAN DER BORGHT C\u00e9ramiste belge \u00e0 Noduwez"},"content":{"rendered":"<div style=\"height:20px\" aria-hidden=\"true\" class=\"wp-block-spacer\"><\/div>\n\n\n\n<div class=\"wp-block-media-text is-stacked-on-mobile\"><figure class=\"wp-block-media-text__media\"><img loading=\"lazy\" decoding=\"async\" width=\"1024\" height=\"1024\" src=\"https:\/\/www.maisonwabisabi.com\/wp-content\/uploads\/2024\/07\/Geert-VAN-DER-BORGHT-Portrait.jpg\" alt=\"Geert VAN DER BORGHT - Portrait\" class=\"wp-image-29782 size-full\" srcset=\"https:\/\/www.maisonwabisabi.com\/wp-content\/uploads\/2024\/07\/Geert-VAN-DER-BORGHT-Portrait.jpg 1024w, https:\/\/www.maisonwabisabi.com\/wp-content\/uploads\/2024\/07\/Geert-VAN-DER-BORGHT-Portrait-300x300.jpg 300w, https:\/\/www.maisonwabisabi.com\/wp-content\/uploads\/2024\/07\/Geert-VAN-DER-BORGHT-Portrait-150x150.jpg 150w, https:\/\/www.maisonwabisabi.com\/wp-content\/uploads\/2024\/07\/Geert-VAN-DER-BORGHT-Portrait-768x768.jpg 768w, https:\/\/www.maisonwabisabi.com\/wp-content\/uploads\/2024\/07\/Geert-VAN-DER-BORGHT-Portrait-600x600.jpg 600w, https:\/\/www.maisonwabisabi.com\/wp-content\/uploads\/2024\/07\/Geert-VAN-DER-BORGHT-Portrait-100x100.jpg 100w\" sizes=\"auto, (max-width: 1024px) 100vw, 1024px\" \/><\/figure><div class=\"wp-block-media-text__content\">\n<p><\/p>\n\n\n\n<h2 class=\"wp-block-heading has-black-color has-text-color\" style=\"font-size:21px\"><strong><mark style=\"background-color:rgba(0, 0, 0, 0);color:#7d4e2d\" class=\"has-inline-color\">Geert VAN DER BORGHT et<\/mark> <a href=\"https:\/\/www.maisonwabisabi.com\/en\/product-category\/ceramistes-europe\/ceramiste-geert-van-der-borght\/\" target=\"_blank\" rel=\"noreferrer noopener\">ses cr\u00e9ations<\/a><\/strong><\/h2>\n\n\n\n<p class=\"has-black-color has-text-color\" style=\"font-size:17px\">(1955-)<\/p>\n\n\n\n<p class=\"has-black-color has-text-color\" style=\"font-size:17px\">Originaire de Vlaams &#8211; Brabant &#8211; Aarschot en Belgique. Son atelier est situ\u00e9 \u00e0 Noduwez, en r\u00e9gion Wallonne. \u00ab\u00a0Du Geste \u00e0 la Parole : Mes \u0153uvres m\u00e8neront au mieux dans un monde silencieux de contemplation et de m\u00e9ditation au-del\u00e0 des concepts et de la dualit\u00e9.\u00a0\u00bb Geert est un Oiseau libre, mais s&rsquo;il doit se d\u00e9finir c&rsquo;est plut\u00f4t Potier C\u00e9ramiste. \u00ab\u00a0Je ne m\u2019enferme pas dans une cage, ni je ne me laisse pas enfermer dans un concept.\u00a0\u00bb<\/p>\n\n\n\n<p class=\"has-black-color has-text-color has-link-color wp-elements-35eddf697802d5135039ab63133ca225\" style=\"font-size:17px\">C&rsquo;est pendant ses voyages en France, qu&rsquo;\u00e0 l&rsquo;\u00e2ge de 17 ans, il rencontre la c\u00e9ramique pour la premi\u00e8re fois sur la place de l&rsquo;horloge \u00e0 Avignon pendant un march\u00e9 d&rsquo;artisanat. Geert a commenc\u00e9 \u00e0 faire de la poterie pendant ses \u00e9tudes \u00e0 l&rsquo;Acad\u00e9mie Royal \u00e0 Anvers. Tr\u00e8s peu de temps apr\u00e8s il a ouvert son premier atelier. Ses ma\u00eetres \u00e9taient Achille PAUWELS (1912-), Hugo RABAEY (1948-) (<a href=\"https:\/\/www.ap-arts.be\/academie\" target=\"_blank\" rel=\"noreferrer noopener\"><mark style=\"background-color:rgba(0, 0, 0, 0);color:#8d9a83\" class=\"has-inline-color\">Acad\u00e9mie Royale d&rsquo;Anvers<\/mark><\/a>) et <a href=\"https:\/\/www.puisaye-tourisme.fr\/artisanat\/patricia-et-jean-cacheleux\/\" target=\"_blank\" rel=\"noreferrer noopener\"><mark style=\"background-color:rgba(0, 0, 0, 0);color:#8d9a83\" class=\"has-inline-color\">Jean CACHELEUX<\/mark><\/a> (1943-)(<a href=\"https:\/\/www.puisaye-tourisme.fr\/destination\/villages-de-caractere\/saint-amand-en-puisaye\/\" target=\"_blank\" rel=\"noreferrer noopener\"><mark style=\"background-color:rgba(0, 0, 0, 0);color:#8d9a83\" class=\"has-inline-color\">St Amand en Puisaye<\/mark><\/a>) en stage et en apprentissage chez lui.<\/p>\n<\/div><\/div>\n\n\n\n<div class=\"wp-block-media-text has-media-on-the-right is-stacked-on-mobile\"><div class=\"wp-block-media-text__content\">\n<p><\/p>\n\n\n\n<p class=\"has-black-color has-text-color has-link-color wp-elements-91e41275969c12746e4e10422faa30f7\" style=\"font-size:17px\">Il utilise 3 types de fours : Four \u00e0 gaz (9h \u00e0 12h de cuisson), Four \u00e0 bois mixte, Four \u00e0 bois car il veux cr\u00e9er de la c\u00e9ramique vivante. Dans le four \u00e0 bois mixte \u00ab\u00a0Mephistoles\u00a0\u00bb (Michael OBRIEN &#8211; Charles BOTTIN) qui est en construction et son four \u00e0 gaz combin\u00e9 avec le bois, il utilise du bois dur et bien sec. Ce type de four consomme moins de bois et cuit relativement vite (de 8h \u00e0 9h). Le bois de ch\u00eane ou de h\u00eatre donne de belles cendres.<\/p>\n\n\n\n<p class=\"has-black-color has-text-color has-link-color wp-elements-b67d0f1c4c98934dfcfdb73616feaafe\" style=\"font-size:17px\">Geert cuit 2 fois par an chez des amis. Il envisage 5 cuissons par an dans son nouveau four \u00e0 bois qui est en construction. Dans sa cr\u00e9ativit\u00e9, il prend des risques comme il travaille dans un certain flux qui lui permet de mettre en pratique ses exp\u00e9riences pass\u00e9es. La r\u00e9p\u00e9tition est toujours nouvelle et en m\u00eame temps ancienne.<\/p>\n\n\n\n<p class=\"has-black-color has-text-color has-link-color wp-elements-735f328a843aad7233a489508ab5d6de\" style=\"font-size:17px\">\u00ab\u00a0Un mariage plus au moins harmonieux entre nature et culture. Je m\u2019int\u00e9resse plut\u00f4t \u00e0 la s\u00e8ve de l\u2019arbre, pas tellement \u00e0 son fruit. Le mot \u00ab\u00a0Inspiration\u00a0\u00bb me fait penser au mot fran\u00e7ais \u00ab\u00a0inspirer\u00a0\u00bb. Respirer ce qui vient de l\u2019ext\u00e9rieur, par opposition \u00e0 \u00ab\u00a0exp\u00e9rience\u00a0\u00bb et au verbe \u00ab\u00a0expirer.\u00a0\u00bb<\/p>\n<\/div><figure class=\"wp-block-media-text__media\"><img loading=\"lazy\" decoding=\"async\" width=\"1024\" height=\"1024\" src=\"https:\/\/www.maisonwabisabi.com\/wp-content\/uploads\/2024\/07\/Geert-VAN-DER-BORGHT-Bol-a-the.jpg\" alt=\"Geert VAN DER BORGHT - Bol a\u0300 the\u0301\" class=\"wp-image-29780 size-full\" srcset=\"https:\/\/www.maisonwabisabi.com\/wp-content\/uploads\/2024\/07\/Geert-VAN-DER-BORGHT-Bol-a-the.jpg 1024w, https:\/\/www.maisonwabisabi.com\/wp-content\/uploads\/2024\/07\/Geert-VAN-DER-BORGHT-Bol-a-the-300x300.jpg 300w, https:\/\/www.maisonwabisabi.com\/wp-content\/uploads\/2024\/07\/Geert-VAN-DER-BORGHT-Bol-a-the-150x150.jpg 150w, https:\/\/www.maisonwabisabi.com\/wp-content\/uploads\/2024\/07\/Geert-VAN-DER-BORGHT-Bol-a-the-768x768.jpg 768w, https:\/\/www.maisonwabisabi.com\/wp-content\/uploads\/2024\/07\/Geert-VAN-DER-BORGHT-Bol-a-the-600x600.jpg 600w, https:\/\/www.maisonwabisabi.com\/wp-content\/uploads\/2024\/07\/Geert-VAN-DER-BORGHT-Bol-a-the-100x100.jpg 100w\" sizes=\"auto, (max-width: 1024px) 100vw, 1024px\" \/><\/figure><\/div>\n\n\n\n<div class=\"wp-block-media-text is-stacked-on-mobile\"><figure class=\"wp-block-media-text__media\"><img decoding=\"async\" src=\"https:\/\/www.maisonwabisabi.com\/wp-content\/uploads\/2024\/08\/A24GeeVANBGCHA3-Face3.jpg\" alt=\"Bol \u00e0 th\u00e9 - Geert VAN DER BORGHT\" class=\"wp-image-29969 size-full\"\/><\/figure><div class=\"wp-block-media-text__content\">\n<p><\/p>\n\n\n\n<p class=\"has-black-color has-text-color has-link-color wp-elements-2071c3ee736ead1f5613f9cf2bbc3af8\" style=\"font-size:17px\">\u00c0 propos de ce qui coule de l\u2019int\u00e9rieur vers l\u2019ext\u00e9rieur. Les deux vont de pair, mais je ne m\u2019int\u00e9resse que partiellement \u00e0 l\u2019inspiration et aux impressions ext\u00e9rieures, m\u00eame si je suis conscient de l\u2019affinit\u00e9 entre mon travail et celui de certains autres artistes.\u00a0\u00bb<\/p>\n\n\n\n<p class=\"has-black-color has-text-color has-link-color wp-elements-136670c63ced1927700ef35141ebfb54\" style=\"font-size:17px\">\u00ab\u00a0Je m\u2019int\u00e9resse \u00e0 tout ce qui se trouve sous le soleil et qui sollicite une enqu\u00eate approfondie. En tant qu\u2019artiste, cependant, je n\u2019ai aucune utilit\u00e9 directe pour ces choses, \u00e0 moins qu\u2019elles ne coulent dans le subconscient, o\u00f9 elles commenceront lentement \u00e0 m\u00fbrir. Exempts du rationnel, ils se d\u00e9barrasseront de leurs noms, de leurs coquilles, de leur image primitive et de leur langage. Finalement, ils deviennent une riche couche de compost, la mati\u00e8re premi\u00e8re qui alimente ma cr\u00e9ativit\u00e9 artistique.\u00a0\u00bb<\/p>\n\n\n\n<p class=\"has-black-color has-text-color has-link-color wp-elements-bc85a7bc99337cf7a3b17702b9b3ba68\" style=\"font-size:17px\">\u00ab\u00a0Ma relation avec la c\u00e9ramique, la terre, le feu et les \u00e9maux est un amour \u00e0 la fois ardent, passionnant et exigeant avec tant de d\u00e9couvertes, de surprises et d&rsquo;\u00e9checs mais surtout un d\u00e9sir in\u00e9puisable de recommencer toujours \u00e0 nouveau.\u00a0\u00bb<\/p>\n<\/div><\/div>\n\n\n\n<div class=\"wp-block-media-text has-media-on-the-right is-stacked-on-mobile\"><div class=\"wp-block-media-text__content\">\n<p class=\"has-black-color has-text-color has-link-color wp-elements-8388fead378c1cae0b6233c386e09352\" style=\"font-size:17px\"><\/p>\n\n\n\n<p class=\"has-black-color has-text-color has-link-color wp-elements-cbfb8c6a4302aa4e946221a8c52ec208\" style=\"font-size:17px\">\u00ab\u00a0Celadon, goutte d&rsquo;huile, Tenmoku, Kaki, \u00e9mail de cendre, Shino, \u00e9mail \u00e0 base de roche, superposition de diff\u00e9rents \u00e9maux, les surfaces compos\u00e9es \u00e0 l&rsquo;aide d&rsquo;une diagramme lin\u00e9aire.\u00a0\u00bb<\/p>\n\n\n\n<p class=\"has-black-color has-text-color has-link-color wp-elements-fcb511cfcd3200662ce29d9e83962251\" style=\"font-size:17px\">\u00ab\u00a0Je travaille souvent en petits s\u00e9ries et je suis les saisons, mais cela devient difficile car elles ne sont plus aussi r\u00e9guli\u00e8res qu\u2019avant. En plus je sens parfois que l\u2019automne approche en \u00e9t\u00e9, ou que l\u2019hiver approche \u00e0 l\u2019automne\u2026 Au point de basculement des saisons, la plupart de la po\u00e9sie se r\u00e9v\u00e8le dans mon travail. L\u00e0 o\u00f9 la m\u00e9lancolie et la nostalgie se rencontrent, entre un adieu et une perspective d\u2019un nouveau d\u00e9part.\u00a0\u00bb<\/p>\n\n\n\n<p class=\"has-black-color has-text-color has-link-color wp-elements-104f357f432f303a2e4f540f694e1c84\" style=\"font-size:17px\">\u00ab\u00a0La vie coule et stagner, c&rsquo;est la mort. Mon but est pluto\u0302t de rendre conscient \u00ab\u00a0l\u2019esprit potier\u00a0\u00bb et de le transmettre a\u0300 ceux\/celles qui y sont sensibles et qui en ressentent l\u2019importance. Bien-su\u0302r il est assez difficile de mettre l\u2019esprit en mots. Par conse\u0301quent, ce transfert est pluto\u0302t intuitif et pas principalement ce\u0301re\u0301bral et il n\u2019est donc souvent possible qu\u2019en e\u0301tant immerge\u0301 pendant un certain temps dans l\u2019atmosphe\u0300re d\u2019un studio ou dans l\u2019atmosphe\u0300re d\u2019une exposition.<\/p>\n<\/div><figure class=\"wp-block-media-text__media\"><img loading=\"lazy\" decoding=\"async\" width=\"1024\" height=\"1024\" src=\"https:\/\/www.maisonwabisabi.com\/wp-content\/uploads\/2024\/07\/Geert-VAN-DER-BORGHT-Atelier.jpg\" alt=\"Geert VAN DER BORGHT - Atelier\" class=\"wp-image-29779 size-full\" srcset=\"https:\/\/www.maisonwabisabi.com\/wp-content\/uploads\/2024\/07\/Geert-VAN-DER-BORGHT-Atelier.jpg 1024w, https:\/\/www.maisonwabisabi.com\/wp-content\/uploads\/2024\/07\/Geert-VAN-DER-BORGHT-Atelier-300x300.jpg 300w, https:\/\/www.maisonwabisabi.com\/wp-content\/uploads\/2024\/07\/Geert-VAN-DER-BORGHT-Atelier-150x150.jpg 150w, https:\/\/www.maisonwabisabi.com\/wp-content\/uploads\/2024\/07\/Geert-VAN-DER-BORGHT-Atelier-768x768.jpg 768w, https:\/\/www.maisonwabisabi.com\/wp-content\/uploads\/2024\/07\/Geert-VAN-DER-BORGHT-Atelier-600x600.jpg 600w, https:\/\/www.maisonwabisabi.com\/wp-content\/uploads\/2024\/07\/Geert-VAN-DER-BORGHT-Atelier-100x100.jpg 100w\" sizes=\"auto, (max-width: 1024px) 100vw, 1024px\" \/><\/figure><\/div>\n\n\n\n<div class=\"wp-block-media-text is-stacked-on-mobile\"><figure class=\"wp-block-media-text__media\"><img loading=\"lazy\" decoding=\"async\" width=\"1024\" height=\"1024\" src=\"https:\/\/www.maisonwabisabi.com\/wp-content\/uploads\/2025\/08\/A25GeeVANBGCHA7-Face1.jpg\" alt=\"Bol \u00e0 th\u00e9 - Geert VAN DER BORGHT\" class=\"wp-image-36597 size-full\" srcset=\"https:\/\/www.maisonwabisabi.com\/wp-content\/uploads\/2025\/08\/A25GeeVANBGCHA7-Face1.jpg 1024w, https:\/\/www.maisonwabisabi.com\/wp-content\/uploads\/2025\/08\/A25GeeVANBGCHA7-Face1-300x300.jpg 300w, https:\/\/www.maisonwabisabi.com\/wp-content\/uploads\/2025\/08\/A25GeeVANBGCHA7-Face1-150x150.jpg 150w, https:\/\/www.maisonwabisabi.com\/wp-content\/uploads\/2025\/08\/A25GeeVANBGCHA7-Face1-768x768.jpg 768w, https:\/\/www.maisonwabisabi.com\/wp-content\/uploads\/2025\/08\/A25GeeVANBGCHA7-Face1-12x12.jpg 12w, https:\/\/www.maisonwabisabi.com\/wp-content\/uploads\/2025\/08\/A25GeeVANBGCHA7-Face1-600x600.jpg 600w, https:\/\/www.maisonwabisabi.com\/wp-content\/uploads\/2025\/08\/A25GeeVANBGCHA7-Face1-100x100.jpg 100w\" sizes=\"auto, (max-width: 1024px) 100vw, 1024px\" \/><\/figure><div class=\"wp-block-media-text__content\">\n<p class=\"has-black-color has-text-color has-link-color wp-elements-8388fead378c1cae0b6233c386e09352\" style=\"font-size:17px\"><\/p>\n\n\n\n<p class=\"has-black-color has-text-color has-link-color wp-elements-c71a0fe4ec47a602950ee1a9f56fad4a\" style=\"font-size:17px\">C\u2019est plus une question de ressentir et de voir que de penser ou enseigner. On est en m\u00eame temps co-cr\u00e9ateur et passeur de notre m\u00e9tier.<\/p>\n\n\n\n<p class=\"has-black-color has-text-color has-link-color wp-elements-49daa92f5223ddc9e345f967fa126a3b\" style=\"font-size:17px\">\u00ab\u00a0Ce qui n\u2019a pas \u00e9t\u00e9 enseign\u00e9 ne peut pas non plus \u00eatre enseign\u00e9. Chacun travaille et utilise ses propres possibilit\u00e9s, en s\u2019appuyant davantage sur les mati\u00e8res qui ont \u00e9t\u00e9 enseign\u00e9es. Ce qui signifie que ce qui n\u2019a pas \u00e9t\u00e9 enseign\u00e9 ne peut plus \u00eatre transmis en tant que tel \u00e0 la prochaine g\u00e9n\u00e9ration. Sauf si cela est red\u00e9couvert comme pr\u00e9cieux. Cette logique menace de nous tuer et nous place devant notre responsabilit\u00e9 au sujet des comp\u00e9tences de ceux qui nous ont pr\u00e9c\u00e9d\u00e9s. Sinon, nous serons oblig\u00e9s de r\u00e9inventer ce qui coule abondamment dans nos rivi\u00e8res depuis des ann\u00e9es.\u00a0\u00bb<\/p>\n\n\n\n<p class=\"has-black-color has-text-color has-link-color wp-elements-e17c77970d5873abe47655e2d8baed21\" style=\"font-size:17px\">\u00ab\u00a0En tant que potier, nous entourons le vide en le d\u00e9limitant, cr\u00e9ant un int\u00e9rieur et un ext\u00e9rieur, alors que le vide ne conna\u00eet pas de limites. Nous le savons, mais cela ne nous emp\u00eache pas de cr\u00e9er des moments po\u00e9tiques dans le temps et l\u2019espace dans lesquels l\u2019illimit\u00e9 a sa place.\u00a0\u00bb<\/p>\n<\/div><\/div>\n\n\n\n<div class=\"wp-block-media-text has-media-on-the-right is-stacked-on-mobile\"><div class=\"wp-block-media-text__content\">\n<p><\/p>\n\n\n\n<h3 class=\"wp-block-heading has-black-color has-text-color has-link-color wp-elements-339e693537b529e26d11a5def48cbf1e\" style=\"font-size:17px\"><strong><mark style=\"background-color:rgba(0, 0, 0, 0);color:#7d4e2d\" class=\"has-inline-color\"><strong><strong>Geert VAN DER BORGHT<\/strong><\/strong> en 5 dates importantes :<\/mark><\/strong><\/h3>\n\n\n\n<p class=\"has-black-color has-text-color has-link-color wp-elements-3eae4f68a369b46792c124a1593c4f78\" style=\"font-size:17px\">1975-1981 : Formation \u00e0 l&rsquo;Acad\u00e9mie Royale des Beaux-Arts. Dipl\u00f4me d\u2019enseignement artistique sup\u00e9rieur, sp\u00e9cialit\u00e9 C\u00e9ramique. Certificat d\u2019enseignement.<\/p>\n\n\n\n<p class=\"has-black-color has-text-color has-link-color wp-elements-1d8f1eae696b1dcd9bedf0a6bc843e7d\" style=\"font-size:17px\">1983 : Formation en Calligraphie chinoise, K.U. Leuven.<\/p>\n\n\n\n<p class=\"has-black-color has-text-color has-link-color wp-elements-0547474799cf44e229893a5e87f4a1c7\" style=\"font-size:17px\">1988-2000 : Professeur en C\u00e9ramique et Poterie \u00e0 Syntra, Hasselt.<\/p>\n\n\n\n<p class=\"has-black-color has-text-color has-link-color wp-elements-8739d11ec025f249174df9ae20b3ef43\" style=\"font-size:17px\">1997-2006 : Professeur en C\u00e9ramique et Poterie, Academie voor Schone Kunsten, Mechelen.<\/p>\n\n\n\n<p class=\"has-black-color has-text-color has-link-color wp-elements-e4f33af797b32cece1c4b717dbb0faa9\" style=\"font-size:17px\">Voyage d\u2019\u00e9tudes : Amsterdam, Berlin, Prague, Paris, London, Vienna, New-York, Rome, Toronto, Salamanca, Granada, Fez, M\u00e8knes, Rabat, St.Amand en Puisaye, La Borne, Toscane, Jingdezhen.<\/p>\n<\/div><figure class=\"wp-block-media-text__media\"><img loading=\"lazy\" decoding=\"async\" width=\"1024\" height=\"1024\" src=\"https:\/\/www.maisonwabisabi.com\/wp-content\/uploads\/2024\/07\/Geert-VAN-DER-BORGHT-Tournage.jpg\" alt=\"Geert VAN DER BORGHT - Tournage\" class=\"wp-image-29784 size-full\" srcset=\"https:\/\/www.maisonwabisabi.com\/wp-content\/uploads\/2024\/07\/Geert-VAN-DER-BORGHT-Tournage.jpg 1024w, https:\/\/www.maisonwabisabi.com\/wp-content\/uploads\/2024\/07\/Geert-VAN-DER-BORGHT-Tournage-300x300.jpg 300w, https:\/\/www.maisonwabisabi.com\/wp-content\/uploads\/2024\/07\/Geert-VAN-DER-BORGHT-Tournage-150x150.jpg 150w, https:\/\/www.maisonwabisabi.com\/wp-content\/uploads\/2024\/07\/Geert-VAN-DER-BORGHT-Tournage-768x768.jpg 768w, https:\/\/www.maisonwabisabi.com\/wp-content\/uploads\/2024\/07\/Geert-VAN-DER-BORGHT-Tournage-600x600.jpg 600w, https:\/\/www.maisonwabisabi.com\/wp-content\/uploads\/2024\/07\/Geert-VAN-DER-BORGHT-Tournage-100x100.jpg 100w\" sizes=\"auto, (max-width: 1024px) 100vw, 1024px\" \/><\/figure><\/div>\n\n\n\n<div style=\"height:20px\" aria-hidden=\"true\" class=\"wp-block-spacer\"><\/div>\n\n\n\n<figure class=\"wp-block-image size-large is-resized\"><img loading=\"lazy\" decoding=\"async\" width=\"1024\" height=\"538\" src=\"https:\/\/www.maisonwabisabi.com\/wp-content\/uploads\/2024\/07\/Geert-VAN-DER-BORGHT-Tour-de-potier-1024x538.jpg\" alt=\"Geert VAN DER BORGHT - Tour de potier\" class=\"wp-image-29783\" style=\"width:1200px\" srcset=\"https:\/\/www.maisonwabisabi.com\/wp-content\/uploads\/2024\/07\/Geert-VAN-DER-BORGHT-Tour-de-potier-1024x538.jpg 1024w, https:\/\/www.maisonwabisabi.com\/wp-content\/uploads\/2024\/07\/Geert-VAN-DER-BORGHT-Tour-de-potier-300x158.jpg 300w, https:\/\/www.maisonwabisabi.com\/wp-content\/uploads\/2024\/07\/Geert-VAN-DER-BORGHT-Tour-de-potier-768x403.jpg 768w, https:\/\/www.maisonwabisabi.com\/wp-content\/uploads\/2024\/07\/Geert-VAN-DER-BORGHT-Tour-de-potier-600x315.jpg 600w, https:\/\/www.maisonwabisabi.com\/wp-content\/uploads\/2024\/07\/Geert-VAN-DER-BORGHT-Tour-de-potier.jpg 1200w\" sizes=\"auto, (max-width: 1024px) 100vw, 1024px\" \/><\/figure>\n\n\n\n<p class=\"has-text-align-center has-black-color has-text-color\" style=\"font-size:15px\">Source des photos et des textes : Geert VAN DER BORGHT et Yann san<\/p>\n\n\n\n<div style=\"height:100px\" aria-hidden=\"true\" class=\"wp-block-spacer\"><\/div>","protected":false},"excerpt":{"rendered":"<p>Geert VAN DER BORGHT et ses cr\u00e9ations (1955-) Originaire de Vlaams &#8211; Brabant &#8211; Aarschot en Belgique. Son atelier est [&hellip;]<\/p>\n","protected":false},"author":1,"featured_media":0,"comment_status":"closed","ping_status":"closed","sticky":false,"template":"","format":"standard","meta":{"site-sidebar-layout":"default","site-content-layout":"","ast-site-content-layout":"default","site-content-style":"default","site-sidebar-style":"default","ast-global-header-display":"","ast-banner-title-visibility":"","ast-main-header-display":"","ast-hfb-above-header-display":"","ast-hfb-below-header-display":"","ast-hfb-mobile-header-display":"","site-post-title":"disabled","ast-breadcrumbs-content":"","ast-featured-img":"","footer-sml-layout":"","ast-disable-related-posts":"","theme-transparent-header-meta":"","adv-header-id-meta":"","stick-header-meta":"","header-above-stick-meta":"","header-main-stick-meta":"","header-below-stick-meta":"","astra-migrate-meta-layouts":"default","ast-page-background-enabled":"default","ast-page-background-meta":{"desktop":{"background-color":"var(--ast-global-color-5)","background-image":"","background-repeat":"repeat","background-position":"center center","background-size":"auto","background-attachment":"scroll","background-type":"","background-media":"","overlay-type":"","overlay-color":"","overlay-opacity":"","overlay-gradient":""},"tablet":{"background-color":"","background-image":"","background-repeat":"repeat","background-position":"center center","background-size":"auto","background-attachment":"scroll","background-type":"","background-media":"","overlay-type":"","overlay-color":"","overlay-opacity":"","overlay-gradient":""},"mobile":{"background-color":"","background-image":"","background-repeat":"repeat","background-position":"center center","background-size":"auto","background-attachment":"scroll","background-type":"","background-media":"","overlay-type":"","overlay-color":"","overlay-opacity":"","overlay-gradient":""}},"ast-content-background-meta":{"desktop":{"background-color":"var(--ast-global-color-4)","background-image":"","background-repeat":"repeat","background-position":"center center","background-size":"auto","background-attachment":"scroll","background-type":"","background-media":"","overlay-type":"","overlay-color":"","overlay-opacity":"","overlay-gradient":""},"tablet":{"background-color":"var(--ast-global-color-4)","background-image":"","background-repeat":"repeat","background-position":"center center","background-size":"auto","background-attachment":"scroll","background-type":"","background-media":"","overlay-type":"","overlay-color":"","overlay-opacity":"","overlay-gradient":""},"mobile":{"background-color":"var(--ast-global-color-4)","background-image":"","background-repeat":"repeat","background-position":"center center","background-size":"auto","background-attachment":"scroll","background-type":"","background-media":"","overlay-type":"","overlay-color":"","overlay-opacity":"","overlay-gradient":""}},"footnotes":""},"categories":[76],"tags":[234,232,238,236,230,237,235,231,239],"class_list":["post-29765","post","type-post","status-publish","format-standard","hentry","category-ceramistes","tag-art-de-la-table-en-poterie","tag-ceramique-artisanale","tag-creations-en-poterie","tag-objets-en-ceramique","tag-poterie-artisanale","tag-poterie-dart","tag-poterie-decorative","tag-poterie-faite-main","tag-poterie-unique"],"yoast_head":"<!-- This site is optimized with the Yoast SEO plugin v27.5 - https:\/\/yoast.com\/product\/yoast-seo-wordpress\/ -->\n<title>Geert VAN DER BORGHT - Maison Wabi-Sabi - C\u00e9ramistes<\/title>\n<meta name=\"description\" content=\"Geert VAN DER BORGHT est c\u00e9ramiste \u00e0 Noduwez, en Belgique. H\u00e2te de vous pr\u00e9senter ses cr\u00e9ations dans la boutique. C\u00e9ramique belge.\" \/>\n<meta name=\"robots\" content=\"index, follow, max-snippet:-1, max-image-preview:large, max-video-preview:-1\" \/>\n<link rel=\"canonical\" href=\"https:\/\/www.maisonwabisabi.com\/en\/geert-van-der-borght\/\" \/>\n<meta property=\"og:locale\" content=\"en_GB\" \/>\n<meta property=\"og:type\" content=\"article\" \/>\n<meta property=\"og:title\" content=\"Geert VAN DER BORGHT - Maison Wabi-Sabi - C\u00e9ramistes\" \/>\n<meta property=\"og:description\" content=\"Geert VAN DER BORGHT est c\u00e9ramiste \u00e0 Noduwez, en Belgique. H\u00e2te de vous pr\u00e9senter ses cr\u00e9ations dans la boutique. C\u00e9ramique belge.\" \/>\n<meta property=\"og:url\" content=\"https:\/\/www.maisonwabisabi.com\/en\/geert-van-der-borght\/\" \/>\n<meta property=\"og:site_name\" content=\"Maison Wabi-Sabi\" \/>\n<meta property=\"article:publisher\" content=\"https:\/\/www.facebook.com\/MaisonWabiSabi\" \/>\n<meta property=\"article:author\" content=\"https:\/\/www.facebook.com\/MaisonWabiSabi\" \/>\n<meta property=\"article:published_time\" content=\"2024-07-11T16:38:56+00:00\" \/>\n<meta property=\"article:modified_time\" content=\"2025-09-22T16:38:50+00:00\" \/>\n<meta property=\"og:image\" content=\"https:\/\/www.maisonwabisabi.com\/wp-content\/uploads\/2024\/07\/Geert-VAN-DER-BORGHT-Portrait.jpg\" \/>\n\t<meta property=\"og:image:width\" content=\"1024\" \/>\n\t<meta property=\"og:image:height\" content=\"1024\" \/>\n\t<meta property=\"og:image:type\" content=\"image\/jpeg\" \/>\n<meta name=\"author\" content=\"Yann san\" \/>\n<meta name=\"twitter:card\" content=\"summary_large_image\" \/>\n<meta name=\"twitter:label1\" content=\"Written by\" \/>\n\t<meta name=\"twitter:data1\" content=\"Yann san\" \/>\n\t<meta name=\"twitter:label2\" content=\"Estimated reading time\" \/>\n\t<meta name=\"twitter:data2\" content=\"7 minutes\" \/>\n<script type=\"application\/ld+json\" class=\"yoast-schema-graph\">{\"@context\":\"https:\\\/\\\/schema.org\",\"@graph\":[{\"@type\":\"Article\",\"@id\":\"https:\\\/\\\/www.maisonwabisabi.com\\\/geert-van-der-borght\\\/#article\",\"isPartOf\":{\"@id\":\"https:\\\/\\\/www.maisonwabisabi.com\\\/geert-van-der-borght\\\/\"},\"author\":{\"name\":\"Yann san\",\"@id\":\"https:\\\/\\\/www.maisonwabisabi.com\\\/#\\\/schema\\\/person\\\/b2458bb9fa2737d1a11eabc63d3aabc9\"},\"headline\":\"Rencontre avec Geert VAN DER BORGHT C\u00e9ramiste belge \u00e0 Noduwez\",\"datePublished\":\"2024-07-11T16:38:56+00:00\",\"dateModified\":\"2025-09-22T16:38:50+00:00\",\"mainEntityOfPage\":{\"@id\":\"https:\\\/\\\/www.maisonwabisabi.com\\\/geert-van-der-borght\\\/\"},\"wordCount\":1085,\"publisher\":{\"@id\":\"https:\\\/\\\/www.maisonwabisabi.com\\\/#organization\"},\"image\":{\"@id\":\"https:\\\/\\\/www.maisonwabisabi.com\\\/geert-van-der-borght\\\/#primaryimage\"},\"thumbnailUrl\":\"https:\\\/\\\/www.maisonwabisabi.com\\\/wp-content\\\/uploads\\\/2024\\\/07\\\/Geert-VAN-DER-BORGHT-Portrait.jpg\",\"keywords\":[\"Art de la table en poterie\",\"C\u00e9ramique artisanale\",\"Cr\u00e9ations en poterie\",\"Objets en c\u00e9ramique\",\"Poterie artisanale\",\"Poterie d'art\",\"Poterie d\u00e9corative\",\"Poterie faite main\",\"Poterie unique\"],\"articleSection\":[\"C\u00e9ramistes\"],\"inLanguage\":\"en-GB\"},{\"@type\":\"WebPage\",\"@id\":\"https:\\\/\\\/www.maisonwabisabi.com\\\/geert-van-der-borght\\\/\",\"url\":\"https:\\\/\\\/www.maisonwabisabi.com\\\/geert-van-der-borght\\\/\",\"name\":\"Geert VAN DER BORGHT - Maison Wabi-Sabi - C\u00e9ramistes\",\"isPartOf\":{\"@id\":\"https:\\\/\\\/www.maisonwabisabi.com\\\/#website\"},\"primaryImageOfPage\":{\"@id\":\"https:\\\/\\\/www.maisonwabisabi.com\\\/geert-van-der-borght\\\/#primaryimage\"},\"image\":{\"@id\":\"https:\\\/\\\/www.maisonwabisabi.com\\\/geert-van-der-borght\\\/#primaryimage\"},\"thumbnailUrl\":\"https:\\\/\\\/www.maisonwabisabi.com\\\/wp-content\\\/uploads\\\/2024\\\/07\\\/Geert-VAN-DER-BORGHT-Portrait.jpg\",\"datePublished\":\"2024-07-11T16:38:56+00:00\",\"dateModified\":\"2025-09-22T16:38:50+00:00\",\"description\":\"Geert VAN DER BORGHT est c\u00e9ramiste \u00e0 Noduwez, en Belgique. H\u00e2te de vous pr\u00e9senter ses cr\u00e9ations dans la boutique. C\u00e9ramique belge.\",\"breadcrumb\":{\"@id\":\"https:\\\/\\\/www.maisonwabisabi.com\\\/geert-van-der-borght\\\/#breadcrumb\"},\"inLanguage\":\"en-GB\",\"potentialAction\":[{\"@type\":\"ReadAction\",\"target\":[\"https:\\\/\\\/www.maisonwabisabi.com\\\/geert-van-der-borght\\\/\"]}]},{\"@type\":\"ImageObject\",\"inLanguage\":\"en-GB\",\"@id\":\"https:\\\/\\\/www.maisonwabisabi.com\\\/geert-van-der-borght\\\/#primaryimage\",\"url\":\"https:\\\/\\\/www.maisonwabisabi.com\\\/wp-content\\\/uploads\\\/2024\\\/07\\\/Geert-VAN-DER-BORGHT-Portrait.jpg\",\"contentUrl\":\"https:\\\/\\\/www.maisonwabisabi.com\\\/wp-content\\\/uploads\\\/2024\\\/07\\\/Geert-VAN-DER-BORGHT-Portrait.jpg\"},{\"@type\":\"BreadcrumbList\",\"@id\":\"https:\\\/\\\/www.maisonwabisabi.com\\\/geert-van-der-borght\\\/#breadcrumb\",\"itemListElement\":[{\"@type\":\"ListItem\",\"position\":1,\"name\":\"Bienvenue\",\"item\":\"https:\\\/\\\/www.maisonwabisabi.com\\\/\"},{\"@type\":\"ListItem\",\"position\":2,\"name\":\"Rencontre avec Geert VAN DER BORGHT C\u00e9ramiste belge \u00e0 Noduwez\"}]},{\"@type\":\"WebSite\",\"@id\":\"https:\\\/\\\/www.maisonwabisabi.com\\\/#website\",\"url\":\"https:\\\/\\\/www.maisonwabisabi.com\\\/\",\"name\":\"Maison Wabi-Sabi\",\"description\":\"\",\"publisher\":{\"@id\":\"https:\\\/\\\/www.maisonwabisabi.com\\\/#organization\"},\"potentialAction\":[{\"@type\":\"SearchAction\",\"target\":{\"@type\":\"EntryPoint\",\"urlTemplate\":\"https:\\\/\\\/www.maisonwabisabi.com\\\/?s={search_term_string}\"},\"query-input\":{\"@type\":\"PropertyValueSpecification\",\"valueRequired\":true,\"valueName\":\"search_term_string\"}}],\"inLanguage\":\"en-GB\"},{\"@type\":\"Organization\",\"@id\":\"https:\\\/\\\/www.maisonwabisabi.com\\\/#organization\",\"name\":\"Maison Wabi-Sabi\",\"url\":\"https:\\\/\\\/www.maisonwabisabi.com\\\/\",\"logo\":{\"@type\":\"ImageObject\",\"inLanguage\":\"en-GB\",\"@id\":\"https:\\\/\\\/www.maisonwabisabi.com\\\/#\\\/schema\\\/logo\\\/image\\\/\",\"url\":\"https:\\\/\\\/www.maisonwabisabi.com\\\/wp-content\\\/uploads\\\/2021\\\/11\\\/Logo-de-maison-Wabi-Sabi.jpg\",\"contentUrl\":\"https:\\\/\\\/www.maisonwabisabi.com\\\/wp-content\\\/uploads\\\/2021\\\/11\\\/Logo-de-maison-Wabi-Sabi.jpg\",\"width\":1024,\"height\":1024,\"caption\":\"Maison Wabi-Sabi\"},\"image\":{\"@id\":\"https:\\\/\\\/www.maisonwabisabi.com\\\/#\\\/schema\\\/logo\\\/image\\\/\"},\"sameAs\":[\"https:\\\/\\\/www.facebook.com\\\/MaisonWabiSabi\",\"https:\\\/\\\/www.instagram.com\\\/maison.wabi.sabi\\\/?hl=fr\",\"https:\\\/\\\/www.linkedin.com\\\/company\\\/69088467\"]},{\"@type\":\"Person\",\"@id\":\"https:\\\/\\\/www.maisonwabisabi.com\\\/#\\\/schema\\\/person\\\/b2458bb9fa2737d1a11eabc63d3aabc9\",\"name\":\"Yann san\",\"sameAs\":[\"https:\\\/\\\/www.maisonwabisabi.com\",\"https:\\\/\\\/www.facebook.com\\\/MaisonWabiSabi\",\"https:\\\/\\\/www.instagram.com\\\/maison.wabi.sabi\\\/\"],\"url\":\"https:\\\/\\\/www.maisonwabisabi.com\\\/en\\\/author\\\/4729952\\\/\"}]}<\/script>\n<!-- \/ Yoast SEO plugin. -->","yoast_head_json":{"title":"Geert VAN DER BORGHT - Maison Wabi-Sabi - C\u00e9ramistes","description":"Geert VAN DER BORGHT est c\u00e9ramiste \u00e0 Noduwez, en Belgique. H\u00e2te de vous pr\u00e9senter ses cr\u00e9ations dans la boutique. C\u00e9ramique belge.","robots":{"index":"index","follow":"follow","max-snippet":"max-snippet:-1","max-image-preview":"max-image-preview:large","max-video-preview":"max-video-preview:-1"},"canonical":"https:\/\/www.maisonwabisabi.com\/en\/geert-van-der-borght\/","og_locale":"en_GB","og_type":"article","og_title":"Geert VAN DER BORGHT - Maison Wabi-Sabi - C\u00e9ramistes","og_description":"Geert VAN DER BORGHT est c\u00e9ramiste \u00e0 Noduwez, en Belgique. H\u00e2te de vous pr\u00e9senter ses cr\u00e9ations dans la boutique. C\u00e9ramique belge.","og_url":"https:\/\/www.maisonwabisabi.com\/en\/geert-van-der-borght\/","og_site_name":"Maison Wabi-Sabi","article_publisher":"https:\/\/www.facebook.com\/MaisonWabiSabi","article_author":"https:\/\/www.facebook.com\/MaisonWabiSabi","article_published_time":"2024-07-11T16:38:56+00:00","article_modified_time":"2025-09-22T16:38:50+00:00","og_image":[{"width":1024,"height":1024,"url":"https:\/\/www.maisonwabisabi.com\/wp-content\/uploads\/2024\/07\/Geert-VAN-DER-BORGHT-Portrait.jpg","type":"image\/jpeg"}],"author":"Yann san","twitter_card":"summary_large_image","twitter_misc":{"Written by":"Yann san","Estimated reading time":"7 minutes"},"schema":{"@context":"https:\/\/schema.org","@graph":[{"@type":"Article","@id":"https:\/\/www.maisonwabisabi.com\/geert-van-der-borght\/#article","isPartOf":{"@id":"https:\/\/www.maisonwabisabi.com\/geert-van-der-borght\/"},"author":{"name":"Yann san","@id":"https:\/\/www.maisonwabisabi.com\/#\/schema\/person\/b2458bb9fa2737d1a11eabc63d3aabc9"},"headline":"Rencontre avec Geert VAN DER BORGHT C\u00e9ramiste belge \u00e0 Noduwez","datePublished":"2024-07-11T16:38:56+00:00","dateModified":"2025-09-22T16:38:50+00:00","mainEntityOfPage":{"@id":"https:\/\/www.maisonwabisabi.com\/geert-van-der-borght\/"},"wordCount":1085,"publisher":{"@id":"https:\/\/www.maisonwabisabi.com\/#organization"},"image":{"@id":"https:\/\/www.maisonwabisabi.com\/geert-van-der-borght\/#primaryimage"},"thumbnailUrl":"https:\/\/www.maisonwabisabi.com\/wp-content\/uploads\/2024\/07\/Geert-VAN-DER-BORGHT-Portrait.jpg","keywords":["Art de la table en poterie","C\u00e9ramique artisanale","Cr\u00e9ations en poterie","Objets en c\u00e9ramique","Poterie artisanale","Poterie d'art","Poterie d\u00e9corative","Poterie faite main","Poterie unique"],"articleSection":["C\u00e9ramistes"],"inLanguage":"en-GB"},{"@type":"WebPage","@id":"https:\/\/www.maisonwabisabi.com\/geert-van-der-borght\/","url":"https:\/\/www.maisonwabisabi.com\/geert-van-der-borght\/","name":"Geert VAN DER BORGHT - Maison Wabi-Sabi - C\u00e9ramistes","isPartOf":{"@id":"https:\/\/www.maisonwabisabi.com\/#website"},"primaryImageOfPage":{"@id":"https:\/\/www.maisonwabisabi.com\/geert-van-der-borght\/#primaryimage"},"image":{"@id":"https:\/\/www.maisonwabisabi.com\/geert-van-der-borght\/#primaryimage"},"thumbnailUrl":"https:\/\/www.maisonwabisabi.com\/wp-content\/uploads\/2024\/07\/Geert-VAN-DER-BORGHT-Portrait.jpg","datePublished":"2024-07-11T16:38:56+00:00","dateModified":"2025-09-22T16:38:50+00:00","description":"Geert VAN DER BORGHT est c\u00e9ramiste \u00e0 Noduwez, en Belgique. H\u00e2te de vous pr\u00e9senter ses cr\u00e9ations dans la boutique. C\u00e9ramique belge.","breadcrumb":{"@id":"https:\/\/www.maisonwabisabi.com\/geert-van-der-borght\/#breadcrumb"},"inLanguage":"en-GB","potentialAction":[{"@type":"ReadAction","target":["https:\/\/www.maisonwabisabi.com\/geert-van-der-borght\/"]}]},{"@type":"ImageObject","inLanguage":"en-GB","@id":"https:\/\/www.maisonwabisabi.com\/geert-van-der-borght\/#primaryimage","url":"https:\/\/www.maisonwabisabi.com\/wp-content\/uploads\/2024\/07\/Geert-VAN-DER-BORGHT-Portrait.jpg","contentUrl":"https:\/\/www.maisonwabisabi.com\/wp-content\/uploads\/2024\/07\/Geert-VAN-DER-BORGHT-Portrait.jpg"},{"@type":"BreadcrumbList","@id":"https:\/\/www.maisonwabisabi.com\/geert-van-der-borght\/#breadcrumb","itemListElement":[{"@type":"ListItem","position":1,"name":"Bienvenue","item":"https:\/\/www.maisonwabisabi.com\/"},{"@type":"ListItem","position":2,"name":"Rencontre avec Geert VAN DER BORGHT C\u00e9ramiste belge \u00e0 Noduwez"}]},{"@type":"WebSite","@id":"https:\/\/www.maisonwabisabi.com\/#website","url":"https:\/\/www.maisonwabisabi.com\/","name":"Maison Wabi-Sabi","description":"","publisher":{"@id":"https:\/\/www.maisonwabisabi.com\/#organization"},"potentialAction":[{"@type":"SearchAction","target":{"@type":"EntryPoint","urlTemplate":"https:\/\/www.maisonwabisabi.com\/?s={search_term_string}"},"query-input":{"@type":"PropertyValueSpecification","valueRequired":true,"valueName":"search_term_string"}}],"inLanguage":"en-GB"},{"@type":"Organization","@id":"https:\/\/www.maisonwabisabi.com\/#organization","name":"Maison Wabi-Sabi","url":"https:\/\/www.maisonwabisabi.com\/","logo":{"@type":"ImageObject","inLanguage":"en-GB","@id":"https:\/\/www.maisonwabisabi.com\/#\/schema\/logo\/image\/","url":"https:\/\/www.maisonwabisabi.com\/wp-content\/uploads\/2021\/11\/Logo-de-maison-Wabi-Sabi.jpg","contentUrl":"https:\/\/www.maisonwabisabi.com\/wp-content\/uploads\/2021\/11\/Logo-de-maison-Wabi-Sabi.jpg","width":1024,"height":1024,"caption":"Maison Wabi-Sabi"},"image":{"@id":"https:\/\/www.maisonwabisabi.com\/#\/schema\/logo\/image\/"},"sameAs":["https:\/\/www.facebook.com\/MaisonWabiSabi","https:\/\/www.instagram.com\/maison.wabi.sabi\/?hl=fr","https:\/\/www.linkedin.com\/company\/69088467"]},{"@type":"Person","@id":"https:\/\/www.maisonwabisabi.com\/#\/schema\/person\/b2458bb9fa2737d1a11eabc63d3aabc9","name":"Yann san","sameAs":["https:\/\/www.maisonwabisabi.com","https:\/\/www.facebook.com\/MaisonWabiSabi","https:\/\/www.instagram.com\/maison.wabi.sabi\/"],"url":"https:\/\/www.maisonwabisabi.com\/en\/author\/4729952\/"}]}},"_links":{"self":[{"href":"https:\/\/www.maisonwabisabi.com\/en\/wp-json\/wp\/v2\/posts\/29765","targetHints":{"allow":["GET"]}}],"collection":[{"href":"https:\/\/www.maisonwabisabi.com\/en\/wp-json\/wp\/v2\/posts"}],"about":[{"href":"https:\/\/www.maisonwabisabi.com\/en\/wp-json\/wp\/v2\/types\/post"}],"author":[{"embeddable":true,"href":"https:\/\/www.maisonwabisabi.com\/en\/wp-json\/wp\/v2\/users\/1"}],"replies":[{"embeddable":true,"href":"https:\/\/www.maisonwabisabi.com\/en\/wp-json\/wp\/v2\/comments?post=29765"}],"version-history":[{"count":2,"href":"https:\/\/www.maisonwabisabi.com\/en\/wp-json\/wp\/v2\/posts\/29765\/revisions"}],"predecessor-version":[{"id":37371,"href":"https:\/\/www.maisonwabisabi.com\/en\/wp-json\/wp\/v2\/posts\/29765\/revisions\/37371"}],"wp:attachment":[{"href":"https:\/\/www.maisonwabisabi.com\/en\/wp-json\/wp\/v2\/media?parent=29765"}],"wp:term":[{"taxonomy":"category","embeddable":true,"href":"https:\/\/www.maisonwabisabi.com\/en\/wp-json\/wp\/v2\/categories?post=29765"},{"taxonomy":"post_tag","embeddable":true,"href":"https:\/\/www.maisonwabisabi.com\/en\/wp-json\/wp\/v2\/tags?post=29765"}],"curies":[{"name":"wp","href":"https:\/\/api.w.org\/{rel}","templated":true}]}}