{"id":25768,"date":"2024-02-20T23:06:09","date_gmt":"2024-02-20T22:06:09","guid":{"rendered":"https:\/\/www.maisonwabisabi.com\/?p=25768"},"modified":"2025-09-23T00:30:47","modified_gmt":"2025-09-22T22:30:47","slug":"anne-gesret","status":"publish","type":"post","link":"https:\/\/www.maisonwabisabi.com\/en\/anne-gesret\/","title":{"rendered":"Rencontre avec Anne GESRET C\u00e9ramiste fran\u00e7aise \u00e0 Paris"},"content":{"rendered":"<div style=\"height:20px\" aria-hidden=\"true\" class=\"wp-block-spacer\"><\/div>\n\n\n\n<div class=\"wp-block-media-text is-stacked-on-mobile\"><figure class=\"wp-block-media-text__media\"><img loading=\"lazy\" decoding=\"async\" width=\"1024\" height=\"1024\" src=\"https:\/\/www.maisonwabisabi.com\/wp-content\/uploads\/2024\/02\/Anne-GESRET-Portrait.jpg\" alt=\"Anne GESRET - Portrait\" class=\"wp-image-25751 size-full\" srcset=\"https:\/\/www.maisonwabisabi.com\/wp-content\/uploads\/2024\/02\/Anne-GESRET-Portrait.jpg 1024w, https:\/\/www.maisonwabisabi.com\/wp-content\/uploads\/2024\/02\/Anne-GESRET-Portrait-300x300.jpg 300w, https:\/\/www.maisonwabisabi.com\/wp-content\/uploads\/2024\/02\/Anne-GESRET-Portrait-150x150.jpg 150w, https:\/\/www.maisonwabisabi.com\/wp-content\/uploads\/2024\/02\/Anne-GESRET-Portrait-768x768.jpg 768w, https:\/\/www.maisonwabisabi.com\/wp-content\/uploads\/2024\/02\/Anne-GESRET-Portrait-600x600.jpg 600w, https:\/\/www.maisonwabisabi.com\/wp-content\/uploads\/2024\/02\/Anne-GESRET-Portrait-100x100.jpg 100w\" sizes=\"auto, (max-width: 1024px) 100vw, 1024px\" \/><\/figure><div class=\"wp-block-media-text__content\">\n<p><\/p>\n\n\n\n<h2 class=\"wp-block-heading has-black-color has-text-color\" style=\"font-size:21px\"><strong><mark style=\"background-color:rgba(0, 0, 0, 0);color:#7d4e2d\" class=\"has-inline-color\">Anne GESRET et<\/mark> <a href=\"https:\/\/www.maisonwabisabi.com\/en\/product-category\/ceramistes-de-france\/ceramiste-anne-gesret\/\" target=\"_blank\" rel=\"noreferrer noopener\">ses cr\u00e9ations<\/a><\/strong><\/h2>\n\n\n\n<p class=\"has-black-color has-text-color\" style=\"font-size:17px\">(1976-)<\/p>\n\n\n\n<p class=\"has-black-color has-text-color\" style=\"font-size:17px\">Ayant grandi en Seine-et-Marne, pr\u00e8s de la for\u00eat de Fontainebleau, ce n\u2019est pas un hasard si elle a install\u00e9 son atelier parisien au pied du quartier \u00ab\u00a0la Campagne \u00e0 Paris\u00a0\u00bb et l\u2019a nomm\u00e9 \u00ab\u00a0l\u2019atelier For\u00eat\u00a0\u00bb.<\/p>\n\n\n\n<p class=\"has-black-color has-text-color has-link-color wp-elements-d06f29254e1f5a8a7286db94571b49d9\" style=\"font-size:17px\">\u00ab\u00a0Je suis c\u00e9ramiste parce que je travaille la mati\u00e8re argile, mais je suis surtout poti\u00e8re&nbsp;: je cr\u00e9e des pots, formes famili\u00e8res qui ont un usage et qui font partie du quotidien. Ce mot, qu&rsquo;on peut trouver d\u00e9mod\u00e9, est le plus pr\u00e9cis selon moi. Il refl\u00e8te le mieux mon travail et j&rsquo;aime sa simplicit\u00e9.\u00a0\u00bb<\/p>\n\n\n\n<p class=\"has-black-color has-text-color has-link-color wp-elements-5ce0e39e54b89c73e388d04a79b26e4a\" style=\"font-size:17px\">\u00ab\u00a0J\u2019ai commenc\u00e9 \u00e0 faire de la poterie en cours du soir, en m&rsquo;installant \u00e0 Paris pour mes \u00e9tudes de litt\u00e9rature. J&rsquo;ai men\u00e9 ces deux apprentissages en parall\u00e8le et on peut dire que j&rsquo;ai \u00e9t\u00e9 pendant une vingtaine d&rsquo;ann\u00e9es une \u00ab\u00a0biblioth\u00e9caire-poti\u00e8re\u00a0\u00bb avant de me consacrer pleinement \u00e0 la c\u00e9ramique en 2023.\u00a0\u00bb<\/p>\n<\/div><\/div>\n\n\n\n<div class=\"wp-block-media-text has-media-on-the-right is-stacked-on-mobile\"><div class=\"wp-block-media-text__content\">\n<p><\/p>\n\n\n\n<p class=\"has-black-color has-text-color\" style=\"font-size:17px\">\u00ab\u00a0Mes d\u00e9buts \u00e0 l\u2019atelier Mire, aujourd\u2019hui <a href=\"https:\/\/www.ceramique-paris.fr\/\" target=\"_blank\" rel=\"noreferrer noopener\"><mark style=\"background-color:rgba(0, 0, 0, 0);color:#8d9a83\" class=\"has-inline-color\">C\u00e9ramique-Paris<\/mark><\/a>, m\u2019ont sensibilis\u00e9e \u00e0 l\u2019artisanat et j\u2019y ai acquis les techniques de tournage, en commen\u00e7ant d&rsquo;une mani\u00e8re tr\u00e8s traditionnelle, sur tour \u00e0 pied. Aupr\u00e8s d\u2019<a href=\"https:\/\/www.maisonwabisabi.com\/en\/annie-metzger\/\" target=\"_blank\" rel=\"noreferrer noopener\"><mark style=\"background-color:rgba(0, 0, 0, 0);color:#8d9a83\" class=\"has-inline-color\">Annie Metzger<\/mark><\/a>, \u00e0 l\u2019Atelier Terre de Lune, j\u2019ai d\u00e9couvert des techniques et une inspiration venues du Japon, dont le tournage \u00e0 la motte et la conception des th\u00e9i\u00e8res. La pr\u00e9paration du CAP de tournage en compagnie de <a href=\"https:\/\/www.scalabre-mercier.studio\/gr%C3%A9goire-scalabre\" target=\"_blank\" rel=\"noreferrer noopener\"><mark style=\"background-color:rgba(0, 0, 0, 0);color:#8d9a83\" class=\"has-inline-color\">Gr\u00e9goire SCALABRE<\/mark><\/a> et <a href=\"https:\/\/www.christophe-bonnard-ceramique.com\/\" target=\"_blank\" rel=\"noreferrer noopener\"><mark style=\"background-color:rgba(0, 0, 0, 0);color:#8d9a83\" class=\"has-inline-color\">Christophe BONNARD<\/mark><\/a> a renforc\u00e9 mon go\u00fbt pour le travail au tour et m\u2019a initi\u00e9e \u00e0 la recherche d\u2019\u00e9maux. La fr\u00e9quentation des poti\u00e8res, potiers (et des livres) continue de m\u2019apprendre tous les jours.\u00a0\u00bb<\/p>\n\n\n\n<p class=\"has-black-color has-text-color\" style=\"font-size:17px\">\u00ab\u00a0Je cherche \u00e0 fa\u00e7onner des pi\u00e8ces discr\u00e8tement belles et utiles, qui s&rsquo;installent dans le quotidien mais que l&rsquo;on se surprend \u00e0 admirer, et qui ne se d\u00e9modent pas. Je suis attach\u00e9e \u00e0 l\u2019ad\u00e9quation entre forme et fonction, d\u2019o\u00f9 surgit une certaine beaut\u00e9 selon moi. Mes bols, th\u00e9i\u00e8res et autres contenants sont en g\u00e9n\u00e9ral fins et l\u00e9gers, les formes et courbes sont travaill\u00e9es et les \u00e9maux privil\u00e9gient la douceur au toucher et au regard, dans des tons naturels.\u00a0\u00bb<\/p>\n<\/div><figure class=\"wp-block-media-text__media\"><img loading=\"lazy\" decoding=\"async\" width=\"1024\" height=\"1024\" src=\"https:\/\/www.maisonwabisabi.com\/wp-content\/uploads\/2024\/02\/Anne-GESRET-Atelier.jpg\" alt=\"Anne GESRET - Atelier\" class=\"wp-image-25749 size-full\" srcset=\"https:\/\/www.maisonwabisabi.com\/wp-content\/uploads\/2024\/02\/Anne-GESRET-Atelier.jpg 1024w, https:\/\/www.maisonwabisabi.com\/wp-content\/uploads\/2024\/02\/Anne-GESRET-Atelier-300x300.jpg 300w, https:\/\/www.maisonwabisabi.com\/wp-content\/uploads\/2024\/02\/Anne-GESRET-Atelier-150x150.jpg 150w, https:\/\/www.maisonwabisabi.com\/wp-content\/uploads\/2024\/02\/Anne-GESRET-Atelier-768x768.jpg 768w, https:\/\/www.maisonwabisabi.com\/wp-content\/uploads\/2024\/02\/Anne-GESRET-Atelier-600x600.jpg 600w, https:\/\/www.maisonwabisabi.com\/wp-content\/uploads\/2024\/02\/Anne-GESRET-Atelier-100x100.jpg 100w\" sizes=\"auto, (max-width: 1024px) 100vw, 1024px\" \/><\/figure><\/div>\n\n\n\n<div class=\"wp-block-media-text is-stacked-on-mobile\"><figure class=\"wp-block-media-text__media\"><img loading=\"lazy\" decoding=\"async\" width=\"1024\" height=\"1024\" src=\"https:\/\/www.maisonwabisabi.com\/wp-content\/uploads\/2024\/02\/Anne-GESRET-Tour-a-la-motte.jpg\" alt=\"Anne GESRET - Tour \u00e0 la motte\" class=\"wp-image-25752 size-full\" srcset=\"https:\/\/www.maisonwabisabi.com\/wp-content\/uploads\/2024\/02\/Anne-GESRET-Tour-a-la-motte.jpg 1024w, https:\/\/www.maisonwabisabi.com\/wp-content\/uploads\/2024\/02\/Anne-GESRET-Tour-a-la-motte-300x300.jpg 300w, https:\/\/www.maisonwabisabi.com\/wp-content\/uploads\/2024\/02\/Anne-GESRET-Tour-a-la-motte-150x150.jpg 150w, https:\/\/www.maisonwabisabi.com\/wp-content\/uploads\/2024\/02\/Anne-GESRET-Tour-a-la-motte-768x768.jpg 768w, https:\/\/www.maisonwabisabi.com\/wp-content\/uploads\/2024\/02\/Anne-GESRET-Tour-a-la-motte-600x600.jpg 600w, https:\/\/www.maisonwabisabi.com\/wp-content\/uploads\/2024\/02\/Anne-GESRET-Tour-a-la-motte-100x100.jpg 100w\" sizes=\"auto, (max-width: 1024px) 100vw, 1024px\" \/><\/figure><div class=\"wp-block-media-text__content\">\n<p><\/p>\n\n\n\n<p class=\"has-black-color has-text-color\" style=\"font-size:17px\">\u00ab\u00a0La simplicit\u00e9 des formes anciennes et domestiques, une couleur remarqu\u00e9e dans la nature ou dans une oeuvre d\u2019art, l\u2019\u00e9motion d\u2019un moment, d\u2019une rencontre, ou les saveurs d\u2019un plat magnifi\u00e9es par son contenant, voil\u00e0 ce qui m\u2019inspire.\u00a0\u00bb<\/p>\n\n\n\n<p class=\"has-black-color has-text-color has-link-color wp-elements-7c78a87346a6167e8ef26a36aad4e541\" style=\"font-size:17px\">\u00ab\u00a0S&rsquo;il fallait citer quelques c\u00e9ramistes que j&rsquo;admire aujourd&rsquo;hui, je nommerais <a href=\"https:\/\/ehc.art\/artists\/gwyn-hanssen-pigott\/\" target=\"_blank\" rel=\"noreferrer noopener\"><mark style=\"background-color:rgba(0, 0, 0, 0);color:#8d9a83\" class=\"has-inline-color\">Gwyn HANSSEN PIGOTT<\/mark><\/a>, c\u00e9ramiste australienne inspir\u00e9e par les c\u00e9ramiques chinoises et les natures mortes de Morandi, <a href=\"https:\/\/www.puckergallery.com\/tatsuzo-shimaoka\" target=\"_blank\" rel=\"noreferrer noopener\"><mark style=\"background-color:rgba(0, 0, 0, 0);color:#8d9a83\" class=\"has-inline-color\">Tatsuz\u014d SHIMAOKA \u5cf6\u5ca1 \u9054\u4e09<\/mark><\/a> (tr\u00e9sor national vivant) et ancien \u00e9l\u00e8ve de <a href=\"https:\/\/www.nippon.com\/fr\/japan-topics\/g01006\/\" target=\"_blank\" rel=\"noreferrer noopener\"><mark style=\"background-color:rgba(0, 0, 0, 0);color:#8d9a83\" class=\"has-inline-color\">Sh\u014dji HAMADA \u6ff1\u7530\u5e84\u53f8<\/mark><\/a> (fondateur du mouvement Mingei), mais aussi des c\u00e9ramistes contemporains comme Taro TABUCHI \u7530\u6df5\u592a\u90ce et ses porcelaines cuites au bois, Chie KOBAYASHI \u5c0f\u6797 \u5343\u6075 pour l&rsquo;\u00e9motion surgie de ses porcelaines, <a href=\"https:\/\/galerie-ancienne-poste.com\/portfolio-item\/erna-aaltonen\/\" target=\"_blank\" rel=\"noreferrer noopener\"><mark style=\"background-color:rgba(0, 0, 0, 0);color:#8d9a83\" class=\"has-inline-color\">Erna AALTONEN<\/mark><\/a> et ses surfaces et couleurs subtiles ou le travail expressif de <a href=\"https:\/\/philippedubuc.art\/fr\" target=\"_blank\" rel=\"noreferrer noopener\"><mark style=\"background-color:rgba(0, 0, 0, 0);color:#8d9a83\" class=\"has-inline-color\">Philipe DUBUC<\/mark><\/a>.\u00a0\u00bb<\/p>\n\n\n\n<p class=\"has-black-color has-text-color\" style=\"font-size:17px\">\u00ab\u00a0Je cuis en four \u00e9lectrique, parce qu\u2019on obtient de tr\u00e8s bons r\u00e9sultats avec ce type de mat\u00e9riel, facile \u00e0 utiliser et \u00e0 installer dans un atelier urbain. La cuisson haute temp\u00e9rature finale dure entre 8 et 9 heures, suivie d&rsquo;un refroidissement d&rsquo;environ 24 heures.<\/p>\n<\/div><\/div>\n\n\n\n<div class=\"wp-block-media-text has-media-on-the-right is-stacked-on-mobile\"><div class=\"wp-block-media-text__content\">\n<p><\/p>\n\n\n\n<p class=\"has-black-color has-text-color\" style=\"font-size:17px\">\u00ab\u00a0Chaque ouverture de four est une surprise, m\u00eame avec des \u00e9maux stables et des cuissons ma\u00eetris\u00e9es. Je vais m&rsquo;\u00e9merveiller d&rsquo;un bleu particuli\u00e8rement profond, de la douceur d&rsquo;un bol ou de l&rsquo;effet inattendu d&rsquo;une superposition.<br>Et malgr\u00e9 la ma\u00eetrise du processus, on rencontre toujours quelques d\u00e9ceptions lors de la cuisson finale haute temp\u00e9rature.\u00a0\u00bb<\/p>\n\n\n\n<p class=\"has-black-color has-text-color has-link-color wp-elements-a0cc0e91e8fe9e07cf99ee1c06ac2015\" style=\"font-size:17px\">\u00ab\u00a0Je fabrique moi-m\u00eame les \u00e9maux, que je travaille non seulement pour leur couleur et leur aspect, mais aussi pour leur qualit\u00e9 tactile&nbsp;: doux au toucher, agr\u00e9ables \u00e0 manipuler. Je recherche des couleurs naturelles et porteuses d\u2019\u00e9motion, vert tendre et blanc satin\u00e9, bleu ou brun changeant, en \u00e9cho avec les caract\u00e9ristiques d\u2019une terre lisse et blanche ou bien brute et naturellement color\u00e9e.\u00a0\u00bb<\/p>\n\n\n\n<p class=\"has-black-color has-text-color has-link-color wp-elements-51e419c72576eb9940f9b27ad9a7ed19\" style=\"font-size:17px\">\u00ab\u00a0Transmettre les savoir-faire, et surtout permettre \u00e0 chacune et chacun de d\u00e9couvrir son propre potentiel et le plaisir de cr\u00e9er, est important pour moi. Pour accompagner la d\u00e9couverte du mat\u00e9riau argile et mener \u00e0 bien des projets individuels, je propose des ateliers de d\u00e9couverte et d&rsquo;approfondissement, ainsi que des stages th\u00e9matiques autour d&rsquo;une forme ou d&rsquo;une technique.\u00a0\u00bb<\/p>\n<\/div><figure class=\"wp-block-media-text__media\"><img loading=\"lazy\" decoding=\"async\" width=\"1024\" height=\"1024\" src=\"https:\/\/www.maisonwabisabi.com\/wp-content\/uploads\/2024\/03\/H24AnnGESRFROKA12-Set.jpg\" alt=\"Porte-encens - Anne GESRET\" class=\"wp-image-26330 size-full\" srcset=\"https:\/\/www.maisonwabisabi.com\/wp-content\/uploads\/2024\/03\/H24AnnGESRFROKA12-Set.jpg 1024w, https:\/\/www.maisonwabisabi.com\/wp-content\/uploads\/2024\/03\/H24AnnGESRFROKA12-Set-300x300.jpg 300w, https:\/\/www.maisonwabisabi.com\/wp-content\/uploads\/2024\/03\/H24AnnGESRFROKA12-Set-150x150.jpg 150w, https:\/\/www.maisonwabisabi.com\/wp-content\/uploads\/2024\/03\/H24AnnGESRFROKA12-Set-768x768.jpg 768w, https:\/\/www.maisonwabisabi.com\/wp-content\/uploads\/2024\/03\/H24AnnGESRFROKA12-Set-600x600.jpg 600w, https:\/\/www.maisonwabisabi.com\/wp-content\/uploads\/2024\/03\/H24AnnGESRFROKA12-Set-100x100.jpg 100w\" sizes=\"auto, (max-width: 1024px) 100vw, 1024px\" \/><\/figure><\/div>\n\n\n\n<div class=\"wp-block-media-text is-stacked-on-mobile\"><figure class=\"wp-block-media-text__media\"><img loading=\"lazy\" decoding=\"async\" width=\"1024\" height=\"1024\" src=\"https:\/\/www.maisonwabisabi.com\/wp-content\/uploads\/2024\/02\/Anne-GESRET-Biscuit-Four-electrique.jpg\" alt=\"Anne GESRET - Biscuit Four \u00e9lectrique\" class=\"wp-image-25750 size-full\" srcset=\"https:\/\/www.maisonwabisabi.com\/wp-content\/uploads\/2024\/02\/Anne-GESRET-Biscuit-Four-electrique.jpg 1024w, https:\/\/www.maisonwabisabi.com\/wp-content\/uploads\/2024\/02\/Anne-GESRET-Biscuit-Four-electrique-300x300.jpg 300w, https:\/\/www.maisonwabisabi.com\/wp-content\/uploads\/2024\/02\/Anne-GESRET-Biscuit-Four-electrique-150x150.jpg 150w, https:\/\/www.maisonwabisabi.com\/wp-content\/uploads\/2024\/02\/Anne-GESRET-Biscuit-Four-electrique-768x768.jpg 768w, https:\/\/www.maisonwabisabi.com\/wp-content\/uploads\/2024\/02\/Anne-GESRET-Biscuit-Four-electrique-600x600.jpg 600w, https:\/\/www.maisonwabisabi.com\/wp-content\/uploads\/2024\/02\/Anne-GESRET-Biscuit-Four-electrique-100x100.jpg 100w\" sizes=\"auto, (max-width: 1024px) 100vw, 1024px\" \/><\/figure><div class=\"wp-block-media-text__content\">\n<p><\/p>\n\n\n\n<h3 class=\"wp-block-heading has-black-color has-text-color has-link-color wp-elements-e6efd7f07b7e65f441ae86a831111d4b\" style=\"font-size:17px\"><strong><mark style=\"background-color:rgba(0, 0, 0, 0);color:#7d4e2d\" class=\"has-inline-color\">Anne GESRET en 5 dates importantes :<\/mark><\/strong><\/h3>\n\n\n\n<p class=\"has-black-color has-text-color has-link-color wp-elements-9366f9798dcb719f921ee0e4e0d00738\" style=\"font-size:17px\">1996 : Premi\u00e8re fois sur un tour \u00e0 pied \u00e0 l\u2019Atelier Mire, Paris.<\/p>\n\n\n\n<p class=\"has-black-color has-text-color has-link-color wp-elements-2eacefef2e4299f3136dabb3b28017d3\" style=\"font-size:17px\">2001 : Premi\u00e8res ventes priv\u00e9es lors d\u2019un \u00ab\u00a0go\u00fbter-potier\u00a0\u00bb.<\/p>\n\n\n\n<p class=\"has-black-color has-text-color has-link-color wp-elements-ef20402aac8df76ebc2d4d7b3424cab4\" style=\"font-size:17px\">2007 : Premier voyage au Japon, \u00ab&nbsp;Ceramic Tour&nbsp;\u00bb organis\u00e9 par Kayoko Hayasaki&nbsp;: d\u00e9couverte des ateliers japonais et de la place de la c\u00e9ramique dans le quotidien.<\/p>\n\n\n\n<p class=\"has-black-color has-text-color has-link-color wp-elements-9d7c4e64b7855c8c582ebeeb56595e25\" style=\"font-size:17px\">2012 : CAP de tournage c\u00e9ramique, mais aussi apprentissage de la recherche d&rsquo;\u00e9maux et du moulage pl\u00e2tre.<\/p>\n\n\n\n<p class=\"has-black-color has-text-color has-link-color wp-elements-529145c08d64cb165ec02afd0e51c469\" style=\"font-size:17px\">2023 : Installation de l\u2019atelier For\u00eat \u00e0 Paris.<\/p>\n\n\n\n<p class=\"has-black-color has-text-color has-link-color wp-elements-2d23b306330dd032d639471ccf6bc5ea\" style=\"font-size:17px\">\u00ab\u00a0C\u2019est l\u2019immense plaisir de travailler la mati\u00e8re qui est au coeur de ma relation \u00e0 la c\u00e9ramique. Il fait le lien entre la main et l\u2019esprit et j\u2019aime particuli\u00e8rement les moments o\u00f9 les gestes\u00a0s\u2019encha\u00eenent instinctivement, faisant totalement oublier la technique.\u00a0\u00bb<\/p>\n<\/div><\/div>\n\n\n\n<div style=\"height:20px\" aria-hidden=\"true\" class=\"wp-block-spacer\"><\/div>\n\n\n\n<p class=\"has-text-align-center has-black-color has-text-color\" style=\"font-size:15px\">Source des photos et des textes : Anne GESRET et Yann san<\/p>\n\n\n\n<div style=\"height:100px\" aria-hidden=\"true\" class=\"wp-block-spacer\"><\/div>","protected":false},"excerpt":{"rendered":"<p>Anne GESRET et ses cr\u00e9ations (1976-) Ayant grandi en Seine-et-Marne, pr\u00e8s de la for\u00eat de Fontainebleau, ce n\u2019est pas un [&hellip;]<\/p>\n","protected":false},"author":1,"featured_media":0,"comment_status":"closed","ping_status":"closed","sticky":false,"template":"","format":"standard","meta":{"site-sidebar-layout":"default","site-content-layout":"","ast-site-content-layout":"default","site-content-style":"default","site-sidebar-style":"default","ast-global-header-display":"","ast-banner-title-visibility":"","ast-main-header-display":"","ast-hfb-above-header-display":"","ast-hfb-below-header-display":"","ast-hfb-mobile-header-display":"","site-post-title":"disabled","ast-breadcrumbs-content":"","ast-featured-img":"","footer-sml-layout":"","ast-disable-related-posts":"","theme-transparent-header-meta":"","adv-header-id-meta":"","stick-header-meta":"","header-above-stick-meta":"","header-main-stick-meta":"","header-below-stick-meta":"","astra-migrate-meta-layouts":"default","ast-page-background-enabled":"default","ast-page-background-meta":{"desktop":{"background-color":"var(--ast-global-color-5)","background-image":"","background-repeat":"repeat","background-position":"center center","background-size":"auto","background-attachment":"scroll","background-type":"","background-media":"","overlay-type":"","overlay-color":"","overlay-opacity":"","overlay-gradient":""},"tablet":{"background-color":"","background-image":"","background-repeat":"repeat","background-position":"center center","background-size":"auto","background-attachment":"scroll","background-type":"","background-media":"","overlay-type":"","overlay-color":"","overlay-opacity":"","overlay-gradient":""},"mobile":{"background-color":"","background-image":"","background-repeat":"repeat","background-position":"center center","background-size":"auto","background-attachment":"scroll","background-type":"","background-media":"","overlay-type":"","overlay-color":"","overlay-opacity":"","overlay-gradient":""}},"ast-content-background-meta":{"desktop":{"background-color":"var(--ast-global-color-4)","background-image":"","background-repeat":"repeat","background-position":"center center","background-size":"auto","background-attachment":"scroll","background-type":"","background-media":"","overlay-type":"","overlay-color":"","overlay-opacity":"","overlay-gradient":""},"tablet":{"background-color":"var(--ast-global-color-4)","background-image":"","background-repeat":"repeat","background-position":"center center","background-size":"auto","background-attachment":"scroll","background-type":"","background-media":"","overlay-type":"","overlay-color":"","overlay-opacity":"","overlay-gradient":""},"mobile":{"background-color":"var(--ast-global-color-4)","background-image":"","background-repeat":"repeat","background-position":"center center","background-size":"auto","background-attachment":"scroll","background-type":"","background-media":"","overlay-type":"","overlay-color":"","overlay-opacity":"","overlay-gradient":""}},"footnotes":""},"categories":[76],"tags":[],"class_list":["post-25768","post","type-post","status-publish","format-standard","hentry","category-ceramistes"],"yoast_head":"<!-- This site is optimized with the Yoast SEO plugin v27.5 - https:\/\/yoast.com\/product\/yoast-seo-wordpress\/ -->\n<title>Anne GESRET - Maison Wabi-Sabi - C\u00e9ramistes<\/title>\n<meta name=\"description\" content=\"Anne GESRET est \u00e0 Paris, d\u00e9partement de Paris, \u00cele de France. H\u00e2te de vous pr\u00e9senter ses cr\u00e9ations dans la boutique. C\u00e9ramique fran\u00e7aise.\" \/>\n<meta name=\"robots\" content=\"index, follow, max-snippet:-1, max-image-preview:large, max-video-preview:-1\" \/>\n<link rel=\"canonical\" href=\"https:\/\/www.maisonwabisabi.com\/en\/anne-gesret\/\" \/>\n<meta property=\"og:locale\" content=\"en_GB\" \/>\n<meta property=\"og:type\" content=\"article\" \/>\n<meta property=\"og:title\" content=\"Anne GESRET - Maison Wabi-Sabi - C\u00e9ramistes\" \/>\n<meta property=\"og:description\" content=\"Anne GESRET est \u00e0 Paris, d\u00e9partement de Paris, \u00cele de France. H\u00e2te de vous pr\u00e9senter ses cr\u00e9ations dans la boutique. C\u00e9ramique fran\u00e7aise.\" \/>\n<meta property=\"og:url\" content=\"https:\/\/www.maisonwabisabi.com\/en\/anne-gesret\/\" \/>\n<meta property=\"og:site_name\" content=\"Maison Wabi-Sabi\" \/>\n<meta property=\"article:publisher\" content=\"https:\/\/www.facebook.com\/MaisonWabiSabi\" \/>\n<meta property=\"article:author\" content=\"https:\/\/www.facebook.com\/MaisonWabiSabi\" \/>\n<meta property=\"article:published_time\" content=\"2024-02-20T22:06:09+00:00\" \/>\n<meta property=\"article:modified_time\" content=\"2025-09-22T22:30:47+00:00\" \/>\n<meta property=\"og:image\" content=\"https:\/\/www.maisonwabisabi.com\/wp-content\/uploads\/2024\/02\/Anne-GESRET-Portrait.jpg\" \/>\n\t<meta property=\"og:image:width\" content=\"1024\" \/>\n\t<meta property=\"og:image:height\" content=\"1024\" \/>\n\t<meta property=\"og:image:type\" content=\"image\/jpeg\" \/>\n<meta name=\"author\" content=\"Yann san\" \/>\n<meta name=\"twitter:card\" content=\"summary_large_image\" \/>\n<meta name=\"twitter:label1\" content=\"Written by\" \/>\n\t<meta name=\"twitter:data1\" content=\"Yann san\" \/>\n\t<meta name=\"twitter:label2\" content=\"Estimated reading time\" \/>\n\t<meta name=\"twitter:data2\" content=\"6 minutes\" \/>\n<script type=\"application\/ld+json\" class=\"yoast-schema-graph\">{\"@context\":\"https:\\\/\\\/schema.org\",\"@graph\":[{\"@type\":\"Article\",\"@id\":\"https:\\\/\\\/www.maisonwabisabi.com\\\/anne-gesret\\\/#article\",\"isPartOf\":{\"@id\":\"https:\\\/\\\/www.maisonwabisabi.com\\\/anne-gesret\\\/\"},\"author\":{\"name\":\"Yann san\",\"@id\":\"https:\\\/\\\/www.maisonwabisabi.com\\\/#\\\/schema\\\/person\\\/b2458bb9fa2737d1a11eabc63d3aabc9\"},\"headline\":\"Rencontre avec Anne GESRET C\u00e9ramiste fran\u00e7aise \u00e0 Paris\",\"datePublished\":\"2024-02-20T22:06:09+00:00\",\"dateModified\":\"2025-09-22T22:30:47+00:00\",\"mainEntityOfPage\":{\"@id\":\"https:\\\/\\\/www.maisonwabisabi.com\\\/anne-gesret\\\/\"},\"wordCount\":907,\"publisher\":{\"@id\":\"https:\\\/\\\/www.maisonwabisabi.com\\\/#organization\"},\"image\":{\"@id\":\"https:\\\/\\\/www.maisonwabisabi.com\\\/anne-gesret\\\/#primaryimage\"},\"thumbnailUrl\":\"https:\\\/\\\/www.maisonwabisabi.com\\\/wp-content\\\/uploads\\\/2024\\\/02\\\/Anne-GESRET-Portrait.jpg\",\"articleSection\":[\"C\u00e9ramistes\"],\"inLanguage\":\"en-GB\"},{\"@type\":\"WebPage\",\"@id\":\"https:\\\/\\\/www.maisonwabisabi.com\\\/anne-gesret\\\/\",\"url\":\"https:\\\/\\\/www.maisonwabisabi.com\\\/anne-gesret\\\/\",\"name\":\"Anne GESRET - Maison Wabi-Sabi - C\u00e9ramistes\",\"isPartOf\":{\"@id\":\"https:\\\/\\\/www.maisonwabisabi.com\\\/#website\"},\"primaryImageOfPage\":{\"@id\":\"https:\\\/\\\/www.maisonwabisabi.com\\\/anne-gesret\\\/#primaryimage\"},\"image\":{\"@id\":\"https:\\\/\\\/www.maisonwabisabi.com\\\/anne-gesret\\\/#primaryimage\"},\"thumbnailUrl\":\"https:\\\/\\\/www.maisonwabisabi.com\\\/wp-content\\\/uploads\\\/2024\\\/02\\\/Anne-GESRET-Portrait.jpg\",\"datePublished\":\"2024-02-20T22:06:09+00:00\",\"dateModified\":\"2025-09-22T22:30:47+00:00\",\"description\":\"Anne GESRET est \u00e0 Paris, d\u00e9partement de Paris, \u00cele de France. H\u00e2te de vous pr\u00e9senter ses cr\u00e9ations dans la boutique. C\u00e9ramique fran\u00e7aise.\",\"breadcrumb\":{\"@id\":\"https:\\\/\\\/www.maisonwabisabi.com\\\/anne-gesret\\\/#breadcrumb\"},\"inLanguage\":\"en-GB\",\"potentialAction\":[{\"@type\":\"ReadAction\",\"target\":[\"https:\\\/\\\/www.maisonwabisabi.com\\\/anne-gesret\\\/\"]}]},{\"@type\":\"ImageObject\",\"inLanguage\":\"en-GB\",\"@id\":\"https:\\\/\\\/www.maisonwabisabi.com\\\/anne-gesret\\\/#primaryimage\",\"url\":\"https:\\\/\\\/www.maisonwabisabi.com\\\/wp-content\\\/uploads\\\/2024\\\/02\\\/Anne-GESRET-Portrait.jpg\",\"contentUrl\":\"https:\\\/\\\/www.maisonwabisabi.com\\\/wp-content\\\/uploads\\\/2024\\\/02\\\/Anne-GESRET-Portrait.jpg\"},{\"@type\":\"BreadcrumbList\",\"@id\":\"https:\\\/\\\/www.maisonwabisabi.com\\\/anne-gesret\\\/#breadcrumb\",\"itemListElement\":[{\"@type\":\"ListItem\",\"position\":1,\"name\":\"Bienvenue\",\"item\":\"https:\\\/\\\/www.maisonwabisabi.com\\\/\"},{\"@type\":\"ListItem\",\"position\":2,\"name\":\"Rencontre avec Anne GESRET C\u00e9ramiste fran\u00e7aise \u00e0 Paris\"}]},{\"@type\":\"WebSite\",\"@id\":\"https:\\\/\\\/www.maisonwabisabi.com\\\/#website\",\"url\":\"https:\\\/\\\/www.maisonwabisabi.com\\\/\",\"name\":\"Maison Wabi-Sabi\",\"description\":\"\",\"publisher\":{\"@id\":\"https:\\\/\\\/www.maisonwabisabi.com\\\/#organization\"},\"potentialAction\":[{\"@type\":\"SearchAction\",\"target\":{\"@type\":\"EntryPoint\",\"urlTemplate\":\"https:\\\/\\\/www.maisonwabisabi.com\\\/?s={search_term_string}\"},\"query-input\":{\"@type\":\"PropertyValueSpecification\",\"valueRequired\":true,\"valueName\":\"search_term_string\"}}],\"inLanguage\":\"en-GB\"},{\"@type\":\"Organization\",\"@id\":\"https:\\\/\\\/www.maisonwabisabi.com\\\/#organization\",\"name\":\"Maison Wabi-Sabi\",\"url\":\"https:\\\/\\\/www.maisonwabisabi.com\\\/\",\"logo\":{\"@type\":\"ImageObject\",\"inLanguage\":\"en-GB\",\"@id\":\"https:\\\/\\\/www.maisonwabisabi.com\\\/#\\\/schema\\\/logo\\\/image\\\/\",\"url\":\"https:\\\/\\\/www.maisonwabisabi.com\\\/wp-content\\\/uploads\\\/2021\\\/11\\\/Logo-de-maison-Wabi-Sabi.jpg\",\"contentUrl\":\"https:\\\/\\\/www.maisonwabisabi.com\\\/wp-content\\\/uploads\\\/2021\\\/11\\\/Logo-de-maison-Wabi-Sabi.jpg\",\"width\":1024,\"height\":1024,\"caption\":\"Maison Wabi-Sabi\"},\"image\":{\"@id\":\"https:\\\/\\\/www.maisonwabisabi.com\\\/#\\\/schema\\\/logo\\\/image\\\/\"},\"sameAs\":[\"https:\\\/\\\/www.facebook.com\\\/MaisonWabiSabi\",\"https:\\\/\\\/www.instagram.com\\\/maison.wabi.sabi\\\/?hl=fr\",\"https:\\\/\\\/www.linkedin.com\\\/company\\\/69088467\"]},{\"@type\":\"Person\",\"@id\":\"https:\\\/\\\/www.maisonwabisabi.com\\\/#\\\/schema\\\/person\\\/b2458bb9fa2737d1a11eabc63d3aabc9\",\"name\":\"Yann san\",\"sameAs\":[\"https:\\\/\\\/www.maisonwabisabi.com\",\"https:\\\/\\\/www.facebook.com\\\/MaisonWabiSabi\",\"https:\\\/\\\/www.instagram.com\\\/maison.wabi.sabi\\\/\"],\"url\":\"https:\\\/\\\/www.maisonwabisabi.com\\\/en\\\/author\\\/4729952\\\/\"}]}<\/script>\n<!-- \/ Yoast SEO plugin. -->","yoast_head_json":{"title":"Anne GESRET - Maison Wabi-Sabi - C\u00e9ramistes","description":"Anne GESRET est \u00e0 Paris, d\u00e9partement de Paris, \u00cele de France. H\u00e2te de vous pr\u00e9senter ses cr\u00e9ations dans la boutique. C\u00e9ramique fran\u00e7aise.","robots":{"index":"index","follow":"follow","max-snippet":"max-snippet:-1","max-image-preview":"max-image-preview:large","max-video-preview":"max-video-preview:-1"},"canonical":"https:\/\/www.maisonwabisabi.com\/en\/anne-gesret\/","og_locale":"en_GB","og_type":"article","og_title":"Anne GESRET - Maison Wabi-Sabi - C\u00e9ramistes","og_description":"Anne GESRET est \u00e0 Paris, d\u00e9partement de Paris, \u00cele de France. H\u00e2te de vous pr\u00e9senter ses cr\u00e9ations dans la boutique. C\u00e9ramique fran\u00e7aise.","og_url":"https:\/\/www.maisonwabisabi.com\/en\/anne-gesret\/","og_site_name":"Maison Wabi-Sabi","article_publisher":"https:\/\/www.facebook.com\/MaisonWabiSabi","article_author":"https:\/\/www.facebook.com\/MaisonWabiSabi","article_published_time":"2024-02-20T22:06:09+00:00","article_modified_time":"2025-09-22T22:30:47+00:00","og_image":[{"width":1024,"height":1024,"url":"https:\/\/www.maisonwabisabi.com\/wp-content\/uploads\/2024\/02\/Anne-GESRET-Portrait.jpg","type":"image\/jpeg"}],"author":"Yann san","twitter_card":"summary_large_image","twitter_misc":{"Written by":"Yann san","Estimated reading time":"6 minutes"},"schema":{"@context":"https:\/\/schema.org","@graph":[{"@type":"Article","@id":"https:\/\/www.maisonwabisabi.com\/anne-gesret\/#article","isPartOf":{"@id":"https:\/\/www.maisonwabisabi.com\/anne-gesret\/"},"author":{"name":"Yann san","@id":"https:\/\/www.maisonwabisabi.com\/#\/schema\/person\/b2458bb9fa2737d1a11eabc63d3aabc9"},"headline":"Rencontre avec Anne GESRET C\u00e9ramiste fran\u00e7aise \u00e0 Paris","datePublished":"2024-02-20T22:06:09+00:00","dateModified":"2025-09-22T22:30:47+00:00","mainEntityOfPage":{"@id":"https:\/\/www.maisonwabisabi.com\/anne-gesret\/"},"wordCount":907,"publisher":{"@id":"https:\/\/www.maisonwabisabi.com\/#organization"},"image":{"@id":"https:\/\/www.maisonwabisabi.com\/anne-gesret\/#primaryimage"},"thumbnailUrl":"https:\/\/www.maisonwabisabi.com\/wp-content\/uploads\/2024\/02\/Anne-GESRET-Portrait.jpg","articleSection":["C\u00e9ramistes"],"inLanguage":"en-GB"},{"@type":"WebPage","@id":"https:\/\/www.maisonwabisabi.com\/anne-gesret\/","url":"https:\/\/www.maisonwabisabi.com\/anne-gesret\/","name":"Anne GESRET - Maison Wabi-Sabi - C\u00e9ramistes","isPartOf":{"@id":"https:\/\/www.maisonwabisabi.com\/#website"},"primaryImageOfPage":{"@id":"https:\/\/www.maisonwabisabi.com\/anne-gesret\/#primaryimage"},"image":{"@id":"https:\/\/www.maisonwabisabi.com\/anne-gesret\/#primaryimage"},"thumbnailUrl":"https:\/\/www.maisonwabisabi.com\/wp-content\/uploads\/2024\/02\/Anne-GESRET-Portrait.jpg","datePublished":"2024-02-20T22:06:09+00:00","dateModified":"2025-09-22T22:30:47+00:00","description":"Anne GESRET est \u00e0 Paris, d\u00e9partement de Paris, \u00cele de France. H\u00e2te de vous pr\u00e9senter ses cr\u00e9ations dans la boutique. C\u00e9ramique fran\u00e7aise.","breadcrumb":{"@id":"https:\/\/www.maisonwabisabi.com\/anne-gesret\/#breadcrumb"},"inLanguage":"en-GB","potentialAction":[{"@type":"ReadAction","target":["https:\/\/www.maisonwabisabi.com\/anne-gesret\/"]}]},{"@type":"ImageObject","inLanguage":"en-GB","@id":"https:\/\/www.maisonwabisabi.com\/anne-gesret\/#primaryimage","url":"https:\/\/www.maisonwabisabi.com\/wp-content\/uploads\/2024\/02\/Anne-GESRET-Portrait.jpg","contentUrl":"https:\/\/www.maisonwabisabi.com\/wp-content\/uploads\/2024\/02\/Anne-GESRET-Portrait.jpg"},{"@type":"BreadcrumbList","@id":"https:\/\/www.maisonwabisabi.com\/anne-gesret\/#breadcrumb","itemListElement":[{"@type":"ListItem","position":1,"name":"Bienvenue","item":"https:\/\/www.maisonwabisabi.com\/"},{"@type":"ListItem","position":2,"name":"Rencontre avec Anne GESRET C\u00e9ramiste fran\u00e7aise \u00e0 Paris"}]},{"@type":"WebSite","@id":"https:\/\/www.maisonwabisabi.com\/#website","url":"https:\/\/www.maisonwabisabi.com\/","name":"Maison Wabi-Sabi","description":"","publisher":{"@id":"https:\/\/www.maisonwabisabi.com\/#organization"},"potentialAction":[{"@type":"SearchAction","target":{"@type":"EntryPoint","urlTemplate":"https:\/\/www.maisonwabisabi.com\/?s={search_term_string}"},"query-input":{"@type":"PropertyValueSpecification","valueRequired":true,"valueName":"search_term_string"}}],"inLanguage":"en-GB"},{"@type":"Organization","@id":"https:\/\/www.maisonwabisabi.com\/#organization","name":"Maison Wabi-Sabi","url":"https:\/\/www.maisonwabisabi.com\/","logo":{"@type":"ImageObject","inLanguage":"en-GB","@id":"https:\/\/www.maisonwabisabi.com\/#\/schema\/logo\/image\/","url":"https:\/\/www.maisonwabisabi.com\/wp-content\/uploads\/2021\/11\/Logo-de-maison-Wabi-Sabi.jpg","contentUrl":"https:\/\/www.maisonwabisabi.com\/wp-content\/uploads\/2021\/11\/Logo-de-maison-Wabi-Sabi.jpg","width":1024,"height":1024,"caption":"Maison Wabi-Sabi"},"image":{"@id":"https:\/\/www.maisonwabisabi.com\/#\/schema\/logo\/image\/"},"sameAs":["https:\/\/www.facebook.com\/MaisonWabiSabi","https:\/\/www.instagram.com\/maison.wabi.sabi\/?hl=fr","https:\/\/www.linkedin.com\/company\/69088467"]},{"@type":"Person","@id":"https:\/\/www.maisonwabisabi.com\/#\/schema\/person\/b2458bb9fa2737d1a11eabc63d3aabc9","name":"Yann san","sameAs":["https:\/\/www.maisonwabisabi.com","https:\/\/www.facebook.com\/MaisonWabiSabi","https:\/\/www.instagram.com\/maison.wabi.sabi\/"],"url":"https:\/\/www.maisonwabisabi.com\/en\/author\/4729952\/"}]}},"_links":{"self":[{"href":"https:\/\/www.maisonwabisabi.com\/en\/wp-json\/wp\/v2\/posts\/25768","targetHints":{"allow":["GET"]}}],"collection":[{"href":"https:\/\/www.maisonwabisabi.com\/en\/wp-json\/wp\/v2\/posts"}],"about":[{"href":"https:\/\/www.maisonwabisabi.com\/en\/wp-json\/wp\/v2\/types\/post"}],"author":[{"embeddable":true,"href":"https:\/\/www.maisonwabisabi.com\/en\/wp-json\/wp\/v2\/users\/1"}],"replies":[{"embeddable":true,"href":"https:\/\/www.maisonwabisabi.com\/en\/wp-json\/wp\/v2\/comments?post=25768"}],"version-history":[{"count":2,"href":"https:\/\/www.maisonwabisabi.com\/en\/wp-json\/wp\/v2\/posts\/25768\/revisions"}],"predecessor-version":[{"id":37393,"href":"https:\/\/www.maisonwabisabi.com\/en\/wp-json\/wp\/v2\/posts\/25768\/revisions\/37393"}],"wp:attachment":[{"href":"https:\/\/www.maisonwabisabi.com\/en\/wp-json\/wp\/v2\/media?parent=25768"}],"wp:term":[{"taxonomy":"category","embeddable":true,"href":"https:\/\/www.maisonwabisabi.com\/en\/wp-json\/wp\/v2\/categories?post=25768"},{"taxonomy":"post_tag","embeddable":true,"href":"https:\/\/www.maisonwabisabi.com\/en\/wp-json\/wp\/v2\/tags?post=25768"}],"curies":[{"name":"wp","href":"https:\/\/api.w.org\/{rel}","templated":true}]}}