{"id":25409,"date":"2024-01-31T23:12:49","date_gmt":"2024-01-31T22:12:49","guid":{"rendered":"https:\/\/www.maisonwabisabi.com\/?p=25409"},"modified":"2026-03-07T16:41:41","modified_gmt":"2026-03-07T15:41:41","slug":"espacio-ceramica","status":"publish","type":"post","link":"https:\/\/www.maisonwabisabi.com\/en\/espacio-ceramica\/","title":{"rendered":"Rencontre avec Espacio Cer\u00e1mica C\u00e9ramistes argentins en Patagonie"},"content":{"rendered":"<div style=\"height:20px\" aria-hidden=\"true\" class=\"wp-block-spacer\"><\/div>\n\n\n\n<div class=\"wp-block-media-text is-stacked-on-mobile\"><figure class=\"wp-block-media-text__media\"><img loading=\"lazy\" decoding=\"async\" width=\"1024\" height=\"1024\" src=\"https:\/\/www.maisonwabisabi.com\/wp-content\/uploads\/2024\/03\/Espacio-Ceramica-Portrait.jpg\" alt=\"Espacio Ceramica - Portrait\" class=\"wp-image-26765 size-full\" srcset=\"https:\/\/www.maisonwabisabi.com\/wp-content\/uploads\/2024\/03\/Espacio-Ceramica-Portrait.jpg 1024w, https:\/\/www.maisonwabisabi.com\/wp-content\/uploads\/2024\/03\/Espacio-Ceramica-Portrait-300x300.jpg 300w, https:\/\/www.maisonwabisabi.com\/wp-content\/uploads\/2024\/03\/Espacio-Ceramica-Portrait-150x150.jpg 150w, https:\/\/www.maisonwabisabi.com\/wp-content\/uploads\/2024\/03\/Espacio-Ceramica-Portrait-768x768.jpg 768w, https:\/\/www.maisonwabisabi.com\/wp-content\/uploads\/2024\/03\/Espacio-Ceramica-Portrait-600x600.jpg 600w, https:\/\/www.maisonwabisabi.com\/wp-content\/uploads\/2024\/03\/Espacio-Ceramica-Portrait-100x100.jpg 100w\" sizes=\"auto, (max-width: 1024px) 100vw, 1024px\" \/><\/figure><div class=\"wp-block-media-text__content\">\n<p><\/p>\n\n\n\n<h2 class=\"wp-block-heading has-black-color has-text-color\" style=\"font-size:21px\"><strong><mark style=\"background-color:rgba(0, 0, 0, 0);color:#7d4e2d\" class=\"has-inline-color\">Espacio Cer\u00e1mica et<\/mark> <a href=\"https:\/\/www.maisonwabisabi.com\/en\/product-category\/ceramistes-monde\/ceramiste-espacio-ceramica\/\" target=\"_blank\" rel=\"noreferrer noopener\">ses cr\u00e9ations<\/a><\/strong><\/h2>\n\n\n\n<p class=\"has-black-color has-text-color\" style=\"font-size:17px\">(1981- &amp; 1977-)<\/p>\n\n\n\n<p class=\"has-black-color has-text-color\" style=\"font-size:17px\"><strong>Victoria DRISALDI :<\/strong> \u00ab\u00a0Je suis artiste c\u00e9ramiste \u00e9tablie \u00e0 Gaiman, en Patagonie, en Argentine. Co-fondatrice de \u00ab\u00a0Espacio Cer\u00e1mica\u00a0\u00bb, lieu de recherche, de d\u00e9veloppement et de production de c\u00e9ramique \u00e0 haute temp\u00e9rature (Gr\u00e8s et Porcelaine). Utilisation d&rsquo;un four \u00e0 bois avec des mat\u00e9riaux d&rsquo;origine locale. Utilisation des fours Anagama et Noborigama co-d\u00e9velopp\u00e9s avec mon partenaire de vie Fernando.\u00a0\u00bb<\/p>\n\n\n\n<p class=\"has-black-color has-text-color has-link-color wp-elements-0994d2c880148dde6dedbc9206bca0d7\" style=\"font-size:17px\"><strong>Fernando L\u00d3PEZ :<\/strong> \u00ab\u00a0Je suis un cr\u00e9ateur pour qui le but est le processus lui-m\u00eame. Retrouver la beaut\u00e9 de ses d\u00e9couvertes et m\u00eame les rigueurs du proc\u00e9d\u00e9 c\u00e9ramique. La po\u00e9sie de l&rsquo;ind\u00e9finissable est ce qui m&rsquo;appelle et essayer de lui donner un sens, tandis que laisser le processus me fa\u00e7onner est ce qui donne du sens \u00e0 ma pratique. \u00catre toujours en conversation avec le lieu que j&rsquo;habite : La Patagonie.\u00a0\u00bb<\/p>\n\n\n\n<p class=\"has-black-color has-text-color has-link-color wp-elements-0f4a5659d982864e633d438bebc06cea\" style=\"font-size:17px\"><strong>Victoria :<\/strong> \u00ab\u00a0Je suis une cr\u00e9atrice autoproclam\u00e9e. \u00catre une femme d\u00e9finit profond\u00e9ment mon travail d\u2019artiste et aussi d\u2019artisane. Les deux sont \u00e9troitement li\u00e9s au lieu et au paysage Patagonien o\u00f9 j\u2019habite.\u00a0\u00bb<\/p>\n\n\n\n<p class=\"has-black-color has-text-color has-link-color wp-elements-bc33efff33561d269b000ef471ddc83c\" style=\"font-size:17px\"><strong>Fernando :<\/strong> \u00ab\u00a0Potier, C\u00e9ramiste, Artiste, Artisan. Ils me d\u00e9finissent tous en partie mais je me consid\u00e8re comme quelqu&rsquo;un qui fait. Principalement parce qu&rsquo;il y a un questionnement selon lequel cela ne se limite pas \u00e0 un m\u00e9tier sp\u00e9cifique, mais dans le cadre d&rsquo;un processus de rapport \u00e0 l&rsquo;objet c\u00e9ramique.\u00a0\u00bb<\/p>\n<\/div><\/div>\n\n\n\n<div class=\"wp-block-media-text has-media-on-the-right is-stacked-on-mobile\"><div class=\"wp-block-media-text__content\">\n<p><\/p>\n\n\n\n<p class=\"has-black-color has-text-color\" style=\"font-size:17px\"><strong>Victoria :<\/strong> \u00ab\u00a0Quand je n\u2019avais que 7 ans, l\u2019\u00e9cole que je fr\u00e9quentais offrait des cours de c\u00e9ramique, mais je n\u2019ai commenc\u00e9 mon parcours dans la c\u00e9ramique que plus tard. Assez dr\u00f4le, j&rsquo;ai toujours gard\u00e9 dans mon atelier une pi\u00e8ce en c\u00e9ramique que j&rsquo;avais r\u00e9alis\u00e9e \u00e0 cet \u00e2ge. C&rsquo;\u00e9tait un bol vraiment bien glac\u00e9. Des ann\u00e9es plus tard, je l&rsquo;observe encore et cela me touche encore une fois. J&rsquo;ai non seulement \u00e9t\u00e9 \u00e9merveill\u00e9 par la parfaite technique de l&rsquo;application de l&rsquo;\u00e9mail, mais j&rsquo;ai \u00e9galement observ\u00e9 cette beaut\u00e9 subtile qui m&rsquo;a amen\u00e9 \u00e0 r\u00e9fl\u00e9chir \u00e0 la c\u00e9ramique dans sa corpor\u00e9it\u00e9.\u00a0\u00bb<\/p>\n\n\n\n<p class=\"has-black-color has-text-color has-link-color wp-elements-a99f105f1798eac0a70e93d561ffc3a5\" style=\"font-size:17px\"><strong>Fernando :<\/strong> En grandissant, ma famille avait un atelier de c\u00e9ramique \u00e0 Rosario, dans lequel j&rsquo;ai grandi. Depuis que je suis petit, la c\u00e9ramique fait partie int\u00e9grante de ma vie.<\/p>\n\n\n\n<p class=\"has-black-color has-text-color has-link-color wp-elements-6c66cac37ee5bb0b02f62f61b176b806\" style=\"font-size:17px\"><strong>Victoria :<\/strong> \u00ab\u00a0J&rsquo;ai commenc\u00e9 ma vie de potier \u00e0 l&rsquo;\u00e2ge de 15 ans par curiosit\u00e9. Je suis pass\u00e9 devant l&rsquo;\u00e9cole de c\u00e9ramique de Bulnes et j&rsquo;ai d\u00e9cid\u00e9 un jour d&rsquo;entrer et de m&rsquo;inscrire \u00e0 un cours de poterie sans vraiment savoir \u00e0 quoi je m&rsquo;inscrivais.\u00a0\u00bb<\/p>\n\n\n\n<p class=\"has-black-color has-text-color has-link-color wp-elements-8aeaac6fb427a94d552bcbd41b8bd94c\" style=\"font-size:17px\"><strong>Fernando :<\/strong> \u00ab\u00a0Mes premiers souvenirs en studio remontent \u00e0 l&rsquo;\u00e2ge de 13 ans environ, dans le studio familial.\u00a0\u00bb<\/p>\n<\/div><figure class=\"wp-block-media-text__media\"><img loading=\"lazy\" decoding=\"async\" width=\"1024\" height=\"1024\" src=\"https:\/\/www.maisonwabisabi.com\/wp-content\/uploads\/2024\/03\/Espacio-Ceramica-Style.jpg\" alt=\"Espacio Ceramica - Style\" class=\"wp-image-26767 size-full\" srcset=\"https:\/\/www.maisonwabisabi.com\/wp-content\/uploads\/2024\/03\/Espacio-Ceramica-Style.jpg 1024w, https:\/\/www.maisonwabisabi.com\/wp-content\/uploads\/2024\/03\/Espacio-Ceramica-Style-300x300.jpg 300w, https:\/\/www.maisonwabisabi.com\/wp-content\/uploads\/2024\/03\/Espacio-Ceramica-Style-150x150.jpg 150w, https:\/\/www.maisonwabisabi.com\/wp-content\/uploads\/2024\/03\/Espacio-Ceramica-Style-768x768.jpg 768w, https:\/\/www.maisonwabisabi.com\/wp-content\/uploads\/2024\/03\/Espacio-Ceramica-Style-600x600.jpg 600w, https:\/\/www.maisonwabisabi.com\/wp-content\/uploads\/2024\/03\/Espacio-Ceramica-Style-100x100.jpg 100w\" sizes=\"auto, (max-width: 1024px) 100vw, 1024px\" \/><\/figure><\/div>\n\n\n\n<div class=\"wp-block-media-text is-stacked-on-mobile\"><figure class=\"wp-block-media-text__media\"><img loading=\"lazy\" decoding=\"async\" width=\"1024\" height=\"1024\" src=\"https:\/\/www.maisonwabisabi.com\/wp-content\/uploads\/2024\/03\/Espacio-Ceramica-Studio.jpg\" alt=\"Espacio Ceramica - Studio\" class=\"wp-image-26766 size-full\" srcset=\"https:\/\/www.maisonwabisabi.com\/wp-content\/uploads\/2024\/03\/Espacio-Ceramica-Studio.jpg 1024w, https:\/\/www.maisonwabisabi.com\/wp-content\/uploads\/2024\/03\/Espacio-Ceramica-Studio-300x300.jpg 300w, https:\/\/www.maisonwabisabi.com\/wp-content\/uploads\/2024\/03\/Espacio-Ceramica-Studio-150x150.jpg 150w, https:\/\/www.maisonwabisabi.com\/wp-content\/uploads\/2024\/03\/Espacio-Ceramica-Studio-768x768.jpg 768w, https:\/\/www.maisonwabisabi.com\/wp-content\/uploads\/2024\/03\/Espacio-Ceramica-Studio-600x600.jpg 600w, https:\/\/www.maisonwabisabi.com\/wp-content\/uploads\/2024\/03\/Espacio-Ceramica-Studio-100x100.jpg 100w\" sizes=\"auto, (max-width: 1024px) 100vw, 1024px\" \/><\/figure><div class=\"wp-block-media-text__content\">\n<p><\/p>\n\n\n\n<p class=\"has-black-color has-text-color has-link-color wp-elements-a88d2a74d92b6a79b12225da97eb53e4\" style=\"font-size:17px\"><strong>Victoria :<\/strong> \u00ab\u00a0Mon parcours a commenc\u00e9 avec ce petit cours de c\u00e9ramique quand j&rsquo;avais 7 ans, mais il s&rsquo;est approfondi \u00e0 l&rsquo;\u00e9cole de c\u00e9ramique de Bulnes \u00e0 15 ans. Plus tard, j&rsquo;ai eu le grand honneur d&rsquo;obtenir mon titre de l&rsquo;\u00e9cole de c\u00e9ramique d&rsquo;Avellaneda, largement connue comme l&rsquo;une des plus grandes institutions de c\u00e9ramique d&rsquo;Am\u00e9rique latine. De plus, j&rsquo;ai travaill\u00e9 \u00e0 l&rsquo;\u00e9cole apr\u00e8s avoir obtenu mon dipl\u00f4me et travailler \u00e0 \u00e9galit\u00e9 avec de grands ma\u00eetres c\u00e9ramistes m&rsquo;a donn\u00e9 une vision plus compl\u00e8te de la mani\u00e8re dont la c\u00e9ramique fa\u00e7onne l&rsquo;art et la vie. \u00ab\u00a0<\/p>\n\n\n\n<p class=\"has-black-color has-text-color has-link-color wp-elements-39bf9a69ffe07a279c4f1005878d2050\" style=\"font-size:17px\"><strong>Fernando :<\/strong> \u00ab\u00a0Ma famille poss\u00e9dait un atelier de c\u00e9ramique donc la poterie fait partie de ma vie depuis que je suis jeune.\u00a0\u00bb<\/p>\n\n\n\n<p class=\"has-black-color has-text-color has-link-color wp-elements-c0659388b8db099d5e09fb640d2993a9\" style=\"font-size:17px\"><strong>Victoria :<\/strong> \u00ab\u00a0Ma formation s&rsquo;est d\u00e9roul\u00e9e principalement \u00e0 l&rsquo;\u00e9cole de c\u00e9ramique d&rsquo;Avellaneda o\u00f9 j&rsquo;ai \u00e9tudi\u00e9 avec de grands potiers tels que Claudio SUMIC, Eduardo GARAVAGLIA, Emilio VILLAFA\u00d1E et d&rsquo;autres. Des ann\u00e9es plus tard, j&rsquo;ai eu l&rsquo;honneur de poursuivre ma formation aupr\u00e8s du ma\u00eetre de poterie cor\u00e9en <a href=\"https:\/\/www.facebook.com\/kyongwoo.im\/\" target=\"_blank\" rel=\"noreferrer noopener\"><mark style=\"background-color:rgba(0, 0, 0, 0);color:#8d9a83\" class=\"has-inline-color\">Im Kwong Woo<\/mark><\/a>, dont les enseignements et la c\u00e9ramique influence toujours grandement mon travail.\u00a0\u00bb<\/p>\n\n\n\n<p class=\"has-black-color has-text-color has-link-color wp-elements-5e1a6203bd6adab81fb8f4c410f96126\" style=\"font-size:17px\"><strong>Fernando :<\/strong> \u00ab\u00a0Au total, je suis plut\u00f4t autodidacte. Deux personnes qui m&rsquo;ont beaucoup aid\u00e9 dans mon processus sont le ma\u00eetre c\u00e9ramiste cor\u00e9en Im Kwong Woo et Ricardo \u00ab\u00a0Taka\u00a0\u00bb OLIVA en 2019. Tous deux ont non seulement renforc\u00e9 mon lien avec la c\u00e9ramique, mais ont fa\u00e7onn\u00e9 la fa\u00e7on dont j&rsquo;ai abord\u00e9 le processus et mon travail.\u00a0\u00bb<\/p>\n<\/div><\/div>\n\n\n\n<div class=\"wp-block-media-text has-media-on-the-right is-stacked-on-mobile\"><div class=\"wp-block-media-text__content\">\n<p><\/p>\n\n\n\n<p class=\"has-black-color has-text-color has-link-color wp-elements-d25da7408cbbaf38ca2eb1182d15f087\" style=\"font-size:17px\"><strong>Victoria :<\/strong> \u00ab\u00a0Les mat\u00e9riaux avec lesquels je travaille sont extr\u00eamement importants et d\u00e9finissent mon travail de c\u00e9ramiste. Je sens que la Patagonie prend forme dans les pi\u00e8ces lorsque je travaille avec des mat\u00e9riaux locaux. Mon travail de poti\u00e8re et d&rsquo;artiste commence par la s\u00e9lection et le d\u00e9veloppement de formules c\u00e9ramiques. Nous vivons dans une zone d&rsquo;argile Kaolinitique et \u00e9galement de carri\u00e8res d&rsquo;argile rouge. La r\u00e9cup\u00e9ration et le conditionnement sont enti\u00e8rement artisanaux, ces pratiques d\u00e9finissent les qualit\u00e9s et les textures des pi\u00e8ces elles-m\u00eames. Ce caract\u00e8re g\u00e9ologique est le motif principal qui, je crois, d\u00e9finit mon travail, un style donne la perspective de mon horizon.\u00a0\u00bb<\/p>\n\n\n\n<p class=\"has-black-color has-text-color has-link-color wp-elements-87b398be005b824665780cfb486f8d3c\" style=\"font-size:17px\"><strong>Fernando :<\/strong> \u00ab\u00a0Mon style c\u00e9ramique vient d&rsquo;un chemin de questionnement, d&rsquo;une recherche. Exp\u00e9rimental avec des formes simples mettant le processus comme axe principal et \u00e0 travers les mat\u00e9riaux en rapport avec le territoire o\u00f9 j&rsquo;habite.\u00a0\u00bb<\/p>\n\n\n\n<p class=\"has-black-color has-text-color has-link-color wp-elements-86c73e2d8fc029098f3c697aeb12170b\" style=\"font-size:17px\"><strong>Victoria :<\/strong> \u00ab\u00a0Je suis inspir\u00e9e par l&rsquo;horizon que j&rsquo;habite et par ma communaut\u00e9.\u00a0\u00bb<\/p>\n\n\n\n<p class=\"has-black-color has-text-color has-link-color wp-elements-f2b1e6d2774ca0728f2d9c605e2d3ebb\" style=\"font-size:17px\"><strong>Fernando :<\/strong> \u00ab\u00a0Comme je l&rsquo;ai soulign\u00e9, ma principale pr\u00e9occupation est le processus lui-m\u00eame. Au fil de la recherche, de petites indications commencent \u00e0 appara\u00eetre. Des compr\u00e9hensions. De plus, au-del\u00e0 de mon d\u00e9veloppement artistique personnel, je suis fortement inspir\u00e9 par plusieurs c\u00e9ramistes d&rsquo;origine asiatique et latino-am\u00e9ricaine. Principalement du Japon, de Cor\u00e9e et d&rsquo;Argentine.\u00a0\u00bb<\/p>\n<\/div><figure class=\"wp-block-media-text__media\"><img loading=\"lazy\" decoding=\"async\" width=\"1024\" height=\"1024\" src=\"https:\/\/www.maisonwabisabi.com\/wp-content\/uploads\/2024\/03\/Espacio-Ceramica-Anagama-firing.jpg\" alt=\"Espacio Ceramica - Anagama firing\" class=\"wp-image-26762 size-full\" srcset=\"https:\/\/www.maisonwabisabi.com\/wp-content\/uploads\/2024\/03\/Espacio-Ceramica-Anagama-firing.jpg 1024w, https:\/\/www.maisonwabisabi.com\/wp-content\/uploads\/2024\/03\/Espacio-Ceramica-Anagama-firing-300x300.jpg 300w, https:\/\/www.maisonwabisabi.com\/wp-content\/uploads\/2024\/03\/Espacio-Ceramica-Anagama-firing-150x150.jpg 150w, https:\/\/www.maisonwabisabi.com\/wp-content\/uploads\/2024\/03\/Espacio-Ceramica-Anagama-firing-768x768.jpg 768w, https:\/\/www.maisonwabisabi.com\/wp-content\/uploads\/2024\/03\/Espacio-Ceramica-Anagama-firing-600x600.jpg 600w, https:\/\/www.maisonwabisabi.com\/wp-content\/uploads\/2024\/03\/Espacio-Ceramica-Anagama-firing-100x100.jpg 100w\" sizes=\"auto, (max-width: 1024px) 100vw, 1024px\" \/><\/figure><\/div>\n\n\n\n<div class=\"wp-block-media-text is-stacked-on-mobile\"><figure class=\"wp-block-media-text__media\"><img loading=\"lazy\" decoding=\"async\" width=\"1024\" height=\"1024\" src=\"https:\/\/www.maisonwabisabi.com\/wp-content\/uploads\/2024\/03\/Espacio-Ceramica-Desert-de-Patagonie.jpg\" alt=\"Espacio Ceramica - D\u00e9sert de Patagonie\" class=\"wp-image-26763 size-full\" srcset=\"https:\/\/www.maisonwabisabi.com\/wp-content\/uploads\/2024\/03\/Espacio-Ceramica-Desert-de-Patagonie.jpg 1024w, https:\/\/www.maisonwabisabi.com\/wp-content\/uploads\/2024\/03\/Espacio-Ceramica-Desert-de-Patagonie-300x300.jpg 300w, https:\/\/www.maisonwabisabi.com\/wp-content\/uploads\/2024\/03\/Espacio-Ceramica-Desert-de-Patagonie-150x150.jpg 150w, https:\/\/www.maisonwabisabi.com\/wp-content\/uploads\/2024\/03\/Espacio-Ceramica-Desert-de-Patagonie-768x768.jpg 768w, https:\/\/www.maisonwabisabi.com\/wp-content\/uploads\/2024\/03\/Espacio-Ceramica-Desert-de-Patagonie-600x600.jpg 600w, https:\/\/www.maisonwabisabi.com\/wp-content\/uploads\/2024\/03\/Espacio-Ceramica-Desert-de-Patagonie-100x100.jpg 100w\" sizes=\"auto, (max-width: 1024px) 100vw, 1024px\" \/><\/figure><div class=\"wp-block-media-text__content\">\n<p><\/p>\n\n\n\n<p class=\"has-black-color has-text-color has-link-color wp-elements-d60c422479b872a87562e30bf96d7634\" style=\"font-size:17px\"><strong>Victoria :<\/strong> \u00ab\u00a0J&rsquo;utilise le four Anagama qui permet aux mat\u00e9riaux que j&rsquo;utilise dans ma formule c\u00e9ramique de s&rsquo;exprimer de mani\u00e8re vraiment effusive. Un dialogue avec soi-m\u00eame s&rsquo;instaure lors de la cuisson, qui est \u00e0 la fois assez mouvement\u00e9e et cr\u00e9atif. Ce dialogue est captur\u00e9 dans le cadre du travail lui-m\u00eame. Nous utilisons du tamaris, des peupliers, du saule et de l&rsquo;osier parce que c&rsquo;est le bois de la vall\u00e9e dans laquelle nous vivons. Nous effectuons trois cuissons par an. Elles durent g\u00e9n\u00e9ralement entre 80 et 100 heures.\u00a0\u00bb<\/p>\n\n\n\n<p class=\"has-black-color has-text-color has-link-color wp-elements-19b3c866f0854238a38002df4decf465\" style=\"font-size:17px\"><strong>Fernando :<\/strong> \u00ab\u00a0Je travaille principalement avec un four Anagama. C&rsquo;est un outil \u00e9nigmatique et la fa\u00e7on dont il cuit est cruciale pour ma recherche et mon questionnement en tant qu&rsquo;artiste et potier. C&rsquo;est impr\u00e9visible. La nature alimente ma passion et approfondit ma connexion avec le processus. Ce sont de longues cuissons dans lesquelles tout peut arriver, et c&rsquo;est l\u00e0 que les frictions d\u00e9clenchent une alchimie assez magique et erratique. Dans la vall\u00e9e o\u00f9 nous vivons, il y a des tonnes de peupliers, saule, tamaris. Le raisonnement est assez simple. Nous utilisons ce qui est disponible dans le lieu o\u00f9 nous habitons pour \u00e9viter tout type d&rsquo;impact n\u00e9gatif. Nous croyons en l&rsquo;utilisation d&rsquo;argiles et de mat\u00e9riaux locaux, notre bois de cuisson en faisant partie. Nous effectuons g\u00e9n\u00e9ralement 3 cuissons par an. Nos cuissons durent g\u00e9n\u00e9ralement environ 4 jours (100 heures).\u00a0\u00bb<\/p>\n<\/div><\/div>\n\n\n\n<div class=\"wp-block-media-text has-media-on-the-right is-stacked-on-mobile\"><div class=\"wp-block-media-text__content\">\n<p class=\"has-black-color has-text-color has-link-color wp-elements-8388fead378c1cae0b6233c386e09352\" style=\"font-size:17px\"><\/p>\n\n\n\n<p class=\"has-black-color has-text-color has-link-color wp-elements-807edeab9d29a53ebbc505488b30a9d1\" style=\"font-size:17px\"><strong>Victoria :<\/strong> \u00ab\u00a0Il y a toujours des surprises lors des cuissons et c&rsquo;est une des raisons pour lesquelles j&rsquo;appr\u00e9cie tant le processus. J&rsquo;utilise tr\u00e8s peu d&rsquo;\u00e9maux, mais quand je le fais, j&rsquo;aime les garder simples et avec des mat\u00e9riaux qui nous sont fournis par notre contexte : argiles locales et cendres. Ma production varie toujours. Habituellement, les mat\u00e9riaux d\u00e9finissent le chemin dans lequel je m&rsquo;engage.\u00a0\u00bb<\/p>\n\n\n\n<p class=\"has-black-color has-text-color has-link-color wp-elements-482f3de6372ba400b6499470c8d70d25\" style=\"font-size:17px\"><strong>Fernando :<\/strong> \u00ab\u00a0Nous aimons travaill\u00e9 de mani\u00e8re exp\u00e9rimentale, notre objectif est donc de cr\u00e9er ces surprises lors de la cuisson. Nous ne nous attendons jamais \u00e0 ce que le r\u00e9sultat final soit exactement tel que nous l&rsquo;avions imagin\u00e9. Nous n&rsquo;utilisons pas de gla\u00e7ages. Nous utilisons uniquement des cendres provenant d&rsquo;un assortiment de bois. Je ne fais jamais les m\u00eames formes et pi\u00e8ces. D&rsquo;un cycle \u00e0 l&rsquo;autre, il y a toujours des variations et ce que j&rsquo;essaie d&rsquo;accomplir dans un style, c&rsquo;est toujours de produire ce qui me convient \u00e0 ce moment-l\u00e0 pour aider \u00e0 cr\u00e9er une appartenance dans les formes elles-m\u00eames.\u00a0\u00bb<\/p>\n<\/div><figure class=\"wp-block-media-text__media\"><img decoding=\"async\" src=\"https:\/\/www.maisonwabisabi.com\/wp-content\/uploads\/2025\/03\/H25EspCERAARGKOZ1-Set1.jpg\" alt=\"Petit plat - Espacio Cer\u00e1mica\" class=\"wp-image-32747 size-full\"\/><\/figure><\/div>\n\n\n\n<div class=\"wp-block-media-text is-stacked-on-mobile\"><figure class=\"wp-block-media-text__media\"><img loading=\"lazy\" decoding=\"async\" width=\"1024\" height=\"1024\" src=\"https:\/\/www.maisonwabisabi.com\/wp-content\/uploads\/2024\/01\/Espacio-Ceramica-Anagama-family.jpg\" alt=\"Espacio Ceramica - Anagama Family\" class=\"wp-image-26796 size-full\" srcset=\"https:\/\/www.maisonwabisabi.com\/wp-content\/uploads\/2024\/01\/Espacio-Ceramica-Anagama-family.jpg 1024w, https:\/\/www.maisonwabisabi.com\/wp-content\/uploads\/2024\/01\/Espacio-Ceramica-Anagama-family-300x300.jpg 300w, https:\/\/www.maisonwabisabi.com\/wp-content\/uploads\/2024\/01\/Espacio-Ceramica-Anagama-family-150x150.jpg 150w, https:\/\/www.maisonwabisabi.com\/wp-content\/uploads\/2024\/01\/Espacio-Ceramica-Anagama-family-768x768.jpg 768w, https:\/\/www.maisonwabisabi.com\/wp-content\/uploads\/2024\/01\/Espacio-Ceramica-Anagama-family-600x600.jpg 600w, https:\/\/www.maisonwabisabi.com\/wp-content\/uploads\/2024\/01\/Espacio-Ceramica-Anagama-family-100x100.jpg 100w\" sizes=\"auto, (max-width: 1024px) 100vw, 1024px\" \/><\/figure><div class=\"wp-block-media-text__content\">\n<p><\/p>\n\n\n\n<p class=\"has-black-color has-text-color has-link-color wp-elements-3c9e0d6e7338973c839877925b545bcf\" style=\"font-size:17px\"><strong>Victoria :<\/strong> \u00ab\u00a0Je travaille comme instructrice dans une \u00e9cole d&rsquo;artisanat locale \u00e0 Trelew. C&rsquo;est un espace communautaire auquel j&rsquo;aime participer. Partager mes connaissances est quelque chose d&rsquo;important et de beau car cela nous permet de grandir et de cr\u00e9er des ponts avec d&rsquo;autres cr\u00e9ateurs. Nous avons tendance \u00e0 avoir quelques b\u00e9n\u00e9voles chaque saison et cela a \u00e9t\u00e9 une exp\u00e9rience vraiment enrichissante de les aider dans leurs propres processus. Mon rapport \u00e0 la c\u00e9ramique, \u00e0 la terre, au feu ou \u00e0 la cuisson et aux \u00e9maux : je suis en dialogue constant avec ce processus et cela est devenu une partie intrins\u00e8que de ma vie quotidienne. M\u00eame le simple fait de voir mon fils jouer dans le studio, permet un point de vue diff\u00e9rent qui enrichit ce dialogue.\u00a0\u00bb<\/p>\n\n\n\n<p class=\"has-black-color has-text-color has-link-color wp-elements-ce542dfa367dc476f869e0127aae25bd\" style=\"font-size:17px\"><strong>Fernando :<\/strong> \u00ab\u00a0Je ne donne pas vraiment de cours, mais j&rsquo;aide \u00e0 guider les apprentis qui passent par l&rsquo;atelier. De temps en temps, j&rsquo;aide \u00e0 construire des fours dans les \u00e9coles. Je pense que c&rsquo;est extr\u00eamement important. Nous partageons ouvertement nos connaissances avec les apprentis et les coll\u00e8gues. Mon rapport \u00e0 la c\u00e9ramique, \u00e0 la terre, au feu ou \u00e0 la cuisson et aux \u00e9maux est pour moi, une partie de sa beaut\u00e9 est qu&rsquo;elle est ind\u00e9finissable. Un beau myst\u00e8re.\u00a0\u00bb<\/p>\n<\/div><\/div>\n\n\n\n<div class=\"wp-block-media-text has-media-on-the-right is-stacked-on-mobile\"><div class=\"wp-block-media-text__content\">\n<p><\/p>\n\n\n\n<h3 class=\"wp-block-heading has-black-color has-text-color\" style=\"font-size:17px\"><strong><mark style=\"background-color:rgba(0, 0, 0, 0);color:#7d4e2d\" class=\"has-inline-color\">Victoria DRISALDI en 5 dates importantes :<\/mark><\/strong><\/h3>\n\n\n\n<p class=\"has-black-color has-text-color has-link-color wp-elements-e4de78f83737ad9d9f91253ad90211f0\" style=\"font-size:17px\">Rencontrer mon partenaire Fernando, projeter un studio ensemble et cela devient une r\u00e9alit\u00e9.<\/p>\n\n\n\n<p class=\"has-black-color has-text-color has-link-color wp-elements-aa2dc2354fd8d190c93d8626589c6043\" style=\"font-size:17px\">Visite de l&rsquo;atelier de Bonorino \u00e0 Salta, Cafayate.<\/p>\n\n\n\n<p class=\"has-black-color has-text-color has-link-color wp-elements-d0955f217076292920cc2179d6890591\" style=\"font-size:17px\">Gagner une mention au \u00ab\u00a0Sal\u00f3n Nacional de Cer\u00e1mica de Argentina\u00a0\u00bb en 2007.<\/p>\n\n\n\n<p class=\"has-black-color has-text-color has-link-color wp-elements-e969c163e4d35895f285462d3cd0be11\" style=\"font-size:17px\">Une conversation sur le voilier d&rsquo;Eduardo GARAVAGLIA au cours de ma derni\u00e8re ann\u00e9e \u00e0 l&rsquo;\u00e9cole de c\u00e9ramique.<\/p>\n\n\n\n<p class=\"has-black-color has-text-color has-link-color wp-elements-f7658019f7cb1f9e2f3df46336fe77c5\" style=\"font-size:17px\">Lecture du \u00ab\u00a0Livre de potier\u00a0\u00bb de Bernard LEACH.<\/p>\n\n\n\n<p class=\"has-black-color has-text-color has-link-color wp-elements-ccaf812dc9db4357e0bb33dde38415b2\" style=\"font-size:17px\">\u00ab\u00a0La principale chose que je veux que les gens retiennent de mon travail de cr\u00e9ateur est la beaut\u00e9 dans la subtilit\u00e9. La gestualit\u00e9, la caresse qui fa\u00e7onne mes pi\u00e8ces et la d\u00e9couverte des horizons de la Patagonie \u00e0 travers la mati\u00e8re, c&rsquo;est ce qui fait avancer mon travail vers l&rsquo;int\u00e9rieur. Je n&rsquo;essaie pas de r\u00e9inventer des concepts mais de les r\u00e9affirmer et de les approfondir.\u00a0\u00bb<\/p>\n<\/div><figure class=\"wp-block-media-text__media\"><img loading=\"lazy\" decoding=\"async\" width=\"1024\" height=\"1024\" src=\"https:\/\/www.maisonwabisabi.com\/wp-content\/uploads\/2024\/03\/Espacio-Ceramica-Victoria-Anagama-firing.jpg\" alt=\"Espacio Ceramica - Victoria Anagama\" class=\"wp-image-26768 size-full\" srcset=\"https:\/\/www.maisonwabisabi.com\/wp-content\/uploads\/2024\/03\/Espacio-Ceramica-Victoria-Anagama-firing.jpg 1024w, https:\/\/www.maisonwabisabi.com\/wp-content\/uploads\/2024\/03\/Espacio-Ceramica-Victoria-Anagama-firing-300x300.jpg 300w, https:\/\/www.maisonwabisabi.com\/wp-content\/uploads\/2024\/03\/Espacio-Ceramica-Victoria-Anagama-firing-150x150.jpg 150w, https:\/\/www.maisonwabisabi.com\/wp-content\/uploads\/2024\/03\/Espacio-Ceramica-Victoria-Anagama-firing-768x768.jpg 768w, https:\/\/www.maisonwabisabi.com\/wp-content\/uploads\/2024\/03\/Espacio-Ceramica-Victoria-Anagama-firing-600x600.jpg 600w, https:\/\/www.maisonwabisabi.com\/wp-content\/uploads\/2024\/03\/Espacio-Ceramica-Victoria-Anagama-firing-100x100.jpg 100w\" sizes=\"auto, (max-width: 1024px) 100vw, 1024px\" \/><\/figure><\/div>\n\n\n\n<div class=\"wp-block-media-text is-stacked-on-mobile\"><figure class=\"wp-block-media-text__media\"><img loading=\"lazy\" decoding=\"async\" width=\"1024\" height=\"1024\" src=\"https:\/\/www.maisonwabisabi.com\/wp-content\/uploads\/2024\/03\/Espacio-Ceramica-Fernando-Anagama-firing.jpg\" alt=\"Espacio Ceramica - Fernando Anagama\" class=\"wp-image-26764 size-full\" srcset=\"https:\/\/www.maisonwabisabi.com\/wp-content\/uploads\/2024\/03\/Espacio-Ceramica-Fernando-Anagama-firing.jpg 1024w, https:\/\/www.maisonwabisabi.com\/wp-content\/uploads\/2024\/03\/Espacio-Ceramica-Fernando-Anagama-firing-300x300.jpg 300w, https:\/\/www.maisonwabisabi.com\/wp-content\/uploads\/2024\/03\/Espacio-Ceramica-Fernando-Anagama-firing-150x150.jpg 150w, https:\/\/www.maisonwabisabi.com\/wp-content\/uploads\/2024\/03\/Espacio-Ceramica-Fernando-Anagama-firing-768x768.jpg 768w, https:\/\/www.maisonwabisabi.com\/wp-content\/uploads\/2024\/03\/Espacio-Ceramica-Fernando-Anagama-firing-600x600.jpg 600w, https:\/\/www.maisonwabisabi.com\/wp-content\/uploads\/2024\/03\/Espacio-Ceramica-Fernando-Anagama-firing-100x100.jpg 100w\" sizes=\"auto, (max-width: 1024px) 100vw, 1024px\" \/><\/figure><div class=\"wp-block-media-text__content\">\n<p><\/p>\n\n\n\n<h3 class=\"wp-block-heading has-black-color has-text-color\" style=\"font-size:17px\"><strong><mark style=\"background-color:rgba(0, 0, 0, 0);color:#7d4e2d\" class=\"has-inline-color\">Fernando L\u00d3PEZ en 5 dates importantes :<\/mark><\/strong><\/h3>\n\n\n\n<p class=\"has-black-color has-text-color has-link-color wp-elements-0e1fe6a6332334dd59b3cc205e77532b\" style=\"font-size:17px\">Mon tout premier chauffage au bois, partag\u00e9 avec ma partenaire Victoria et Im Kwong Woo.<\/p>\n\n\n\n<p class=\"has-black-color has-text-color has-link-color wp-elements-2fac77f82d1afdf5f712dc2e21ff265c\" style=\"font-size:17px\">Chaque cuisson partag\u00e9e avec les personnes que j&rsquo;aime et dont je prends soin, ayant pu grandir dans la pratique c\u00e9ramique de ma famille.<\/p>\n\n\n\n<p class=\"has-black-color has-text-color has-link-color wp-elements-06cac40c7e742838b98e71bfaf703fdb\" style=\"font-size:17px\">Partager un studio pendant une ann\u00e9e avec l&rsquo;artiste Ricardo \u00ab\u00a0Taka\u00a0\u00bb OLIVA.<\/p>\n\n\n\n<p class=\"has-black-color has-text-color has-link-color wp-elements-6b76818b66d7b70c2f3d15a9dc730246\" style=\"font-size:17px\">D\u00e9m\u00e9nager en Patagonie et construire ma maison. <\/p>\n\n\n\n<p class=\"has-black-color has-text-color has-link-color wp-elements-f0d0cf356c377eedbdc21d2448410e86\" style=\"font-size:17px\">Trouver ma place en tant qu&rsquo;artisan et c\u00e9ramiste.<\/p>\n\n\n\n<p class=\"has-black-color has-text-color has-link-color wp-elements-3994ffc4f0ca5ad1da3c43746bc5ccdf\" style=\"font-size:17px\">\u00ab\u00a0Ce que je veux que les gens retiennent de ma pratique et de mes pi\u00e8ces, c&rsquo;est une incitation \u00e0 trouver leur propre chemin de compr\u00e9hension et de questionnement.\u00a0\u00bb<\/p>\n<\/div><\/div>\n\n\n\n<div style=\"height:20px\" aria-hidden=\"true\" class=\"wp-block-spacer\"><\/div>\n\n\n\n<p class=\"has-text-align-center has-black-color has-text-color\" style=\"font-size:15px\">Source des photos et des textes : Victoria DRISALDI &amp; Fernando L\u00d3PEZ et Yann san<\/p>\n\n\n\n<div style=\"height:20px\" aria-hidden=\"true\" class=\"wp-block-spacer\"><\/div>\n\n\n\n<figure class=\"wp-block-embed is-type-video is-provider-youtube wp-block-embed-youtube wp-embed-aspect-16-9 wp-has-aspect-ratio\"><div class=\"wp-block-embed__wrapper\">\n<iframe loading=\"lazy\" title=\"03 - Espacio Cer\u00e1mica - Fernando L\u00f3pez  y Victoria Drisaldi\" width=\"500\" height=\"281\" src=\"https:\/\/www.youtube.com\/embed\/7L4IIdgTwGA?feature=oembed\" frameborder=\"0\" allow=\"accelerometer; autoplay; clipboard-write; encrypted-media; gyroscope; picture-in-picture; web-share\" referrerpolicy=\"strict-origin-when-cross-origin\" allowfullscreen><\/iframe>\n<\/div><\/figure>\n\n\n\n<p class=\"has-text-align-center has-black-color has-text-color\" style=\"font-size:15px\">Source de la vid\u00e9o : cha\u00eene YouTube de <a href=\"https:\/\/www.youtube.com\/@luciaarros1062\" target=\"_blank\" rel=\"noreferrer noopener\">Lucia Arros<\/a><\/p>\n\n\n\n<div style=\"height:100px\" aria-hidden=\"true\" class=\"wp-block-spacer\"><\/div>","protected":false},"excerpt":{"rendered":"<p>Espacio Cer\u00e1mica et ses cr\u00e9ations (1981- &amp; 1977-) Victoria DRISALDI : \u00ab\u00a0Je suis artiste c\u00e9ramiste \u00e9tablie \u00e0 Gaiman, en Patagonie, [&hellip;]<\/p>\n","protected":false},"author":1,"featured_media":0,"comment_status":"closed","ping_status":"closed","sticky":false,"template":"","format":"standard","meta":{"site-sidebar-layout":"default","site-content-layout":"","ast-site-content-layout":"default","site-content-style":"default","site-sidebar-style":"default","ast-global-header-display":"","ast-banner-title-visibility":"","ast-main-header-display":"","ast-hfb-above-header-display":"","ast-hfb-below-header-display":"","ast-hfb-mobile-header-display":"","site-post-title":"disabled","ast-breadcrumbs-content":"","ast-featured-img":"","footer-sml-layout":"","ast-disable-related-posts":"","theme-transparent-header-meta":"","adv-header-id-meta":"","stick-header-meta":"","header-above-stick-meta":"","header-main-stick-meta":"","header-below-stick-meta":"","astra-migrate-meta-layouts":"default","ast-page-background-enabled":"default","ast-page-background-meta":{"desktop":{"background-color":"var(--ast-global-color-5)","background-image":"","background-repeat":"repeat","background-position":"center center","background-size":"auto","background-attachment":"scroll","background-type":"","background-media":"","overlay-type":"","overlay-color":"","overlay-opacity":"","overlay-gradient":""},"tablet":{"background-color":"","background-image":"","background-repeat":"repeat","background-position":"center center","background-size":"auto","background-attachment":"scroll","background-type":"","background-media":"","overlay-type":"","overlay-color":"","overlay-opacity":"","overlay-gradient":""},"mobile":{"background-color":"","background-image":"","background-repeat":"repeat","background-position":"center center","background-size":"auto","background-attachment":"scroll","background-type":"","background-media":"","overlay-type":"","overlay-color":"","overlay-opacity":"","overlay-gradient":""}},"ast-content-background-meta":{"desktop":{"background-color":"var(--ast-global-color-4)","background-image":"","background-repeat":"repeat","background-position":"center center","background-size":"auto","background-attachment":"scroll","background-type":"","background-media":"","overlay-type":"","overlay-color":"","overlay-opacity":"","overlay-gradient":""},"tablet":{"background-color":"var(--ast-global-color-4)","background-image":"","background-repeat":"repeat","background-position":"center center","background-size":"auto","background-attachment":"scroll","background-type":"","background-media":"","overlay-type":"","overlay-color":"","overlay-opacity":"","overlay-gradient":""},"mobile":{"background-color":"var(--ast-global-color-4)","background-image":"","background-repeat":"repeat","background-position":"center center","background-size":"auto","background-attachment":"scroll","background-type":"","background-media":"","overlay-type":"","overlay-color":"","overlay-opacity":"","overlay-gradient":""}},"footnotes":""},"categories":[76],"tags":[],"class_list":["post-25409","post","type-post","status-publish","format-standard","hentry","category-ceramistes"],"yoast_head":"<!-- This site is optimized with the Yoast SEO plugin v27.5 - https:\/\/yoast.com\/product\/yoast-seo-wordpress\/ -->\n<title>Espacio Cer\u00e1mica - Maison Wabi-Sabi - C\u00e9ramistes<\/title>\n<meta name=\"description\" content=\"Espacio Cer\u00e1mica de Gaiman, province de Chubut, en Patagonie. H\u00e2te de vous pr\u00e9senter ses cr\u00e9ations dans la boutique. C\u00e9ramique argentine.\" \/>\n<meta name=\"robots\" content=\"index, follow, max-snippet:-1, max-image-preview:large, max-video-preview:-1\" \/>\n<link rel=\"canonical\" href=\"https:\/\/www.maisonwabisabi.com\/en\/espacio-ceramica\/\" \/>\n<meta property=\"og:locale\" content=\"en_GB\" \/>\n<meta property=\"og:type\" content=\"article\" \/>\n<meta property=\"og:title\" content=\"Espacio Cer\u00e1mica - Maison Wabi-Sabi - C\u00e9ramistes\" \/>\n<meta property=\"og:description\" content=\"Espacio Cer\u00e1mica de Gaiman, province de Chubut, en Patagonie. H\u00e2te de vous pr\u00e9senter ses cr\u00e9ations dans la boutique. C\u00e9ramique argentine.\" \/>\n<meta property=\"og:url\" content=\"https:\/\/www.maisonwabisabi.com\/en\/espacio-ceramica\/\" \/>\n<meta property=\"og:site_name\" content=\"Maison Wabi-Sabi\" \/>\n<meta property=\"article:publisher\" content=\"https:\/\/www.facebook.com\/MaisonWabiSabi\" \/>\n<meta property=\"article:author\" content=\"https:\/\/www.facebook.com\/MaisonWabiSabi\" \/>\n<meta property=\"article:published_time\" content=\"2024-01-31T22:12:49+00:00\" \/>\n<meta property=\"article:modified_time\" content=\"2026-03-07T15:41:41+00:00\" \/>\n<meta property=\"og:image\" content=\"https:\/\/www.maisonwabisabi.com\/wp-content\/uploads\/2024\/03\/Espacio-Ceramica-Portrait.jpg\" \/>\n\t<meta property=\"og:image:width\" content=\"1024\" \/>\n\t<meta property=\"og:image:height\" content=\"1024\" \/>\n\t<meta property=\"og:image:type\" content=\"image\/jpeg\" \/>\n<meta name=\"author\" content=\"Yann san\" \/>\n<meta name=\"twitter:card\" content=\"summary_large_image\" \/>\n<meta name=\"twitter:label1\" content=\"Written by\" \/>\n\t<meta name=\"twitter:data1\" content=\"Yann san\" \/>\n\t<meta name=\"twitter:label2\" content=\"Estimated reading time\" \/>\n\t<meta name=\"twitter:data2\" content=\"11 minutes\" \/>\n<script type=\"application\/ld+json\" class=\"yoast-schema-graph\">{\"@context\":\"https:\\\/\\\/schema.org\",\"@graph\":[{\"@type\":\"Article\",\"@id\":\"https:\\\/\\\/www.maisonwabisabi.com\\\/espacio-ceramica\\\/#article\",\"isPartOf\":{\"@id\":\"https:\\\/\\\/www.maisonwabisabi.com\\\/espacio-ceramica\\\/\"},\"author\":{\"name\":\"Yann san\",\"@id\":\"https:\\\/\\\/www.maisonwabisabi.com\\\/#\\\/schema\\\/person\\\/b2458bb9fa2737d1a11eabc63d3aabc9\"},\"headline\":\"Rencontre avec Espacio Cer\u00e1mica C\u00e9ramistes argentins en Patagonie\",\"datePublished\":\"2024-01-31T22:12:49+00:00\",\"dateModified\":\"2026-03-07T15:41:41+00:00\",\"mainEntityOfPage\":{\"@id\":\"https:\\\/\\\/www.maisonwabisabi.com\\\/espacio-ceramica\\\/\"},\"wordCount\":1929,\"publisher\":{\"@id\":\"https:\\\/\\\/www.maisonwabisabi.com\\\/#organization\"},\"image\":{\"@id\":\"https:\\\/\\\/www.maisonwabisabi.com\\\/espacio-ceramica\\\/#primaryimage\"},\"thumbnailUrl\":\"https:\\\/\\\/www.maisonwabisabi.com\\\/wp-content\\\/uploads\\\/2024\\\/03\\\/Espacio-Ceramica-Portrait.jpg\",\"articleSection\":[\"C\u00e9ramistes\"],\"inLanguage\":\"en-GB\"},{\"@type\":\"WebPage\",\"@id\":\"https:\\\/\\\/www.maisonwabisabi.com\\\/espacio-ceramica\\\/\",\"url\":\"https:\\\/\\\/www.maisonwabisabi.com\\\/espacio-ceramica\\\/\",\"name\":\"Espacio Cer\u00e1mica - Maison Wabi-Sabi - C\u00e9ramistes\",\"isPartOf\":{\"@id\":\"https:\\\/\\\/www.maisonwabisabi.com\\\/#website\"},\"primaryImageOfPage\":{\"@id\":\"https:\\\/\\\/www.maisonwabisabi.com\\\/espacio-ceramica\\\/#primaryimage\"},\"image\":{\"@id\":\"https:\\\/\\\/www.maisonwabisabi.com\\\/espacio-ceramica\\\/#primaryimage\"},\"thumbnailUrl\":\"https:\\\/\\\/www.maisonwabisabi.com\\\/wp-content\\\/uploads\\\/2024\\\/03\\\/Espacio-Ceramica-Portrait.jpg\",\"datePublished\":\"2024-01-31T22:12:49+00:00\",\"dateModified\":\"2026-03-07T15:41:41+00:00\",\"description\":\"Espacio Cer\u00e1mica de Gaiman, province de Chubut, en Patagonie. H\u00e2te de vous pr\u00e9senter ses cr\u00e9ations dans la boutique. C\u00e9ramique argentine.\",\"breadcrumb\":{\"@id\":\"https:\\\/\\\/www.maisonwabisabi.com\\\/espacio-ceramica\\\/#breadcrumb\"},\"inLanguage\":\"en-GB\",\"potentialAction\":[{\"@type\":\"ReadAction\",\"target\":[\"https:\\\/\\\/www.maisonwabisabi.com\\\/espacio-ceramica\\\/\"]}]},{\"@type\":\"ImageObject\",\"inLanguage\":\"en-GB\",\"@id\":\"https:\\\/\\\/www.maisonwabisabi.com\\\/espacio-ceramica\\\/#primaryimage\",\"url\":\"https:\\\/\\\/www.maisonwabisabi.com\\\/wp-content\\\/uploads\\\/2024\\\/03\\\/Espacio-Ceramica-Portrait.jpg\",\"contentUrl\":\"https:\\\/\\\/www.maisonwabisabi.com\\\/wp-content\\\/uploads\\\/2024\\\/03\\\/Espacio-Ceramica-Portrait.jpg\"},{\"@type\":\"BreadcrumbList\",\"@id\":\"https:\\\/\\\/www.maisonwabisabi.com\\\/espacio-ceramica\\\/#breadcrumb\",\"itemListElement\":[{\"@type\":\"ListItem\",\"position\":1,\"name\":\"Bienvenue\",\"item\":\"https:\\\/\\\/www.maisonwabisabi.com\\\/\"},{\"@type\":\"ListItem\",\"position\":2,\"name\":\"Rencontre avec Espacio Cer\u00e1mica C\u00e9ramistes argentins en Patagonie\"}]},{\"@type\":\"WebSite\",\"@id\":\"https:\\\/\\\/www.maisonwabisabi.com\\\/#website\",\"url\":\"https:\\\/\\\/www.maisonwabisabi.com\\\/\",\"name\":\"Maison Wabi-Sabi\",\"description\":\"\",\"publisher\":{\"@id\":\"https:\\\/\\\/www.maisonwabisabi.com\\\/#organization\"},\"potentialAction\":[{\"@type\":\"SearchAction\",\"target\":{\"@type\":\"EntryPoint\",\"urlTemplate\":\"https:\\\/\\\/www.maisonwabisabi.com\\\/?s={search_term_string}\"},\"query-input\":{\"@type\":\"PropertyValueSpecification\",\"valueRequired\":true,\"valueName\":\"search_term_string\"}}],\"inLanguage\":\"en-GB\"},{\"@type\":\"Organization\",\"@id\":\"https:\\\/\\\/www.maisonwabisabi.com\\\/#organization\",\"name\":\"Maison Wabi-Sabi\",\"url\":\"https:\\\/\\\/www.maisonwabisabi.com\\\/\",\"logo\":{\"@type\":\"ImageObject\",\"inLanguage\":\"en-GB\",\"@id\":\"https:\\\/\\\/www.maisonwabisabi.com\\\/#\\\/schema\\\/logo\\\/image\\\/\",\"url\":\"https:\\\/\\\/www.maisonwabisabi.com\\\/wp-content\\\/uploads\\\/2021\\\/11\\\/Logo-de-maison-Wabi-Sabi.jpg\",\"contentUrl\":\"https:\\\/\\\/www.maisonwabisabi.com\\\/wp-content\\\/uploads\\\/2021\\\/11\\\/Logo-de-maison-Wabi-Sabi.jpg\",\"width\":1024,\"height\":1024,\"caption\":\"Maison Wabi-Sabi\"},\"image\":{\"@id\":\"https:\\\/\\\/www.maisonwabisabi.com\\\/#\\\/schema\\\/logo\\\/image\\\/\"},\"sameAs\":[\"https:\\\/\\\/www.facebook.com\\\/MaisonWabiSabi\",\"https:\\\/\\\/www.instagram.com\\\/maison.wabi.sabi\\\/?hl=fr\",\"https:\\\/\\\/www.linkedin.com\\\/company\\\/69088467\"]},{\"@type\":\"Person\",\"@id\":\"https:\\\/\\\/www.maisonwabisabi.com\\\/#\\\/schema\\\/person\\\/b2458bb9fa2737d1a11eabc63d3aabc9\",\"name\":\"Yann san\",\"sameAs\":[\"https:\\\/\\\/www.maisonwabisabi.com\",\"https:\\\/\\\/www.facebook.com\\\/MaisonWabiSabi\",\"https:\\\/\\\/www.instagram.com\\\/maison.wabi.sabi\\\/\"],\"url\":\"https:\\\/\\\/www.maisonwabisabi.com\\\/en\\\/author\\\/4729952\\\/\"}]}<\/script>\n<!-- \/ Yoast SEO plugin. -->","yoast_head_json":{"title":"Espacio Cer\u00e1mica - Maison Wabi-Sabi - C\u00e9ramistes","description":"Espacio Cer\u00e1mica de Gaiman, province de Chubut, en Patagonie. H\u00e2te de vous pr\u00e9senter ses cr\u00e9ations dans la boutique. C\u00e9ramique argentine.","robots":{"index":"index","follow":"follow","max-snippet":"max-snippet:-1","max-image-preview":"max-image-preview:large","max-video-preview":"max-video-preview:-1"},"canonical":"https:\/\/www.maisonwabisabi.com\/en\/espacio-ceramica\/","og_locale":"en_GB","og_type":"article","og_title":"Espacio Cer\u00e1mica - Maison Wabi-Sabi - C\u00e9ramistes","og_description":"Espacio Cer\u00e1mica de Gaiman, province de Chubut, en Patagonie. H\u00e2te de vous pr\u00e9senter ses cr\u00e9ations dans la boutique. C\u00e9ramique argentine.","og_url":"https:\/\/www.maisonwabisabi.com\/en\/espacio-ceramica\/","og_site_name":"Maison Wabi-Sabi","article_publisher":"https:\/\/www.facebook.com\/MaisonWabiSabi","article_author":"https:\/\/www.facebook.com\/MaisonWabiSabi","article_published_time":"2024-01-31T22:12:49+00:00","article_modified_time":"2026-03-07T15:41:41+00:00","og_image":[{"width":1024,"height":1024,"url":"https:\/\/www.maisonwabisabi.com\/wp-content\/uploads\/2024\/03\/Espacio-Ceramica-Portrait.jpg","type":"image\/jpeg"}],"author":"Yann san","twitter_card":"summary_large_image","twitter_misc":{"Written by":"Yann san","Estimated reading time":"11 minutes"},"schema":{"@context":"https:\/\/schema.org","@graph":[{"@type":"Article","@id":"https:\/\/www.maisonwabisabi.com\/espacio-ceramica\/#article","isPartOf":{"@id":"https:\/\/www.maisonwabisabi.com\/espacio-ceramica\/"},"author":{"name":"Yann san","@id":"https:\/\/www.maisonwabisabi.com\/#\/schema\/person\/b2458bb9fa2737d1a11eabc63d3aabc9"},"headline":"Rencontre avec Espacio Cer\u00e1mica C\u00e9ramistes argentins en Patagonie","datePublished":"2024-01-31T22:12:49+00:00","dateModified":"2026-03-07T15:41:41+00:00","mainEntityOfPage":{"@id":"https:\/\/www.maisonwabisabi.com\/espacio-ceramica\/"},"wordCount":1929,"publisher":{"@id":"https:\/\/www.maisonwabisabi.com\/#organization"},"image":{"@id":"https:\/\/www.maisonwabisabi.com\/espacio-ceramica\/#primaryimage"},"thumbnailUrl":"https:\/\/www.maisonwabisabi.com\/wp-content\/uploads\/2024\/03\/Espacio-Ceramica-Portrait.jpg","articleSection":["C\u00e9ramistes"],"inLanguage":"en-GB"},{"@type":"WebPage","@id":"https:\/\/www.maisonwabisabi.com\/espacio-ceramica\/","url":"https:\/\/www.maisonwabisabi.com\/espacio-ceramica\/","name":"Espacio Cer\u00e1mica - Maison Wabi-Sabi - C\u00e9ramistes","isPartOf":{"@id":"https:\/\/www.maisonwabisabi.com\/#website"},"primaryImageOfPage":{"@id":"https:\/\/www.maisonwabisabi.com\/espacio-ceramica\/#primaryimage"},"image":{"@id":"https:\/\/www.maisonwabisabi.com\/espacio-ceramica\/#primaryimage"},"thumbnailUrl":"https:\/\/www.maisonwabisabi.com\/wp-content\/uploads\/2024\/03\/Espacio-Ceramica-Portrait.jpg","datePublished":"2024-01-31T22:12:49+00:00","dateModified":"2026-03-07T15:41:41+00:00","description":"Espacio Cer\u00e1mica de Gaiman, province de Chubut, en Patagonie. H\u00e2te de vous pr\u00e9senter ses cr\u00e9ations dans la boutique. C\u00e9ramique argentine.","breadcrumb":{"@id":"https:\/\/www.maisonwabisabi.com\/espacio-ceramica\/#breadcrumb"},"inLanguage":"en-GB","potentialAction":[{"@type":"ReadAction","target":["https:\/\/www.maisonwabisabi.com\/espacio-ceramica\/"]}]},{"@type":"ImageObject","inLanguage":"en-GB","@id":"https:\/\/www.maisonwabisabi.com\/espacio-ceramica\/#primaryimage","url":"https:\/\/www.maisonwabisabi.com\/wp-content\/uploads\/2024\/03\/Espacio-Ceramica-Portrait.jpg","contentUrl":"https:\/\/www.maisonwabisabi.com\/wp-content\/uploads\/2024\/03\/Espacio-Ceramica-Portrait.jpg"},{"@type":"BreadcrumbList","@id":"https:\/\/www.maisonwabisabi.com\/espacio-ceramica\/#breadcrumb","itemListElement":[{"@type":"ListItem","position":1,"name":"Bienvenue","item":"https:\/\/www.maisonwabisabi.com\/"},{"@type":"ListItem","position":2,"name":"Rencontre avec Espacio Cer\u00e1mica C\u00e9ramistes argentins en Patagonie"}]},{"@type":"WebSite","@id":"https:\/\/www.maisonwabisabi.com\/#website","url":"https:\/\/www.maisonwabisabi.com\/","name":"Maison Wabi-Sabi","description":"","publisher":{"@id":"https:\/\/www.maisonwabisabi.com\/#organization"},"potentialAction":[{"@type":"SearchAction","target":{"@type":"EntryPoint","urlTemplate":"https:\/\/www.maisonwabisabi.com\/?s={search_term_string}"},"query-input":{"@type":"PropertyValueSpecification","valueRequired":true,"valueName":"search_term_string"}}],"inLanguage":"en-GB"},{"@type":"Organization","@id":"https:\/\/www.maisonwabisabi.com\/#organization","name":"Maison Wabi-Sabi","url":"https:\/\/www.maisonwabisabi.com\/","logo":{"@type":"ImageObject","inLanguage":"en-GB","@id":"https:\/\/www.maisonwabisabi.com\/#\/schema\/logo\/image\/","url":"https:\/\/www.maisonwabisabi.com\/wp-content\/uploads\/2021\/11\/Logo-de-maison-Wabi-Sabi.jpg","contentUrl":"https:\/\/www.maisonwabisabi.com\/wp-content\/uploads\/2021\/11\/Logo-de-maison-Wabi-Sabi.jpg","width":1024,"height":1024,"caption":"Maison Wabi-Sabi"},"image":{"@id":"https:\/\/www.maisonwabisabi.com\/#\/schema\/logo\/image\/"},"sameAs":["https:\/\/www.facebook.com\/MaisonWabiSabi","https:\/\/www.instagram.com\/maison.wabi.sabi\/?hl=fr","https:\/\/www.linkedin.com\/company\/69088467"]},{"@type":"Person","@id":"https:\/\/www.maisonwabisabi.com\/#\/schema\/person\/b2458bb9fa2737d1a11eabc63d3aabc9","name":"Yann san","sameAs":["https:\/\/www.maisonwabisabi.com","https:\/\/www.facebook.com\/MaisonWabiSabi","https:\/\/www.instagram.com\/maison.wabi.sabi\/"],"url":"https:\/\/www.maisonwabisabi.com\/en\/author\/4729952\/"}]}},"_links":{"self":[{"href":"https:\/\/www.maisonwabisabi.com\/en\/wp-json\/wp\/v2\/posts\/25409","targetHints":{"allow":["GET"]}}],"collection":[{"href":"https:\/\/www.maisonwabisabi.com\/en\/wp-json\/wp\/v2\/posts"}],"about":[{"href":"https:\/\/www.maisonwabisabi.com\/en\/wp-json\/wp\/v2\/types\/post"}],"author":[{"embeddable":true,"href":"https:\/\/www.maisonwabisabi.com\/en\/wp-json\/wp\/v2\/users\/1"}],"replies":[{"embeddable":true,"href":"https:\/\/www.maisonwabisabi.com\/en\/wp-json\/wp\/v2\/comments?post=25409"}],"version-history":[{"count":2,"href":"https:\/\/www.maisonwabisabi.com\/en\/wp-json\/wp\/v2\/posts\/25409\/revisions"}],"predecessor-version":[{"id":39787,"href":"https:\/\/www.maisonwabisabi.com\/en\/wp-json\/wp\/v2\/posts\/25409\/revisions\/39787"}],"wp:attachment":[{"href":"https:\/\/www.maisonwabisabi.com\/en\/wp-json\/wp\/v2\/media?parent=25409"}],"wp:term":[{"taxonomy":"category","embeddable":true,"href":"https:\/\/www.maisonwabisabi.com\/en\/wp-json\/wp\/v2\/categories?post=25409"},{"taxonomy":"post_tag","embeddable":true,"href":"https:\/\/www.maisonwabisabi.com\/en\/wp-json\/wp\/v2\/tags?post=25409"}],"curies":[{"name":"wp","href":"https:\/\/api.w.org\/{rel}","templated":true}]}}