{"id":25270,"date":"2024-01-28T00:23:01","date_gmt":"2024-01-27T23:23:01","guid":{"rendered":"https:\/\/www.maisonwabisabi.com\/?p=25270"},"modified":"2025-10-21T21:04:52","modified_gmt":"2025-10-21T19:04:52","slug":"cyril-dennery","status":"publish","type":"post","link":"https:\/\/www.maisonwabisabi.com\/en\/cyril-dennery\/","title":{"rendered":"Rencontre avec Cyril DENNERY C\u00e9ramiste fran\u00e7ais au Croisty"},"content":{"rendered":"<div style=\"height:20px\" aria-hidden=\"true\" class=\"wp-block-spacer\"><\/div>\n\n\n\n<div class=\"wp-block-media-text is-stacked-on-mobile\"><figure class=\"wp-block-media-text__media\"><img loading=\"lazy\" decoding=\"async\" width=\"1024\" height=\"1024\" src=\"https:\/\/www.maisonwabisabi.com\/wp-content\/uploads\/2024\/01\/Cyril-DENNERY-Portrait.jpg\" alt=\"Cyril DENNERY - Portrait\" class=\"wp-image-25272 size-full\" srcset=\"https:\/\/www.maisonwabisabi.com\/wp-content\/uploads\/2024\/01\/Cyril-DENNERY-Portrait.jpg 1024w, https:\/\/www.maisonwabisabi.com\/wp-content\/uploads\/2024\/01\/Cyril-DENNERY-Portrait-300x300.jpg 300w, https:\/\/www.maisonwabisabi.com\/wp-content\/uploads\/2024\/01\/Cyril-DENNERY-Portrait-150x150.jpg 150w, https:\/\/www.maisonwabisabi.com\/wp-content\/uploads\/2024\/01\/Cyril-DENNERY-Portrait-768x768.jpg 768w, https:\/\/www.maisonwabisabi.com\/wp-content\/uploads\/2024\/01\/Cyril-DENNERY-Portrait-600x600.jpg 600w, https:\/\/www.maisonwabisabi.com\/wp-content\/uploads\/2024\/01\/Cyril-DENNERY-Portrait-100x100.jpg 100w\" sizes=\"auto, (max-width: 1024px) 100vw, 1024px\" \/><\/figure><div class=\"wp-block-media-text__content\">\n<p><\/p>\n\n\n\n<h2 class=\"wp-block-heading has-black-color has-text-color\" style=\"font-size:21px\"><strong><mark style=\"background-color:rgba(0, 0, 0, 0);color:#7d4e2d\" class=\"has-inline-color\">Cyril DENNERY et<\/mark> <a href=\"https:\/\/www.maisonwabisabi.com\/en\/product-category\/ceramistes-de-france\/ceramiste-cyril-dennery\/\" target=\"_blank\" rel=\"noreferrer noopener\">ses cr\u00e9ations<\/a><\/strong><\/h2>\n\n\n\n<p class=\"has-black-color has-text-color\" style=\"font-size:17px\">(1984-)<\/p>\n\n\n\n<p class=\"has-black-color has-text-color\" style=\"font-size:17px\">Originaire de Boulogne-sur-mer, dans le Pas de Calais. Famille d&rsquo;ing\u00e9nieurs du cot\u00e9 de son p\u00e8re, et une famille d&rsquo;ouvrier du nord de la France, dans le m\u00e9tal, du cot\u00e9 de sa m\u00e8re.<\/p>\n\n\n\n<p class=\"has-black-color has-text-color\" style=\"font-size:17px\">\u00ab\u00a0Je cr\u00e9e des maquettes en mod\u00e8le r\u00e9duit \u00e0 partir de 8 ans, et je reprends le train \u00e9lectrique, jouet de mon p\u00e8re, \u00e0 l&rsquo;\u00e2ge de 11 ans. Jusqu&rsquo;\u00e0 rentrer en architecture, je cr\u00e9e dans cet univers, entre mod\u00e9lisation plastique et \u00e9lectronique. Je d\u00e9veloppe mes comp\u00e9tences de conception et de cr\u00e9ation pendant mes 7 ann\u00e9es d&rsquo;architecture \u00e0 paris, travaille un an en agence.\u00a0\u00bb<\/p>\n\n\n\n<p class=\"has-black-color has-text-color\" style=\"font-size:17px\">\u00ab\u00a0\u00c0 25 ans, je pars en Angleterre pour un cursus court en art et design. C&rsquo;est pendant cette ann\u00e9e que je rencontre la c\u00e9ramique par hasard. Mon tuteur en cours d&rsquo;art est un ancien potier, et il me recommande les r\u00e9f\u00e9rences de maitres japonais dont le travail capte l&rsquo;essence cosmique de l&rsquo;univers. C&rsquo;est le coup de foudre, et je mets toutes mes comp\u00e9tences acquises au service de la cr\u00e9ation c\u00e9ramique, en d\u00e9couvrant cette pratique sous l&rsquo;angle de la tradition asiatique.\u00a0\u00bb<\/p>\n<\/div><\/div>\n\n\n\n<div class=\"wp-block-media-text has-media-on-the-right is-stacked-on-mobile\"><div class=\"wp-block-media-text__content\">\n<p><\/p>\n\n\n\n<p class=\"has-black-color has-text-color\" style=\"font-size:17px\">\u00ab\u00a0En autodidacte, je travaille d&#8217;embl\u00e9e les mati\u00e8res locales, la terre et les cendres en essayant de capter l&rsquo;intemporalit\u00e9 des mati\u00e8res organiques dans mes cr\u00e9ations, tournant sur un tour \u00e0 pied, et cr\u00e9ant mes propres \u00e9maux.\u00a0\u00bb<\/p>\n\n\n\n<p class=\"has-black-color has-text-color\" style=\"font-size:17px\">\u00ab\u00a0Je suis artisan d&rsquo;art. Le fait que je ne peux pas d\u00e9l\u00e9guer une seule \u00e9tape des objets que je cr\u00e9e atteste d&rsquo;une d\u00e9marche particuli\u00e8re, une attention cr\u00e9ative de tous les instants. Je travaille principalement les objets utilitaires, et les assiettes en particulier pour des restaurants gastronomiques depuis 10 ans. Je commence \u00e0 travailler avec une galerie pour une production exclusivement artistique, mais principalement, je pense que mon travail est \u00e0 la crois\u00e9e des chemins.\u00a0\u00bb<\/p>\n\n\n\n<p class=\"has-black-color has-text-color has-link-color wp-elements-16839871c1bbca8f9a9b3b7ae284860c\" style=\"font-size:17px\">\u00ab\u00a0J&rsquo;ai mis du temps \u00e0 m&rsquo;en souvenir, et cela m&rsquo;est revenu deux ou trois ans apr\u00e8s avoir commenc\u00e9 en Angleterre. J&rsquo;ai fait de la poterie a l&rsquo;\u00e9cole des beaux-arts de Saint Omer quand j&rsquo;avais 6 ans, dans le cours des enfants d\u00e9butants, le mercredi apr\u00e8s midi pendant un an.\u00a0\u00bb<\/p>\n<\/div><figure class=\"wp-block-media-text__media\"><img loading=\"lazy\" decoding=\"async\" width=\"1024\" height=\"1024\" src=\"https:\/\/www.maisonwabisabi.com\/wp-content\/uploads\/2024\/01\/Cyril-DENNERY-Style1.jpg\" alt=\"Cyril DENNERY - Style1\" class=\"wp-image-25274 size-full\" srcset=\"https:\/\/www.maisonwabisabi.com\/wp-content\/uploads\/2024\/01\/Cyril-DENNERY-Style1.jpg 1024w, https:\/\/www.maisonwabisabi.com\/wp-content\/uploads\/2024\/01\/Cyril-DENNERY-Style1-300x300.jpg 300w, https:\/\/www.maisonwabisabi.com\/wp-content\/uploads\/2024\/01\/Cyril-DENNERY-Style1-150x150.jpg 150w, https:\/\/www.maisonwabisabi.com\/wp-content\/uploads\/2024\/01\/Cyril-DENNERY-Style1-768x768.jpg 768w, https:\/\/www.maisonwabisabi.com\/wp-content\/uploads\/2024\/01\/Cyril-DENNERY-Style1-600x600.jpg 600w, https:\/\/www.maisonwabisabi.com\/wp-content\/uploads\/2024\/01\/Cyril-DENNERY-Style1-100x100.jpg 100w\" sizes=\"auto, (max-width: 1024px) 100vw, 1024px\" \/><\/figure><\/div>\n\n\n\n<div class=\"wp-block-media-text is-stacked-on-mobile\"><figure class=\"wp-block-media-text__media\"><img loading=\"lazy\" decoding=\"async\" width=\"1024\" height=\"1024\" src=\"https:\/\/www.maisonwabisabi.com\/wp-content\/uploads\/2024\/01\/Cyril-DENNERY-Poste-de-Travail.jpg\" alt=\"Cyril DENNERY - Poste de travail\" class=\"wp-image-25273 size-full\" srcset=\"https:\/\/www.maisonwabisabi.com\/wp-content\/uploads\/2024\/01\/Cyril-DENNERY-Poste-de-Travail.jpg 1024w, https:\/\/www.maisonwabisabi.com\/wp-content\/uploads\/2024\/01\/Cyril-DENNERY-Poste-de-Travail-300x300.jpg 300w, https:\/\/www.maisonwabisabi.com\/wp-content\/uploads\/2024\/01\/Cyril-DENNERY-Poste-de-Travail-150x150.jpg 150w, https:\/\/www.maisonwabisabi.com\/wp-content\/uploads\/2024\/01\/Cyril-DENNERY-Poste-de-Travail-768x768.jpg 768w, https:\/\/www.maisonwabisabi.com\/wp-content\/uploads\/2024\/01\/Cyril-DENNERY-Poste-de-Travail-600x600.jpg 600w, https:\/\/www.maisonwabisabi.com\/wp-content\/uploads\/2024\/01\/Cyril-DENNERY-Poste-de-Travail-100x100.jpg 100w\" sizes=\"auto, (max-width: 1024px) 100vw, 1024px\" \/><\/figure><div class=\"wp-block-media-text__content\">\n<p><\/p>\n\n\n\n<p class=\"has-black-color has-text-color\" style=\"font-size:17px\">\u00ab\u00a0Fin 2009 dans ce cursus d&rsquo;art et Design. A vrai dire, j&rsquo;ai n\u00e9goci\u00e9 avec l&rsquo;enseignant principal parce qu&rsquo;apr\u00e8s l&rsquo;architecture, je ma\u00eetrisais d\u00e9j\u00e0 certains cours. L&rsquo;informatique, l&rsquo;histoire de l&rsquo;art etc\u2026 donc il a \u00e9t\u00e9 conclu que j&rsquo;aie acc\u00e8s \u00e0 l&rsquo;atelier de poterie en autonomie. J&rsquo;avais tout l&rsquo;atelier pour moi tout seul, plusieurs fois par semaines, et je me suis \u00e9galement inscrit aux cours du soir en plus pour y passer encore un peu plus de temps. Dans un coll\u00e8ge anglais, l&rsquo;\u00e9quivalent d&rsquo;un lyc\u00e9e professionnel, et il y avait une classe d&rsquo;art et design. Concr\u00e8tement, ca ressemble a un BAC d&rsquo;art appliqu\u00e9, cursus court apr\u00e8s lequel les \u00e9l\u00e8ves decident normalement dans quelle universit\u00e9 d&rsquo;art ils vont s&rsquo;inscrire. Pour moi, c&rsquo;\u00e9tait juste l&rsquo;occasion de progresser dans des pratiques plus cr\u00e9atives et artistiques apr\u00e8s le cursus d&rsquo;architecture.\u00a0\u00bb<\/p>\n\n\n\n<p class=\"has-black-color has-text-color\" style=\"font-size:17px\">\u00ab\u00a0J&rsquo;\u00e9tais enti\u00e8rement autodidacte. Mais aujourd&rsquo;hui il y a youtube, la quantit\u00e9 d&rsquo;informations est \u00e9norme, et de grands noms de la poterie tiennent des chaines tr\u00e8s fournies. J&rsquo;ai beaucoup suivi la chaine de <a href=\"https:\/\/www.youtube.com\/channel\/UCe9BhFmxdS1TWAhyU5xF0rw\" target=\"_blank\" rel=\"noreferrer noopener\"><mark style=\"background-color:rgba(0, 0, 0, 0);color:#8d9a83\" class=\"has-inline-color\">Simon LEACH<\/mark><\/a>, le petit fils de Bernard LEACH. J&rsquo;ai tr\u00e8s rapidement investi dans l&rsquo;excellent \u00ab\u00a0<a href=\"https:\/\/books.google.fr\/books\/about\/The_Potter_s_Dictionary_of_Materials_and.html?id=TApnGTVLwxAC&amp;redir_esc=y\" target=\"_blank\" rel=\"noreferrer noopener\"><mark style=\"background-color:rgba(0, 0, 0, 0);color:#8d9a83\" class=\"has-inline-color\">The Potter&rsquo;s Dictionary of Materials and Techniques<\/mark><\/a>\u00ab\u00a0, de Frank et Janet HAMER. Ces deux outils l\u00e0 ont \u00e9t\u00e9 des guides r\u00e9guliers, que je nourrissais avec tout ce que je pouvais trouver de r\u00e9f\u00e9rences asiatiques.\u00a0\u00bb<\/p>\n<\/div><\/div>\n\n\n\n<div class=\"wp-block-media-text has-media-on-the-right is-stacked-on-mobile\"><div class=\"wp-block-media-text__content\">\n<p><\/p>\n\n\n\n<p class=\"has-black-color has-text-color has-link-color wp-elements-fd70b41e83ba7a6ea2fdb205379ad300\" style=\"font-size:17px\">\u00ab\u00a0Je suis un \u00ab\u00a0essentialiste\u00a0\u00bb. De par ma formation d&rsquo;architecte, j&rsquo;ai \u00e9t\u00e9 conditionn\u00e9 \u00e0 chercher le juste, l&rsquo;efficace ; la beaut\u00e9 de l&rsquo;essentiel. Je ne cherche pas des formes in\u00e9dites \u00e0 la seule fin de cr\u00e9er l&rsquo;\u00e9tonnement comme on peut le voir dans le design actuel, je cherche toujours la simplicit\u00e9, et la force de l&rsquo;universalit\u00e9. Bien entendu, je cherche \u00e0 cr\u00e9er des objets magnifiques, en jouant sur l&rsquo;interaction des mati\u00e8res et des formes, toujours en essayant de capter leur essence et leur plus belle expression.\u00a0\u00bb<\/p>\n\n\n\n<p class=\"has-black-color has-text-color has-link-color wp-elements-f18d0260264be2c1047de4fcf99f158c\" style=\"font-size:17px\">\u00ab\u00a0Mon inspiration est vari\u00e9e. Pour chaque restaurant, je cr\u00e9e une s\u00e9rie unique, en me mettant au service de son univers. Sensible \u00e0 l\u2019architecture, aux espaces et aux \u00e9changes entre chefs et architectes, je m\u2019impr\u00e8gne aussi des go\u00fbts, des plantes et de la cuisine, que je pratique avec passion. Ces collaborations m\u2019ont permis, en dix ans, d\u2019explorer de nombreuses techniques et \u00e9maux. Mon terrain de cr\u00e9ation reste ouvert sur une libert\u00e9 absolue.\u00a0\u00bb<\/p>\n\n\n\n<p class=\"has-black-color has-text-color has-link-color wp-elements-8ea40cadaceb104467a2fbf4a751b4a7\" style=\"font-size:17px\">\u00ab\u00a0La cuisson biscuit s&rsquo;effectue chez moi en four \u00e9lectrique. Pour mes cr\u00e9ations de pl\u00e2trerie, j&rsquo;utilise le plus souvent mon four \u00e0 gaz, et jusqu&rsquo;a maintenant, je cuis principalement en oxydation. <\/p>\n<\/div><figure class=\"wp-block-media-text__media\"><img loading=\"lazy\" decoding=\"async\" width=\"1024\" height=\"1024\" src=\"https:\/\/www.maisonwabisabi.com\/wp-content\/uploads\/2024\/01\/Cyril-DENNERY-Train-Kiln-1200L.jpg\" alt=\"Cyril DENNERY - Train Kiln 1200L\" class=\"wp-image-25276 size-full\" srcset=\"https:\/\/www.maisonwabisabi.com\/wp-content\/uploads\/2024\/01\/Cyril-DENNERY-Train-Kiln-1200L.jpg 1024w, https:\/\/www.maisonwabisabi.com\/wp-content\/uploads\/2024\/01\/Cyril-DENNERY-Train-Kiln-1200L-300x300.jpg 300w, https:\/\/www.maisonwabisabi.com\/wp-content\/uploads\/2024\/01\/Cyril-DENNERY-Train-Kiln-1200L-150x150.jpg 150w, https:\/\/www.maisonwabisabi.com\/wp-content\/uploads\/2024\/01\/Cyril-DENNERY-Train-Kiln-1200L-768x768.jpg 768w, https:\/\/www.maisonwabisabi.com\/wp-content\/uploads\/2024\/01\/Cyril-DENNERY-Train-Kiln-1200L-600x600.jpg 600w, https:\/\/www.maisonwabisabi.com\/wp-content\/uploads\/2024\/01\/Cyril-DENNERY-Train-Kiln-1200L-100x100.jpg 100w\" sizes=\"auto, (max-width: 1024px) 100vw, 1024px\" \/><\/figure><\/div>\n\n\n\n<div class=\"wp-block-media-text is-stacked-on-mobile\"><figure class=\"wp-block-media-text__media\"><img loading=\"lazy\" decoding=\"async\" width=\"1024\" height=\"1024\" src=\"https:\/\/www.maisonwabisabi.com\/wp-content\/uploads\/2025\/02\/Claire-BRIANT-Cuisson.jpg\" alt=\"Claire BRIANT - Cuisson\" class=\"wp-image-33237 size-full\" srcset=\"https:\/\/www.maisonwabisabi.com\/wp-content\/uploads\/2025\/02\/Claire-BRIANT-Cuisson.jpg 1024w, https:\/\/www.maisonwabisabi.com\/wp-content\/uploads\/2025\/02\/Claire-BRIANT-Cuisson-300x300.jpg 300w, https:\/\/www.maisonwabisabi.com\/wp-content\/uploads\/2025\/02\/Claire-BRIANT-Cuisson-150x150.jpg 150w, https:\/\/www.maisonwabisabi.com\/wp-content\/uploads\/2025\/02\/Claire-BRIANT-Cuisson-768x768.jpg 768w, https:\/\/www.maisonwabisabi.com\/wp-content\/uploads\/2025\/02\/Claire-BRIANT-Cuisson-600x600.jpg 600w, https:\/\/www.maisonwabisabi.com\/wp-content\/uploads\/2025\/02\/Claire-BRIANT-Cuisson-100x100.jpg 100w\" sizes=\"auto, (max-width: 1024px) 100vw, 1024px\" \/><\/figure><div class=\"wp-block-media-text__content\">\n<p class=\"has-black-color has-text-color has-link-color wp-elements-8388fead378c1cae0b6233c386e09352\" style=\"font-size:17px\"><\/p>\n\n\n\n<p class=\"has-black-color has-text-color has-link-color wp-elements-3a6c973e8d45ff4e0a8ecaf27bcf9c84\" style=\"font-size:17px\">\u00ab\u00a0Depuis un an, j&rsquo;ai construis un four \u00e0 bois (train kiln) \u00e0 flamme directe chez moi, 1200 litres utiles, et je commence \u00e0 produire de la c\u00e9ramique en cuisson avec exposition \u00e0 la cendre.\u00a0\u00bb<\/p>\n\n\n\n<p class=\"has-black-color has-text-color has-link-color wp-elements-6245579cbb9505414ec45a2fd43102c3\" style=\"font-size:17px\">\u00ab\u00a0Les n\u00e9cessit\u00e9s commerciales font que j&rsquo;utilise principalement le four \u00e0 gaz. En effet, l&rsquo;implication en four a bois est telle que les prix sont en moyenne 30 \u00e0 50% plus \u00e9lev\u00e9s qu&rsquo;en four \u00e0 gaz. Pour ma client\u00e8le la c\u00e9ramique repr\u00e9sente d\u00e9j\u00e0 un gros budget en four \u00e0 gaz. D&rsquo;un autre c\u00f4t\u00e9, je travaille avec cet outil depuis quelques ann\u00e9es d\u00e9j\u00e0, et je commence a le ma\u00eetriser correctement. C&rsquo;est un m\u00e9tier d\u00e9j\u00e0 tr\u00e8s complexe, et avoir un petit peu de s\u00e9r\u00e9nit\u00e9 est un maigre confort qui s&rsquo;appr\u00e9cie \u00e0 sa juste valeur.\u00a0\u00bb<\/p>\n\n\n\n<p class=\"has-black-color has-text-color has-link-color wp-elements-d4f92c7a04ec7420bf9a37106b68ddc0\" style=\"font-size:17px\">\u00ab\u00a0Pour le four \u00e0 bois, j&rsquo;utilise le bois de ma propre parcelle de 2 hectares de bois. Il y a une grande vari\u00e9t\u00e9 d&rsquo;essences sur cette ancienne friche foresti\u00e8re. En bois dur, j&rsquo;ai principalement du ch\u00eane. J&rsquo;ai \u00e9galement des r\u00e9sineux, de grands pins Douglas. Je les abats moi m\u00eame, et fais venir une scierie mobile pour d\u00e9biter le bois n\u00e9cessaire \u00e0 mes r\u00e9novations sur le lieu que j&rsquo;habite.\u00a0\u00bb<\/p>\n<\/div><\/div>\n\n\n\n<div class=\"wp-block-media-text has-media-on-the-right is-stacked-on-mobile\"><div class=\"wp-block-media-text__content\">\n<p class=\"has-black-color has-text-color has-link-color wp-elements-8388fead378c1cae0b6233c386e09352\" style=\"font-size:17px\"><\/p>\n\n\n\n<p class=\"has-black-color has-text-color has-link-color wp-elements-cca7a66d08499d8237becdc64b0b88dd\" style=\"font-size:17px\">\u00ab\u00a0Tout ce qui n&rsquo;est pas valorisable en bois d&rsquo;oeuvre est d\u00e9di\u00e9 au four. Quand je coupe, je conduis mes arbres en t\u00eatards, pour une exploitation durable, et je replante d\u00e8s que cela est possible. Pour chaque cuisson, je pr\u00e9pare deux lots de bois. Du bois dur, principalement du ch\u00eane, et du bois \u00e0 flamme. Ici, cela peut donc \u00eatre du Douglas, du saule, du bouleau.\u00a0\u00bb<\/p>\n\n\n\n<p class=\"has-black-color has-text-color has-link-color wp-elements-81e7d3e5e7a44e47c241dd626d27e4b4\" style=\"font-size:17px\">\u00ab\u00a0Pour des effets marqu\u00e9s, je pr\u00e9f\u00e8re concentrer des essences distinctes \u00e0 chaque cuisson. J&rsquo;appr\u00e9cie particuli\u00e8rement les bois d&rsquo;eau, riches en calcium, qui donnent des \u00e9maux int\u00e9ressants. Je fais entre 2 et 4 cuissons par an, de 30 \u00e0 48 heures. Le \u00ab\u00a0train kiln\u00a0\u00bb, un four tr\u00e8s r\u00e9actif et polyvalent, permet de cuire en r\u00e9duction propre, presque sans fum\u00e9e ni carbone, ou en oxydation. Sa puissance de tirage engendre des r\u00e9sultats impr\u00e9vus, et la cuisson est relativement courte, rendant chaque param\u00e8tre crucial pour le r\u00e9sultat.\u00a0\u00bb<\/p>\n<\/div><figure class=\"wp-block-media-text__media\"><img loading=\"lazy\" decoding=\"async\" width=\"1024\" height=\"1024\" src=\"https:\/\/www.maisonwabisabi.com\/wp-content\/uploads\/2025\/02\/Claire-BRIANT-Cuisson-train-kiln.jpg\" alt=\"Claire BRIANT - Cuisson train kiln\" class=\"wp-image-33212 size-full\" srcset=\"https:\/\/www.maisonwabisabi.com\/wp-content\/uploads\/2025\/02\/Claire-BRIANT-Cuisson-train-kiln.jpg 1024w, https:\/\/www.maisonwabisabi.com\/wp-content\/uploads\/2025\/02\/Claire-BRIANT-Cuisson-train-kiln-300x300.jpg 300w, https:\/\/www.maisonwabisabi.com\/wp-content\/uploads\/2025\/02\/Claire-BRIANT-Cuisson-train-kiln-150x150.jpg 150w, https:\/\/www.maisonwabisabi.com\/wp-content\/uploads\/2025\/02\/Claire-BRIANT-Cuisson-train-kiln-768x768.jpg 768w, https:\/\/www.maisonwabisabi.com\/wp-content\/uploads\/2025\/02\/Claire-BRIANT-Cuisson-train-kiln-600x600.jpg 600w, https:\/\/www.maisonwabisabi.com\/wp-content\/uploads\/2025\/02\/Claire-BRIANT-Cuisson-train-kiln-100x100.jpg 100w\" sizes=\"auto, (max-width: 1024px) 100vw, 1024px\" \/><\/figure><\/div>\n\n\n\n<div class=\"wp-block-media-text is-stacked-on-mobile\"><figure class=\"wp-block-media-text__media\"><img loading=\"lazy\" decoding=\"async\" width=\"1024\" height=\"1024\" src=\"https:\/\/www.maisonwabisabi.com\/wp-content\/uploads\/2024\/01\/Cyril-DENNERY-Cuisson-de-nuit.jpg\" alt=\"Cyril DENNERY - Cuisson de nuit\" class=\"wp-image-25271 size-full\" srcset=\"https:\/\/www.maisonwabisabi.com\/wp-content\/uploads\/2024\/01\/Cyril-DENNERY-Cuisson-de-nuit.jpg 1024w, https:\/\/www.maisonwabisabi.com\/wp-content\/uploads\/2024\/01\/Cyril-DENNERY-Cuisson-de-nuit-300x300.jpg 300w, https:\/\/www.maisonwabisabi.com\/wp-content\/uploads\/2024\/01\/Cyril-DENNERY-Cuisson-de-nuit-150x150.jpg 150w, https:\/\/www.maisonwabisabi.com\/wp-content\/uploads\/2024\/01\/Cyril-DENNERY-Cuisson-de-nuit-768x768.jpg 768w, https:\/\/www.maisonwabisabi.com\/wp-content\/uploads\/2024\/01\/Cyril-DENNERY-Cuisson-de-nuit-600x600.jpg 600w, https:\/\/www.maisonwabisabi.com\/wp-content\/uploads\/2024\/01\/Cyril-DENNERY-Cuisson-de-nuit-100x100.jpg 100w\" sizes=\"auto, (max-width: 1024px) 100vw, 1024px\" \/><\/figure><div class=\"wp-block-media-text__content\">\n<p><\/p>\n\n\n\n<p class=\"has-black-color has-text-color has-link-color wp-elements-86776f00c5e1a8d1a71cecb866fefa9d\" style=\"font-size:17px\">\u00ab\u00a0En four \u00e0 gaz \u00e9galement. Je travaille des \u00e9maux sur des mati\u00e8res tr\u00e8s capricieuses et je travaille \u00e9norm\u00e9ment en superposition de vaporisation. Les quantit\u00e9s et \u00e9paisseurs en variations infimes vont produire un certain degr\u00e9 de versatilit\u00e9. C&rsquo;est aussi comme \u00e7a que je les aime.\u00a0\u00bb<\/p>\n\n\n\n<p class=\"has-black-color has-text-color has-link-color wp-elements-7d956404af16e2861bc1d39d4c8e0d60\" style=\"font-size:17px\">\u00ab\u00a0Je me nourris bien entendu des mod\u00e8les traditionnels japonais, comme l&rsquo;Oribe et les Shino. A chaque fois, j&rsquo;essaie de m&rsquo;approprier les recettes en utilisant des mat\u00e9riaux locaux. Par exemple le Shino est compos\u00e9 avec du granite local, et mon oribe contient du calcium issu de coquilles d&rsquo;hu\u00eetres calcin\u00e9es. Je cr\u00e9e \u00e9galement mes propres recettes, parfois extr\u00eamement simples, avec de la cendre et de la porcelaine. J&rsquo;aime \u00e9galement les effets de douceur de la micro cristallisation du calcium, je travaille donc beaucoup ces formules contenant diverses sources de calcium : hu\u00eetres, pierre de Loire, pierres calcaires. A titre personnel, j&rsquo;aime les \u00e9maux tr\u00e8s proches des \u00e9l\u00e9ments, ceux dont on peu dire : \u00ab\u00a0l\u00e0 c&rsquo;est cette roche qui s&rsquo;exprime\u00a0\u00bb.<\/p>\n<\/div><\/div>\n\n\n\n<div class=\"wp-block-media-text has-media-on-the-right is-stacked-on-mobile\"><div class=\"wp-block-media-text__content\">\n<p class=\"has-black-color has-text-color has-link-color wp-elements-8388fead378c1cae0b6233c386e09352\" style=\"font-size:17px\"><\/p>\n\n\n\n<p class=\"has-black-color has-text-color has-link-color wp-elements-4732c99ee0d1033fd9a895eead8a5142\" style=\"font-size:17px\">\u00ab\u00a0Je me d\u00e9signe comme artisan d&rsquo;art donc je ne con\u00e7ois pas mon m\u00e9tier dans la redondance. Les mati\u00e8res locales sont des sources le plus souvent finies. Tout \u00e9volue. Cela d\u00e9pend des mati\u00e8res que j&rsquo;ai \u00e0 disposition, mais \u00e9galement des commandes que l&rsquo;on me passe. J&rsquo;essaie de proposer de nouvelles choses constamment \u00e0 mes clients en essayant de rester dans leur univers. Il n&rsquo;est pas rare apr\u00e8s plusieurs ann\u00e9es \u00e0 suivre une collaboration sur une m\u00eame th\u00e9matique de passer \u00e0 une 2\u00e8me phase tr\u00e8s distincte. Je peux alors repartir de z\u00e9ro, et cr\u00e9er quelque chose d&rsquo;enti\u00e8rement in\u00e9dit pour le m\u00eame restaurant. C&rsquo;est un \u00e9change qui nous nourrit tous les deux en suivant nos \u00e9volutions personnelles.\u00a0\u00bb<\/p>\n\n\n\n<p class=\"has-black-color has-text-color has-link-color wp-elements-3d79149ef53ffa0718cc0376d983919f\" style=\"font-size:17px\">\u00ab\u00a0Je donnais des cours particuliers, les 1\u00e8res ann\u00e9es pour payer l&rsquo;atelier, mais j&rsquo;ai arr\u00eat\u00e9. Mon lieu est vou\u00e9 \u00e0 devenir un lieu de r\u00e9sidence o\u00f9 chacun vient avec un projet et de l&rsquo;autonomie. Je n&rsquo;ai pas eu l&rsquo;occasion d&rsquo;avoir de gens motiv\u00e9s pour pousser au niveau technique, et je n&rsquo;y trouve pas mon compte. J&rsquo;ai \u00e9galement la chance de vivre de ma cr\u00e9ation. Je commence a reprendre des stagiaires \u00e9tudiant en \u00e9cole de c\u00e9ramique, mais je suis tr\u00e8s select.\u00a0\u00bb<\/p>\n<\/div><figure class=\"wp-block-media-text__media\"><img decoding=\"async\" src=\"https:\/\/www.maisonwabisabi.com\/wp-content\/uploads\/2024\/03\/H24CyrDENNFRYUN5-Face2.jpg\" alt=\"Tasse \u00e9vas\u00e9e - Cyril DENNERY\" class=\"wp-image-25900 size-full\"\/><\/figure><\/div>\n\n\n\n<div class=\"wp-block-media-text is-stacked-on-mobile\"><figure class=\"wp-block-media-text__media\"><img loading=\"lazy\" decoding=\"async\" width=\"1024\" height=\"1024\" src=\"https:\/\/www.maisonwabisabi.com\/wp-content\/uploads\/2024\/01\/Cyril-DENNERY-Tour.jpg\" alt=\"Cyril DENNERY - Tour\" class=\"wp-image-25723 size-full\" srcset=\"https:\/\/www.maisonwabisabi.com\/wp-content\/uploads\/2024\/01\/Cyril-DENNERY-Tour.jpg 1024w, https:\/\/www.maisonwabisabi.com\/wp-content\/uploads\/2024\/01\/Cyril-DENNERY-Tour-300x300.jpg 300w, https:\/\/www.maisonwabisabi.com\/wp-content\/uploads\/2024\/01\/Cyril-DENNERY-Tour-150x150.jpg 150w, https:\/\/www.maisonwabisabi.com\/wp-content\/uploads\/2024\/01\/Cyril-DENNERY-Tour-768x768.jpg 768w, https:\/\/www.maisonwabisabi.com\/wp-content\/uploads\/2024\/01\/Cyril-DENNERY-Tour-600x600.jpg 600w, https:\/\/www.maisonwabisabi.com\/wp-content\/uploads\/2024\/01\/Cyril-DENNERY-Tour-100x100.jpg 100w\" sizes=\"auto, (max-width: 1024px) 100vw, 1024px\" \/><\/figure><div class=\"wp-block-media-text__content\">\n<p><\/p>\n\n\n\n<p class=\"has-black-color has-text-color\" style=\"font-size:17px\">\u00ab\u00a0Concernant la transmission du savoir-faire, j&rsquo;ai commenc\u00e9 <a href=\"https:\/\/www.youtube.com\/@CyrilDennery_le200\" target=\"_blank\" rel=\"noreferrer noopener\">ma propre cha\u00eene YouTube<\/a>, que je mets \u00e0 jour de temps en temps. Elle est appr\u00e9ci\u00e9e et me permet de rencontrer des personnes, parfois simplement pour poser des questions, parfois pour visiter mon atelier. C&rsquo;est une excellente mani\u00e8re de partager des connaissances de mani\u00e8re efficace, car les gens qui me contactent sont dans une d\u00e9marche de recherche. C&rsquo;est un juste retour et c&rsquo;est tr\u00e8s nourrissant. La connaissance est faite pour \u00eatre partag\u00e9e, pour nourrir le chemin de chacun et donner forme \u00e0 la diversit\u00e9 infinie de la cr\u00e9ation.<\/p>\n\n\n\n<p class=\"has-black-color has-text-color has-link-color wp-elements-0120843535e3c2f92016e10e8989a47c\" style=\"font-size:17px\">\u00ab\u00a0C&rsquo;est un chemin de vie, entier et sans concession. Si on le souhaite, il peut \u00eatre le point de d\u00e9part de toutes les pratiques. Pour la terre, j&rsquo;ai pratiqu\u00e9 des retraites de m\u00e9ditation intense pour \u00e9lever mon esprit et accueillir la dimension universelle de ce m\u00e9tier. J&rsquo;ai aussi \u00e9tudi\u00e9 la g\u00e9ologie pour comprendre d&rsquo;o\u00f9 elle vient et la science du sol pour savoir ce qu&rsquo;elle devient. Cette pratique a mobilis\u00e9 mes connaissances en art, en architecture, en gestion de projet, ainsi que les ressources techniques et scientifiques h\u00e9rit\u00e9es de ma famille. Ce m\u00e9tier requiert des comp\u00e9tences vari\u00e9es, de la ma\u00e7onnerie au m\u00e9tal, du bois \u00e0 l&rsquo;\u00e9lectronique. C&rsquo;est une vie compl\u00e8te, qui m&rsquo;a permis de devenir un homme \u00e9panoui.\u00a0\u00bb<\/p>\n<\/div><\/div>\n\n\n\n<div class=\"wp-block-media-text has-media-on-the-right is-stacked-on-mobile\"><div class=\"wp-block-media-text__content\">\n<p><\/p>\n\n\n\n<h3 class=\"wp-block-heading has-black-color has-text-color has-link-color wp-elements-9984fa9aa6e3b9c7163387737479ed00\" style=\"font-size:17px\"><strong><mark style=\"background-color:rgba(0, 0, 0, 0);color:#7d4e2d\" class=\"has-inline-color\">Cyril DENNERY en 5 dates importantes :<\/mark><\/strong><\/h3>\n\n\n\n<p class=\"has-black-color has-text-color has-link-color wp-elements-2fa2e69538df42149d40d2be318a499e\" style=\"font-size:17px\">D\u00e9cembre 2009 : D\u00e9couverte du tour \u00e0 pied.<\/p>\n\n\n\n<p class=\"has-black-color has-text-color has-link-color wp-elements-ff0847352939f62b405c5aacbb690056\" style=\"font-size:17px\">Janvier 2012 : Ouverture de mon atelier de c\u00e9ramique \u00e0 Quiberon.<\/p>\n\n\n\n<p class=\"has-black-color has-text-color has-link-color wp-elements-55516be02fa7d14d468ce35d364190be\" style=\"font-size:17px\">Printemps 2013 : Travers\u00e9e du d\u00e9sert et livraison de mes premi\u00e8res assiettes \u00e0 un restaurant gastronomique.<\/p>\n\n\n\n<p class=\"has-black-color has-text-color has-link-color wp-elements-fcaa224f3e4b6914f35af2337d0eb214\" style=\"font-size:17px\">Printemps 2015 : Apr\u00e8s 2 ans \u00e0 travailler pour un restaurant et gagner en technique, je commence \u00e0 travailler pour d&rsquo;autres restaurants et commence \u00e0 cr\u00e9er des s\u00e9ries diff\u00e9rentes.<\/p>\n\n\n\n<p class=\"has-black-color has-text-color has-link-color wp-elements-f5f2f57808c0615a734a619060109ff7\" style=\"font-size:17px\">Automne 2022 : Construction d&rsquo;un \u00ab\u00a0<a href=\"https:\/\/researchrepository.wvu.edu\/cgi\/viewcontent.cgi?article=11978&amp;context=etd\" target=\"_blank\" rel=\"noreferrer noopener\"><mark style=\"background-color:rgba(0, 0, 0, 0);color:#8d9a83\" class=\"has-inline-color\">Train kiln<\/mark><\/a>\u00ab\u00a0, four \u00e0 bois a flamme directe, et d\u00e9but de productions artistiques.<\/p>\n\n\n\n<p class=\"has-black-color has-text-color has-link-color wp-elements-f7459a2b9f39cd756ecc4d11976be37b\" style=\"font-size:17px\">\u00ab\u00a0Travailler avec les restaurants est une chance incroyable. Chaque service touche 20 clients, avec 7 plats, deux fois par jour, 300 jours par an, soit 12 000 personnes et 84 000 sourires annuels. Une assiette peut durer 5 ans en moyenne, touchant 3 000 personnes. Savoir qu&rsquo;on am\u00e9liore leurs journ\u00e9es, c&rsquo;est enchanter le monde chaque jour. C&rsquo;est pourquoi j&rsquo;aime mon m\u00e9tier et continue \u00e0 cr\u00e9er de belles \u0153uvres avec des gestes simples.\u00a0\u00bb<\/p>\n<\/div><figure class=\"wp-block-media-text__media\"><img loading=\"lazy\" decoding=\"async\" width=\"1024\" height=\"1024\" src=\"https:\/\/www.maisonwabisabi.com\/wp-content\/uploads\/2024\/01\/Cyril-DENNERY-Style2.jpg\" alt=\"Cyril DENNERY - Style2\" class=\"wp-image-25275 size-full\" srcset=\"https:\/\/www.maisonwabisabi.com\/wp-content\/uploads\/2024\/01\/Cyril-DENNERY-Style2.jpg 1024w, https:\/\/www.maisonwabisabi.com\/wp-content\/uploads\/2024\/01\/Cyril-DENNERY-Style2-300x300.jpg 300w, https:\/\/www.maisonwabisabi.com\/wp-content\/uploads\/2024\/01\/Cyril-DENNERY-Style2-150x150.jpg 150w, https:\/\/www.maisonwabisabi.com\/wp-content\/uploads\/2024\/01\/Cyril-DENNERY-Style2-768x768.jpg 768w, https:\/\/www.maisonwabisabi.com\/wp-content\/uploads\/2024\/01\/Cyril-DENNERY-Style2-600x600.jpg 600w, https:\/\/www.maisonwabisabi.com\/wp-content\/uploads\/2024\/01\/Cyril-DENNERY-Style2-100x100.jpg 100w\" sizes=\"auto, (max-width: 1024px) 100vw, 1024px\" \/><\/figure><\/div>\n\n\n\n<div style=\"height:20px\" aria-hidden=\"true\" class=\"wp-block-spacer\"><\/div>\n\n\n\n<p class=\"has-text-align-center has-black-color has-text-color\" style=\"font-size:15px\">Source des photos et des textes : Cyril DENNERY et Yann san<\/p>\n\n\n\n<div style=\"height:100px\" aria-hidden=\"true\" class=\"wp-block-spacer\"><\/div>","protected":false},"excerpt":{"rendered":"<p>Cyril DENNERY et ses cr\u00e9ations (1984-) Originaire de Boulogne-sur-mer, dans le Pas de Calais. Famille d&rsquo;ing\u00e9nieurs du cot\u00e9 de son [&hellip;]<\/p>\n","protected":false},"author":1,"featured_media":0,"comment_status":"closed","ping_status":"closed","sticky":false,"template":"","format":"standard","meta":{"site-sidebar-layout":"default","site-content-layout":"","ast-site-content-layout":"default","site-content-style":"default","site-sidebar-style":"default","ast-global-header-display":"","ast-banner-title-visibility":"","ast-main-header-display":"","ast-hfb-above-header-display":"","ast-hfb-below-header-display":"","ast-hfb-mobile-header-display":"","site-post-title":"disabled","ast-breadcrumbs-content":"","ast-featured-img":"","footer-sml-layout":"","ast-disable-related-posts":"","theme-transparent-header-meta":"","adv-header-id-meta":"","stick-header-meta":"","header-above-stick-meta":"","header-main-stick-meta":"","header-below-stick-meta":"","astra-migrate-meta-layouts":"default","ast-page-background-enabled":"default","ast-page-background-meta":{"desktop":{"background-color":"var(--ast-global-color-5)","background-image":"","background-repeat":"repeat","background-position":"center center","background-size":"auto","background-attachment":"scroll","background-type":"","background-media":"","overlay-type":"","overlay-color":"","overlay-opacity":"","overlay-gradient":""},"tablet":{"background-color":"","background-image":"","background-repeat":"repeat","background-position":"center center","background-size":"auto","background-attachment":"scroll","background-type":"","background-media":"","overlay-type":"","overlay-color":"","overlay-opacity":"","overlay-gradient":""},"mobile":{"background-color":"","background-image":"","background-repeat":"repeat","background-position":"center center","background-size":"auto","background-attachment":"scroll","background-type":"","background-media":"","overlay-type":"","overlay-color":"","overlay-opacity":"","overlay-gradient":""}},"ast-content-background-meta":{"desktop":{"background-color":"var(--ast-global-color-4)","background-image":"","background-repeat":"repeat","background-position":"center center","background-size":"auto","background-attachment":"scroll","background-type":"","background-media":"","overlay-type":"","overlay-color":"","overlay-opacity":"","overlay-gradient":""},"tablet":{"background-color":"var(--ast-global-color-4)","background-image":"","background-repeat":"repeat","background-position":"center center","background-size":"auto","background-attachment":"scroll","background-type":"","background-media":"","overlay-type":"","overlay-color":"","overlay-opacity":"","overlay-gradient":""},"mobile":{"background-color":"var(--ast-global-color-4)","background-image":"","background-repeat":"repeat","background-position":"center center","background-size":"auto","background-attachment":"scroll","background-type":"","background-media":"","overlay-type":"","overlay-color":"","overlay-opacity":"","overlay-gradient":""}},"footnotes":""},"categories":[76],"tags":[],"class_list":["post-25270","post","type-post","status-publish","format-standard","hentry","category-ceramistes"],"yoast_head":"<!-- This site is optimized with the Yoast SEO plugin v27.5 - https:\/\/yoast.com\/product\/yoast-seo-wordpress\/ -->\n<title>Cyril DENNERY - Maison Wabi-Sabi - C\u00e9ramistes<\/title>\n<meta name=\"description\" content=\"Cyril DENNERY est au Croisty, dans le Morbihan, en Bretagne. H\u00e2te de vous pr\u00e9senter ses cr\u00e9ations dans la boutique. C\u00e9ramique fran\u00e7aise.\" \/>\n<meta name=\"robots\" content=\"index, follow, max-snippet:-1, max-image-preview:large, max-video-preview:-1\" \/>\n<link rel=\"canonical\" href=\"https:\/\/www.maisonwabisabi.com\/en\/cyril-dennery\/\" \/>\n<meta property=\"og:locale\" content=\"en_GB\" \/>\n<meta property=\"og:type\" content=\"article\" \/>\n<meta property=\"og:title\" content=\"Cyril DENNERY - Maison Wabi-Sabi - C\u00e9ramistes\" \/>\n<meta property=\"og:description\" content=\"Cyril DENNERY est au Croisty, dans le Morbihan, en Bretagne. H\u00e2te de vous pr\u00e9senter ses cr\u00e9ations dans la boutique. C\u00e9ramique fran\u00e7aise.\" \/>\n<meta property=\"og:url\" content=\"https:\/\/www.maisonwabisabi.com\/en\/cyril-dennery\/\" \/>\n<meta property=\"og:site_name\" content=\"Maison Wabi-Sabi\" \/>\n<meta property=\"article:publisher\" content=\"https:\/\/www.facebook.com\/MaisonWabiSabi\" \/>\n<meta property=\"article:author\" content=\"https:\/\/www.facebook.com\/MaisonWabiSabi\" \/>\n<meta property=\"article:published_time\" content=\"2024-01-27T23:23:01+00:00\" \/>\n<meta property=\"article:modified_time\" content=\"2025-10-21T19:04:52+00:00\" \/>\n<meta property=\"og:image\" content=\"https:\/\/www.maisonwabisabi.com\/wp-content\/uploads\/2024\/01\/Cyril-DENNERY-Portrait.jpg\" \/>\n\t<meta property=\"og:image:width\" content=\"1024\" \/>\n\t<meta property=\"og:image:height\" content=\"1024\" \/>\n\t<meta property=\"og:image:type\" content=\"image\/jpeg\" \/>\n<meta name=\"author\" content=\"Yann san\" \/>\n<meta name=\"twitter:card\" content=\"summary_large_image\" \/>\n<meta name=\"twitter:label1\" content=\"Written by\" \/>\n\t<meta name=\"twitter:data1\" content=\"Yann san\" \/>\n\t<meta name=\"twitter:label2\" content=\"Estimated reading time\" \/>\n\t<meta name=\"twitter:data2\" content=\"12 minutes\" \/>\n<script type=\"application\/ld+json\" class=\"yoast-schema-graph\">{\"@context\":\"https:\\\/\\\/schema.org\",\"@graph\":[{\"@type\":\"Article\",\"@id\":\"https:\\\/\\\/www.maisonwabisabi.com\\\/cyril-dennery\\\/#article\",\"isPartOf\":{\"@id\":\"https:\\\/\\\/www.maisonwabisabi.com\\\/cyril-dennery\\\/\"},\"author\":{\"name\":\"Yann san\",\"@id\":\"https:\\\/\\\/www.maisonwabisabi.com\\\/#\\\/schema\\\/person\\\/b2458bb9fa2737d1a11eabc63d3aabc9\"},\"headline\":\"Rencontre avec Cyril DENNERY C\u00e9ramiste fran\u00e7ais au Croisty\",\"datePublished\":\"2024-01-27T23:23:01+00:00\",\"dateModified\":\"2025-10-21T19:04:52+00:00\",\"mainEntityOfPage\":{\"@id\":\"https:\\\/\\\/www.maisonwabisabi.com\\\/cyril-dennery\\\/\"},\"wordCount\":2047,\"publisher\":{\"@id\":\"https:\\\/\\\/www.maisonwabisabi.com\\\/#organization\"},\"image\":{\"@id\":\"https:\\\/\\\/www.maisonwabisabi.com\\\/cyril-dennery\\\/#primaryimage\"},\"thumbnailUrl\":\"https:\\\/\\\/www.maisonwabisabi.com\\\/wp-content\\\/uploads\\\/2024\\\/01\\\/Cyril-DENNERY-Portrait.jpg\",\"articleSection\":[\"C\u00e9ramistes\"],\"inLanguage\":\"en-GB\"},{\"@type\":\"WebPage\",\"@id\":\"https:\\\/\\\/www.maisonwabisabi.com\\\/cyril-dennery\\\/\",\"url\":\"https:\\\/\\\/www.maisonwabisabi.com\\\/cyril-dennery\\\/\",\"name\":\"Cyril DENNERY - Maison Wabi-Sabi - C\u00e9ramistes\",\"isPartOf\":{\"@id\":\"https:\\\/\\\/www.maisonwabisabi.com\\\/#website\"},\"primaryImageOfPage\":{\"@id\":\"https:\\\/\\\/www.maisonwabisabi.com\\\/cyril-dennery\\\/#primaryimage\"},\"image\":{\"@id\":\"https:\\\/\\\/www.maisonwabisabi.com\\\/cyril-dennery\\\/#primaryimage\"},\"thumbnailUrl\":\"https:\\\/\\\/www.maisonwabisabi.com\\\/wp-content\\\/uploads\\\/2024\\\/01\\\/Cyril-DENNERY-Portrait.jpg\",\"datePublished\":\"2024-01-27T23:23:01+00:00\",\"dateModified\":\"2025-10-21T19:04:52+00:00\",\"description\":\"Cyril DENNERY est au Croisty, dans le Morbihan, en Bretagne. H\u00e2te de vous pr\u00e9senter ses cr\u00e9ations dans la boutique. C\u00e9ramique fran\u00e7aise.\",\"breadcrumb\":{\"@id\":\"https:\\\/\\\/www.maisonwabisabi.com\\\/cyril-dennery\\\/#breadcrumb\"},\"inLanguage\":\"en-GB\",\"potentialAction\":[{\"@type\":\"ReadAction\",\"target\":[\"https:\\\/\\\/www.maisonwabisabi.com\\\/cyril-dennery\\\/\"]}]},{\"@type\":\"ImageObject\",\"inLanguage\":\"en-GB\",\"@id\":\"https:\\\/\\\/www.maisonwabisabi.com\\\/cyril-dennery\\\/#primaryimage\",\"url\":\"https:\\\/\\\/www.maisonwabisabi.com\\\/wp-content\\\/uploads\\\/2024\\\/01\\\/Cyril-DENNERY-Portrait.jpg\",\"contentUrl\":\"https:\\\/\\\/www.maisonwabisabi.com\\\/wp-content\\\/uploads\\\/2024\\\/01\\\/Cyril-DENNERY-Portrait.jpg\"},{\"@type\":\"BreadcrumbList\",\"@id\":\"https:\\\/\\\/www.maisonwabisabi.com\\\/cyril-dennery\\\/#breadcrumb\",\"itemListElement\":[{\"@type\":\"ListItem\",\"position\":1,\"name\":\"Bienvenue\",\"item\":\"https:\\\/\\\/www.maisonwabisabi.com\\\/\"},{\"@type\":\"ListItem\",\"position\":2,\"name\":\"Rencontre avec Cyril DENNERY C\u00e9ramiste fran\u00e7ais au Croisty\"}]},{\"@type\":\"WebSite\",\"@id\":\"https:\\\/\\\/www.maisonwabisabi.com\\\/#website\",\"url\":\"https:\\\/\\\/www.maisonwabisabi.com\\\/\",\"name\":\"Maison Wabi-Sabi\",\"description\":\"\",\"publisher\":{\"@id\":\"https:\\\/\\\/www.maisonwabisabi.com\\\/#organization\"},\"potentialAction\":[{\"@type\":\"SearchAction\",\"target\":{\"@type\":\"EntryPoint\",\"urlTemplate\":\"https:\\\/\\\/www.maisonwabisabi.com\\\/?s={search_term_string}\"},\"query-input\":{\"@type\":\"PropertyValueSpecification\",\"valueRequired\":true,\"valueName\":\"search_term_string\"}}],\"inLanguage\":\"en-GB\"},{\"@type\":\"Organization\",\"@id\":\"https:\\\/\\\/www.maisonwabisabi.com\\\/#organization\",\"name\":\"Maison Wabi-Sabi\",\"url\":\"https:\\\/\\\/www.maisonwabisabi.com\\\/\",\"logo\":{\"@type\":\"ImageObject\",\"inLanguage\":\"en-GB\",\"@id\":\"https:\\\/\\\/www.maisonwabisabi.com\\\/#\\\/schema\\\/logo\\\/image\\\/\",\"url\":\"https:\\\/\\\/www.maisonwabisabi.com\\\/wp-content\\\/uploads\\\/2021\\\/11\\\/Logo-de-maison-Wabi-Sabi.jpg\",\"contentUrl\":\"https:\\\/\\\/www.maisonwabisabi.com\\\/wp-content\\\/uploads\\\/2021\\\/11\\\/Logo-de-maison-Wabi-Sabi.jpg\",\"width\":1024,\"height\":1024,\"caption\":\"Maison Wabi-Sabi\"},\"image\":{\"@id\":\"https:\\\/\\\/www.maisonwabisabi.com\\\/#\\\/schema\\\/logo\\\/image\\\/\"},\"sameAs\":[\"https:\\\/\\\/www.facebook.com\\\/MaisonWabiSabi\",\"https:\\\/\\\/www.instagram.com\\\/maison.wabi.sabi\\\/?hl=fr\",\"https:\\\/\\\/www.linkedin.com\\\/company\\\/69088467\"]},{\"@type\":\"Person\",\"@id\":\"https:\\\/\\\/www.maisonwabisabi.com\\\/#\\\/schema\\\/person\\\/b2458bb9fa2737d1a11eabc63d3aabc9\",\"name\":\"Yann san\",\"sameAs\":[\"https:\\\/\\\/www.maisonwabisabi.com\",\"https:\\\/\\\/www.facebook.com\\\/MaisonWabiSabi\",\"https:\\\/\\\/www.instagram.com\\\/maison.wabi.sabi\\\/\"],\"url\":\"https:\\\/\\\/www.maisonwabisabi.com\\\/en\\\/author\\\/4729952\\\/\"}]}<\/script>\n<!-- \/ Yoast SEO plugin. -->","yoast_head_json":{"title":"Cyril DENNERY - Maison Wabi-Sabi - C\u00e9ramistes","description":"Cyril DENNERY est au Croisty, dans le Morbihan, en Bretagne. H\u00e2te de vous pr\u00e9senter ses cr\u00e9ations dans la boutique. C\u00e9ramique fran\u00e7aise.","robots":{"index":"index","follow":"follow","max-snippet":"max-snippet:-1","max-image-preview":"max-image-preview:large","max-video-preview":"max-video-preview:-1"},"canonical":"https:\/\/www.maisonwabisabi.com\/en\/cyril-dennery\/","og_locale":"en_GB","og_type":"article","og_title":"Cyril DENNERY - Maison Wabi-Sabi - C\u00e9ramistes","og_description":"Cyril DENNERY est au Croisty, dans le Morbihan, en Bretagne. H\u00e2te de vous pr\u00e9senter ses cr\u00e9ations dans la boutique. C\u00e9ramique fran\u00e7aise.","og_url":"https:\/\/www.maisonwabisabi.com\/en\/cyril-dennery\/","og_site_name":"Maison Wabi-Sabi","article_publisher":"https:\/\/www.facebook.com\/MaisonWabiSabi","article_author":"https:\/\/www.facebook.com\/MaisonWabiSabi","article_published_time":"2024-01-27T23:23:01+00:00","article_modified_time":"2025-10-21T19:04:52+00:00","og_image":[{"width":1024,"height":1024,"url":"https:\/\/www.maisonwabisabi.com\/wp-content\/uploads\/2024\/01\/Cyril-DENNERY-Portrait.jpg","type":"image\/jpeg"}],"author":"Yann san","twitter_card":"summary_large_image","twitter_misc":{"Written by":"Yann san","Estimated reading time":"12 minutes"},"schema":{"@context":"https:\/\/schema.org","@graph":[{"@type":"Article","@id":"https:\/\/www.maisonwabisabi.com\/cyril-dennery\/#article","isPartOf":{"@id":"https:\/\/www.maisonwabisabi.com\/cyril-dennery\/"},"author":{"name":"Yann san","@id":"https:\/\/www.maisonwabisabi.com\/#\/schema\/person\/b2458bb9fa2737d1a11eabc63d3aabc9"},"headline":"Rencontre avec Cyril DENNERY C\u00e9ramiste fran\u00e7ais au Croisty","datePublished":"2024-01-27T23:23:01+00:00","dateModified":"2025-10-21T19:04:52+00:00","mainEntityOfPage":{"@id":"https:\/\/www.maisonwabisabi.com\/cyril-dennery\/"},"wordCount":2047,"publisher":{"@id":"https:\/\/www.maisonwabisabi.com\/#organization"},"image":{"@id":"https:\/\/www.maisonwabisabi.com\/cyril-dennery\/#primaryimage"},"thumbnailUrl":"https:\/\/www.maisonwabisabi.com\/wp-content\/uploads\/2024\/01\/Cyril-DENNERY-Portrait.jpg","articleSection":["C\u00e9ramistes"],"inLanguage":"en-GB"},{"@type":"WebPage","@id":"https:\/\/www.maisonwabisabi.com\/cyril-dennery\/","url":"https:\/\/www.maisonwabisabi.com\/cyril-dennery\/","name":"Cyril DENNERY - Maison Wabi-Sabi - C\u00e9ramistes","isPartOf":{"@id":"https:\/\/www.maisonwabisabi.com\/#website"},"primaryImageOfPage":{"@id":"https:\/\/www.maisonwabisabi.com\/cyril-dennery\/#primaryimage"},"image":{"@id":"https:\/\/www.maisonwabisabi.com\/cyril-dennery\/#primaryimage"},"thumbnailUrl":"https:\/\/www.maisonwabisabi.com\/wp-content\/uploads\/2024\/01\/Cyril-DENNERY-Portrait.jpg","datePublished":"2024-01-27T23:23:01+00:00","dateModified":"2025-10-21T19:04:52+00:00","description":"Cyril DENNERY est au Croisty, dans le Morbihan, en Bretagne. H\u00e2te de vous pr\u00e9senter ses cr\u00e9ations dans la boutique. C\u00e9ramique fran\u00e7aise.","breadcrumb":{"@id":"https:\/\/www.maisonwabisabi.com\/cyril-dennery\/#breadcrumb"},"inLanguage":"en-GB","potentialAction":[{"@type":"ReadAction","target":["https:\/\/www.maisonwabisabi.com\/cyril-dennery\/"]}]},{"@type":"ImageObject","inLanguage":"en-GB","@id":"https:\/\/www.maisonwabisabi.com\/cyril-dennery\/#primaryimage","url":"https:\/\/www.maisonwabisabi.com\/wp-content\/uploads\/2024\/01\/Cyril-DENNERY-Portrait.jpg","contentUrl":"https:\/\/www.maisonwabisabi.com\/wp-content\/uploads\/2024\/01\/Cyril-DENNERY-Portrait.jpg"},{"@type":"BreadcrumbList","@id":"https:\/\/www.maisonwabisabi.com\/cyril-dennery\/#breadcrumb","itemListElement":[{"@type":"ListItem","position":1,"name":"Bienvenue","item":"https:\/\/www.maisonwabisabi.com\/"},{"@type":"ListItem","position":2,"name":"Rencontre avec Cyril DENNERY C\u00e9ramiste fran\u00e7ais au Croisty"}]},{"@type":"WebSite","@id":"https:\/\/www.maisonwabisabi.com\/#website","url":"https:\/\/www.maisonwabisabi.com\/","name":"Maison Wabi-Sabi","description":"","publisher":{"@id":"https:\/\/www.maisonwabisabi.com\/#organization"},"potentialAction":[{"@type":"SearchAction","target":{"@type":"EntryPoint","urlTemplate":"https:\/\/www.maisonwabisabi.com\/?s={search_term_string}"},"query-input":{"@type":"PropertyValueSpecification","valueRequired":true,"valueName":"search_term_string"}}],"inLanguage":"en-GB"},{"@type":"Organization","@id":"https:\/\/www.maisonwabisabi.com\/#organization","name":"Maison Wabi-Sabi","url":"https:\/\/www.maisonwabisabi.com\/","logo":{"@type":"ImageObject","inLanguage":"en-GB","@id":"https:\/\/www.maisonwabisabi.com\/#\/schema\/logo\/image\/","url":"https:\/\/www.maisonwabisabi.com\/wp-content\/uploads\/2021\/11\/Logo-de-maison-Wabi-Sabi.jpg","contentUrl":"https:\/\/www.maisonwabisabi.com\/wp-content\/uploads\/2021\/11\/Logo-de-maison-Wabi-Sabi.jpg","width":1024,"height":1024,"caption":"Maison Wabi-Sabi"},"image":{"@id":"https:\/\/www.maisonwabisabi.com\/#\/schema\/logo\/image\/"},"sameAs":["https:\/\/www.facebook.com\/MaisonWabiSabi","https:\/\/www.instagram.com\/maison.wabi.sabi\/?hl=fr","https:\/\/www.linkedin.com\/company\/69088467"]},{"@type":"Person","@id":"https:\/\/www.maisonwabisabi.com\/#\/schema\/person\/b2458bb9fa2737d1a11eabc63d3aabc9","name":"Yann san","sameAs":["https:\/\/www.maisonwabisabi.com","https:\/\/www.facebook.com\/MaisonWabiSabi","https:\/\/www.instagram.com\/maison.wabi.sabi\/"],"url":"https:\/\/www.maisonwabisabi.com\/en\/author\/4729952\/"}]}},"_links":{"self":[{"href":"https:\/\/www.maisonwabisabi.com\/en\/wp-json\/wp\/v2\/posts\/25270","targetHints":{"allow":["GET"]}}],"collection":[{"href":"https:\/\/www.maisonwabisabi.com\/en\/wp-json\/wp\/v2\/posts"}],"about":[{"href":"https:\/\/www.maisonwabisabi.com\/en\/wp-json\/wp\/v2\/types\/post"}],"author":[{"embeddable":true,"href":"https:\/\/www.maisonwabisabi.com\/en\/wp-json\/wp\/v2\/users\/1"}],"replies":[{"embeddable":true,"href":"https:\/\/www.maisonwabisabi.com\/en\/wp-json\/wp\/v2\/comments?post=25270"}],"version-history":[{"count":2,"href":"https:\/\/www.maisonwabisabi.com\/en\/wp-json\/wp\/v2\/posts\/25270\/revisions"}],"predecessor-version":[{"id":38197,"href":"https:\/\/www.maisonwabisabi.com\/en\/wp-json\/wp\/v2\/posts\/25270\/revisions\/38197"}],"wp:attachment":[{"href":"https:\/\/www.maisonwabisabi.com\/en\/wp-json\/wp\/v2\/media?parent=25270"}],"wp:term":[{"taxonomy":"category","embeddable":true,"href":"https:\/\/www.maisonwabisabi.com\/en\/wp-json\/wp\/v2\/categories?post=25270"},{"taxonomy":"post_tag","embeddable":true,"href":"https:\/\/www.maisonwabisabi.com\/en\/wp-json\/wp\/v2\/tags?post=25270"}],"curies":[{"name":"wp","href":"https:\/\/api.w.org\/{rel}","templated":true}]}}