{"id":21403,"date":"2023-09-13T01:01:09","date_gmt":"2023-09-12T23:01:09","guid":{"rendered":"https:\/\/www.maisonwabisabi.com\/?p=21403"},"modified":"2025-10-22T22:58:49","modified_gmt":"2025-10-22T20:58:49","slug":"so-isezaki","status":"publish","type":"post","link":"https:\/\/www.maisonwabisabi.com\/en\/so-isezaki\/","title":{"rendered":"Rencontre avec S\u014d ISEZAKI \u4f0a\u52e2\ufa11\u5275 C\u00e9ramiste japonais \u00e0 Inbe\/Bizen"},"content":{"rendered":"<div style=\"height:20px\" aria-hidden=\"true\" class=\"wp-block-spacer\"><\/div>\n\n\n\n<div class=\"wp-block-media-text is-stacked-on-mobile\"><figure class=\"wp-block-media-text__media\"><img loading=\"lazy\" decoding=\"async\" width=\"1024\" height=\"1024\" src=\"https:\/\/www.maisonwabisabi.com\/wp-content\/uploads\/2023\/07\/So-ISEZAKI-Portrait.jpg\" alt=\"So\u0304 ISEZAKI \u4f0a\u52e2\ufa11\u5275 - Portrait\" class=\"wp-image-20178 size-full\" srcset=\"https:\/\/www.maisonwabisabi.com\/wp-content\/uploads\/2023\/07\/So-ISEZAKI-Portrait.jpg 1024w, https:\/\/www.maisonwabisabi.com\/wp-content\/uploads\/2023\/07\/So-ISEZAKI-Portrait-300x300.jpg 300w, https:\/\/www.maisonwabisabi.com\/wp-content\/uploads\/2023\/07\/So-ISEZAKI-Portrait-150x150.jpg 150w, https:\/\/www.maisonwabisabi.com\/wp-content\/uploads\/2023\/07\/So-ISEZAKI-Portrait-768x768.jpg 768w, https:\/\/www.maisonwabisabi.com\/wp-content\/uploads\/2023\/07\/So-ISEZAKI-Portrait-600x600.jpg 600w, https:\/\/www.maisonwabisabi.com\/wp-content\/uploads\/2023\/07\/So-ISEZAKI-Portrait-100x100.jpg 100w\" sizes=\"auto, (max-width: 1024px) 100vw, 1024px\" \/><\/figure><div class=\"wp-block-media-text__content\">\n<p><\/p>\n\n\n\n<h2 class=\"wp-block-heading has-black-color has-text-color\" style=\"font-size:21px\"><strong>S\u014d ISEZAKI et ses cr\u00e9ations<\/strong><\/h2>\n\n\n\n<p class=\"has-black-color has-text-color\" style=\"font-size:17px\">(1968-)<\/p>\n\n\n\n<p class=\"has-black-color has-text-color\" style=\"font-size:17px\">Originaire de Bizen, dans la pr\u00e9fecture d&rsquo;Okayama. Le studio de ISEZAKI san et le Four Y\u014dzangama \u967d\u5c71\u7aaf sont ancr\u00e9s dans l&rsquo;histoire de Bizen-yaki. Il est le 3\u00e8me fils de Mitsuru ISEZAKI \u4f0a\u52e2\u5d0e\u6e80 (1934-). En 2001, il construit son four Noborigama et devient ind\u00e9pendant. Depuis, il a r\u00e9alis\u00e9 des expositions personnelles dans tout le pays. En plus de la poterie, il produit \u00e9galement des murs et des reliefs en c\u00e9ramique.<\/p>\n\n\n\n<p class=\"has-black-color has-text-color\" style=\"font-size:17px\">\u00ab\u00a0Pour ma part, je suis un Potier. Nous ne cr\u00e9ons pas seulement des \u0153uvres d&rsquo;art, nous cr\u00e9ons \u00e9galement des objets du quotidien. \u00c0 mon avis, les gens qui se disent Artistes potiers ne cr\u00e9ent pas d\u2019\u0153uvres dans ce domaine. Je suis tr\u00e8s heureux que les gens consid\u00e8rent l&rsquo;artisanat comme un art.\u00a0\u00bb<\/p>\n\n\n\n<p class=\"has-black-color has-text-color\" style=\"font-size:17px\">\u00ab\u00a0Je suis n\u00e9 dans un atelier de poterie, donc je pense que c&rsquo;est \u00e0 peu pr\u00e8s \u00e0 cette \u00e9poque que j&rsquo;ai d\u00e9couvert la poterie. C&rsquo;est lorsque je suis entr\u00e9 au lyc\u00e9e technique de la pr\u00e9fecture d&rsquo;Okayama que j&rsquo;ai commenc\u00e9 \u00e0 \u00e9tudier professionnellement des mati\u00e8res li\u00e9es \u00e0 l&rsquo;art. Apr\u00e8s cela, j&rsquo;ai \u00e9tudi\u00e9 pendant cinq ans aupr\u00e8s de l&rsquo;artiste de Bizen Jy\u014dji YAMASHITA \u5c71\u4e0b\u8b72\u6cbb (1947-), puis a poursuivi sa formation aupr\u00e8s de son p\u00e8re Mitsuru ISEZAKI \u4f0a\u52e2\u5d0e\u6e80 (1934-), fils de Yozan ISEZAKI \u4f0a\u52e2\u5d0e\u967d\u5c71 (1902-1961).\u00a0\u00bb<\/p>\n\n\n\n<p class=\"has-black-color has-text-color\" style=\"font-size:17px\">\u00ab\u00a0Mon style de poterie est bas\u00e9 sur mes ann\u00e9es de lyc\u00e9e et ce que j&rsquo;ai \u00e9tudi\u00e9 avec YAMASHITA san. Apr\u00e8s avoir fa\u00e7onn\u00e9 sur le tour de potier, nous transformons la forme et ajoutons des lignes de cr\u00eate pour cr\u00e9er une fusion de formes pointues uniques et avec les techniques de cuisson de Bizen.\u00a0\u00bb<\/p>\n\n\n\n<p class=\"has-black-color has-text-color\" style=\"font-size:17px\">\u00ab\u00a0Je suis inspir\u00e9 par beaucoup de choses diff\u00e9rentes. J&rsquo;ai \u00e9tudi\u00e9 non seulement les \u0153uvres d&rsquo;anciens artistes de Bizen, mais aussi les \u0153uvres d&rsquo;artistes modernes et contemporains, de sculpteurs d&rsquo;autres mat\u00e9riaux et du design industriel.\u00a0\u00bb<\/p>\n<\/div><\/div>\n\n\n\n<div class=\"wp-block-media-text has-media-on-the-right is-stacked-on-mobile\"><div class=\"wp-block-media-text__content\">\n<p><\/p>\n\n\n\n<p class=\"has-black-color has-text-color\" style=\"font-size:17px\">Nous utilisant 3 types de fours : Four \u00e0 bois grimpant (Noborigama), Four \u00e0 bois (Anagama) et Four \u00e9lectrique. Les Fours \u00e0 bois ont pour objectif de faire ressortir au maximum le meilleur du terroir de Bizen. Dans le cas des fours \u00e9lectriques, ils sont utilis\u00e9s \u00e0 des fins d&rsquo;essais et pour des activit\u00e9s plus \u00e9conomiques.<\/p>\n\n\n\n<p class=\"has-black-color has-text-color\" style=\"font-size:17px\">Le bois pour les fours est le Pin rouge japonais (Akamatsu), pour sa couleur et sa facilit\u00e9 d&rsquo;utilisation qui donne aux pi\u00e8ces une gla\u00e7ure \u00e0 la cendre unique. Les cuissons au bois sont r\u00e9alis\u00e9es 2 fois par an environ, pendant 2 semaines jusqu&rsquo;\u00e0 1250\u00b0C. \u00ab\u00a0La stabilit\u00e9 est importante, mais lorsqu&rsquo;il s&rsquo;agit de la coloration cr\u00e9\u00e9e par le hasard, je suis heureux d&rsquo;examiner pourquoi elle a \u00e9t\u00e9 cuite et d&rsquo;en faire quelque chose d&rsquo;in\u00e9vitable.\u00a0\u00bb<\/p>\n\n\n\n<p class=\"has-black-color has-text-color\" style=\"font-size:17px\">\u00ab\u00a0En parlant de cr\u00e9ativit\u00e9, je pense \u00e0 l&rsquo;opportunit\u00e9. Je crois qu&rsquo;il existe des \u0153uvres qui peuvent \u00eatre propos\u00e9es en r\u00e9ponse aux changements des modes de vie et des espaces de vie, ainsi qu&rsquo;\u00e0 l&rsquo;esth\u00e9tique de l&rsquo;usage et \u00e0 sa position en tant qu&rsquo;artisanat.\u00a0\u00bb<\/p>\n<\/div><figure class=\"wp-block-media-text__media\"><img loading=\"lazy\" decoding=\"async\" width=\"1024\" height=\"1024\" src=\"https:\/\/www.maisonwabisabi.com\/wp-content\/uploads\/2023\/09\/So-ISEZAKI-Kiln.jpg\" alt=\"S\u014d ISEZAKI - Four Anagama\" class=\"wp-image-21413 size-full\" srcset=\"https:\/\/www.maisonwabisabi.com\/wp-content\/uploads\/2023\/09\/So-ISEZAKI-Kiln.jpg 1024w, https:\/\/www.maisonwabisabi.com\/wp-content\/uploads\/2023\/09\/So-ISEZAKI-Kiln-300x300.jpg 300w, https:\/\/www.maisonwabisabi.com\/wp-content\/uploads\/2023\/09\/So-ISEZAKI-Kiln-150x150.jpg 150w, https:\/\/www.maisonwabisabi.com\/wp-content\/uploads\/2023\/09\/So-ISEZAKI-Kiln-768x768.jpg 768w, https:\/\/www.maisonwabisabi.com\/wp-content\/uploads\/2023\/09\/So-ISEZAKI-Kiln-600x600.jpg 600w, https:\/\/www.maisonwabisabi.com\/wp-content\/uploads\/2023\/09\/So-ISEZAKI-Kiln-100x100.jpg 100w\" sizes=\"auto, (max-width: 1024px) 100vw, 1024px\" \/><\/figure><\/div>\n\n\n\n<div class=\"wp-block-media-text is-stacked-on-mobile\"><figure class=\"wp-block-media-text__media\"><img loading=\"lazy\" decoding=\"async\" width=\"1024\" height=\"1024\" src=\"https:\/\/www.maisonwabisabi.com\/wp-content\/uploads\/2023\/09\/So-ISEZAKI-Style.jpg\" alt=\"S\u014d ISEZAKI - Style\" class=\"wp-image-21415 size-full\" srcset=\"https:\/\/www.maisonwabisabi.com\/wp-content\/uploads\/2023\/09\/So-ISEZAKI-Style.jpg 1024w, https:\/\/www.maisonwabisabi.com\/wp-content\/uploads\/2023\/09\/So-ISEZAKI-Style-300x300.jpg 300w, https:\/\/www.maisonwabisabi.com\/wp-content\/uploads\/2023\/09\/So-ISEZAKI-Style-150x150.jpg 150w, https:\/\/www.maisonwabisabi.com\/wp-content\/uploads\/2023\/09\/So-ISEZAKI-Style-768x768.jpg 768w, https:\/\/www.maisonwabisabi.com\/wp-content\/uploads\/2023\/09\/So-ISEZAKI-Style-600x600.jpg 600w, https:\/\/www.maisonwabisabi.com\/wp-content\/uploads\/2023\/09\/So-ISEZAKI-Style-100x100.jpg 100w\" sizes=\"auto, (max-width: 1024px) 100vw, 1024px\" \/><\/figure><div class=\"wp-block-media-text__content\">\n<p><\/p>\n\n\n\n<p class=\"has-black-color has-text-color\" style=\"font-size:17px\">\u00ab\u00a0Je pense que nous devons transmettre la tradition, mais nous devons aussi innover. En tant que m\u00e9tier utilisant des mat\u00e9riaux limit\u00e9s, je ne pense pas que les mat\u00e9riaux devraient changer, mais je pense que l&rsquo;approche des formes et des mat\u00e9riaux devrait changer.<\/p>\n\n\n\n<p class=\"has-black-color has-text-color\" style=\"font-size:17px\">\u00ab\u00a0Terre, feu, temps de cuisson, gla\u00e7ure. Puisque seuls la terre, le feu et l\u2019eau sont utilis\u00e9s pour pr\u00e9parer Bizen-yaki au Yakishime*, je pense qu\u2019il existe une excellente relation entre les deux.\u00a0\u00bb<\/p>\n\n\n\n<p class=\"has-black-color has-text-color\" style=\"font-size:17px\">*Yakishime consiste \u00e0 cuire des objets non \u00e9maill\u00e9s \u00e0 haute temp\u00e9rature. Il est consid\u00e9r\u00e9 comme l&rsquo;un des moyens les plus \u00e9l\u00e9mentaires de produire de la c\u00e9ramique. La tradition incarn\u00e9e dans ces produits primordiaux se poursuit ininterrompue jusqu&rsquo;\u00e0 ce jour. Faisant partie de la culture traditionnelle japonaise, et pr\u00e9sente leur histoire depuis les premiers exemples jusqu&rsquo;\u00e0 nos jours \u00e0 travers des r\u00e9cipients \u00e0 th\u00e9, des r\u00e9cipients alimentaires et des \u0153uvres qui sont des transformations de Yakishime en objets d&rsquo;art non utilitaires, visant \u00e0 offrir une excellente opportunit\u00e9 de communiquer cette sensibilit\u00e9 et cette esth\u00e9tique typiquement japonaises aux personnes.<\/p>\n<\/div><\/div>\n\n\n\n<div class=\"wp-block-media-text has-media-on-the-right is-stacked-on-mobile\"><div class=\"wp-block-media-text__content\">\n<p><\/p>\n\n\n\n<p class=\"has-black-color has-text-color\" style=\"font-size:17px\"><strong><strong>S\u014d ISEZAKI en 3 dates importantes :<\/strong><\/strong> (<a href=\"https:\/\/soisezaki.jp\/profile\/\" target=\"_blank\" rel=\"noreferrer noopener\">profil complet<\/a>)<\/p>\n\n\n\n<p class=\"has-black-color has-text-color\" style=\"font-size:17px\">2004 : Certifi\u00e9 membre r\u00e9gulier de la \u00ab\u00a0<a href=\"https:\/\/www.nihonkogeikai.or.jp\" target=\"_blank\" rel=\"noreferrer noopener\"><mark style=\"background-color:rgba(0, 0, 0, 0)\" class=\"has-inline-color has-vivid-red-color\">Japan Crafts Association<\/mark><\/a>\u00ab\u00a0.<\/p>\n\n\n\n<p class=\"has-black-color has-text-color\" style=\"font-size:17px\">2011&nbsp;: A re\u00e7u le prix de la \u00ab\u00a0Japan Crafts Association\u00a0\u00bb lors de la 39\u00e8me exposition de la section de la c\u00e9ramique artisanale traditionnelle.<\/p>\n\n\n\n<p class=\"has-black-color has-text-color\" style=\"font-size:17px\">2016&nbsp;: A re\u00e7u le prix de la \u00ab\u00a0Japan Crafts Association\u00a0\u00bb lors de la 46\u00e8me exposition de la section de la c\u00e9ramique artisanale traditionnelle.<\/p>\n\n\n\n<p class=\"has-black-color has-text-color\" style=\"font-size:17px\">2019 : Grand Prix de la \u00ab\u00a0Japan Ceramic Art Association\u00a0\u00bb lors de la 7\u00e8me exposition d&rsquo;art c\u00e9ramique.<\/p>\n\n\n\n<p class=\"has-black-color has-text-color\" style=\"font-size:17px\">2019 : The Bizen &#8211; \u00ab\u00a0Beaut\u00e9 formatrice n\u00e9e de la terre et du feu\u00a0\u00bb &#8211; Expos\u00e9 aux : <a href=\"https:\/\/www.momat.go.jp\" target=\"_blank\" rel=\"noreferrer noopener\"><mark style=\"background-color:rgba(0, 0, 0, 0)\" class=\"has-inline-color has-vivid-red-color\">MOMAT<\/mark><\/a> Mus\u00e9e national d&rsquo;art moderne de Tokyo, au MIHO Museum (<a href=\"https:\/\/www.miho.jp\" target=\"_blank\" rel=\"noreferrer noopener\"><mark style=\"background-color:rgba(0, 0, 0, 0)\" class=\"has-inline-color has-vivid-red-color\">MIHO\u30df\u30e5\u30fc\u30b8\u30a2\u30e0<\/mark><\/a>), au <a href=\"https:\/\/okayama-kenbi.info\" target=\"_blank\" rel=\"noreferrer noopener\"><mark style=\"background-color:rgba(0, 0, 0, 0)\" class=\"has-inline-color has-vivid-red-color\">Mus\u00e9e pr\u00e9fectoral d&rsquo;art d&rsquo;Okayama<\/mark><\/a> et autres lieux.<\/p>\n<\/div><figure class=\"wp-block-media-text__media\"><img loading=\"lazy\" decoding=\"async\" width=\"1024\" height=\"1024\" src=\"https:\/\/www.maisonwabisabi.com\/wp-content\/uploads\/2023\/09\/So-ISEZAKI-Momoyama.jpg\" alt=\"S\u014d ISEZAKI - Momoyama\" class=\"wp-image-21414 size-full\" srcset=\"https:\/\/www.maisonwabisabi.com\/wp-content\/uploads\/2023\/09\/So-ISEZAKI-Momoyama.jpg 1024w, https:\/\/www.maisonwabisabi.com\/wp-content\/uploads\/2023\/09\/So-ISEZAKI-Momoyama-300x300.jpg 300w, https:\/\/www.maisonwabisabi.com\/wp-content\/uploads\/2023\/09\/So-ISEZAKI-Momoyama-150x150.jpg 150w, https:\/\/www.maisonwabisabi.com\/wp-content\/uploads\/2023\/09\/So-ISEZAKI-Momoyama-768x768.jpg 768w, https:\/\/www.maisonwabisabi.com\/wp-content\/uploads\/2023\/09\/So-ISEZAKI-Momoyama-600x600.jpg 600w, https:\/\/www.maisonwabisabi.com\/wp-content\/uploads\/2023\/09\/So-ISEZAKI-Momoyama-100x100.jpg 100w\" sizes=\"auto, (max-width: 1024px) 100vw, 1024px\" \/><\/figure><\/div>\n\n\n\n<div style=\"height:20px\" aria-hidden=\"true\" class=\"wp-block-spacer\"><\/div>\n\n\n\n<p class=\"has-text-align-center has-black-color has-text-color\" style=\"font-size:15px\">Source des photos et des textes : S\u014d ISEZAKI et Yann san<\/p>\n\n\n\n<div style=\"height:100px\" aria-hidden=\"true\" class=\"wp-block-spacer\"><\/div>","protected":false},"excerpt":{"rendered":"<p>S\u014d ISEZAKI et ses cr\u00e9ations (1968-) Originaire de Bizen, dans la pr\u00e9fecture d&rsquo;Okayama. Le studio de ISEZAKI san et le [&hellip;]<\/p>\n","protected":false},"author":1,"featured_media":0,"comment_status":"closed","ping_status":"closed","sticky":false,"template":"","format":"standard","meta":{"site-sidebar-layout":"default","site-content-layout":"","ast-site-content-layout":"default","site-content-style":"default","site-sidebar-style":"default","ast-global-header-display":"","ast-banner-title-visibility":"","ast-main-header-display":"","ast-hfb-above-header-display":"","ast-hfb-below-header-display":"","ast-hfb-mobile-header-display":"","site-post-title":"disabled","ast-breadcrumbs-content":"","ast-featured-img":"","footer-sml-layout":"","ast-disable-related-posts":"","theme-transparent-header-meta":"","adv-header-id-meta":"","stick-header-meta":"","header-above-stick-meta":"","header-main-stick-meta":"","header-below-stick-meta":"","astra-migrate-meta-layouts":"default","ast-page-background-enabled":"default","ast-page-background-meta":{"desktop":{"background-color":"var(--ast-global-color-5)","background-image":"","background-repeat":"repeat","background-position":"center center","background-size":"auto","background-attachment":"scroll","background-type":"","background-media":"","overlay-type":"","overlay-color":"","overlay-opacity":"","overlay-gradient":""},"tablet":{"background-color":"","background-image":"","background-repeat":"repeat","background-position":"center center","background-size":"auto","background-attachment":"scroll","background-type":"","background-media":"","overlay-type":"","overlay-color":"","overlay-opacity":"","overlay-gradient":""},"mobile":{"background-color":"","background-image":"","background-repeat":"repeat","background-position":"center center","background-size":"auto","background-attachment":"scroll","background-type":"","background-media":"","overlay-type":"","overlay-color":"","overlay-opacity":"","overlay-gradient":""}},"ast-content-background-meta":{"desktop":{"background-color":"var(--ast-global-color-4)","background-image":"","background-repeat":"repeat","background-position":"center center","background-size":"auto","background-attachment":"scroll","background-type":"","background-media":"","overlay-type":"","overlay-color":"","overlay-opacity":"","overlay-gradient":""},"tablet":{"background-color":"var(--ast-global-color-4)","background-image":"","background-repeat":"repeat","background-position":"center center","background-size":"auto","background-attachment":"scroll","background-type":"","background-media":"","overlay-type":"","overlay-color":"","overlay-opacity":"","overlay-gradient":""},"mobile":{"background-color":"var(--ast-global-color-4)","background-image":"","background-repeat":"repeat","background-position":"center center","background-size":"auto","background-attachment":"scroll","background-type":"","background-media":"","overlay-type":"","overlay-color":"","overlay-opacity":"","overlay-gradient":""}},"footnotes":""},"categories":[76],"tags":[],"class_list":["post-21403","post","type-post","status-publish","format-standard","hentry","category-ceramistes"],"yoast_head":"<!-- This site is optimized with the Yoast SEO plugin v27.5 - https:\/\/yoast.com\/product\/yoast-seo-wordpress\/ -->\n<title>S\u014d ISEZAKI \u4f0a\u52e2\ufa11\u5275 - Maison Wabi-Sabi - C\u00e9ramistes<\/title>\n<meta name=\"description\" content=\"S\u014d ISEZAKI est \u00e0 Inbe, ville de bizen, pr\u00e9fecture d&#039;Okayama. H\u00e2te de vous pr\u00e9senter ses cr\u00e9ations dans la boutique. C\u00e9ramique japonaise.\" \/>\n<meta name=\"robots\" content=\"index, follow, max-snippet:-1, max-image-preview:large, max-video-preview:-1\" \/>\n<link rel=\"canonical\" href=\"https:\/\/www.maisonwabisabi.com\/en\/so-isezaki\/\" \/>\n<meta property=\"og:locale\" content=\"en_GB\" \/>\n<meta property=\"og:type\" content=\"article\" \/>\n<meta property=\"og:title\" content=\"S\u014d ISEZAKI \u4f0a\u52e2\ufa11\u5275 - Maison Wabi-Sabi - C\u00e9ramistes\" \/>\n<meta property=\"og:description\" content=\"S\u014d ISEZAKI est \u00e0 Inbe, ville de bizen, pr\u00e9fecture d&#039;Okayama. H\u00e2te de vous pr\u00e9senter ses cr\u00e9ations dans la boutique. C\u00e9ramique japonaise.\" \/>\n<meta property=\"og:url\" content=\"https:\/\/www.maisonwabisabi.com\/en\/so-isezaki\/\" \/>\n<meta property=\"og:site_name\" content=\"Maison Wabi-Sabi\" \/>\n<meta property=\"article:publisher\" content=\"https:\/\/www.facebook.com\/MaisonWabiSabi\" \/>\n<meta property=\"article:author\" content=\"https:\/\/www.facebook.com\/MaisonWabiSabi\" \/>\n<meta property=\"article:published_time\" content=\"2023-09-12T23:01:09+00:00\" \/>\n<meta property=\"article:modified_time\" content=\"2025-10-22T20:58:49+00:00\" \/>\n<meta property=\"og:image\" content=\"https:\/\/www.maisonwabisabi.com\/wp-content\/uploads\/2023\/07\/So-ISEZAKI-Portrait.jpg\" \/>\n\t<meta property=\"og:image:width\" content=\"1024\" \/>\n\t<meta property=\"og:image:height\" content=\"1024\" \/>\n\t<meta property=\"og:image:type\" content=\"image\/jpeg\" \/>\n<meta name=\"author\" content=\"Yann san\" \/>\n<meta name=\"twitter:card\" content=\"summary_large_image\" \/>\n<meta name=\"twitter:label1\" content=\"Written by\" \/>\n\t<meta name=\"twitter:data1\" content=\"Yann san\" \/>\n\t<meta name=\"twitter:label2\" content=\"Estimated reading time\" \/>\n\t<meta name=\"twitter:data2\" content=\"5 minutes\" \/>\n<script type=\"application\/ld+json\" class=\"yoast-schema-graph\">{\"@context\":\"https:\\\/\\\/schema.org\",\"@graph\":[{\"@type\":\"Article\",\"@id\":\"https:\\\/\\\/www.maisonwabisabi.com\\\/so-isezaki\\\/#article\",\"isPartOf\":{\"@id\":\"https:\\\/\\\/www.maisonwabisabi.com\\\/so-isezaki\\\/\"},\"author\":{\"name\":\"Yann san\",\"@id\":\"https:\\\/\\\/www.maisonwabisabi.com\\\/#\\\/schema\\\/person\\\/b2458bb9fa2737d1a11eabc63d3aabc9\"},\"headline\":\"Rencontre avec S\u014d ISEZAKI \u4f0a\u52e2\ufa11\u5275 C\u00e9ramiste japonais \u00e0 Inbe\\\/Bizen\",\"datePublished\":\"2023-09-12T23:01:09+00:00\",\"dateModified\":\"2025-10-22T20:58:49+00:00\",\"mainEntityOfPage\":{\"@id\":\"https:\\\/\\\/www.maisonwabisabi.com\\\/so-isezaki\\\/\"},\"wordCount\":850,\"publisher\":{\"@id\":\"https:\\\/\\\/www.maisonwabisabi.com\\\/#organization\"},\"image\":{\"@id\":\"https:\\\/\\\/www.maisonwabisabi.com\\\/so-isezaki\\\/#primaryimage\"},\"thumbnailUrl\":\"https:\\\/\\\/www.maisonwabisabi.com\\\/wp-content\\\/uploads\\\/2023\\\/07\\\/So-ISEZAKI-Portrait.jpg\",\"articleSection\":[\"C\u00e9ramistes\"],\"inLanguage\":\"en-GB\"},{\"@type\":\"WebPage\",\"@id\":\"https:\\\/\\\/www.maisonwabisabi.com\\\/so-isezaki\\\/\",\"url\":\"https:\\\/\\\/www.maisonwabisabi.com\\\/so-isezaki\\\/\",\"name\":\"S\u014d ISEZAKI \u4f0a\u52e2\ufa11\u5275 - Maison Wabi-Sabi - C\u00e9ramistes\",\"isPartOf\":{\"@id\":\"https:\\\/\\\/www.maisonwabisabi.com\\\/#website\"},\"primaryImageOfPage\":{\"@id\":\"https:\\\/\\\/www.maisonwabisabi.com\\\/so-isezaki\\\/#primaryimage\"},\"image\":{\"@id\":\"https:\\\/\\\/www.maisonwabisabi.com\\\/so-isezaki\\\/#primaryimage\"},\"thumbnailUrl\":\"https:\\\/\\\/www.maisonwabisabi.com\\\/wp-content\\\/uploads\\\/2023\\\/07\\\/So-ISEZAKI-Portrait.jpg\",\"datePublished\":\"2023-09-12T23:01:09+00:00\",\"dateModified\":\"2025-10-22T20:58:49+00:00\",\"description\":\"S\u014d ISEZAKI est \u00e0 Inbe, ville de bizen, pr\u00e9fecture d'Okayama. H\u00e2te de vous pr\u00e9senter ses cr\u00e9ations dans la boutique. C\u00e9ramique japonaise.\",\"breadcrumb\":{\"@id\":\"https:\\\/\\\/www.maisonwabisabi.com\\\/so-isezaki\\\/#breadcrumb\"},\"inLanguage\":\"en-GB\",\"potentialAction\":[{\"@type\":\"ReadAction\",\"target\":[\"https:\\\/\\\/www.maisonwabisabi.com\\\/so-isezaki\\\/\"]}]},{\"@type\":\"ImageObject\",\"inLanguage\":\"en-GB\",\"@id\":\"https:\\\/\\\/www.maisonwabisabi.com\\\/so-isezaki\\\/#primaryimage\",\"url\":\"https:\\\/\\\/www.maisonwabisabi.com\\\/wp-content\\\/uploads\\\/2023\\\/07\\\/So-ISEZAKI-Portrait.jpg\",\"contentUrl\":\"https:\\\/\\\/www.maisonwabisabi.com\\\/wp-content\\\/uploads\\\/2023\\\/07\\\/So-ISEZAKI-Portrait.jpg\"},{\"@type\":\"BreadcrumbList\",\"@id\":\"https:\\\/\\\/www.maisonwabisabi.com\\\/so-isezaki\\\/#breadcrumb\",\"itemListElement\":[{\"@type\":\"ListItem\",\"position\":1,\"name\":\"Bienvenue\",\"item\":\"https:\\\/\\\/www.maisonwabisabi.com\\\/\"},{\"@type\":\"ListItem\",\"position\":2,\"name\":\"Rencontre avec S\u014d ISEZAKI \u4f0a\u52e2\ufa11\u5275 C\u00e9ramiste japonais \u00e0 Inbe\\\/Bizen\"}]},{\"@type\":\"WebSite\",\"@id\":\"https:\\\/\\\/www.maisonwabisabi.com\\\/#website\",\"url\":\"https:\\\/\\\/www.maisonwabisabi.com\\\/\",\"name\":\"Maison Wabi-Sabi\",\"description\":\"\",\"publisher\":{\"@id\":\"https:\\\/\\\/www.maisonwabisabi.com\\\/#organization\"},\"potentialAction\":[{\"@type\":\"SearchAction\",\"target\":{\"@type\":\"EntryPoint\",\"urlTemplate\":\"https:\\\/\\\/www.maisonwabisabi.com\\\/?s={search_term_string}\"},\"query-input\":{\"@type\":\"PropertyValueSpecification\",\"valueRequired\":true,\"valueName\":\"search_term_string\"}}],\"inLanguage\":\"en-GB\"},{\"@type\":\"Organization\",\"@id\":\"https:\\\/\\\/www.maisonwabisabi.com\\\/#organization\",\"name\":\"Maison Wabi-Sabi\",\"url\":\"https:\\\/\\\/www.maisonwabisabi.com\\\/\",\"logo\":{\"@type\":\"ImageObject\",\"inLanguage\":\"en-GB\",\"@id\":\"https:\\\/\\\/www.maisonwabisabi.com\\\/#\\\/schema\\\/logo\\\/image\\\/\",\"url\":\"https:\\\/\\\/www.maisonwabisabi.com\\\/wp-content\\\/uploads\\\/2021\\\/11\\\/Logo-de-maison-Wabi-Sabi.jpg\",\"contentUrl\":\"https:\\\/\\\/www.maisonwabisabi.com\\\/wp-content\\\/uploads\\\/2021\\\/11\\\/Logo-de-maison-Wabi-Sabi.jpg\",\"width\":1024,\"height\":1024,\"caption\":\"Maison Wabi-Sabi\"},\"image\":{\"@id\":\"https:\\\/\\\/www.maisonwabisabi.com\\\/#\\\/schema\\\/logo\\\/image\\\/\"},\"sameAs\":[\"https:\\\/\\\/www.facebook.com\\\/MaisonWabiSabi\",\"https:\\\/\\\/www.instagram.com\\\/maison.wabi.sabi\\\/?hl=fr\",\"https:\\\/\\\/www.linkedin.com\\\/company\\\/69088467\"]},{\"@type\":\"Person\",\"@id\":\"https:\\\/\\\/www.maisonwabisabi.com\\\/#\\\/schema\\\/person\\\/b2458bb9fa2737d1a11eabc63d3aabc9\",\"name\":\"Yann san\",\"sameAs\":[\"https:\\\/\\\/www.maisonwabisabi.com\",\"https:\\\/\\\/www.facebook.com\\\/MaisonWabiSabi\",\"https:\\\/\\\/www.instagram.com\\\/maison.wabi.sabi\\\/\"],\"url\":\"https:\\\/\\\/www.maisonwabisabi.com\\\/en\\\/author\\\/4729952\\\/\"}]}<\/script>\n<!-- \/ Yoast SEO plugin. -->","yoast_head_json":{"title":"S\u014d ISEZAKI \u4f0a\u52e2\ufa11\u5275 - Maison Wabi-Sabi - C\u00e9ramistes","description":"S\u014d ISEZAKI est \u00e0 Inbe, ville de bizen, pr\u00e9fecture d'Okayama. H\u00e2te de vous pr\u00e9senter ses cr\u00e9ations dans la boutique. C\u00e9ramique japonaise.","robots":{"index":"index","follow":"follow","max-snippet":"max-snippet:-1","max-image-preview":"max-image-preview:large","max-video-preview":"max-video-preview:-1"},"canonical":"https:\/\/www.maisonwabisabi.com\/en\/so-isezaki\/","og_locale":"en_GB","og_type":"article","og_title":"S\u014d ISEZAKI \u4f0a\u52e2\ufa11\u5275 - Maison Wabi-Sabi - C\u00e9ramistes","og_description":"S\u014d ISEZAKI est \u00e0 Inbe, ville de bizen, pr\u00e9fecture d'Okayama. H\u00e2te de vous pr\u00e9senter ses cr\u00e9ations dans la boutique. C\u00e9ramique japonaise.","og_url":"https:\/\/www.maisonwabisabi.com\/en\/so-isezaki\/","og_site_name":"Maison Wabi-Sabi","article_publisher":"https:\/\/www.facebook.com\/MaisonWabiSabi","article_author":"https:\/\/www.facebook.com\/MaisonWabiSabi","article_published_time":"2023-09-12T23:01:09+00:00","article_modified_time":"2025-10-22T20:58:49+00:00","og_image":[{"width":1024,"height":1024,"url":"https:\/\/www.maisonwabisabi.com\/wp-content\/uploads\/2023\/07\/So-ISEZAKI-Portrait.jpg","type":"image\/jpeg"}],"author":"Yann san","twitter_card":"summary_large_image","twitter_misc":{"Written by":"Yann san","Estimated reading time":"5 minutes"},"schema":{"@context":"https:\/\/schema.org","@graph":[{"@type":"Article","@id":"https:\/\/www.maisonwabisabi.com\/so-isezaki\/#article","isPartOf":{"@id":"https:\/\/www.maisonwabisabi.com\/so-isezaki\/"},"author":{"name":"Yann san","@id":"https:\/\/www.maisonwabisabi.com\/#\/schema\/person\/b2458bb9fa2737d1a11eabc63d3aabc9"},"headline":"Rencontre avec S\u014d ISEZAKI \u4f0a\u52e2\ufa11\u5275 C\u00e9ramiste japonais \u00e0 Inbe\/Bizen","datePublished":"2023-09-12T23:01:09+00:00","dateModified":"2025-10-22T20:58:49+00:00","mainEntityOfPage":{"@id":"https:\/\/www.maisonwabisabi.com\/so-isezaki\/"},"wordCount":850,"publisher":{"@id":"https:\/\/www.maisonwabisabi.com\/#organization"},"image":{"@id":"https:\/\/www.maisonwabisabi.com\/so-isezaki\/#primaryimage"},"thumbnailUrl":"https:\/\/www.maisonwabisabi.com\/wp-content\/uploads\/2023\/07\/So-ISEZAKI-Portrait.jpg","articleSection":["C\u00e9ramistes"],"inLanguage":"en-GB"},{"@type":"WebPage","@id":"https:\/\/www.maisonwabisabi.com\/so-isezaki\/","url":"https:\/\/www.maisonwabisabi.com\/so-isezaki\/","name":"S\u014d ISEZAKI \u4f0a\u52e2\ufa11\u5275 - Maison Wabi-Sabi - C\u00e9ramistes","isPartOf":{"@id":"https:\/\/www.maisonwabisabi.com\/#website"},"primaryImageOfPage":{"@id":"https:\/\/www.maisonwabisabi.com\/so-isezaki\/#primaryimage"},"image":{"@id":"https:\/\/www.maisonwabisabi.com\/so-isezaki\/#primaryimage"},"thumbnailUrl":"https:\/\/www.maisonwabisabi.com\/wp-content\/uploads\/2023\/07\/So-ISEZAKI-Portrait.jpg","datePublished":"2023-09-12T23:01:09+00:00","dateModified":"2025-10-22T20:58:49+00:00","description":"S\u014d ISEZAKI est \u00e0 Inbe, ville de bizen, pr\u00e9fecture d'Okayama. H\u00e2te de vous pr\u00e9senter ses cr\u00e9ations dans la boutique. C\u00e9ramique japonaise.","breadcrumb":{"@id":"https:\/\/www.maisonwabisabi.com\/so-isezaki\/#breadcrumb"},"inLanguage":"en-GB","potentialAction":[{"@type":"ReadAction","target":["https:\/\/www.maisonwabisabi.com\/so-isezaki\/"]}]},{"@type":"ImageObject","inLanguage":"en-GB","@id":"https:\/\/www.maisonwabisabi.com\/so-isezaki\/#primaryimage","url":"https:\/\/www.maisonwabisabi.com\/wp-content\/uploads\/2023\/07\/So-ISEZAKI-Portrait.jpg","contentUrl":"https:\/\/www.maisonwabisabi.com\/wp-content\/uploads\/2023\/07\/So-ISEZAKI-Portrait.jpg"},{"@type":"BreadcrumbList","@id":"https:\/\/www.maisonwabisabi.com\/so-isezaki\/#breadcrumb","itemListElement":[{"@type":"ListItem","position":1,"name":"Bienvenue","item":"https:\/\/www.maisonwabisabi.com\/"},{"@type":"ListItem","position":2,"name":"Rencontre avec S\u014d ISEZAKI \u4f0a\u52e2\ufa11\u5275 C\u00e9ramiste japonais \u00e0 Inbe\/Bizen"}]},{"@type":"WebSite","@id":"https:\/\/www.maisonwabisabi.com\/#website","url":"https:\/\/www.maisonwabisabi.com\/","name":"Maison Wabi-Sabi","description":"","publisher":{"@id":"https:\/\/www.maisonwabisabi.com\/#organization"},"potentialAction":[{"@type":"SearchAction","target":{"@type":"EntryPoint","urlTemplate":"https:\/\/www.maisonwabisabi.com\/?s={search_term_string}"},"query-input":{"@type":"PropertyValueSpecification","valueRequired":true,"valueName":"search_term_string"}}],"inLanguage":"en-GB"},{"@type":"Organization","@id":"https:\/\/www.maisonwabisabi.com\/#organization","name":"Maison Wabi-Sabi","url":"https:\/\/www.maisonwabisabi.com\/","logo":{"@type":"ImageObject","inLanguage":"en-GB","@id":"https:\/\/www.maisonwabisabi.com\/#\/schema\/logo\/image\/","url":"https:\/\/www.maisonwabisabi.com\/wp-content\/uploads\/2021\/11\/Logo-de-maison-Wabi-Sabi.jpg","contentUrl":"https:\/\/www.maisonwabisabi.com\/wp-content\/uploads\/2021\/11\/Logo-de-maison-Wabi-Sabi.jpg","width":1024,"height":1024,"caption":"Maison Wabi-Sabi"},"image":{"@id":"https:\/\/www.maisonwabisabi.com\/#\/schema\/logo\/image\/"},"sameAs":["https:\/\/www.facebook.com\/MaisonWabiSabi","https:\/\/www.instagram.com\/maison.wabi.sabi\/?hl=fr","https:\/\/www.linkedin.com\/company\/69088467"]},{"@type":"Person","@id":"https:\/\/www.maisonwabisabi.com\/#\/schema\/person\/b2458bb9fa2737d1a11eabc63d3aabc9","name":"Yann san","sameAs":["https:\/\/www.maisonwabisabi.com","https:\/\/www.facebook.com\/MaisonWabiSabi","https:\/\/www.instagram.com\/maison.wabi.sabi\/"],"url":"https:\/\/www.maisonwabisabi.com\/en\/author\/4729952\/"}]}},"_links":{"self":[{"href":"https:\/\/www.maisonwabisabi.com\/en\/wp-json\/wp\/v2\/posts\/21403","targetHints":{"allow":["GET"]}}],"collection":[{"href":"https:\/\/www.maisonwabisabi.com\/en\/wp-json\/wp\/v2\/posts"}],"about":[{"href":"https:\/\/www.maisonwabisabi.com\/en\/wp-json\/wp\/v2\/types\/post"}],"author":[{"embeddable":true,"href":"https:\/\/www.maisonwabisabi.com\/en\/wp-json\/wp\/v2\/users\/1"}],"replies":[{"embeddable":true,"href":"https:\/\/www.maisonwabisabi.com\/en\/wp-json\/wp\/v2\/comments?post=21403"}],"version-history":[{"count":2,"href":"https:\/\/www.maisonwabisabi.com\/en\/wp-json\/wp\/v2\/posts\/21403\/revisions"}],"predecessor-version":[{"id":38220,"href":"https:\/\/www.maisonwabisabi.com\/en\/wp-json\/wp\/v2\/posts\/21403\/revisions\/38220"}],"wp:attachment":[{"href":"https:\/\/www.maisonwabisabi.com\/en\/wp-json\/wp\/v2\/media?parent=21403"}],"wp:term":[{"taxonomy":"category","embeddable":true,"href":"https:\/\/www.maisonwabisabi.com\/en\/wp-json\/wp\/v2\/categories?post=21403"},{"taxonomy":"post_tag","embeddable":true,"href":"https:\/\/www.maisonwabisabi.com\/en\/wp-json\/wp\/v2\/tags?post=21403"}],"curies":[{"name":"wp","href":"https:\/\/api.w.org\/{rel}","templated":true}]}}