{"id":10222,"date":"2022-10-11T23:04:02","date_gmt":"2022-10-11T21:04:02","guid":{"rendered":"https:\/\/www.maisonwabisabi.com\/?p=10222"},"modified":"2025-08-26T22:10:14","modified_gmt":"2025-08-26T20:10:14","slug":"suzanne-kretz","status":"publish","type":"post","link":"https:\/\/www.maisonwabisabi.com\/en\/suzanne-kretz\/","title":{"rendered":"Rencontre avec Suzanne KRETZ C\u00e9ramiste fran\u00e7aise \u00e0 La Haye"},"content":{"rendered":"<div style=\"height:20px\" aria-hidden=\"true\" class=\"wp-block-spacer\"><\/div>\n\n\n\n<div class=\"wp-block-media-text is-stacked-on-mobile\"><figure class=\"wp-block-media-text__media\"><img loading=\"lazy\" decoding=\"async\" width=\"1024\" height=\"1024\" src=\"https:\/\/www.maisonwabisabi.com\/wp-content\/uploads\/2022\/10\/Suzanne-KRETZ-Portrait.jpg\" alt=\"Suzanne KRETZ - Portrait\" class=\"wp-image-10227 size-full\" srcset=\"https:\/\/www.maisonwabisabi.com\/wp-content\/uploads\/2022\/10\/Suzanne-KRETZ-Portrait.jpg 1024w, https:\/\/www.maisonwabisabi.com\/wp-content\/uploads\/2022\/10\/Suzanne-KRETZ-Portrait-300x300.jpg 300w, https:\/\/www.maisonwabisabi.com\/wp-content\/uploads\/2022\/10\/Suzanne-KRETZ-Portrait-150x150.jpg 150w, https:\/\/www.maisonwabisabi.com\/wp-content\/uploads\/2022\/10\/Suzanne-KRETZ-Portrait-768x768.jpg 768w, https:\/\/www.maisonwabisabi.com\/wp-content\/uploads\/2022\/10\/Suzanne-KRETZ-Portrait-600x600.jpg 600w, https:\/\/www.maisonwabisabi.com\/wp-content\/uploads\/2022\/10\/Suzanne-KRETZ-Portrait-100x100.jpg 100w\" sizes=\"auto, (max-width: 1024px) 100vw, 1024px\" \/><\/figure><div class=\"wp-block-media-text__content\">\n<p><\/p>\n\n\n\n<h2 class=\"wp-block-heading has-black-color has-text-color\" style=\"font-size:21px\"><strong><mark style=\"background-color:rgba(0, 0, 0, 0);color:#7d4e2d\" class=\"has-inline-color\">Suzanne KRETZ et<\/mark> <a href=\"https:\/\/www.maisonwabisabi.com\/en\/product-category\/ceramistes-de-france\/ceramiste-atelier-terre-de-lune\/\" target=\"_blank\" rel=\"noreferrer noopener\">ses cr\u00e9ations<\/a><\/strong><\/h2>\n\n\n\n<p class=\"has-black-color has-text-color\" style=\"font-size:17px\">(1994-)<\/p>\n\n\n\n<p class=\"has-black-color has-text-color\" style=\"font-size:17px\">Elle est n\u00e9e \u00e0 Tokyo et a grandi \u00e0 Paris. Bien que ses parents soient fran\u00e7ais, elle a \u00e9t\u00e9 \u00e9lev\u00e9e en bi-culture franco-japonaise, en particulier concernant la cuisine (et la c\u00e9ramique). Enfant, elle connaissait donc d\u00e9j\u00e0 la culture japonaise, bien avant que celle-ci devienne \u00e0 la mode et celle-ci constitue une part enti\u00e8re de son identit\u00e9. Tout au long de sa vie, elle a pass\u00e9 une grande partie de son temps libre et de ses vacances dans l\u2019<a href=\"http:\/\/terredelune.com\/\" target=\"_blank\" rel=\"noreferrer noopener\"><mark style=\"background-color:rgba(0, 0, 0, 0);color:#8d9a83\" class=\"has-inline-color\">Atelier Terre de Lune<\/mark><\/a>, fond\u00e9 par ma m\u00e8re (<a href=\"https:\/\/www.instagram.com\/annie_metzger_ceramic\/\" target=\"_blank\" rel=\"noreferrer noopener\"><mark style=\"background-color:rgba(0, 0, 0, 0);color:#8d9a83\" class=\"has-inline-color\">Annie METZGER<\/mark><\/a>) en 1996.<\/p>\n\n\n\n<p class=\"has-black-color has-text-color\" style=\"font-size:17px\">Vers ses 16 ans, elle a commenc\u00e9 \u00e0 exposer ses pi\u00e8ces \u00e0 l\u2019atelier \u00e0 ses c\u00f4t\u00e9s. Apr\u00e8s son bac scientifique, elle a fait une ann\u00e9e d\u2019\u00e9tude \u00e0 l\u2019<a href=\"https:\/\/duperre.org\/\" target=\"_blank\" rel=\"noreferrer noopener\"><mark style=\"background-color:rgba(0, 0, 0, 0);color:#8d9a83\" class=\"has-inline-color\">\u00e9cole Duperr\u00e9<\/mark><\/a>, suivie d\u2019une licence de psychologie et d\u2019un master de neuropsychologie \u00e0 l\u2019universit\u00e9 Descartes, durant lesquels elle a r\u00e9alis\u00e9 une ann\u00e9e d\u2019\u00e9change universitaire \u00e0 Montr\u00e9al.<\/p>\n<\/div><\/div>\n\n\n\n<div class=\"wp-block-media-text has-media-on-the-right is-stacked-on-mobile\"><div class=\"wp-block-media-text__content\">\n<p><\/p>\n\n\n\n<p class=\"has-black-color has-text-color\" style=\"font-size:17px\">\u00c0 l\u2019issue de ses ann\u00e9es d\u2019\u00e9tudes, elle a commenc\u00e9 \u00e0 enseigner \u00e0 l\u2019Atelier Terre de Lune. Elle a \u00e9galement travaill\u00e9 pendant 6 mois \u00e0 l\u2019<a href=\"https:\/\/fondationvilladatris.fr\/espace-monte-cristo\/\" target=\"_blank\" rel=\"noreferrer noopener\"><mark style=\"background-color:rgba(0, 0, 0, 0);color:#8d9a83\" class=\"has-inline-color\">Espace Monte-Cristo<\/mark><\/a>, d\u00e9di\u00e9 \u00e0 la sculpture contemporaine. Souhaitant une vie professionnelle alliant travail intellectuel et manuel, elle a choisi de travailler \u00e0 temps plein dans la c\u00e9ramique. Depuis peu, elle habite \u00e0 La Haye (Pays-Bas) o\u00f9 elle a le projet d\u2019ouvrir son propre atelier.<\/p>\n\n\n\n<p class=\"has-black-color has-text-color\" style=\"font-size:17px\">\u00ab\u00a0J\u2019aime la d\u00e9finition japonaise du c\u00e9ramiste, qui ne distingue pas l\u2019artiste de l\u2019artisan. Je me consid\u00e8re donc comme un m\u00e9lange des deux \u00e0 parts \u00e9gales. Je r\u00e9alise aussi bien des pi\u00e8ces utilitaires pour le quotidien que des pi\u00e8ces plus artistiques, qu\u2019elles soient utilitaires ou plus sculpturales. L\u2019art et l\u2019artisanat sont deux facettes du m\u00e9tier de c\u00e9ramiste, qui se compl\u00e8tent et s\u2019enrichissent l\u2019une et l\u2019autre.\u00a0\u00bb<\/p>\n\n\n\n<p class=\"has-black-color has-text-color\" style=\"font-size:17px\">\u00ab\u00a0Selon moi, l\u2019artisan est un artiste dans le sens o\u00f9 il r\u00e9alise des pi\u00e8ces uniques, r\u00e9fl\u00e9chies suivant un cadre personnel tant dans son \u00e9thique que son esth\u00e9tique. L\u2019artiste est aussi un artisan, car la conception de pi\u00e8ces requiert des connaissances et une maitrise techniques, n\u00e9cessaires \u00e0 la r\u00e9alisation de toute chose, de ses mains.\u00a0\u00bb<\/p>\n<\/div><figure class=\"wp-block-media-text__media\"><img loading=\"lazy\" decoding=\"async\" width=\"1024\" height=\"1024\" src=\"https:\/\/www.maisonwabisabi.com\/wp-content\/uploads\/2022\/10\/Atelier-Terre-de-Lune3.jpg\" alt=\"Annie METZGER - Atelier Terre de Lune - Atelier\" class=\"wp-image-10214 size-full\" srcset=\"https:\/\/www.maisonwabisabi.com\/wp-content\/uploads\/2022\/10\/Atelier-Terre-de-Lune3.jpg 1024w, https:\/\/www.maisonwabisabi.com\/wp-content\/uploads\/2022\/10\/Atelier-Terre-de-Lune3-300x300.jpg 300w, https:\/\/www.maisonwabisabi.com\/wp-content\/uploads\/2022\/10\/Atelier-Terre-de-Lune3-150x150.jpg 150w, https:\/\/www.maisonwabisabi.com\/wp-content\/uploads\/2022\/10\/Atelier-Terre-de-Lune3-768x768.jpg 768w, https:\/\/www.maisonwabisabi.com\/wp-content\/uploads\/2022\/10\/Atelier-Terre-de-Lune3-600x600.jpg 600w, https:\/\/www.maisonwabisabi.com\/wp-content\/uploads\/2022\/10\/Atelier-Terre-de-Lune3-100x100.jpg 100w\" sizes=\"auto, (max-width: 1024px) 100vw, 1024px\" \/><\/figure><\/div>\n\n\n\n<div class=\"wp-block-media-text is-stacked-on-mobile\"><figure class=\"wp-block-media-text__media\"><img loading=\"lazy\" decoding=\"async\" width=\"1024\" height=\"1024\" src=\"https:\/\/www.maisonwabisabi.com\/wp-content\/uploads\/2022\/10\/Suzanne-KRETZ-Atelier-Terre-de-Lune-E\u0301maux-et-Terres.jpg\" alt=\"Suzanne KRETZ - Atelier Terre de Lune - E\u0301maux et Terres\" class=\"wp-image-10225 size-full\" srcset=\"https:\/\/www.maisonwabisabi.com\/wp-content\/uploads\/2022\/10\/Suzanne-KRETZ-Atelier-Terre-de-Lune-E\u0301maux-et-Terres.jpg 1024w, https:\/\/www.maisonwabisabi.com\/wp-content\/uploads\/2022\/10\/Suzanne-KRETZ-Atelier-Terre-de-Lune-E\u0301maux-et-Terres-300x300.jpg 300w, https:\/\/www.maisonwabisabi.com\/wp-content\/uploads\/2022\/10\/Suzanne-KRETZ-Atelier-Terre-de-Lune-E\u0301maux-et-Terres-150x150.jpg 150w, https:\/\/www.maisonwabisabi.com\/wp-content\/uploads\/2022\/10\/Suzanne-KRETZ-Atelier-Terre-de-Lune-E\u0301maux-et-Terres-768x768.jpg 768w, https:\/\/www.maisonwabisabi.com\/wp-content\/uploads\/2022\/10\/Suzanne-KRETZ-Atelier-Terre-de-Lune-E\u0301maux-et-Terres-600x600.jpg 600w, https:\/\/www.maisonwabisabi.com\/wp-content\/uploads\/2022\/10\/Suzanne-KRETZ-Atelier-Terre-de-Lune-E\u0301maux-et-Terres-100x100.jpg 100w\" sizes=\"auto, (max-width: 1024px) 100vw, 1024px\" \/><\/figure><div class=\"wp-block-media-text__content\">\n<p><\/p>\n\n\n\n<p class=\"has-black-color has-text-color\" style=\"font-size:17px\">\u00ab\u00a0J\u2019ai commenc\u00e9 \u00e0 faire des pi\u00e8ces model\u00e9es vers mes 2 ans et mes premi\u00e8res exp\u00e9riences de pi\u00e8ces au tour aux alentours de mes 4 ans. Ma m\u00e8re, <a href=\"https:\/\/www.maisonwabisabi.com\/en\/annie-metzger\/\" target=\"_blank\" rel=\"noreferrer noopener\"><mark style=\"background-color:rgba(0, 0, 0, 0);color:#8d9a83\" class=\"has-inline-color\">Annie METZGER<\/mark><\/a>, a appris la c\u00e9ramique au Japon et a ouvert L\u2019atelier Terre de Lune \u00e0 son retour en France. J\u2019ai donc grandi dans cet atelier, o\u00f9 elle m\u2019a transmis son m\u00e9tier tout au long de ma jeunesse. Enfant, je profitais de la cour de l\u2019atelier pour r\u00e9aliser des architectures \u00e9ph\u00e9m\u00e8res en gr\u00e8s, avec de nombreux jeux de bassins et de cascades.\u00a0\u00bb<\/p>\n\n\n\n<p class=\"has-black-color has-text-color\" style=\"font-size:17px\">\u00ab\u00a0Elle m\u2019a transmis sa passion pour la c\u00e9ramique japonaise, ainsi que les techniques de ce pays (je tourne dans le sens japonais, et con\u00e7ois mes pi\u00e8ces par la forme int\u00e9rieure). Elle m\u2019a appris \u00e0 rechercher et r\u00e9aliser des \u00e9maux haute temp\u00e9rature, \u00e0 partir des diagrammes de Daniel de Montmollin. Enfant et adolescente, je r\u00e9alisais mes propres tests \u00e0 partir de m\u00e9langes d\u2019\u00e9maux qu\u2019elle avait cr\u00e9\u00e9s, et que je nommais de noms assez fantaisistes comme \u00ab ciel d\u2019orage \u00bb.\u00a0\u00bb<\/p>\n\n\n\n<p class=\"has-black-color has-text-color\" style=\"font-size:17px\">Cet apprentissage est aussi pass\u00e9 par l\u2019utilisation quotidienne de c\u00e9ramiques artisanale, la visite de march\u00e9s, de mus\u00e9es et ateliers de c\u00e9ramistes (au Japon, \u00e0 Tokyo, Ky\u014dto, Okinawa, Fukuoka, en Su\u00e8de, au Danemark, en Angleterre, en Italie, aux Pays-Bas\u2026).<\/p>\n<\/div><\/div>\n\n\n\n<div class=\"wp-block-media-text has-media-on-the-right is-stacked-on-mobile\"><div class=\"wp-block-media-text__content\">\n<p><\/p>\n\n\n\n<p class=\"has-black-color has-text-color\" style=\"font-size:17px\">\u00ab\u00a0D\u2019une certaine fa\u00e7on, je pense que cela a contribu\u00e9 \u00e0 ma passion pour l\u2019enseignement, et transmis une certaine p\u00e9dagogie et la relation humaine qui en d\u00e9coule. Tous ces apprentissages se sont poursuivis en parall\u00e8le de mes \u00e9tudes, et nous passions plusieurs semaines l\u2019\u00e9t\u00e9 \u00e0 faire de la c\u00e9ramique ensemble, \u00e0 Paris ou dans son second atelier dans le Lot. Actuellement, nous continuons toujours \u00e0 apprendre ensemble, gr\u00e2ce \u00e0 un \u00e9change m\u00e8re-fille qui m\u2019est tr\u00e8s pr\u00e9cieux.\u00a0\u00bb<\/p>\n\n\n\n<p class=\"has-black-color has-text-color\" style=\"font-size:17px\">\u00ab\u00a0Une de mes \u00e9l\u00e8ves, Ina, a dit un jour que ma c\u00e9ramique \u00e9tait impertinente. Cette d\u00e9finition m\u2019a beaucoup interpell\u00e9e. Elle mettait un mot sur quelque chose que je n\u2019arrivais pas \u00e0 d\u00e9finir, et elle venait d\u2019une personne qui me connait principalement au travers de la c\u00e9ramique.\u00a0\u00bb<\/p>\n\n\n\n<p class=\"has-black-color has-text-color\" style=\"font-size:17px\">\u00ab\u00a0Ma r\u00e9flexion se fait un peu \u00e0 l\u2019envers : d\u2019abord par la couleur, la mati\u00e8re, le d\u00e9cor puis la forme. Avec le temps, j\u2019ai constat\u00e9 que j\u2019aimais faire compliqu\u00e9, techniquement et esth\u00e9tiquement, mais aussi que mes pi\u00e8ces se divisaient en deux grandes cat\u00e9gories : l\u2019une tr\u00e8s \u00ab brute \u00bb souvent model\u00e9e et l\u2019autre tr\u00e8s d\u00e9licate, souvent tourn\u00e9e.\u00a0\u00bb<\/p>\n<\/div><figure class=\"wp-block-media-text__media\"><img loading=\"lazy\" decoding=\"async\" width=\"1024\" height=\"1024\" src=\"https:\/\/www.maisonwabisabi.com\/wp-content\/uploads\/2022\/10\/Atelier-Terre-de-Lune2.jpg\" alt=\"Annie METZGER - Atelier Terre de Lune - Four \u00e9lectrique\" class=\"wp-image-10213 size-full\" srcset=\"https:\/\/www.maisonwabisabi.com\/wp-content\/uploads\/2022\/10\/Atelier-Terre-de-Lune2.jpg 1024w, https:\/\/www.maisonwabisabi.com\/wp-content\/uploads\/2022\/10\/Atelier-Terre-de-Lune2-300x300.jpg 300w, https:\/\/www.maisonwabisabi.com\/wp-content\/uploads\/2022\/10\/Atelier-Terre-de-Lune2-150x150.jpg 150w, https:\/\/www.maisonwabisabi.com\/wp-content\/uploads\/2022\/10\/Atelier-Terre-de-Lune2-768x768.jpg 768w, https:\/\/www.maisonwabisabi.com\/wp-content\/uploads\/2022\/10\/Atelier-Terre-de-Lune2-600x600.jpg 600w, https:\/\/www.maisonwabisabi.com\/wp-content\/uploads\/2022\/10\/Atelier-Terre-de-Lune2-100x100.jpg 100w\" sizes=\"auto, (max-width: 1024px) 100vw, 1024px\" \/><\/figure><\/div>\n\n\n\n<div class=\"wp-block-media-text is-stacked-on-mobile\"><figure class=\"wp-block-media-text__media\"><img loading=\"lazy\" decoding=\"async\" width=\"1024\" height=\"1024\" src=\"https:\/\/www.maisonwabisabi.com\/wp-content\/uploads\/2022\/10\/Suzanne-KRETZ-Pince\u0301-et-Structure\u0301.jpg\" alt=\"Suzanne KRETZ - Pince\u0301 et Structure\u0301\" class=\"wp-image-10226 size-full\" srcset=\"https:\/\/www.maisonwabisabi.com\/wp-content\/uploads\/2022\/10\/Suzanne-KRETZ-Pince\u0301-et-Structure\u0301.jpg 1024w, https:\/\/www.maisonwabisabi.com\/wp-content\/uploads\/2022\/10\/Suzanne-KRETZ-Pince\u0301-et-Structure\u0301-300x300.jpg 300w, https:\/\/www.maisonwabisabi.com\/wp-content\/uploads\/2022\/10\/Suzanne-KRETZ-Pince\u0301-et-Structure\u0301-150x150.jpg 150w, https:\/\/www.maisonwabisabi.com\/wp-content\/uploads\/2022\/10\/Suzanne-KRETZ-Pince\u0301-et-Structure\u0301-768x768.jpg 768w, https:\/\/www.maisonwabisabi.com\/wp-content\/uploads\/2022\/10\/Suzanne-KRETZ-Pince\u0301-et-Structure\u0301-600x600.jpg 600w, https:\/\/www.maisonwabisabi.com\/wp-content\/uploads\/2022\/10\/Suzanne-KRETZ-Pince\u0301-et-Structure\u0301-100x100.jpg 100w\" sizes=\"auto, (max-width: 1024px) 100vw, 1024px\" \/><\/figure><div class=\"wp-block-media-text__content\">\n<p><\/p>\n\n\n\n<p class=\"has-black-color has-text-color\" style=\"font-size:17px\">\u00ab\u00a0Depuis peu, j\u2019essaie de conjuguer les deux mondes, afin de former une sorte de brut d\u00e9licat, avec des jeux de jus d\u2019oxydes, d\u2019engobes, d\u2019\u00e9maux color\u00e9s, et d\u2019\u00e9maux en transparence associ\u00e9s \u00e0 des cendres, sur des gr\u00e8s chamott\u00e9s.\u00a0\u00bb<\/p>\n\n\n\n<p class=\"has-black-color has-text-color\" style=\"font-size:17px\">\u00ab\u00a0Naturellement, je m\u2019inspire beaucoup du japon, en particulier du sud du japon, et de la nature sauvage, pas standardis\u00e9e et qui se laisse vivre. Le doux m\u00e9lange du d\u00e9sordre et de l\u2019organisation que la nature fait si bien.\u00a0\u00bb<\/p>\n\n\n\n<p class=\"has-black-color has-text-color\" style=\"font-size:17px\">\u00ab\u00a0J\u2019aime les couleurs \u00ab naturelles \u00bb. Pour moi, cela ne veut pas dire des tons de beiges et de brun, mais plut\u00f4t la diversit\u00e9 des couleurs que l\u2019on retrouve partout autour de nous et qui ne sont pas toujours ce qu\u2019on croit \u00eatre. Par exemple, la multitude des reflets du ciel dans l\u2019eau, l\u2019apparition en transparence de la vie sous-marine et des variations de profondeurs. Aussi plus simplement, le fait que le vert d\u2019un l\u00e9gume ne soit pas juste \u00ab vert \u00bb mais tout un ensemble de nuances qui cr\u00e9ent une couleur vibrante et vivante. En r\u00e9sum\u00e9, je dirais que je m\u2019inspire du japon pour les formes et de cette nature sauvage pour les couleurs.\u00a0\u00bb<\/p>\n<\/div><\/div>\n\n\n\n<div class=\"wp-block-media-text has-media-on-the-right is-stacked-on-mobile\"><div class=\"wp-block-media-text__content\">\n<p><\/p>\n\n\n\n<p class=\"has-black-color has-text-color\" style=\"font-size:17px\">\u00ab\u00a0Je puise aussi dans l\u2019univers du textile, qui m\u2019apporte une autre approche du motif et des textures. Cela me permet d\u2019avoir un regard contemporain, ancr\u00e9 dans le quotidien. Le v\u00eatement est un univers familier \u00e0 tout le monde, et facilite d\u2019une certaine fa\u00e7on l\u2019entr\u00e9e dans un monde d\u2019artisanat c\u00e9ramique souvent m\u00e9connu et mal compris, en le d\u00e9mocratisant et en rassurant le public gr\u00e2ce \u00e0 des rep\u00e8res connus.<\/p>\n\n\n\n<p class=\"has-black-color has-text-color\" style=\"font-size:17px\">\u00ab\u00a0Je d\u00e9veloppe et recherche diff\u00e9rentes fa\u00e7ons d\u2019exprimer cet univers de la biologie, et en particulier les motifs d\u2019organisation cellulaire. Je poss\u00e8de un carnet rempli de dessins de cellules que j\u2019ai r\u00e9alis\u00e9s et qui se retrouvent sur certaines pi\u00e8ces.\u00a0\u00bb<\/p>\n\n\n\n<p class=\"has-black-color has-text-color\" style=\"font-size:17px\">\u00ab\u00a0Mes pi\u00e8ces varient beaucoup d\u2019une ann\u00e9e sur l\u2019autre. Je n\u2019appr\u00e9cie pas particuli\u00e8rement faire en permanence les m\u00eames mod\u00e8les avec les m\u00eames \u00e9maux. J\u2019ai constamment de nouvelles id\u00e9es que je souhaite exp\u00e9rimenter. Souvent, je n\u2019ai pas le temps de toutes les r\u00e9aliser. Je note tout et r\u00e9alise parfois des id\u00e9es que j\u2019avais auparavant lorsque j\u2019ai trouv\u00e9 comment les r\u00e9aliser.\u00a0\u00bb<\/p>\n<\/div><figure class=\"wp-block-media-text__media\"><img loading=\"lazy\" decoding=\"async\" width=\"1024\" height=\"1024\" src=\"https:\/\/www.maisonwabisabi.com\/wp-content\/uploads\/2022\/10\/Suzanne-KRETZ-Atelier-du-Lot-Mas-del-Bos.jpg\" alt=\"Suzanne KRETZ - Atelier du Lot - Mas del Bos\" class=\"wp-image-10223 size-full\" srcset=\"https:\/\/www.maisonwabisabi.com\/wp-content\/uploads\/2022\/10\/Suzanne-KRETZ-Atelier-du-Lot-Mas-del-Bos.jpg 1024w, https:\/\/www.maisonwabisabi.com\/wp-content\/uploads\/2022\/10\/Suzanne-KRETZ-Atelier-du-Lot-Mas-del-Bos-300x300.jpg 300w, https:\/\/www.maisonwabisabi.com\/wp-content\/uploads\/2022\/10\/Suzanne-KRETZ-Atelier-du-Lot-Mas-del-Bos-150x150.jpg 150w, https:\/\/www.maisonwabisabi.com\/wp-content\/uploads\/2022\/10\/Suzanne-KRETZ-Atelier-du-Lot-Mas-del-Bos-768x768.jpg 768w, https:\/\/www.maisonwabisabi.com\/wp-content\/uploads\/2022\/10\/Suzanne-KRETZ-Atelier-du-Lot-Mas-del-Bos-600x600.jpg 600w, https:\/\/www.maisonwabisabi.com\/wp-content\/uploads\/2022\/10\/Suzanne-KRETZ-Atelier-du-Lot-Mas-del-Bos-100x100.jpg 100w\" sizes=\"auto, (max-width: 1024px) 100vw, 1024px\" \/><\/figure><\/div>\n\n\n\n<div class=\"wp-block-media-text is-stacked-on-mobile\"><figure class=\"wp-block-media-text__media\"><img loading=\"lazy\" decoding=\"async\" width=\"1024\" height=\"1024\" src=\"https:\/\/www.maisonwabisabi.com\/wp-content\/uploads\/2022\/10\/Annie-METZGER-Atelier-Lot-Bureau.jpg\" alt=\"Annie METZGER - Atelier Lot - Bureau\" class=\"wp-image-10210 size-full\" srcset=\"https:\/\/www.maisonwabisabi.com\/wp-content\/uploads\/2022\/10\/Annie-METZGER-Atelier-Lot-Bureau.jpg 1024w, https:\/\/www.maisonwabisabi.com\/wp-content\/uploads\/2022\/10\/Annie-METZGER-Atelier-Lot-Bureau-300x300.jpg 300w, https:\/\/www.maisonwabisabi.com\/wp-content\/uploads\/2022\/10\/Annie-METZGER-Atelier-Lot-Bureau-150x150.jpg 150w, https:\/\/www.maisonwabisabi.com\/wp-content\/uploads\/2022\/10\/Annie-METZGER-Atelier-Lot-Bureau-768x768.jpg 768w, https:\/\/www.maisonwabisabi.com\/wp-content\/uploads\/2022\/10\/Annie-METZGER-Atelier-Lot-Bureau-600x600.jpg 600w, https:\/\/www.maisonwabisabi.com\/wp-content\/uploads\/2022\/10\/Annie-METZGER-Atelier-Lot-Bureau-100x100.jpg 100w\" sizes=\"auto, (max-width: 1024px) 100vw, 1024px\" \/><\/figure><div class=\"wp-block-media-text__content\">\n<p><\/p>\n\n\n\n<p class=\"has-black-color has-text-color\" style=\"font-size:17px\">\u00ab\u00a0Je poss\u00e8de \u00e9galement un carnet dans lequel je dessine des motifs et imprim\u00e9s depuis plusieurs ann\u00e9es. Je l\u2019utilise comme inspiration selon mes envies techniques et esth\u00e9tiques du moment.\u00a0\u00bb<\/p>\n\n\n\n<p class=\"has-black-color has-text-color\" style=\"font-size:17px\">\u00ab\u00a0Je r\u00e9alise de tr\u00e8s petites s\u00e9ries et des pi\u00e8ces uniques. Plut\u00f4t que de me concentrer sur la r\u00e9gularit\u00e9 stricte, je pr\u00e9f\u00e8re me concentrer sur l\u2019\u00e9quilibre intrins\u00e8que de chaque pi\u00e8ce. J\u2019aime cr\u00e9er suivant une forme de m\u00e9ditation et \u00ab d\u2019accident maitris\u00e9 \u00bb, qui rend chaque pi\u00e8ce unique, m\u00eame si elle peut ressembler \u00e0 une autre. De m\u00eame, j\u2019aime aussi exp\u00e9rimenter les techniques de d\u00e9cors et d\u2019\u00e9maillage, ce qui modifie beaucoup mes pi\u00e8ces au cours du temps.\u00a0\u00bb<\/p>\n\n\n\n<p class=\"has-black-color has-text-color\" style=\"font-size:17px\">Elle utilise principalement un four \u00e9lectrique. Elle a pu exp\u00e9rimenter les cuissons aux gaz aux c\u00f4t\u00e9s de sa m\u00e8re, qui poss\u00e8de un four de ce type dans son atelier du Lot.<\/p>\n<\/div><\/div>\n\n\n\n<div class=\"wp-block-media-text has-media-on-the-right is-stacked-on-mobile\"><div class=\"wp-block-media-text__content\">\n<p class=\"has-black-color has-text-color\" style=\"font-size:17px\"><\/p>\n\n\n\n<p class=\"has-black-color has-text-color\" style=\"font-size:17px\">\u00ab\u00a0Je trouve que c\u2019est un bon outil, qui permet facilement d\u2019avoir des r\u00e9sultats stables. Cela permet de commencer \u00e0 d\u00e9velopper sa cr\u00e9ativit\u00e9 simplement, et de solidifier ses acquis avant de passer \u00e0 des cuissons au gaz ou au bois qui sont des d\u00e9fis techniques en elles-m\u00eames. Il est aussi int\u00e9ressant d\u2019essayer d\u2019avoir des rendus similaires aux cuissons au gaz ou au bois, simplement avec de l\u2019\u00e9lectrique. Ce sont souvent des fours dont on sous-estime le potentiel. Cependant, elle esp\u00e8re un jour pouvoir r\u00e9aliser des cuissons au bois lorsque la localisation de son atelier le permettra.\u00a0\u00bb<\/p>\n\n\n\n<p class=\"has-black-color has-text-color\" style=\"font-size:17px\">\u00ab\u00a0J\u2019utilise des \u00e9maux cr\u00e9\u00e9s \u00e0 l\u2019atelier, par ma m\u00e8re et moi. Ces \u00e9maux sont inspir\u00e9s des \u00e9maux typiques japonais (tenmoku, goutte d\u2019huile, rouge kaki, shino, etc.), les \u00e9maux \u00e0 la cendre, le verre (tr\u00e8s utilis\u00e9 dans les iles japonaises du sud pour repr\u00e9senter l\u2019eau, partout pr\u00e9sente dans l\u2019environnement) mais essentiellement dans le cadre de sculptures car il s\u2019agit d\u2019un mat\u00e9riaux complexe et capricieux qui peut compromettre le caract\u00e8re utilitaire d\u2019une pi\u00e8ce.\u00a0\u00bb<\/p>\n<\/div><figure class=\"wp-block-media-text__media\"><img decoding=\"async\" src=\"https:\/\/www.maisonwabisabi.com\/wp-content\/uploads\/2023\/06\/N23TERREDELUNEFRYUN1-Face2.jpg\" alt=\"Petit bol - Atelier Terre de Lune\" class=\"wp-image-17918 size-full\"\/><\/figure><\/div>\n\n\n\n<div class=\"wp-block-media-text is-stacked-on-mobile\"><figure class=\"wp-block-media-text__media\"><img loading=\"lazy\" decoding=\"async\" width=\"1024\" height=\"1024\" src=\"https:\/\/www.maisonwabisabi.com\/wp-content\/uploads\/2022\/10\/Suzanne-KRETZ-Atelier-Terre-de-Lune-E\u0301maux-et-Terres.jpg\" alt=\"Suzanne KRETZ - Atelier Terre de Lune - E\u0301maux et Terres\" class=\"wp-image-10225 size-full\" srcset=\"https:\/\/www.maisonwabisabi.com\/wp-content\/uploads\/2022\/10\/Suzanne-KRETZ-Atelier-Terre-de-Lune-E\u0301maux-et-Terres.jpg 1024w, https:\/\/www.maisonwabisabi.com\/wp-content\/uploads\/2022\/10\/Suzanne-KRETZ-Atelier-Terre-de-Lune-E\u0301maux-et-Terres-300x300.jpg 300w, https:\/\/www.maisonwabisabi.com\/wp-content\/uploads\/2022\/10\/Suzanne-KRETZ-Atelier-Terre-de-Lune-E\u0301maux-et-Terres-150x150.jpg 150w, https:\/\/www.maisonwabisabi.com\/wp-content\/uploads\/2022\/10\/Suzanne-KRETZ-Atelier-Terre-de-Lune-E\u0301maux-et-Terres-768x768.jpg 768w, https:\/\/www.maisonwabisabi.com\/wp-content\/uploads\/2022\/10\/Suzanne-KRETZ-Atelier-Terre-de-Lune-E\u0301maux-et-Terres-600x600.jpg 600w, https:\/\/www.maisonwabisabi.com\/wp-content\/uploads\/2022\/10\/Suzanne-KRETZ-Atelier-Terre-de-Lune-E\u0301maux-et-Terres-100x100.jpg 100w\" sizes=\"auto, (max-width: 1024px) 100vw, 1024px\" \/><\/figure><div class=\"wp-block-media-text__content\">\n<p class=\"has-black-color has-text-color\" style=\"font-size:17px\"><\/p>\n\n\n\n<p class=\"has-black-color has-text-color\" style=\"font-size:17px\">\u00ab\u00a0Je donne des cours collectifs de c\u00e9ramique toutes les semaines, ainsi que des stages destin\u00e9s aux d\u00e9butants (tour, modelage et \u00e9maillage). J\u2019assiste \u00e9galement ma m\u00e8re lors des stages de recherche d\u2019\u00e9maux. La transmission du savoir-faire est importante. Cela constitue un \u00e9change tr\u00e8s enrichissant entre professeur et \u00e9l\u00e8ve. Je suis moi-m\u00eame issue de la transmission familiale du m\u00e9tier de c\u00e9ramiste, et j\u2019assiste au quotidien \u00e0 la richesse de cet \u00e9change.<\/p>\n\n\n\n<p class=\"has-black-color has-text-color\" style=\"font-size:17px\">Ma m\u00e8re m\u2019a transmis le m\u00e9tier dans tous ses aspects (pratique de la c\u00e9ramique, mais aussi gestion d\u2019entreprise) et je lui partage mes connaissances de la technologie ainsi que mes Inspirations et recherches qui sont diff\u00e9rentes des siennes. Ces \u00e9changes sont quasi quotidiens, et nous apprennent beaucoup, gr\u00e2ce au recul dont nous disposons chacune sur le travail de l\u2019autre. Depuis quelques ann\u00e9es, j\u2019ai \u00e9galement le point de vue du professeur, et j\u2019ai pu observer \u00e0 quel point les discussions avec chaque \u00e9l\u00e8ve m\u2019apprenaient, et me faisaient d\u00e9couvrir l\u2019univers de chacun. Ces \u00e9changes sont de v\u00e9ritables moteurs cr\u00e9atifs, dans un sens comme dans l\u2019autre.\u00a0\u00bb<\/p>\n<\/div><\/div>\n\n\n\n<div class=\"wp-block-media-text has-media-on-the-right is-stacked-on-mobile\"><div class=\"wp-block-media-text__content\">\n<p><\/p>\n\n\n\n<h3 class=\"wp-block-heading has-black-color has-text-color\" style=\"font-size:17px\"><strong><mark style=\"background-color:rgba(0, 0, 0, 0);color:#7d4e2d\" class=\"has-inline-color\">Suzanne KRETZ en 5 dates importantes :<\/mark><\/strong><\/h3>\n\n\n\n<p class=\"has-black-color has-text-color\" style=\"font-size:17px\">1998 : sans doute une de mes premi\u00e8res pi\u00e8ces au tour, et l\u2019une des plus ancienne que je poss\u00e8de encore<\/p>\n\n\n\n<p class=\"has-black-color has-text-color\" style=\"font-size:17px\">2001 : premier voyage au japon, et stage dans un atelier de c\u00e9ramique \u00e0 Bizen (Japon). J\u2019y d\u00e9couvre l\u2019\u00e9t\u00e9 au japon, la chasse aux papillons et aux grillons, la nourriture, l\u2019atmosph\u00e8re si particuli\u00e8re<\/p>\n\n\n\n<p class=\"has-black-color has-text-color\" style=\"font-size:17px\">2009 : ma premi\u00e8re exposition \u00e0 l\u2019atelier Terre de Lune<\/p>\n\n\n\n<p class=\"has-black-color has-text-color\" style=\"font-size:17px\">2018 : mes d\u00e9buts en tant que professeur de c\u00e9ramique<\/p>\n\n\n\n<p class=\"has-black-color has-text-color\" style=\"font-size:17px\">Ao\u00fbt-septembre 2019 : mon plus r\u00e9cent voyage au Japon, effectu\u00e9 alors que je travaillais \u00e0 plein temps dans la c\u00e9ramique. Premi\u00e8re fois o\u00f9 j\u2019appr\u00e9ciais la c\u00e9ramique de ce pays en tant que professionnelle.<\/p>\n\n\n\n<p class=\"has-black-color has-text-color\" style=\"font-size:17px\">2024 : ouverture de mon atelier aux Pays-Bas<\/p>\n<\/div><figure class=\"wp-block-media-text__media\"><img loading=\"lazy\" decoding=\"async\" width=\"1024\" height=\"1024\" src=\"https:\/\/www.maisonwabisabi.com\/wp-content\/uploads\/2022\/10\/Suzanne-KRETZ-Studio-Den-Haag.jpg\" alt=\"Suzanne KRETZ - Studio Den Haag\" class=\"wp-image-10228 size-full\" srcset=\"https:\/\/www.maisonwabisabi.com\/wp-content\/uploads\/2022\/10\/Suzanne-KRETZ-Studio-Den-Haag.jpg 1024w, https:\/\/www.maisonwabisabi.com\/wp-content\/uploads\/2022\/10\/Suzanne-KRETZ-Studio-Den-Haag-300x300.jpg 300w, https:\/\/www.maisonwabisabi.com\/wp-content\/uploads\/2022\/10\/Suzanne-KRETZ-Studio-Den-Haag-150x150.jpg 150w, https:\/\/www.maisonwabisabi.com\/wp-content\/uploads\/2022\/10\/Suzanne-KRETZ-Studio-Den-Haag-768x768.jpg 768w, https:\/\/www.maisonwabisabi.com\/wp-content\/uploads\/2022\/10\/Suzanne-KRETZ-Studio-Den-Haag-600x600.jpg 600w, https:\/\/www.maisonwabisabi.com\/wp-content\/uploads\/2022\/10\/Suzanne-KRETZ-Studio-Den-Haag-100x100.jpg 100w\" sizes=\"auto, (max-width: 1024px) 100vw, 1024px\" \/><\/figure><\/div>\n\n\n\n<div style=\"height:20px\" aria-hidden=\"true\" class=\"wp-block-spacer\"><\/div>\n\n\n\n<figure class=\"wp-block-image size-large is-resized\"><img loading=\"lazy\" decoding=\"async\" width=\"1024\" height=\"538\" src=\"https:\/\/www.maisonwabisabi.com\/wp-content\/uploads\/2022\/10\/Annie-et-Suzanne-Bizen-en-2001.-1024x538.jpg\" alt=\"Annie et Suzanne - Bizen en 2001.\" class=\"wp-image-10208\" style=\"width:1200px\" srcset=\"https:\/\/www.maisonwabisabi.com\/wp-content\/uploads\/2022\/10\/Annie-et-Suzanne-Bizen-en-2001.-1024x538.jpg 1024w, https:\/\/www.maisonwabisabi.com\/wp-content\/uploads\/2022\/10\/Annie-et-Suzanne-Bizen-en-2001.-300x158.jpg 300w, https:\/\/www.maisonwabisabi.com\/wp-content\/uploads\/2022\/10\/Annie-et-Suzanne-Bizen-en-2001.-768x403.jpg 768w, https:\/\/www.maisonwabisabi.com\/wp-content\/uploads\/2022\/10\/Annie-et-Suzanne-Bizen-en-2001.-600x315.jpg 600w, https:\/\/www.maisonwabisabi.com\/wp-content\/uploads\/2022\/10\/Annie-et-Suzanne-Bizen-en-2001..jpg 1200w\" sizes=\"auto, (max-width: 1024px) 100vw, 1024px\" \/><figcaption class=\"wp-element-caption\">Suzanne KRETZ et sa m\u00e8re Annie METZGER &#8211; \u00e0 Bizen en 2001<\/figcaption><\/figure>\n\n\n\n<div style=\"height:20px\" aria-hidden=\"true\" class=\"wp-block-spacer\"><\/div>\n\n\n\n<p class=\"has-text-align-center has-black-color has-text-color\" style=\"font-size:15px\">Source des photos et des textes : Suzanne KRETZ et Yann san<\/p>\n\n\n\n<div style=\"height:100px\" aria-hidden=\"true\" class=\"wp-block-spacer\"><\/div>","protected":false},"excerpt":{"rendered":"<p>Suzanne KRETZ et ses cr\u00e9ations (1994-) Elle est n\u00e9e \u00e0 Tokyo et a grandi \u00e0 Paris. Bien que ses parents [&hellip;]<\/p>\n","protected":false},"author":1,"featured_media":0,"comment_status":"closed","ping_status":"closed","sticky":false,"template":"","format":"standard","meta":{"site-sidebar-layout":"default","site-content-layout":"","ast-site-content-layout":"default","site-content-style":"default","site-sidebar-style":"default","ast-global-header-display":"","ast-banner-title-visibility":"","ast-main-header-display":"","ast-hfb-above-header-display":"","ast-hfb-below-header-display":"","ast-hfb-mobile-header-display":"","site-post-title":"disabled","ast-breadcrumbs-content":"","ast-featured-img":"","footer-sml-layout":"","ast-disable-related-posts":"","theme-transparent-header-meta":"","adv-header-id-meta":"","stick-header-meta":"","header-above-stick-meta":"","header-main-stick-meta":"","header-below-stick-meta":"","astra-migrate-meta-layouts":"default","ast-page-background-enabled":"default","ast-page-background-meta":{"desktop":{"background-color":"var(--ast-global-color-5)","background-image":"","background-repeat":"repeat","background-position":"center center","background-size":"auto","background-attachment":"scroll","background-type":"","background-media":"","overlay-type":"","overlay-color":"","overlay-opacity":"","overlay-gradient":""},"tablet":{"background-color":"","background-image":"","background-repeat":"repeat","background-position":"center center","background-size":"auto","background-attachment":"scroll","background-type":"","background-media":"","overlay-type":"","overlay-color":"","overlay-opacity":"","overlay-gradient":""},"mobile":{"background-color":"","background-image":"","background-repeat":"repeat","background-position":"center center","background-size":"auto","background-attachment":"scroll","background-type":"","background-media":"","overlay-type":"","overlay-color":"","overlay-opacity":"","overlay-gradient":""}},"ast-content-background-meta":{"desktop":{"background-color":"var(--ast-global-color-4)","background-image":"","background-repeat":"repeat","background-position":"center center","background-size":"auto","background-attachment":"scroll","background-type":"","background-media":"","overlay-type":"","overlay-color":"","overlay-opacity":"","overlay-gradient":""},"tablet":{"background-color":"var(--ast-global-color-4)","background-image":"","background-repeat":"repeat","background-position":"center center","background-size":"auto","background-attachment":"scroll","background-type":"","background-media":"","overlay-type":"","overlay-color":"","overlay-opacity":"","overlay-gradient":""},"mobile":{"background-color":"var(--ast-global-color-4)","background-image":"","background-repeat":"repeat","background-position":"center center","background-size":"auto","background-attachment":"scroll","background-type":"","background-media":"","overlay-type":"","overlay-color":"","overlay-opacity":"","overlay-gradient":""}},"footnotes":""},"categories":[76],"tags":[],"class_list":["post-10222","post","type-post","status-publish","format-standard","hentry","category-ceramistes"],"yoast_head":"<!-- This site is optimized with the Yoast SEO plugin v27.5 - https:\/\/yoast.com\/product\/yoast-seo-wordpress\/ -->\n<title>Suzanne KRETZ - Maison Wabi-Sabi - C\u00e9ramistes<\/title>\n<meta name=\"description\" content=\"Suzanne KRETZ est \u00e0 Paris et d\u00e9sormais \u00e0 La Haye, au Pays-bas. H\u00e2te de vous pr\u00e9senter ses cr\u00e9ations dans la boutique. C\u00e9ramique fran\u00e7aise.\" \/>\n<meta name=\"robots\" content=\"index, follow, max-snippet:-1, max-image-preview:large, max-video-preview:-1\" \/>\n<link rel=\"canonical\" href=\"https:\/\/www.maisonwabisabi.com\/en\/suzanne-kretz\/\" \/>\n<meta property=\"og:locale\" content=\"en_GB\" \/>\n<meta property=\"og:type\" content=\"article\" \/>\n<meta property=\"og:title\" content=\"Suzanne KRETZ - Maison Wabi-Sabi - C\u00e9ramistes\" \/>\n<meta property=\"og:description\" content=\"Suzanne KRETZ est \u00e0 Paris et d\u00e9sormais \u00e0 La Haye, au Pays-bas. H\u00e2te de vous pr\u00e9senter ses cr\u00e9ations dans la boutique. C\u00e9ramique fran\u00e7aise.\" \/>\n<meta property=\"og:url\" content=\"https:\/\/www.maisonwabisabi.com\/en\/suzanne-kretz\/\" \/>\n<meta property=\"og:site_name\" content=\"Maison Wabi-Sabi\" \/>\n<meta property=\"article:publisher\" content=\"https:\/\/www.facebook.com\/MaisonWabiSabi\" \/>\n<meta property=\"article:author\" content=\"https:\/\/www.facebook.com\/MaisonWabiSabi\" \/>\n<meta property=\"article:published_time\" content=\"2022-10-11T21:04:02+00:00\" \/>\n<meta property=\"article:modified_time\" content=\"2025-08-26T20:10:14+00:00\" \/>\n<meta property=\"og:image\" content=\"https:\/\/www.maisonwabisabi.com\/wp-content\/uploads\/2022\/10\/Suzanne-KRETZ-Portrait.jpg\" \/>\n\t<meta property=\"og:image:width\" content=\"1024\" \/>\n\t<meta property=\"og:image:height\" content=\"1024\" \/>\n\t<meta property=\"og:image:type\" content=\"image\/jpeg\" \/>\n<meta name=\"author\" content=\"Yann san\" \/>\n<meta name=\"twitter:card\" content=\"summary_large_image\" \/>\n<meta name=\"twitter:label1\" content=\"Written by\" \/>\n\t<meta name=\"twitter:data1\" content=\"Yann san\" \/>\n\t<meta name=\"twitter:label2\" content=\"Estimated reading time\" \/>\n\t<meta name=\"twitter:data2\" content=\"11 minutes\" \/>\n<script type=\"application\/ld+json\" class=\"yoast-schema-graph\">{\"@context\":\"https:\\\/\\\/schema.org\",\"@graph\":[{\"@type\":\"Article\",\"@id\":\"https:\\\/\\\/www.maisonwabisabi.com\\\/suzanne-kretz\\\/#article\",\"isPartOf\":{\"@id\":\"https:\\\/\\\/www.maisonwabisabi.com\\\/suzanne-kretz\\\/\"},\"author\":{\"name\":\"Yann san\",\"@id\":\"https:\\\/\\\/www.maisonwabisabi.com\\\/#\\\/schema\\\/person\\\/b2458bb9fa2737d1a11eabc63d3aabc9\"},\"headline\":\"Rencontre avec Suzanne KRETZ C\u00e9ramiste fran\u00e7aise \u00e0 La Haye\",\"datePublished\":\"2022-10-11T21:04:02+00:00\",\"dateModified\":\"2025-08-26T20:10:14+00:00\",\"mainEntityOfPage\":{\"@id\":\"https:\\\/\\\/www.maisonwabisabi.com\\\/suzanne-kretz\\\/\"},\"wordCount\":1943,\"publisher\":{\"@id\":\"https:\\\/\\\/www.maisonwabisabi.com\\\/#organization\"},\"image\":{\"@id\":\"https:\\\/\\\/www.maisonwabisabi.com\\\/suzanne-kretz\\\/#primaryimage\"},\"thumbnailUrl\":\"https:\\\/\\\/www.maisonwabisabi.com\\\/wp-content\\\/uploads\\\/2022\\\/10\\\/Suzanne-KRETZ-Portrait.jpg\",\"articleSection\":[\"C\u00e9ramistes\"],\"inLanguage\":\"en-GB\"},{\"@type\":\"WebPage\",\"@id\":\"https:\\\/\\\/www.maisonwabisabi.com\\\/suzanne-kretz\\\/\",\"url\":\"https:\\\/\\\/www.maisonwabisabi.com\\\/suzanne-kretz\\\/\",\"name\":\"Suzanne KRETZ - Maison Wabi-Sabi - C\u00e9ramistes\",\"isPartOf\":{\"@id\":\"https:\\\/\\\/www.maisonwabisabi.com\\\/#website\"},\"primaryImageOfPage\":{\"@id\":\"https:\\\/\\\/www.maisonwabisabi.com\\\/suzanne-kretz\\\/#primaryimage\"},\"image\":{\"@id\":\"https:\\\/\\\/www.maisonwabisabi.com\\\/suzanne-kretz\\\/#primaryimage\"},\"thumbnailUrl\":\"https:\\\/\\\/www.maisonwabisabi.com\\\/wp-content\\\/uploads\\\/2022\\\/10\\\/Suzanne-KRETZ-Portrait.jpg\",\"datePublished\":\"2022-10-11T21:04:02+00:00\",\"dateModified\":\"2025-08-26T20:10:14+00:00\",\"description\":\"Suzanne KRETZ est \u00e0 Paris et d\u00e9sormais \u00e0 La Haye, au Pays-bas. H\u00e2te de vous pr\u00e9senter ses cr\u00e9ations dans la boutique. C\u00e9ramique fran\u00e7aise.\",\"breadcrumb\":{\"@id\":\"https:\\\/\\\/www.maisonwabisabi.com\\\/suzanne-kretz\\\/#breadcrumb\"},\"inLanguage\":\"en-GB\",\"potentialAction\":[{\"@type\":\"ReadAction\",\"target\":[\"https:\\\/\\\/www.maisonwabisabi.com\\\/suzanne-kretz\\\/\"]}]},{\"@type\":\"ImageObject\",\"inLanguage\":\"en-GB\",\"@id\":\"https:\\\/\\\/www.maisonwabisabi.com\\\/suzanne-kretz\\\/#primaryimage\",\"url\":\"https:\\\/\\\/www.maisonwabisabi.com\\\/wp-content\\\/uploads\\\/2022\\\/10\\\/Suzanne-KRETZ-Portrait.jpg\",\"contentUrl\":\"https:\\\/\\\/www.maisonwabisabi.com\\\/wp-content\\\/uploads\\\/2022\\\/10\\\/Suzanne-KRETZ-Portrait.jpg\"},{\"@type\":\"BreadcrumbList\",\"@id\":\"https:\\\/\\\/www.maisonwabisabi.com\\\/suzanne-kretz\\\/#breadcrumb\",\"itemListElement\":[{\"@type\":\"ListItem\",\"position\":1,\"name\":\"Bienvenue\",\"item\":\"https:\\\/\\\/www.maisonwabisabi.com\\\/\"},{\"@type\":\"ListItem\",\"position\":2,\"name\":\"Rencontre avec Suzanne KRETZ C\u00e9ramiste fran\u00e7aise \u00e0 La Haye\"}]},{\"@type\":\"WebSite\",\"@id\":\"https:\\\/\\\/www.maisonwabisabi.com\\\/#website\",\"url\":\"https:\\\/\\\/www.maisonwabisabi.com\\\/\",\"name\":\"Maison Wabi-Sabi\",\"description\":\"\",\"publisher\":{\"@id\":\"https:\\\/\\\/www.maisonwabisabi.com\\\/#organization\"},\"potentialAction\":[{\"@type\":\"SearchAction\",\"target\":{\"@type\":\"EntryPoint\",\"urlTemplate\":\"https:\\\/\\\/www.maisonwabisabi.com\\\/?s={search_term_string}\"},\"query-input\":{\"@type\":\"PropertyValueSpecification\",\"valueRequired\":true,\"valueName\":\"search_term_string\"}}],\"inLanguage\":\"en-GB\"},{\"@type\":\"Organization\",\"@id\":\"https:\\\/\\\/www.maisonwabisabi.com\\\/#organization\",\"name\":\"Maison Wabi-Sabi\",\"url\":\"https:\\\/\\\/www.maisonwabisabi.com\\\/\",\"logo\":{\"@type\":\"ImageObject\",\"inLanguage\":\"en-GB\",\"@id\":\"https:\\\/\\\/www.maisonwabisabi.com\\\/#\\\/schema\\\/logo\\\/image\\\/\",\"url\":\"https:\\\/\\\/www.maisonwabisabi.com\\\/wp-content\\\/uploads\\\/2021\\\/11\\\/Logo-de-maison-Wabi-Sabi.jpg\",\"contentUrl\":\"https:\\\/\\\/www.maisonwabisabi.com\\\/wp-content\\\/uploads\\\/2021\\\/11\\\/Logo-de-maison-Wabi-Sabi.jpg\",\"width\":1024,\"height\":1024,\"caption\":\"Maison Wabi-Sabi\"},\"image\":{\"@id\":\"https:\\\/\\\/www.maisonwabisabi.com\\\/#\\\/schema\\\/logo\\\/image\\\/\"},\"sameAs\":[\"https:\\\/\\\/www.facebook.com\\\/MaisonWabiSabi\",\"https:\\\/\\\/www.instagram.com\\\/maison.wabi.sabi\\\/?hl=fr\",\"https:\\\/\\\/www.linkedin.com\\\/company\\\/69088467\"]},{\"@type\":\"Person\",\"@id\":\"https:\\\/\\\/www.maisonwabisabi.com\\\/#\\\/schema\\\/person\\\/b2458bb9fa2737d1a11eabc63d3aabc9\",\"name\":\"Yann san\",\"sameAs\":[\"https:\\\/\\\/www.maisonwabisabi.com\",\"https:\\\/\\\/www.facebook.com\\\/MaisonWabiSabi\",\"https:\\\/\\\/www.instagram.com\\\/maison.wabi.sabi\\\/\"],\"url\":\"https:\\\/\\\/www.maisonwabisabi.com\\\/en\\\/author\\\/4729952\\\/\"}]}<\/script>\n<!-- \/ Yoast SEO plugin. -->","yoast_head_json":{"title":"Suzanne KRETZ - Maison Wabi-Sabi - C\u00e9ramistes","description":"Suzanne KRETZ est \u00e0 Paris et d\u00e9sormais \u00e0 La Haye, au Pays-bas. H\u00e2te de vous pr\u00e9senter ses cr\u00e9ations dans la boutique. C\u00e9ramique fran\u00e7aise.","robots":{"index":"index","follow":"follow","max-snippet":"max-snippet:-1","max-image-preview":"max-image-preview:large","max-video-preview":"max-video-preview:-1"},"canonical":"https:\/\/www.maisonwabisabi.com\/en\/suzanne-kretz\/","og_locale":"en_GB","og_type":"article","og_title":"Suzanne KRETZ - Maison Wabi-Sabi - C\u00e9ramistes","og_description":"Suzanne KRETZ est \u00e0 Paris et d\u00e9sormais \u00e0 La Haye, au Pays-bas. H\u00e2te de vous pr\u00e9senter ses cr\u00e9ations dans la boutique. C\u00e9ramique fran\u00e7aise.","og_url":"https:\/\/www.maisonwabisabi.com\/en\/suzanne-kretz\/","og_site_name":"Maison Wabi-Sabi","article_publisher":"https:\/\/www.facebook.com\/MaisonWabiSabi","article_author":"https:\/\/www.facebook.com\/MaisonWabiSabi","article_published_time":"2022-10-11T21:04:02+00:00","article_modified_time":"2025-08-26T20:10:14+00:00","og_image":[{"width":1024,"height":1024,"url":"https:\/\/www.maisonwabisabi.com\/wp-content\/uploads\/2022\/10\/Suzanne-KRETZ-Portrait.jpg","type":"image\/jpeg"}],"author":"Yann san","twitter_card":"summary_large_image","twitter_misc":{"Written by":"Yann san","Estimated reading time":"11 minutes"},"schema":{"@context":"https:\/\/schema.org","@graph":[{"@type":"Article","@id":"https:\/\/www.maisonwabisabi.com\/suzanne-kretz\/#article","isPartOf":{"@id":"https:\/\/www.maisonwabisabi.com\/suzanne-kretz\/"},"author":{"name":"Yann san","@id":"https:\/\/www.maisonwabisabi.com\/#\/schema\/person\/b2458bb9fa2737d1a11eabc63d3aabc9"},"headline":"Rencontre avec Suzanne KRETZ C\u00e9ramiste fran\u00e7aise \u00e0 La Haye","datePublished":"2022-10-11T21:04:02+00:00","dateModified":"2025-08-26T20:10:14+00:00","mainEntityOfPage":{"@id":"https:\/\/www.maisonwabisabi.com\/suzanne-kretz\/"},"wordCount":1943,"publisher":{"@id":"https:\/\/www.maisonwabisabi.com\/#organization"},"image":{"@id":"https:\/\/www.maisonwabisabi.com\/suzanne-kretz\/#primaryimage"},"thumbnailUrl":"https:\/\/www.maisonwabisabi.com\/wp-content\/uploads\/2022\/10\/Suzanne-KRETZ-Portrait.jpg","articleSection":["C\u00e9ramistes"],"inLanguage":"en-GB"},{"@type":"WebPage","@id":"https:\/\/www.maisonwabisabi.com\/suzanne-kretz\/","url":"https:\/\/www.maisonwabisabi.com\/suzanne-kretz\/","name":"Suzanne KRETZ - Maison Wabi-Sabi - C\u00e9ramistes","isPartOf":{"@id":"https:\/\/www.maisonwabisabi.com\/#website"},"primaryImageOfPage":{"@id":"https:\/\/www.maisonwabisabi.com\/suzanne-kretz\/#primaryimage"},"image":{"@id":"https:\/\/www.maisonwabisabi.com\/suzanne-kretz\/#primaryimage"},"thumbnailUrl":"https:\/\/www.maisonwabisabi.com\/wp-content\/uploads\/2022\/10\/Suzanne-KRETZ-Portrait.jpg","datePublished":"2022-10-11T21:04:02+00:00","dateModified":"2025-08-26T20:10:14+00:00","description":"Suzanne KRETZ est \u00e0 Paris et d\u00e9sormais \u00e0 La Haye, au Pays-bas. H\u00e2te de vous pr\u00e9senter ses cr\u00e9ations dans la boutique. C\u00e9ramique fran\u00e7aise.","breadcrumb":{"@id":"https:\/\/www.maisonwabisabi.com\/suzanne-kretz\/#breadcrumb"},"inLanguage":"en-GB","potentialAction":[{"@type":"ReadAction","target":["https:\/\/www.maisonwabisabi.com\/suzanne-kretz\/"]}]},{"@type":"ImageObject","inLanguage":"en-GB","@id":"https:\/\/www.maisonwabisabi.com\/suzanne-kretz\/#primaryimage","url":"https:\/\/www.maisonwabisabi.com\/wp-content\/uploads\/2022\/10\/Suzanne-KRETZ-Portrait.jpg","contentUrl":"https:\/\/www.maisonwabisabi.com\/wp-content\/uploads\/2022\/10\/Suzanne-KRETZ-Portrait.jpg"},{"@type":"BreadcrumbList","@id":"https:\/\/www.maisonwabisabi.com\/suzanne-kretz\/#breadcrumb","itemListElement":[{"@type":"ListItem","position":1,"name":"Bienvenue","item":"https:\/\/www.maisonwabisabi.com\/"},{"@type":"ListItem","position":2,"name":"Rencontre avec Suzanne KRETZ C\u00e9ramiste fran\u00e7aise \u00e0 La Haye"}]},{"@type":"WebSite","@id":"https:\/\/www.maisonwabisabi.com\/#website","url":"https:\/\/www.maisonwabisabi.com\/","name":"Maison Wabi-Sabi","description":"","publisher":{"@id":"https:\/\/www.maisonwabisabi.com\/#organization"},"potentialAction":[{"@type":"SearchAction","target":{"@type":"EntryPoint","urlTemplate":"https:\/\/www.maisonwabisabi.com\/?s={search_term_string}"},"query-input":{"@type":"PropertyValueSpecification","valueRequired":true,"valueName":"search_term_string"}}],"inLanguage":"en-GB"},{"@type":"Organization","@id":"https:\/\/www.maisonwabisabi.com\/#organization","name":"Maison Wabi-Sabi","url":"https:\/\/www.maisonwabisabi.com\/","logo":{"@type":"ImageObject","inLanguage":"en-GB","@id":"https:\/\/www.maisonwabisabi.com\/#\/schema\/logo\/image\/","url":"https:\/\/www.maisonwabisabi.com\/wp-content\/uploads\/2021\/11\/Logo-de-maison-Wabi-Sabi.jpg","contentUrl":"https:\/\/www.maisonwabisabi.com\/wp-content\/uploads\/2021\/11\/Logo-de-maison-Wabi-Sabi.jpg","width":1024,"height":1024,"caption":"Maison Wabi-Sabi"},"image":{"@id":"https:\/\/www.maisonwabisabi.com\/#\/schema\/logo\/image\/"},"sameAs":["https:\/\/www.facebook.com\/MaisonWabiSabi","https:\/\/www.instagram.com\/maison.wabi.sabi\/?hl=fr","https:\/\/www.linkedin.com\/company\/69088467"]},{"@type":"Person","@id":"https:\/\/www.maisonwabisabi.com\/#\/schema\/person\/b2458bb9fa2737d1a11eabc63d3aabc9","name":"Yann san","sameAs":["https:\/\/www.maisonwabisabi.com","https:\/\/www.facebook.com\/MaisonWabiSabi","https:\/\/www.instagram.com\/maison.wabi.sabi\/"],"url":"https:\/\/www.maisonwabisabi.com\/en\/author\/4729952\/"}]}},"_links":{"self":[{"href":"https:\/\/www.maisonwabisabi.com\/en\/wp-json\/wp\/v2\/posts\/10222","targetHints":{"allow":["GET"]}}],"collection":[{"href":"https:\/\/www.maisonwabisabi.com\/en\/wp-json\/wp\/v2\/posts"}],"about":[{"href":"https:\/\/www.maisonwabisabi.com\/en\/wp-json\/wp\/v2\/types\/post"}],"author":[{"embeddable":true,"href":"https:\/\/www.maisonwabisabi.com\/en\/wp-json\/wp\/v2\/users\/1"}],"replies":[{"embeddable":true,"href":"https:\/\/www.maisonwabisabi.com\/en\/wp-json\/wp\/v2\/comments?post=10222"}],"version-history":[{"count":2,"href":"https:\/\/www.maisonwabisabi.com\/en\/wp-json\/wp\/v2\/posts\/10222\/revisions"}],"predecessor-version":[{"id":36482,"href":"https:\/\/www.maisonwabisabi.com\/en\/wp-json\/wp\/v2\/posts\/10222\/revisions\/36482"}],"wp:attachment":[{"href":"https:\/\/www.maisonwabisabi.com\/en\/wp-json\/wp\/v2\/media?parent=10222"}],"wp:term":[{"taxonomy":"category","embeddable":true,"href":"https:\/\/www.maisonwabisabi.com\/en\/wp-json\/wp\/v2\/categories?post=10222"},{"taxonomy":"post_tag","embeddable":true,"href":"https:\/\/www.maisonwabisabi.com\/en\/wp-json\/wp\/v2\/tags?post=10222"}],"curies":[{"name":"wp","href":"https:\/\/api.w.org\/{rel}","templated":true}]}}