{"id":37103,"date":"2025-09-17T00:42:07","date_gmt":"2025-09-16T22:42:07","guid":{"rendered":"https:\/\/www.maisonwabisabi.com\/?p=37103"},"modified":"2026-03-07T16:37:01","modified_gmt":"2026-03-07T15:37:01","slug":"edith-bellod","status":"publish","type":"post","link":"http:\/\/www.maisonwabisabi.com\/en\/edith-bellod\/","title":{"rendered":"Rencontre avec Edith BELLOD C\u00e9ramiste fran\u00e7aise \u00e0 Paris"},"content":{"rendered":"<div style=\"height:20px\" aria-hidden=\"true\" class=\"wp-block-spacer\"><\/div>\n\n\n\n<div class=\"wp-block-media-text is-stacked-on-mobile\"><figure class=\"wp-block-media-text__media\"><img loading=\"lazy\" decoding=\"async\" width=\"1024\" height=\"1024\" src=\"https:\/\/www.maisonwabisabi.com\/wp-content\/uploads\/2025\/09\/Edith-BELLOD-Portrait-par-CelineDominiak.jpg\" alt=\"Edith BELLOD - Portrait par Ce\u0301line Dominiak\" class=\"wp-image-37110 size-full\" srcset=\"https:\/\/www.maisonwabisabi.com\/wp-content\/uploads\/2025\/09\/Edith-BELLOD-Portrait-par-CelineDominiak.jpg 1024w, https:\/\/www.maisonwabisabi.com\/wp-content\/uploads\/2025\/09\/Edith-BELLOD-Portrait-par-CelineDominiak-300x300.jpg 300w, https:\/\/www.maisonwabisabi.com\/wp-content\/uploads\/2025\/09\/Edith-BELLOD-Portrait-par-CelineDominiak-150x150.jpg 150w, https:\/\/www.maisonwabisabi.com\/wp-content\/uploads\/2025\/09\/Edith-BELLOD-Portrait-par-CelineDominiak-768x768.jpg 768w, https:\/\/www.maisonwabisabi.com\/wp-content\/uploads\/2025\/09\/Edith-BELLOD-Portrait-par-CelineDominiak-12x12.jpg 12w, https:\/\/www.maisonwabisabi.com\/wp-content\/uploads\/2025\/09\/Edith-BELLOD-Portrait-par-CelineDominiak-600x600.jpg 600w, https:\/\/www.maisonwabisabi.com\/wp-content\/uploads\/2025\/09\/Edith-BELLOD-Portrait-par-CelineDominiak-100x100.jpg 100w\" sizes=\"auto, (max-width: 1024px) 100vw, 1024px\" \/><\/figure><div class=\"wp-block-media-text__content\">\n<p><\/p>\n\n\n\n<h2 class=\"wp-block-heading has-black-color has-text-color\" style=\"font-size:21px\"><strong><mark style=\"background-color:rgba(0, 0, 0, 0);color:#7d4e2d\" class=\"has-inline-color\">Edith BELLOD et<\/mark> <a href=\"https:\/\/www.maisonwabisabi.com\/en\/product-category\/ceramistes-de-france\/ceramiste-edith-bellod\/\">ses cr\u00e9ations<\/a><\/strong><\/h2>\n\n\n\n<p class=\"has-black-color has-text-color\" style=\"font-size:17px\">(1965-)<\/p>\n\n\n\n<p class=\"has-black-color has-text-color\" style=\"font-size:17px\">Originaire d&rsquo;Alen\u00e7on en Normandie. Artisane fran\u00e7aise dont la pratique se situe entre l\u2019art d\u00e9coratif, la bijouterie contemporaine et le design d\u2019objet. Son univers s\u2019appuie sur des savoir-faire artisanaux traditionnels, notamment le travail de la porcelaine et du m\u00e9tal, qu\u2019elle r\u00e9interpr\u00e8te dans une approche sensible et personnelle.<\/p>\n\n\n\n<p class=\"has-black-color has-text-color\" style=\"font-size:17px\">Son atelier, pens\u00e9 comme un laboratoire, lui permet d\u2019exp\u00e9rimenter autant avec la mati\u00e8re qu\u2019avec les formes, qu\u2019elles soient organiques ou g\u00e9om\u00e9triques. Elle explore sans cloisonner, et c\u2019est ce qui conf\u00e8re \u00e0 sa production une identit\u00e9 singuli\u00e8re. Chaque cr\u00e9ation est \u00e0 la fois objet esth\u00e9tique et t\u00e9moin d\u2019un usage possible. Dans cette logique, elle refuse de s\u00e9parer la beaut\u00e9 de l\u2019utilit\u00e9. Ses porcelaines partagent une m\u00eame rigueur formelle et une po\u00e9sie discr\u00e8te, t\u00e9moignant d\u2019une recherche d\u2019\u00e9quilibre entre fragilit\u00e9 et force, entre ornement et simplicit\u00e9.<\/p>\n<\/div><\/div>\n\n\n\n<div class=\"wp-block-media-text has-media-on-the-right is-stacked-on-mobile\"><div class=\"wp-block-media-text__content\">\n<p class=\"has-black-color has-text-color has-link-color wp-elements-4022e0bb845d7cc22e1475740bdab338\" style=\"font-size:17px\"><\/p>\n\n\n\n<p class=\"has-black-color has-text-color has-link-color wp-elements-ab4cac9b56439dd9cecd598a9b36dbb5\" style=\"font-size:17px\">\u00ab\u00a0J&rsquo;avais acquis dans l&rsquo;atelier de Jean Pierre MAURY \u00e0 Paris une bonne technique du moulage. Et comme je travaille la porcelaine sous forme de coulage, j&rsquo;\u00e9tais d\u00e9j\u00e0 autonome dans la r\u00e9alisation de mon outil.\u00a0\u00bb<\/p>\n\n\n\n<p class=\"has-black-color has-text-color has-link-color wp-elements-2b22272e91053fa4c3ff529451cf6b55\" style=\"font-size:17px\">Son style se d\u00e9finit par une ma\u00eetrise des mat\u00e9riaux et une grande libert\u00e9 cr\u00e9ative. Elle travaille la porcelaine, l\u2019argent, la corne, l\u2019\u00e9mail ou encore les pierres fines. Elle les assemble pour donner naissance \u00e0 des \u0153uvres d\u00e9licates et raffin\u00e9es. Textilienne, bijouti\u00e8re, c\u00e9ramiste\u2026 Curieuse de tout, sans parti pris, m\u00eale ses savoir-faire au gr\u00e9 de ses envies.<\/p>\n\n\n\n<p class=\"has-black-color has-text-color has-link-color wp-elements-4766efa3da4f3309f43afbc3ecbd20a1\" style=\"font-size:17px\">Cette attention \u00e0 la mati\u00e8re se retrouve aussi dans ses pi\u00e8ces utilitaires. Ses bols, tasses et coupelles se distinguent par des parois fines, une douceur au toucher et une recherche subtile de couleurs. Chaque objet est pens\u00e9 pour r\u00e9pondre \u00e0 une fonction quotidienne, mais avec un suppl\u00e9ment d\u2019\u00e2me qui le rend unique. Ainsi, Edith transforme des gestes simples, en exp\u00e9riences esth\u00e9tiques, renfor\u00e7ant la dimension intime de ses cr\u00e9ations.<\/p>\n<\/div><figure class=\"wp-block-media-text__media\"><img loading=\"lazy\" decoding=\"async\" width=\"1024\" height=\"1024\" src=\"https:\/\/www.maisonwabisabi.com\/wp-content\/uploads\/2025\/09\/Edith-BELLOD-Atelier-interieur-vue-escalier.jpg\" alt=\"Edith BELLOD - Atelier\" class=\"wp-image-37106 size-full\" srcset=\"https:\/\/www.maisonwabisabi.com\/wp-content\/uploads\/2025\/09\/Edith-BELLOD-Atelier-interieur-vue-escalier.jpg 1024w, https:\/\/www.maisonwabisabi.com\/wp-content\/uploads\/2025\/09\/Edith-BELLOD-Atelier-interieur-vue-escalier-300x300.jpg 300w, https:\/\/www.maisonwabisabi.com\/wp-content\/uploads\/2025\/09\/Edith-BELLOD-Atelier-interieur-vue-escalier-150x150.jpg 150w, https:\/\/www.maisonwabisabi.com\/wp-content\/uploads\/2025\/09\/Edith-BELLOD-Atelier-interieur-vue-escalier-768x768.jpg 768w, https:\/\/www.maisonwabisabi.com\/wp-content\/uploads\/2025\/09\/Edith-BELLOD-Atelier-interieur-vue-escalier-12x12.jpg 12w, https:\/\/www.maisonwabisabi.com\/wp-content\/uploads\/2025\/09\/Edith-BELLOD-Atelier-interieur-vue-escalier-600x600.jpg 600w, https:\/\/www.maisonwabisabi.com\/wp-content\/uploads\/2025\/09\/Edith-BELLOD-Atelier-interieur-vue-escalier-100x100.jpg 100w\" sizes=\"auto, (max-width: 1024px) 100vw, 1024px\" \/><\/figure><\/div>\n\n\n\n<div class=\"wp-block-media-text is-stacked-on-mobile\"><figure class=\"wp-block-media-text__media\"><img loading=\"lazy\" decoding=\"async\" width=\"1024\" height=\"1024\" src=\"https:\/\/www.maisonwabisabi.com\/wp-content\/uploads\/2025\/09\/Edith-BELLOD-Godets-coloris-chauds.jpg\" alt=\"Edith BELLOD - Godets\" class=\"wp-image-37107 size-full\" srcset=\"https:\/\/www.maisonwabisabi.com\/wp-content\/uploads\/2025\/09\/Edith-BELLOD-Godets-coloris-chauds.jpg 1024w, https:\/\/www.maisonwabisabi.com\/wp-content\/uploads\/2025\/09\/Edith-BELLOD-Godets-coloris-chauds-300x300.jpg 300w, https:\/\/www.maisonwabisabi.com\/wp-content\/uploads\/2025\/09\/Edith-BELLOD-Godets-coloris-chauds-150x150.jpg 150w, https:\/\/www.maisonwabisabi.com\/wp-content\/uploads\/2025\/09\/Edith-BELLOD-Godets-coloris-chauds-768x768.jpg 768w, https:\/\/www.maisonwabisabi.com\/wp-content\/uploads\/2025\/09\/Edith-BELLOD-Godets-coloris-chauds-12x12.jpg 12w, https:\/\/www.maisonwabisabi.com\/wp-content\/uploads\/2025\/09\/Edith-BELLOD-Godets-coloris-chauds-600x600.jpg 600w, https:\/\/www.maisonwabisabi.com\/wp-content\/uploads\/2025\/09\/Edith-BELLOD-Godets-coloris-chauds-100x100.jpg 100w\" sizes=\"auto, (max-width: 1024px) 100vw, 1024px\" \/><\/figure><div class=\"wp-block-media-text__content\">\n<p class=\"has-black-color has-text-color has-link-color wp-elements-4022e0bb845d7cc22e1475740bdab338\" style=\"font-size:17px\"><\/p>\n\n\n\n<p class=\"has-black-color has-text-color has-link-color wp-elements-f4124168e8ee0500cfcdc81ffa0a4358\" style=\"font-size:17px\">Une part essentielle des cr\u00e9ations d\u2019\u00c9dith r\u00e9side dans ses objets utilitaires, o\u00f9 la fonction rejoint pleinement l\u2019art. Contrairement \u00e0 une approche purement d\u00e9corative, elle investit la porcelaine dans des cr\u00e9ations destin\u00e9es \u00e0 accompagner les gestes de tous les jours.<\/p>\n\n\n\n<p class=\"has-black-color has-text-color has-link-color wp-elements-9cdf25e4fc4d6ce23720d304e21e2541\" style=\"font-size:17px\">Ses assiettes, bols et tasses ne cherchent pas seulement \u00e0 contenir : ils offrent une exp\u00e9rience tactile et visuelle qui redonne sens \u00e0 l\u2019usage. Les surfaces lisses ou d\u00e9licatement textur\u00e9es invitent \u00e0 \u00eatre caress\u00e9es, tandis que la l\u00e9g\u00e8ret\u00e9 et l\u2019\u00e9quilibre des formes renforcent le plaisir d\u2019une utilisation quotidienne. Ces objets s\u2019int\u00e8grent dans la vie domestique car ils rappellent que la beaut\u00e9 peut habiter les choses les plus simples. Par ce biais, elle contribue \u00e0 une revalorisation de l\u2019objet utilitaire : elle d\u00e9montre que l\u2019art ne se limite pas aux galeries mais s\u2019exprime aussi dans le quotidien, en dialogue intime avec l\u2019usager.<\/p>\n\n\n\n<p class=\"has-black-color has-text-color has-link-color wp-elements-bd011a6f7f62194b59d05c1bb988a75c\" style=\"font-size:17px\">\u00ab\u00a0Je suis tr\u00e8s sensible aux \u00e9l\u00e9ments, cela rejoins l&rsquo;id\u00e9e que la pratique de la c\u00e9ramique \u00e9tait absolument physique. Le feu me fascine, je le pratique d\u00e9j\u00e0 avec mon chalumeau. Et puis j&rsquo;aime aussi cuisiner. La terre c&rsquo;est l&rsquo;argile. Quant \u00e0 mon rapport \u00e0 l&rsquo;eau et au vent, je dirais que les id\u00e9es me viennent en nageant ou en marchant dans la nature.\u00a0\u00bb<\/p>\n<\/div><\/div>\n\n\n\n<div class=\"wp-block-media-text has-media-on-the-right is-stacked-on-mobile\"><div class=\"wp-block-media-text__content\">\n<p class=\"has-black-color has-text-color has-link-color wp-elements-4022e0bb845d7cc22e1475740bdab338\" style=\"font-size:17px\"><\/p>\n\n\n\n<p class=\"has-black-color has-text-color has-link-color wp-elements-1fa6018dd339fdf3006f5a9fd8b04e57\" style=\"font-size:17px\">\u00ab\u00a0La d\u00e9couverte de la C\u00e9ramique. J&rsquo;habitais \u00e0 Berlin \u00e0 ce moment l\u00e0. En Allemagne, il y a une tr\u00e8s forte tradition autour de la c\u00e9ramique. D\u00e8s le plus jeune \u00e2ge, les enfants s&rsquo;exercent \u00e0 la terre, il y a des fours dans les \u00e9coles, et il n&rsquo;\u00e9tait pas tr\u00e8s compliqu\u00e9 de trouver une petite place dans un four pour accueillir mes toutes petites pi\u00e8ces.\u00a0\u00bb<\/p>\n\n\n\n<p class=\"has-black-color has-text-color has-link-color wp-elements-6eea9b5e486c949ca6163a71bc7eea6c\" style=\"font-size:17px\">Ses cr\u00e9ations ont \u00e9t\u00e9 pr\u00e9sent\u00e9es dans des galeries et \u00e9v\u00e9nements d\u00e9di\u00e9s au bijou contemporain et aux arts d\u00e9coratifs, en France comme \u00e0 l\u2019international. Ses bijoux et porcelaines trouvent leur place dans des expositions o\u00f9 l\u2019ornement et l\u2019objet utilitaire se c\u00f4toient. <\/p>\n\n\n\n<p class=\"has-black-color has-text-color has-link-color wp-elements-afea1c34cd8e5e02bbbfa4cb7ebbe039\" style=\"font-size:17px\">Cette double orientation constitue sa singularit\u00e9 : l\u2019artiste brouille les fronti\u00e8res entre le pr\u00e9cieux et le fonctionnel, entre l\u2019objet d\u2019art et l\u2019outil du quotidien. Ses tasses ou coupelles, expos\u00e9es au m\u00eame titre que ses broches ou colliers, rappellent que l\u2019esth\u00e9tique peut se vivre autant dans le geste de porter que dans celui de boire ou partager. Son apport r\u00e9side ainsi dans la continuit\u00e9 qu\u2019elle \u00e9tablit entre artisanat, design et art contemporain.<\/p>\n<\/div><figure class=\"wp-block-media-text__media\"><img loading=\"lazy\" decoding=\"async\" width=\"1024\" height=\"1024\" src=\"https:\/\/www.maisonwabisabi.com\/wp-content\/uploads\/2025\/09\/Edith-BELLOD-Moules.jpg\" alt=\"Edith BELLOD - Moules\" class=\"wp-image-37109 size-full\" srcset=\"https:\/\/www.maisonwabisabi.com\/wp-content\/uploads\/2025\/09\/Edith-BELLOD-Moules.jpg 1024w, https:\/\/www.maisonwabisabi.com\/wp-content\/uploads\/2025\/09\/Edith-BELLOD-Moules-300x300.jpg 300w, https:\/\/www.maisonwabisabi.com\/wp-content\/uploads\/2025\/09\/Edith-BELLOD-Moules-150x150.jpg 150w, https:\/\/www.maisonwabisabi.com\/wp-content\/uploads\/2025\/09\/Edith-BELLOD-Moules-768x768.jpg 768w, https:\/\/www.maisonwabisabi.com\/wp-content\/uploads\/2025\/09\/Edith-BELLOD-Moules-12x12.jpg 12w, https:\/\/www.maisonwabisabi.com\/wp-content\/uploads\/2025\/09\/Edith-BELLOD-Moules-600x600.jpg 600w, https:\/\/www.maisonwabisabi.com\/wp-content\/uploads\/2025\/09\/Edith-BELLOD-Moules-100x100.jpg 100w\" sizes=\"auto, (max-width: 1024px) 100vw, 1024px\" \/><\/figure><\/div>\n\n\n\n<div class=\"wp-block-media-text is-stacked-on-mobile\"><figure class=\"wp-block-media-text__media\"><img loading=\"lazy\" decoding=\"async\" width=\"1024\" height=\"1024\" src=\"https:\/\/www.maisonwabisabi.com\/wp-content\/uploads\/2025\/09\/Edith-BELLOD-Atelier-exterieur.jpg\" alt=\"Edith BELLOD - Atelier\" class=\"wp-image-37104 size-full\" srcset=\"https:\/\/www.maisonwabisabi.com\/wp-content\/uploads\/2025\/09\/Edith-BELLOD-Atelier-exterieur.jpg 1024w, https:\/\/www.maisonwabisabi.com\/wp-content\/uploads\/2025\/09\/Edith-BELLOD-Atelier-exterieur-300x300.jpg 300w, https:\/\/www.maisonwabisabi.com\/wp-content\/uploads\/2025\/09\/Edith-BELLOD-Atelier-exterieur-150x150.jpg 150w, https:\/\/www.maisonwabisabi.com\/wp-content\/uploads\/2025\/09\/Edith-BELLOD-Atelier-exterieur-768x768.jpg 768w, https:\/\/www.maisonwabisabi.com\/wp-content\/uploads\/2025\/09\/Edith-BELLOD-Atelier-exterieur-12x12.jpg 12w, https:\/\/www.maisonwabisabi.com\/wp-content\/uploads\/2025\/09\/Edith-BELLOD-Atelier-exterieur-600x600.jpg 600w, https:\/\/www.maisonwabisabi.com\/wp-content\/uploads\/2025\/09\/Edith-BELLOD-Atelier-exterieur-100x100.jpg 100w\" sizes=\"auto, (max-width: 1024px) 100vw, 1024px\" \/><\/figure><div class=\"wp-block-media-text__content\">\n<p class=\"has-black-color has-text-color has-link-color wp-elements-8388fead378c1cae0b6233c386e09352\" style=\"font-size:17px\"><\/p>\n\n\n\n<h3 class=\"wp-block-heading has-black-color has-text-color has-link-color wp-elements-4a5bc2ecc0a9252e5eb8f7252f7eead7\" style=\"font-size:17px\"><strong><mark style=\"background-color:rgba(0, 0, 0, 0);color:#7d4e2d\" class=\"has-inline-color\"><strong>Edith BELLOD<\/strong>&nbsp;en 5 dates importantes :<\/mark><\/strong><\/h3>\n\n\n\n<p class=\"has-black-color has-text-color has-link-color wp-elements-f6f634977a7d037f82bb01f505b3899f\" style=\"font-size:17px\">2012 : Participation au \u00ab\u00a0parcours c\u00e9ramique\u00a0\u00bb de Carouges (Gen\u00e8ve).<\/p>\n\n\n\n<p class=\"has-black-color has-text-color has-link-color wp-elements-9bb54a14326366de935414de8b70e143\" style=\"font-size:17px\">2014 : Mon premier four.<\/p>\n\n\n\n<p class=\"has-black-color has-text-color has-link-color wp-elements-bef27a1d687699ec6de1e3018d3cc934\" style=\"font-size:17px\">2017 : Participation au \u00ab\u00a0parcours bijou\u00a0\u00bb chez le chocolatier Patrick Roger \u00e0 Paris. Une exposition collective de quatre c\u00e9ramistes autour de quatre moules que nous faisions tourner \u00e0 la fa\u00e7on d&rsquo;un cadavre exquis.<\/p>\n\n\n\n<p class=\"has-black-color has-text-color has-link-color wp-elements-b9a80ec3bd8287fbb74756883bd2d6fe\" style=\"font-size:17px\">2024 : Carte blanche offerte par Akira MINAGAWA, designer de la marque de v\u00eatement Min\u00e4 Perhonen. Exposition \u00e0 Tokyo puis \u00e0 Ky\u014dto.<\/p>\n\n\n\n<p class=\"has-black-color has-text-color has-link-color wp-elements-787dd843289375f6a1a5575ef51b89a3\" style=\"font-size:17px\">20\u2026 : J&rsquo;attends la prochaine date importante.<\/p>\n\n\n\n<p class=\"has-black-color has-text-color has-link-color wp-elements-b76a7eb50ee373a31d1ff96775923e56\" style=\"font-size:17px\">\u00ab\u00a0Pratiquer la c\u00e9ramique me procure un grand plaisir. C&rsquo;est tout un monde qu&rsquo;il s&rsquo;agit de d\u00e9couvrir, et il semble que nous n&rsquo;en aurons jamais fini. C&rsquo;est ce qui est passionnant.\u00a0\u00bb<\/p>\n<\/div><\/div>\n\n\n\n<p class=\"has-text-align-center has-black-color has-text-color\" style=\"font-size:15px\">Source des photos et des textes : Edith BELLOD et Yann san<\/p>\n\n\n\n<div style=\"height:100px\" aria-hidden=\"true\" class=\"wp-block-spacer\"><\/div>","protected":false},"excerpt":{"rendered":"<p>Edith BELLOD et ses cr\u00e9ations (1965-) Originaire d&rsquo;Alen\u00e7on en Normandie. Artisane fran\u00e7aise dont la pratique se situe entre l\u2019art d\u00e9coratif, [&hellip;]<\/p>\n","protected":false},"author":1,"featured_media":0,"comment_status":"closed","ping_status":"closed","sticky":false,"template":"","format":"standard","meta":{"site-sidebar-layout":"default","site-content-layout":"","ast-site-content-layout":"default","site-content-style":"default","site-sidebar-style":"default","ast-global-header-display":"","ast-banner-title-visibility":"","ast-main-header-display":"","ast-hfb-above-header-display":"","ast-hfb-below-header-display":"","ast-hfb-mobile-header-display":"","site-post-title":"disabled","ast-breadcrumbs-content":"","ast-featured-img":"","footer-sml-layout":"","ast-disable-related-posts":"","theme-transparent-header-meta":"","adv-header-id-meta":"","stick-header-meta":"","header-above-stick-meta":"","header-main-stick-meta":"","header-below-stick-meta":"","astra-migrate-meta-layouts":"default","ast-page-background-enabled":"default","ast-page-background-meta":{"desktop":{"background-color":"var(--ast-global-color-5)","background-image":"","background-repeat":"repeat","background-position":"center center","background-size":"auto","background-attachment":"scroll","background-type":"","background-media":"","overlay-type":"","overlay-color":"","overlay-opacity":"","overlay-gradient":""},"tablet":{"background-color":"","background-image":"","background-repeat":"repeat","background-position":"center center","background-size":"auto","background-attachment":"scroll","background-type":"","background-media":"","overlay-type":"","overlay-color":"","overlay-opacity":"","overlay-gradient":""},"mobile":{"background-color":"","background-image":"","background-repeat":"repeat","background-position":"center center","background-size":"auto","background-attachment":"scroll","background-type":"","background-media":"","overlay-type":"","overlay-color":"","overlay-opacity":"","overlay-gradient":""}},"ast-content-background-meta":{"desktop":{"background-color":"var(--ast-global-color-4)","background-image":"","background-repeat":"repeat","background-position":"center center","background-size":"auto","background-attachment":"scroll","background-type":"","background-media":"","overlay-type":"","overlay-color":"","overlay-opacity":"","overlay-gradient":""},"tablet":{"background-color":"var(--ast-global-color-4)","background-image":"","background-repeat":"repeat","background-position":"center center","background-size":"auto","background-attachment":"scroll","background-type":"","background-media":"","overlay-type":"","overlay-color":"","overlay-opacity":"","overlay-gradient":""},"mobile":{"background-color":"var(--ast-global-color-4)","background-image":"","background-repeat":"repeat","background-position":"center center","background-size":"auto","background-attachment":"scroll","background-type":"","background-media":"","overlay-type":"","overlay-color":"","overlay-opacity":"","overlay-gradient":""}},"footnotes":""},"categories":[76],"tags":[],"class_list":["post-37103","post","type-post","status-publish","format-standard","hentry","category-ceramistes"],"yoast_head":"<!-- This site is optimized with the Yoast SEO plugin v27.5 - https:\/\/yoast.com\/product\/yoast-seo-wordpress\/ -->\n<title>Edith BELLOD - Maison Wabi-Sabi - C\u00e9ramiste<\/title>\n<meta name=\"description\" content=\"Edith BELLOD est \u00e0 Paris, en r\u00e9gion \u00cele de France. H\u00e2te de vous pr\u00e9senter ses cr\u00e9ations dans la boutique. Porcelaine. C\u00e9ramique fran\u00e7aise.\" \/>\n<meta name=\"robots\" content=\"index, follow, max-snippet:-1, max-image-preview:large, max-video-preview:-1\" \/>\n<link rel=\"canonical\" href=\"https:\/\/www.maisonwabisabi.com\/en\/edith-bellod\/\" \/>\n<meta property=\"og:locale\" content=\"en_GB\" \/>\n<meta property=\"og:type\" content=\"article\" \/>\n<meta property=\"og:title\" content=\"Edith BELLOD - Maison Wabi-Sabi - C\u00e9ramiste\" \/>\n<meta property=\"og:description\" content=\"Edith BELLOD est \u00e0 Paris, en r\u00e9gion \u00cele de France. H\u00e2te de vous pr\u00e9senter ses cr\u00e9ations dans la boutique. Porcelaine. C\u00e9ramique fran\u00e7aise.\" \/>\n<meta property=\"og:url\" content=\"https:\/\/www.maisonwabisabi.com\/en\/edith-bellod\/\" \/>\n<meta property=\"og:site_name\" content=\"Maison Wabi-Sabi\" \/>\n<meta property=\"article:publisher\" content=\"https:\/\/www.facebook.com\/MaisonWabiSabi\" \/>\n<meta property=\"article:author\" content=\"https:\/\/www.facebook.com\/MaisonWabiSabi\" \/>\n<meta property=\"article:published_time\" content=\"2025-09-16T22:42:07+00:00\" \/>\n<meta property=\"article:modified_time\" content=\"2026-03-07T15:37:01+00:00\" \/>\n<meta property=\"og:image\" content=\"https:\/\/www.maisonwabisabi.com\/wp-content\/uploads\/2025\/09\/Edith-BELLOD-Portrait-par-CelineDominiak.jpg\" \/>\n\t<meta property=\"og:image:width\" content=\"1024\" \/>\n\t<meta property=\"og:image:height\" content=\"1024\" \/>\n\t<meta property=\"og:image:type\" content=\"image\/jpeg\" \/>\n<meta name=\"author\" content=\"Yann san\" \/>\n<meta name=\"twitter:card\" content=\"summary_large_image\" \/>\n<meta name=\"twitter:label1\" content=\"Written by\" \/>\n\t<meta name=\"twitter:data1\" content=\"Yann san\" \/>\n\t<meta name=\"twitter:label2\" content=\"Estimated reading time\" \/>\n\t<meta name=\"twitter:data2\" content=\"6 minutes\" \/>\n<script type=\"application\/ld+json\" class=\"yoast-schema-graph\">{\"@context\":\"https:\\\/\\\/schema.org\",\"@graph\":[{\"@type\":\"Article\",\"@id\":\"https:\\\/\\\/www.maisonwabisabi.com\\\/edith-bellod\\\/#article\",\"isPartOf\":{\"@id\":\"https:\\\/\\\/www.maisonwabisabi.com\\\/edith-bellod\\\/\"},\"author\":{\"name\":\"Yann san\",\"@id\":\"https:\\\/\\\/www.maisonwabisabi.com\\\/#\\\/schema\\\/person\\\/b2458bb9fa2737d1a11eabc63d3aabc9\"},\"headline\":\"Rencontre avec Edith BELLOD C\u00e9ramiste fran\u00e7aise \u00e0 Paris\",\"datePublished\":\"2025-09-16T22:42:07+00:00\",\"dateModified\":\"2026-03-07T15:37:01+00:00\",\"mainEntityOfPage\":{\"@id\":\"https:\\\/\\\/www.maisonwabisabi.com\\\/edith-bellod\\\/\"},\"wordCount\":908,\"publisher\":{\"@id\":\"https:\\\/\\\/www.maisonwabisabi.com\\\/#organization\"},\"image\":{\"@id\":\"https:\\\/\\\/www.maisonwabisabi.com\\\/edith-bellod\\\/#primaryimage\"},\"thumbnailUrl\":\"https:\\\/\\\/www.maisonwabisabi.com\\\/wp-content\\\/uploads\\\/2025\\\/09\\\/Edith-BELLOD-Portrait-par-CelineDominiak.jpg\",\"articleSection\":[\"C\u00e9ramistes\"],\"inLanguage\":\"en-GB\"},{\"@type\":\"WebPage\",\"@id\":\"https:\\\/\\\/www.maisonwabisabi.com\\\/edith-bellod\\\/\",\"url\":\"https:\\\/\\\/www.maisonwabisabi.com\\\/edith-bellod\\\/\",\"name\":\"Edith BELLOD - Maison Wabi-Sabi - C\u00e9ramiste\",\"isPartOf\":{\"@id\":\"https:\\\/\\\/www.maisonwabisabi.com\\\/#website\"},\"primaryImageOfPage\":{\"@id\":\"https:\\\/\\\/www.maisonwabisabi.com\\\/edith-bellod\\\/#primaryimage\"},\"image\":{\"@id\":\"https:\\\/\\\/www.maisonwabisabi.com\\\/edith-bellod\\\/#primaryimage\"},\"thumbnailUrl\":\"https:\\\/\\\/www.maisonwabisabi.com\\\/wp-content\\\/uploads\\\/2025\\\/09\\\/Edith-BELLOD-Portrait-par-CelineDominiak.jpg\",\"datePublished\":\"2025-09-16T22:42:07+00:00\",\"dateModified\":\"2026-03-07T15:37:01+00:00\",\"description\":\"Edith BELLOD est \u00e0 Paris, en r\u00e9gion \u00cele de France. H\u00e2te de vous pr\u00e9senter ses cr\u00e9ations dans la boutique. Porcelaine. C\u00e9ramique fran\u00e7aise.\",\"breadcrumb\":{\"@id\":\"https:\\\/\\\/www.maisonwabisabi.com\\\/edith-bellod\\\/#breadcrumb\"},\"inLanguage\":\"en-GB\",\"potentialAction\":[{\"@type\":\"ReadAction\",\"target\":[\"https:\\\/\\\/www.maisonwabisabi.com\\\/edith-bellod\\\/\"]}]},{\"@type\":\"ImageObject\",\"inLanguage\":\"en-GB\",\"@id\":\"https:\\\/\\\/www.maisonwabisabi.com\\\/edith-bellod\\\/#primaryimage\",\"url\":\"https:\\\/\\\/www.maisonwabisabi.com\\\/wp-content\\\/uploads\\\/2025\\\/09\\\/Edith-BELLOD-Portrait-par-CelineDominiak.jpg\",\"contentUrl\":\"https:\\\/\\\/www.maisonwabisabi.com\\\/wp-content\\\/uploads\\\/2025\\\/09\\\/Edith-BELLOD-Portrait-par-CelineDominiak.jpg\"},{\"@type\":\"BreadcrumbList\",\"@id\":\"https:\\\/\\\/www.maisonwabisabi.com\\\/edith-bellod\\\/#breadcrumb\",\"itemListElement\":[{\"@type\":\"ListItem\",\"position\":1,\"name\":\"Bienvenue\",\"item\":\"https:\\\/\\\/www.maisonwabisabi.com\\\/\"},{\"@type\":\"ListItem\",\"position\":2,\"name\":\"Rencontre avec Edith BELLOD C\u00e9ramiste fran\u00e7aise \u00e0 Paris\"}]},{\"@type\":\"WebSite\",\"@id\":\"https:\\\/\\\/www.maisonwabisabi.com\\\/#website\",\"url\":\"https:\\\/\\\/www.maisonwabisabi.com\\\/\",\"name\":\"Maison Wabi-Sabi\",\"description\":\"\",\"publisher\":{\"@id\":\"https:\\\/\\\/www.maisonwabisabi.com\\\/#organization\"},\"potentialAction\":[{\"@type\":\"SearchAction\",\"target\":{\"@type\":\"EntryPoint\",\"urlTemplate\":\"https:\\\/\\\/www.maisonwabisabi.com\\\/?s={search_term_string}\"},\"query-input\":{\"@type\":\"PropertyValueSpecification\",\"valueRequired\":true,\"valueName\":\"search_term_string\"}}],\"inLanguage\":\"en-GB\"},{\"@type\":\"Organization\",\"@id\":\"https:\\\/\\\/www.maisonwabisabi.com\\\/#organization\",\"name\":\"Maison Wabi-Sabi\",\"url\":\"https:\\\/\\\/www.maisonwabisabi.com\\\/\",\"logo\":{\"@type\":\"ImageObject\",\"inLanguage\":\"en-GB\",\"@id\":\"https:\\\/\\\/www.maisonwabisabi.com\\\/#\\\/schema\\\/logo\\\/image\\\/\",\"url\":\"https:\\\/\\\/www.maisonwabisabi.com\\\/wp-content\\\/uploads\\\/2021\\\/11\\\/Logo-de-maison-Wabi-Sabi.jpg\",\"contentUrl\":\"https:\\\/\\\/www.maisonwabisabi.com\\\/wp-content\\\/uploads\\\/2021\\\/11\\\/Logo-de-maison-Wabi-Sabi.jpg\",\"width\":1024,\"height\":1024,\"caption\":\"Maison Wabi-Sabi\"},\"image\":{\"@id\":\"https:\\\/\\\/www.maisonwabisabi.com\\\/#\\\/schema\\\/logo\\\/image\\\/\"},\"sameAs\":[\"https:\\\/\\\/www.facebook.com\\\/MaisonWabiSabi\",\"https:\\\/\\\/www.instagram.com\\\/maison.wabi.sabi\\\/?hl=fr\",\"https:\\\/\\\/www.linkedin.com\\\/company\\\/69088467\"]},{\"@type\":\"Person\",\"@id\":\"https:\\\/\\\/www.maisonwabisabi.com\\\/#\\\/schema\\\/person\\\/b2458bb9fa2737d1a11eabc63d3aabc9\",\"name\":\"Yann san\",\"sameAs\":[\"https:\\\/\\\/www.maisonwabisabi.com\",\"https:\\\/\\\/www.facebook.com\\\/MaisonWabiSabi\",\"https:\\\/\\\/www.instagram.com\\\/maison.wabi.sabi\\\/\"],\"url\":\"http:\\\/\\\/www.maisonwabisabi.com\\\/en\\\/author\\\/4729952\\\/\"}]}<\/script>\n<!-- \/ Yoast SEO plugin. -->","yoast_head_json":{"title":"Edith BELLOD - Maison Wabi-Sabi - C\u00e9ramiste","description":"Edith BELLOD est \u00e0 Paris, en r\u00e9gion \u00cele de France. H\u00e2te de vous pr\u00e9senter ses cr\u00e9ations dans la boutique. Porcelaine. C\u00e9ramique fran\u00e7aise.","robots":{"index":"index","follow":"follow","max-snippet":"max-snippet:-1","max-image-preview":"max-image-preview:large","max-video-preview":"max-video-preview:-1"},"canonical":"https:\/\/www.maisonwabisabi.com\/en\/edith-bellod\/","og_locale":"en_GB","og_type":"article","og_title":"Edith BELLOD - Maison Wabi-Sabi - C\u00e9ramiste","og_description":"Edith BELLOD est \u00e0 Paris, en r\u00e9gion \u00cele de France. H\u00e2te de vous pr\u00e9senter ses cr\u00e9ations dans la boutique. Porcelaine. C\u00e9ramique fran\u00e7aise.","og_url":"https:\/\/www.maisonwabisabi.com\/en\/edith-bellod\/","og_site_name":"Maison Wabi-Sabi","article_publisher":"https:\/\/www.facebook.com\/MaisonWabiSabi","article_author":"https:\/\/www.facebook.com\/MaisonWabiSabi","article_published_time":"2025-09-16T22:42:07+00:00","article_modified_time":"2026-03-07T15:37:01+00:00","og_image":[{"width":1024,"height":1024,"url":"https:\/\/www.maisonwabisabi.com\/wp-content\/uploads\/2025\/09\/Edith-BELLOD-Portrait-par-CelineDominiak.jpg","type":"image\/jpeg"}],"author":"Yann san","twitter_card":"summary_large_image","twitter_misc":{"Written by":"Yann san","Estimated reading time":"6 minutes"},"schema":{"@context":"https:\/\/schema.org","@graph":[{"@type":"Article","@id":"https:\/\/www.maisonwabisabi.com\/edith-bellod\/#article","isPartOf":{"@id":"https:\/\/www.maisonwabisabi.com\/edith-bellod\/"},"author":{"name":"Yann san","@id":"https:\/\/www.maisonwabisabi.com\/#\/schema\/person\/b2458bb9fa2737d1a11eabc63d3aabc9"},"headline":"Rencontre avec Edith BELLOD C\u00e9ramiste fran\u00e7aise \u00e0 Paris","datePublished":"2025-09-16T22:42:07+00:00","dateModified":"2026-03-07T15:37:01+00:00","mainEntityOfPage":{"@id":"https:\/\/www.maisonwabisabi.com\/edith-bellod\/"},"wordCount":908,"publisher":{"@id":"https:\/\/www.maisonwabisabi.com\/#organization"},"image":{"@id":"https:\/\/www.maisonwabisabi.com\/edith-bellod\/#primaryimage"},"thumbnailUrl":"https:\/\/www.maisonwabisabi.com\/wp-content\/uploads\/2025\/09\/Edith-BELLOD-Portrait-par-CelineDominiak.jpg","articleSection":["C\u00e9ramistes"],"inLanguage":"en-GB"},{"@type":"WebPage","@id":"https:\/\/www.maisonwabisabi.com\/edith-bellod\/","url":"https:\/\/www.maisonwabisabi.com\/edith-bellod\/","name":"Edith BELLOD - Maison Wabi-Sabi - C\u00e9ramiste","isPartOf":{"@id":"https:\/\/www.maisonwabisabi.com\/#website"},"primaryImageOfPage":{"@id":"https:\/\/www.maisonwabisabi.com\/edith-bellod\/#primaryimage"},"image":{"@id":"https:\/\/www.maisonwabisabi.com\/edith-bellod\/#primaryimage"},"thumbnailUrl":"https:\/\/www.maisonwabisabi.com\/wp-content\/uploads\/2025\/09\/Edith-BELLOD-Portrait-par-CelineDominiak.jpg","datePublished":"2025-09-16T22:42:07+00:00","dateModified":"2026-03-07T15:37:01+00:00","description":"Edith BELLOD est \u00e0 Paris, en r\u00e9gion \u00cele de France. H\u00e2te de vous pr\u00e9senter ses cr\u00e9ations dans la boutique. Porcelaine. C\u00e9ramique fran\u00e7aise.","breadcrumb":{"@id":"https:\/\/www.maisonwabisabi.com\/edith-bellod\/#breadcrumb"},"inLanguage":"en-GB","potentialAction":[{"@type":"ReadAction","target":["https:\/\/www.maisonwabisabi.com\/edith-bellod\/"]}]},{"@type":"ImageObject","inLanguage":"en-GB","@id":"https:\/\/www.maisonwabisabi.com\/edith-bellod\/#primaryimage","url":"https:\/\/www.maisonwabisabi.com\/wp-content\/uploads\/2025\/09\/Edith-BELLOD-Portrait-par-CelineDominiak.jpg","contentUrl":"https:\/\/www.maisonwabisabi.com\/wp-content\/uploads\/2025\/09\/Edith-BELLOD-Portrait-par-CelineDominiak.jpg"},{"@type":"BreadcrumbList","@id":"https:\/\/www.maisonwabisabi.com\/edith-bellod\/#breadcrumb","itemListElement":[{"@type":"ListItem","position":1,"name":"Bienvenue","item":"https:\/\/www.maisonwabisabi.com\/"},{"@type":"ListItem","position":2,"name":"Rencontre avec Edith BELLOD C\u00e9ramiste fran\u00e7aise \u00e0 Paris"}]},{"@type":"WebSite","@id":"https:\/\/www.maisonwabisabi.com\/#website","url":"https:\/\/www.maisonwabisabi.com\/","name":"Maison Wabi-Sabi","description":"","publisher":{"@id":"https:\/\/www.maisonwabisabi.com\/#organization"},"potentialAction":[{"@type":"SearchAction","target":{"@type":"EntryPoint","urlTemplate":"https:\/\/www.maisonwabisabi.com\/?s={search_term_string}"},"query-input":{"@type":"PropertyValueSpecification","valueRequired":true,"valueName":"search_term_string"}}],"inLanguage":"en-GB"},{"@type":"Organization","@id":"https:\/\/www.maisonwabisabi.com\/#organization","name":"Maison Wabi-Sabi","url":"https:\/\/www.maisonwabisabi.com\/","logo":{"@type":"ImageObject","inLanguage":"en-GB","@id":"https:\/\/www.maisonwabisabi.com\/#\/schema\/logo\/image\/","url":"https:\/\/www.maisonwabisabi.com\/wp-content\/uploads\/2021\/11\/Logo-de-maison-Wabi-Sabi.jpg","contentUrl":"https:\/\/www.maisonwabisabi.com\/wp-content\/uploads\/2021\/11\/Logo-de-maison-Wabi-Sabi.jpg","width":1024,"height":1024,"caption":"Maison Wabi-Sabi"},"image":{"@id":"https:\/\/www.maisonwabisabi.com\/#\/schema\/logo\/image\/"},"sameAs":["https:\/\/www.facebook.com\/MaisonWabiSabi","https:\/\/www.instagram.com\/maison.wabi.sabi\/?hl=fr","https:\/\/www.linkedin.com\/company\/69088467"]},{"@type":"Person","@id":"https:\/\/www.maisonwabisabi.com\/#\/schema\/person\/b2458bb9fa2737d1a11eabc63d3aabc9","name":"Yann san","sameAs":["https:\/\/www.maisonwabisabi.com","https:\/\/www.facebook.com\/MaisonWabiSabi","https:\/\/www.instagram.com\/maison.wabi.sabi\/"],"url":"http:\/\/www.maisonwabisabi.com\/en\/author\/4729952\/"}]}},"_links":{"self":[{"href":"http:\/\/www.maisonwabisabi.com\/en\/wp-json\/wp\/v2\/posts\/37103","targetHints":{"allow":["GET"]}}],"collection":[{"href":"http:\/\/www.maisonwabisabi.com\/en\/wp-json\/wp\/v2\/posts"}],"about":[{"href":"http:\/\/www.maisonwabisabi.com\/en\/wp-json\/wp\/v2\/types\/post"}],"author":[{"embeddable":true,"href":"http:\/\/www.maisonwabisabi.com\/en\/wp-json\/wp\/v2\/users\/1"}],"replies":[{"embeddable":true,"href":"http:\/\/www.maisonwabisabi.com\/en\/wp-json\/wp\/v2\/comments?post=37103"}],"version-history":[{"count":2,"href":"http:\/\/www.maisonwabisabi.com\/en\/wp-json\/wp\/v2\/posts\/37103\/revisions"}],"predecessor-version":[{"id":39786,"href":"http:\/\/www.maisonwabisabi.com\/en\/wp-json\/wp\/v2\/posts\/37103\/revisions\/39786"}],"wp:attachment":[{"href":"http:\/\/www.maisonwabisabi.com\/en\/wp-json\/wp\/v2\/media?parent=37103"}],"wp:term":[{"taxonomy":"category","embeddable":true,"href":"http:\/\/www.maisonwabisabi.com\/en\/wp-json\/wp\/v2\/categories?post=37103"},{"taxonomy":"post_tag","embeddable":true,"href":"http:\/\/www.maisonwabisabi.com\/en\/wp-json\/wp\/v2\/tags?post=37103"}],"curies":[{"name":"wp","href":"https:\/\/api.w.org\/{rel}","templated":true}]}}